{"id":32032,"date":"2019-02-25T17:30:36","date_gmt":"2019-02-25T22:30:36","guid":{"rendered":"http:\/\/futbolhoy.co\/?p=32032"},"modified":"2019-02-26T19:10:48","modified_gmt":"2019-02-27T00:10:48","slug":"colombianos-iniciaron-tramites-para-amistosos","status":"publish","type":"post","link":"https:\/\/futbolhoy.co\/index.php\/2019\/02\/25\/colombianos-iniciaron-tramites-para-amistosos\/","title":{"rendered":"Colombianos iniciaron tr\u00e1mites para amistosos"},"content":{"rendered":"<p style=\"text-align: justify;\"><span style=\"font-family: helvetica, arial, sans-serif;\">Los jugadores\u00a0<b>Luis D\u00edaz<\/b>,\u00a0<b>V\u00edctor Cantillo<\/b>\u00a0y\u00a0<b>Gabriel Fuentes<\/b>, del\u00a0<b>Junior<\/b>,\u00a0adelantan documentaci\u00f3n para ingresar a\u00a0<b>Jap\u00f3n<\/b>\u00a0con miras a una posible convocatoria para la gira de amistosos de la\u00a0<b>Selecci\u00f3n Colombia<\/b>\u00a0por territorio asi\u00e1tico.<\/span><\/p>\n<p style=\"text-align: justify;\"><span style=\"font-family: helvetica, arial, sans-serif;\">Colombia jugar\u00e1 ante el equipo nip\u00f3n en\u00a0<b>Yokohama<\/b>\u00a0el 22 de marzo y frente a\u00a0<b>Corea del Sur<\/b>\u00a0el 26 del mismo mes en\u00a0<b>Se\u00fal<\/b>.<\/span><\/p>\n<p style=\"text-align: justify;\"><span style=\"font-family: helvetica, arial, sans-serif;\">De los jugadores que militan en el exterior, el volante\u00a0<b>Matheus Uribe<\/b>, de las\u00a0<b>\u00c1guilas del Am\u00e9rica<\/b>\u00a0de M\u00e9xico, se encuentra recuperado de su lesi\u00f3n de tobillo y tambi\u00e9n espera ser tenido en cuenta para la\u00a0<b>Copa Am\u00e9rica Brasil 2019<\/b>.<\/span><\/p>\n","protected":false},"excerpt":{"rendered":"<p>Los jugadores\u00a0Luis D\u00edaz,\u00a0V\u00edctor Cantillo\u00a0y\u00a0Gabriel Fuentes, del\u00a0Junior,\u00a0adelantan documentaci\u00f3n para ingresar a\u00a0Jap\u00f3n\u00a0con miras a una posible convocatoria para la gira de amistosos de la\u00a0Selecci\u00f3n Colombia\u00a0por territorio asi\u00e1tico. Colombia jugar\u00e1 ante el equipo nip\u00f3n en\u00a0Yokohama\u00a0el 22 de marzo y frente a\u00a0Corea del Sur\u00a0el 26 del mismo mes en\u00a0Se\u00fal. De los jugadores que militan en el exterior, el volante\u00a0Matheus [&hellip;]<\/p>\n","protected":false},"author":5,"featured_media":32039,"comment_status":"open","ping_status":"closed","sticky":false,"template":"","format":"standard","meta":{"_acf_changed":false,"footnotes":""},"categories":[418],"tags":[1309,127],"class_list":{"0":"post-32032","1":"post","2":"type-post","3":"status-publish","4":"format-standard","5":"has-post-thumbnail","7":"category-colombia","8":"tag-luis-diaz","9":"tag-seleccion-colombia"},"acf":[],"_links":{"self":[{"href":"https:\/\/futbolhoy.co\/index.php\/wp-json\/wp\/v2\/posts\/32032","targetHints":{"allow":["GET"]}}],"collection":[{"href":"https:\/\/futbolhoy.co\/index.php\/wp-json\/wp\/v2\/posts"}],"about":[{"href":"https:\/\/futbolhoy.co\/index.php\/wp-json\/wp\/v2\/types\/post"}],"author":[{"embeddable":true,"href":"https:\/\/futbolhoy.co\/index.php\/wp-json\/wp\/v2\/users\/5"}],"replies":[{"embeddable":true,"href":"https:\/\/futbolhoy.co\/index.php\/wp-json\/wp\/v2\/comments?post=32032"}],"version-history":[{"count":3,"href":"https:\/\/futbolhoy.co\/index.php\/wp-json\/wp\/v2\/posts\/32032\/revisions"}],"predecessor-version":[{"id":32062,"href":"https:\/\/futbolhoy.co\/index.php\/wp-json\/wp\/v2\/posts\/32032\/revisions\/32062"}],"wp:featuredmedia":[{"embeddable":true,"href":"https:\/\/futbolhoy.co\/index.php\/wp-json\/wp\/v2\/media\/32039"}],"wp:attachment":[{"href":"https:\/\/futbolhoy.co\/index.php\/wp-json\/wp\/v2\/media?parent=32032"}],"wp:term":[{"taxonomy":"category","embeddable":true,"href":"https:\/\/futbolhoy.co\/index.php\/wp-json\/wp\/v2\/categories?post=32032"},{"taxonomy":"post_tag","embeddable":true,"href":"https:\/\/futbolhoy.co\/index.php\/wp-json\/wp\/v2\/tags?post=32032"}],"curies":[{"name":"wp","href":"https:\/\/api.w.org\/{rel}","templated":true}]}}