{"id":32173,"date":"2019-03-01T22:35:47","date_gmt":"2019-03-02T03:35:47","guid":{"rendered":"http:\/\/futbolhoy.co\/?p=32173"},"modified":"2019-03-02T08:20:57","modified_gmt":"2019-03-02T13:20:57","slug":"real-barca-clasico-en-sesion-continua","status":"publish","type":"post","link":"https:\/\/futbolhoy.co\/index.php\/2019\/03\/01\/real-barca-clasico-en-sesion-continua\/","title":{"rendered":"Madrid-Bar\u00e7a, \u00bfrevancha o Liga definida?"},"content":{"rendered":"<p class=\"m_-4496011250827680235ydp743fb2a7MsoNormal\" style=\"text-align: justify;\"><span style=\"font-family: helvetica, arial, sans-serif;\">El cl\u00e1sico<strong> Real Madrid-Barcelona<\/strong> repetir\u00e1 este s\u00e1bado una edici\u00f3n mas, en de 3 d\u00edas, pero en esta oportunidad por la fecha 26 de la<strong> Liga de Espa\u00f1a.<\/strong><\/span><\/p>\n<p class=\"m_-4496011250827680235ydp743fb2a7MsoNormal\" style=\"text-align: justify;\"><span style=\"font-family: helvetica, arial, sans-serif;\">El estadio<strong> Santiago Bernab\u00e9u<\/strong> ser\u00e1 nuevamente testigo de un <strong>Real Madrid<\/strong> obligado a levantarse para no despedirse de una nueva competencia ante un <strong>Barcelona<\/strong> acostumbrado a exhibirse en la capital espa\u00f1ola.<\/span><\/p>\n<p class=\"m_-4496011250827680235ydp743fb2a7MsoNormal\" style=\"text-align: justify;\"><span style=\"font-family: helvetica, arial, sans-serif;\">La falta de gol conden\u00f3 al Real en el primer cl\u00e1sico de esta semana y est\u00e1 obligado a corregir si no quiere cerrar su opci\u00f3n en esta Liga, y pr\u00f3ximo a jugarse ante el <strong>Ajax<\/strong> su continuidad en <strong>Liga de Campeones.<\/strong><\/span><\/p>\n<p class=\"m_-4496011250827680235ydp743fb2a7MsoNormal\" style=\"text-align: justify;\"><span style=\"font-family: helvetica, arial, sans-serif;\">Entretanto, <strong>Barcelona<\/strong> tiene una gran oportunidad para asestar un golpe definitivo a su rival en LaLiga.<\/span><\/p>\n<p class=\"m_-4496011250827680235ydp743fb2a7MsoNormal\" style=\"text-align: justify;\"><span style=\"font-family: helvetica, arial, sans-serif;\">El equipo que dirige<strong> Ernesto Valverde<\/strong> llega con siete puntos de ventaja sobre el segundo, el <strong>Atl\u00e9tico de Madrid<\/strong>, y nueve respecto al conjunto madridista, por lo que una victoria, podr\u00eda eliminar a uno de sus dos rivales por el t\u00edtulo.<\/span><\/p>\n<p class=\"m_-4496011250827680235ydp743fb2a7MsoNormal\" style=\"text-align: justify;\"><span style=\"font-family: helvetica, arial, sans-serif;\">Sin embargo, y pese al positivo balance del <strong>Barcelona<\/strong> en el <strong>Bernab\u00e9u<\/strong> en los \u00faltimos quince a\u00f1os, es complicado que la historia se repita 72 horas despu\u00e9s. Los catalanes suman 12 victorias en los \u00faltimos 22 partidos, 47 goles a favor, 33 en contra.<\/span><\/p>\n<p class=\"m_-4496011250827680235ydp743fb2a7MsoNormal\" style=\"text-align: justify;\"><span style=\"font-family: helvetica, arial, sans-serif;\">\u00a0<\/span><span style=\"font-family: helvetica, arial, sans-serif;\">El partido se disputar\u00e1 desde las 2.45pm, hora colombiana, en el estadio <strong>Santiago Bernab\u00e9u<\/strong>.<\/span><\/p>\n<p class=\"m_-4496011250827680235ydp743fb2a7MsoNormal\" style=\"text-align: justify;\"><strong><span style=\"font-family: helvetica, arial, sans-serif;\">Posibles formaciones:<\/span><\/strong><\/p>\n<p class=\"m_-4496011250827680235ydp743fb2a7MsoNormal\" style=\"text-align: justify;\"><span style=\"font-family: helvetica, arial, sans-serif;\"><strong><i>Real Madrid:<\/i><\/strong>\u00a0Thibaut Courtois; Dani Carvajal, Raphael Varane, Sergio Ramos, Marcelo; Casemiro, Dani Ceballos, Luka Modric; Garteh Bale, Vinicius Junior y Karim Benzema.<\/span><br \/>\n<span style=\"font-family: helvetica, arial, sans-serif;\"><i><br \/>\n<strong>Barcelona:<\/strong><\/i><strong>\u00a0<\/strong>Marc-Andr\u00e9 Ter Stegen; Nels\u00f3n Semedo, Gerard Piqu\u00e9, Samuel Umtiti, Jordi Alba; Sergio Busquets, Ivan Rakitic, Arthur Melo; Lionel Messi, Luis Su\u00e1rez y Ousmane Demb\u00e9l\u00e9.<\/span><\/p>\n","protected":false},"excerpt":{"rendered":"<p>El cl\u00e1sico Real Madrid-Barcelona repetir\u00e1 este s\u00e1bado una edici\u00f3n mas, en de 3 d\u00edas, pero en esta oportunidad por la fecha 26 de la Liga de Espa\u00f1a. El estadio Santiago Bernab\u00e9u ser\u00e1 nuevamente testigo de un Real Madrid obligado a levantarse para no despedirse de una nueva competencia ante un Barcelona acostumbrado a exhibirse en [&hellip;]<\/p>\n","protected":false},"author":5,"featured_media":32175,"comment_status":"open","ping_status":"open","sticky":false,"template":"","format":"standard","meta":{"_acf_changed":false,"footnotes":""},"categories":[5],"tags":[110],"class_list":{"0":"post-32173","1":"post","2":"type-post","3":"status-publish","4":"format-standard","5":"has-post-thumbnail","7":"category-destacados","8":"tag-real-madrid"},"acf":[],"yoast_head":"<!-- This site is optimized with the Yoast SEO plugin v26.8 - https:\/\/yoast.com\/product\/yoast-seo-wordpress\/ -->\n<title>Madrid-Bar\u00e7a, \u00bfrevancha o Liga definida? -<\/title>\n<meta name=\"robots\" content=\"index, follow, max-snippet:-1, max-image-preview:large, max-video-preview:-1\" \/>\n<link rel=\"canonical\" href=\"https:\/\/futbolhoy.co\/index.php\/2019\/03\/01\/real-barca-clasico-en-sesion-continua\/\" \/>\n<meta property=\"og:locale\" content=\"es_ES\" \/>\n<meta property=\"og:type\" content=\"article\" \/>\n<meta property=\"og:title\" content=\"Madrid-Bar\u00e7a, \u00bfrevancha o Liga definida? -\" \/>\n<meta property=\"og:description\" content=\"El cl\u00e1sico Real Madrid-Barcelona repetir\u00e1 este s\u00e1bado una edici\u00f3n mas, en de 3 d\u00edas, pero en esta oportunidad por la fecha 26 de la Liga de Espa\u00f1a. El estadio Santiago Bernab\u00e9u ser\u00e1 nuevamente testigo de un Real Madrid obligado a levantarse para no despedirse de una nueva competencia ante un Barcelona acostumbrado a exhibirse en [&hellip;]\" \/>\n<meta property=\"og:url\" content=\"https:\/\/futbolhoy.co\/index.php\/2019\/03\/01\/real-barca-clasico-en-sesion-continua\/\" \/>\n<meta property=\"article:publisher\" content=\"https:\/\/www.facebook.com\/FutbolHoyCol\/\" \/>\n<meta property=\"article:published_time\" content=\"2019-03-02T03:35:47+00:00\" \/>\n<meta property=\"article:modified_time\" content=\"2019-03-02T13:20:57+00:00\" \/>\n<meta property=\"og:image\" content=\"https:\/\/futbolhoy.co\/wp-content\/uploads\/2019\/03\/D0mJokyXgAAeWae.jpg\" \/>\n\t<meta property=\"og:image:width\" content=\"1200\" \/>\n\t<meta property=\"og:image:height\" content=\"675\" \/>\n\t<meta property=\"og:image:type\" content=\"image\/jpeg\" \/>\n<meta name=\"author\" content=\"Laura Hern\u00e1ndez\" \/>\n<meta name=\"twitter:card\" content=\"summary_large_image\" \/>\n<meta name=\"twitter:creator\" content=\"@FutbolHoyCol\" \/>\n<meta name=\"twitter:site\" content=\"@FutbolHoyCol\" \/>\n<meta name=\"twitter:label1\" content=\"Escrito por\" \/>\n\t<meta name=\"twitter:data1\" content=\"Laura Hern\u00e1ndez\" \/>\n\t<meta name=\"twitter:label2\" content=\"Tiempo de lectura\" \/>\n\t<meta name=\"twitter:data2\" content=\"1 minuto\" \/>\n<script type=\"application\/ld+json\" class=\"yoast-schema-graph\">{\"@context\":\"https:\/\/schema.org\",\"@graph\":[{\"@type\":\"Article\",\"@id\":\"https:\/\/futbolhoy.co\/index.php\/2019\/03\/01\/real-barca-clasico-en-sesion-continua\/#article\",\"isPartOf\":{\"@id\":\"https:\/\/futbolhoy.co\/index.php\/2019\/03\/01\/real-barca-clasico-en-sesion-continua\/\"},\"author\":{\"name\":\"Laura Hern\u00e1ndez\",\"@id\":\"https:\/\/futbolhoy.co\/#\/schema\/person\/c4a353a512b127643723a34bb1812f7d\"},\"headline\":\"Madrid-Bar\u00e7a, \u00bfrevancha o Liga definida?\",\"datePublished\":\"2019-03-02T03:35:47+00:00\",\"dateModified\":\"2019-03-02T13:20:57+00:00\",\"mainEntityOfPage\":{\"@id\":\"https:\/\/futbolhoy.co\/index.php\/2019\/03\/01\/real-barca-clasico-en-sesion-continua\/\"},\"wordCount\":283,\"commentCount\":0,\"publisher\":{\"@id\":\"https:\/\/futbolhoy.co\/#organization\"},\"image\":{\"@id\":\"https:\/\/futbolhoy.co\/index.php\/2019\/03\/01\/real-barca-clasico-en-sesion-continua\/#primaryimage\"},\"thumbnailUrl\":\"https:\/\/futbolhoy.co\/wp-content\/uploads\/2019\/03\/D0mJokyXgAAeWae.jpg\",\"keywords\":[\"Real Madrid\"],\"articleSection\":[\"Destacados\"],\"inLanguage\":\"es\",\"potentialAction\":[{\"@type\":\"CommentAction\",\"name\":\"Comment\",\"target\":[\"https:\/\/futbolhoy.co\/index.php\/2019\/03\/01\/real-barca-clasico-en-sesion-continua\/#respond\"]}]},{\"@type\":\"WebPage\",\"@id\":\"https:\/\/futbolhoy.co\/index.php\/2019\/03\/01\/real-barca-clasico-en-sesion-continua\/\",\"url\":\"https:\/\/futbolhoy.co\/index.php\/2019\/03\/01\/real-barca-clasico-en-sesion-continua\/\",\"name\":\"Madrid-Bar\u00e7a, \u00bfrevancha o Liga definida? -\",\"isPartOf\":{\"@id\":\"https:\/\/futbolhoy.co\/#website\"},\"primaryImageOfPage\":{\"@id\":\"https:\/\/futbolhoy.co\/index.php\/2019\/03\/01\/real-barca-clasico-en-sesion-continua\/#primaryimage\"},\"image\":{\"@id\":\"https:\/\/futbolhoy.co\/index.php\/2019\/03\/01\/real-barca-clasico-en-sesion-continua\/#primaryimage\"},\"thumbnailUrl\":\"https:\/\/futbolhoy.co\/wp-content\/uploads\/2019\/03\/D0mJokyXgAAeWae.jpg\",\"datePublished\":\"2019-03-02T03:35:47+00:00\",\"dateModified\":\"2019-03-02T13:20:57+00:00\",\"breadcrumb\":{\"@id\":\"https:\/\/futbolhoy.co\/index.php\/2019\/03\/01\/real-barca-clasico-en-sesion-continua\/#breadcrumb\"},\"inLanguage\":\"es\",\"potentialAction\":[{\"@type\":\"ReadAction\",\"target\":[\"https:\/\/futbolhoy.co\/index.php\/2019\/03\/01\/real-barca-clasico-en-sesion-continua\/\"]}]},{\"@type\":\"ImageObject\",\"inLanguage\":\"es\",\"@id\":\"https:\/\/futbolhoy.co\/index.php\/2019\/03\/01\/real-barca-clasico-en-sesion-continua\/#primaryimage\",\"url\":\"https:\/\/futbolhoy.co\/wp-content\/uploads\/2019\/03\/D0mJokyXgAAeWae.jpg\",\"contentUrl\":\"https:\/\/futbolhoy.co\/wp-content\/uploads\/2019\/03\/D0mJokyXgAAeWae.jpg\",\"width\":1200,\"height\":675},{\"@type\":\"BreadcrumbList\",\"@id\":\"https:\/\/futbolhoy.co\/index.php\/2019\/03\/01\/real-barca-clasico-en-sesion-continua\/#breadcrumb\",\"itemListElement\":[{\"@type\":\"ListItem\",\"position\":1,\"name\":\"Portada\",\"item\":\"https:\/\/futbolhoy.co\/\"},{\"@type\":\"ListItem\",\"position\":2,\"name\":\"Madrid-Bar\u00e7a, \u00bfrevancha o Liga definida?\"}]},{\"@type\":\"WebSite\",\"@id\":\"https:\/\/futbolhoy.co\/#website\",\"url\":\"https:\/\/futbolhoy.co\/\",\"name\":\"FutbolHoy\",\"description\":\"\",\"publisher\":{\"@id\":\"https:\/\/futbolhoy.co\/#organization\"},\"potentialAction\":[{\"@type\":\"SearchAction\",\"target\":{\"@type\":\"EntryPoint\",\"urlTemplate\":\"https:\/\/futbolhoy.co\/?s={search_term_string}\"},\"query-input\":{\"@type\":\"PropertyValueSpecification\",\"valueRequired\":true,\"valueName\":\"search_term_string\"}}],\"inLanguage\":\"es\"},{\"@type\":\"Organization\",\"@id\":\"https:\/\/futbolhoy.co\/#organization\",\"name\":\"Futbolhoy.co\",\"url\":\"https:\/\/futbolhoy.co\/\",\"logo\":{\"@type\":\"ImageObject\",\"inLanguage\":\"es\",\"@id\":\"https:\/\/futbolhoy.co\/#\/schema\/logo\/image\/\",\"url\":\"https:\/\/futbolhoy.co\/wp-content\/uploads\/2018\/08\/17426380_1906371736249227_6326180412931521141_n.jpg\",\"contentUrl\":\"https:\/\/futbolhoy.co\/wp-content\/uploads\/2018\/08\/17426380_1906371736249227_6326180412931521141_n.jpg\",\"width\":960,\"height\":960,\"caption\":\"Futbolhoy.co\"},\"image\":{\"@id\":\"https:\/\/futbolhoy.co\/#\/schema\/logo\/image\/\"},\"sameAs\":[\"https:\/\/www.facebook.com\/FutbolHoyCol\/\",\"https:\/\/x.com\/FutbolHoyCol\",\"https:\/\/www.instagram.com\/futbolhoycol\/\"]},{\"@type\":\"Person\",\"@id\":\"https:\/\/futbolhoy.co\/#\/schema\/person\/c4a353a512b127643723a34bb1812f7d\",\"name\":\"Laura Hern\u00e1ndez\",\"image\":{\"@type\":\"ImageObject\",\"inLanguage\":\"es\",\"@id\":\"https:\/\/futbolhoy.co\/#\/schema\/person\/image\/\",\"url\":\"https:\/\/secure.gravatar.com\/avatar\/d25959a15b9b293a743f99181c7cfd01?s=96&d=mm&r=g\",\"contentUrl\":\"https:\/\/secure.gravatar.com\/avatar\/d25959a15b9b293a743f99181c7cfd01?s=96&d=mm&r=g\",\"caption\":\"Laura Hern\u00e1ndez\"}}]}<\/script>\n<!-- \/ Yoast SEO plugin. -->","yoast_head_json":{"title":"Madrid-Bar\u00e7a, \u00bfrevancha o Liga definida? -","robots":{"index":"index","follow":"follow","max-snippet":"max-snippet:-1","max-image-preview":"max-image-preview:large","max-video-preview":"max-video-preview:-1"},"canonical":"https:\/\/futbolhoy.co\/index.php\/2019\/03\/01\/real-barca-clasico-en-sesion-continua\/","og_locale":"es_ES","og_type":"article","og_title":"Madrid-Bar\u00e7a, \u00bfrevancha o Liga definida? -","og_description":"El cl\u00e1sico Real Madrid-Barcelona repetir\u00e1 este s\u00e1bado una edici\u00f3n mas, en de 3 d\u00edas, pero en esta oportunidad por la fecha 26 de la Liga de Espa\u00f1a. El estadio Santiago Bernab\u00e9u ser\u00e1 nuevamente testigo de un Real Madrid obligado a levantarse para no despedirse de una nueva competencia ante un Barcelona acostumbrado a exhibirse en [&hellip;]","og_url":"https:\/\/futbolhoy.co\/index.php\/2019\/03\/01\/real-barca-clasico-en-sesion-continua\/","article_publisher":"https:\/\/www.facebook.com\/FutbolHoyCol\/","article_published_time":"2019-03-02T03:35:47+00:00","article_modified_time":"2019-03-02T13:20:57+00:00","og_image":[{"width":1200,"height":675,"url":"https:\/\/futbolhoy.co\/wp-content\/uploads\/2019\/03\/D0mJokyXgAAeWae.jpg","type":"image\/jpeg"}],"author":"Laura Hern\u00e1ndez","twitter_card":"summary_large_image","twitter_creator":"@FutbolHoyCol","twitter_site":"@FutbolHoyCol","twitter_misc":{"Escrito por":"Laura Hern\u00e1ndez","Tiempo de lectura":"1 minuto"},"schema":{"@context":"https:\/\/schema.org","@graph":[{"@type":"Article","@id":"https:\/\/futbolhoy.co\/index.php\/2019\/03\/01\/real-barca-clasico-en-sesion-continua\/#article","isPartOf":{"@id":"https:\/\/futbolhoy.co\/index.php\/2019\/03\/01\/real-barca-clasico-en-sesion-continua\/"},"author":{"name":"Laura Hern\u00e1ndez","@id":"https:\/\/futbolhoy.co\/#\/schema\/person\/c4a353a512b127643723a34bb1812f7d"},"headline":"Madrid-Bar\u00e7a, \u00bfrevancha o Liga definida?","datePublished":"2019-03-02T03:35:47+00:00","dateModified":"2019-03-02T13:20:57+00:00","mainEntityOfPage":{"@id":"https:\/\/futbolhoy.co\/index.php\/2019\/03\/01\/real-barca-clasico-en-sesion-continua\/"},"wordCount":283,"commentCount":0,"publisher":{"@id":"https:\/\/futbolhoy.co\/#organization"},"image":{"@id":"https:\/\/futbolhoy.co\/index.php\/2019\/03\/01\/real-barca-clasico-en-sesion-continua\/#primaryimage"},"thumbnailUrl":"https:\/\/futbolhoy.co\/wp-content\/uploads\/2019\/03\/D0mJokyXgAAeWae.jpg","keywords":["Real Madrid"],"articleSection":["Destacados"],"inLanguage":"es","potentialAction":[{"@type":"CommentAction","name":"Comment","target":["https:\/\/futbolhoy.co\/index.php\/2019\/03\/01\/real-barca-clasico-en-sesion-continua\/#respond"]}]},{"@type":"WebPage","@id":"https:\/\/futbolhoy.co\/index.php\/2019\/03\/01\/real-barca-clasico-en-sesion-continua\/","url":"https:\/\/futbolhoy.co\/index.php\/2019\/03\/01\/real-barca-clasico-en-sesion-continua\/","name":"Madrid-Bar\u00e7a, \u00bfrevancha o Liga definida? -","isPartOf":{"@id":"https:\/\/futbolhoy.co\/#website"},"primaryImageOfPage":{"@id":"https:\/\/futbolhoy.co\/index.php\/2019\/03\/01\/real-barca-clasico-en-sesion-continua\/#primaryimage"},"image":{"@id":"https:\/\/futbolhoy.co\/index.php\/2019\/03\/01\/real-barca-clasico-en-sesion-continua\/#primaryimage"},"thumbnailUrl":"https:\/\/futbolhoy.co\/wp-content\/uploads\/2019\/03\/D0mJokyXgAAeWae.jpg","datePublished":"2019-03-02T03:35:47+00:00","dateModified":"2019-03-02T13:20:57+00:00","breadcrumb":{"@id":"https:\/\/futbolhoy.co\/index.php\/2019\/03\/01\/real-barca-clasico-en-sesion-continua\/#breadcrumb"},"inLanguage":"es","potentialAction":[{"@type":"ReadAction","target":["https:\/\/futbolhoy.co\/index.php\/2019\/03\/01\/real-barca-clasico-en-sesion-continua\/"]}]},{"@type":"ImageObject","inLanguage":"es","@id":"https:\/\/futbolhoy.co\/index.php\/2019\/03\/01\/real-barca-clasico-en-sesion-continua\/#primaryimage","url":"https:\/\/futbolhoy.co\/wp-content\/uploads\/2019\/03\/D0mJokyXgAAeWae.jpg","contentUrl":"https:\/\/futbolhoy.co\/wp-content\/uploads\/2019\/03\/D0mJokyXgAAeWae.jpg","width":1200,"height":675},{"@type":"BreadcrumbList","@id":"https:\/\/futbolhoy.co\/index.php\/2019\/03\/01\/real-barca-clasico-en-sesion-continua\/#breadcrumb","itemListElement":[{"@type":"ListItem","position":1,"name":"Portada","item":"https:\/\/futbolhoy.co\/"},{"@type":"ListItem","position":2,"name":"Madrid-Bar\u00e7a, \u00bfrevancha o Liga definida?"}]},{"@type":"WebSite","@id":"https:\/\/futbolhoy.co\/#website","url":"https:\/\/futbolhoy.co\/","name":"FutbolHoy","description":"","publisher":{"@id":"https:\/\/futbolhoy.co\/#organization"},"potentialAction":[{"@type":"SearchAction","target":{"@type":"EntryPoint","urlTemplate":"https:\/\/futbolhoy.co\/?s={search_term_string}"},"query-input":{"@type":"PropertyValueSpecification","valueRequired":true,"valueName":"search_term_string"}}],"inLanguage":"es"},{"@type":"Organization","@id":"https:\/\/futbolhoy.co\/#organization","name":"Futbolhoy.co","url":"https:\/\/futbolhoy.co\/","logo":{"@type":"ImageObject","inLanguage":"es","@id":"https:\/\/futbolhoy.co\/#\/schema\/logo\/image\/","url":"https:\/\/futbolhoy.co\/wp-content\/uploads\/2018\/08\/17426380_1906371736249227_6326180412931521141_n.jpg","contentUrl":"https:\/\/futbolhoy.co\/wp-content\/uploads\/2018\/08\/17426380_1906371736249227_6326180412931521141_n.jpg","width":960,"height":960,"caption":"Futbolhoy.co"},"image":{"@id":"https:\/\/futbolhoy.co\/#\/schema\/logo\/image\/"},"sameAs":["https:\/\/www.facebook.com\/FutbolHoyCol\/","https:\/\/x.com\/FutbolHoyCol","https:\/\/www.instagram.com\/futbolhoycol\/"]},{"@type":"Person","@id":"https:\/\/futbolhoy.co\/#\/schema\/person\/c4a353a512b127643723a34bb1812f7d","name":"Laura Hern\u00e1ndez","image":{"@type":"ImageObject","inLanguage":"es","@id":"https:\/\/futbolhoy.co\/#\/schema\/person\/image\/","url":"https:\/\/secure.gravatar.com\/avatar\/d25959a15b9b293a743f99181c7cfd01?s=96&d=mm&r=g","contentUrl":"https:\/\/secure.gravatar.com\/avatar\/d25959a15b9b293a743f99181c7cfd01?s=96&d=mm&r=g","caption":"Laura Hern\u00e1ndez"}}]}},"publishpress_future_action":{"enabled":false,"date":"2026-05-05 01:33:26","action":"change-status","newStatus":"draft","terms":[],"taxonomy":"category","extraData":[]},"publishpress_future_workflow_manual_trigger":{"enabledWorkflows":[]},"_links":{"self":[{"href":"https:\/\/futbolhoy.co\/index.php\/wp-json\/wp\/v2\/posts\/32173","targetHints":{"allow":["GET"]}}],"collection":[{"href":"https:\/\/futbolhoy.co\/index.php\/wp-json\/wp\/v2\/posts"}],"about":[{"href":"https:\/\/futbolhoy.co\/index.php\/wp-json\/wp\/v2\/types\/post"}],"author":[{"embeddable":true,"href":"https:\/\/futbolhoy.co\/index.php\/wp-json\/wp\/v2\/users\/5"}],"replies":[{"embeddable":true,"href":"https:\/\/futbolhoy.co\/index.php\/wp-json\/wp\/v2\/comments?post=32173"}],"version-history":[{"count":4,"href":"https:\/\/futbolhoy.co\/index.php\/wp-json\/wp\/v2\/posts\/32173\/revisions"}],"predecessor-version":[{"id":32201,"href":"https:\/\/futbolhoy.co\/index.php\/wp-json\/wp\/v2\/posts\/32173\/revisions\/32201"}],"wp:featuredmedia":[{"embeddable":true,"href":"https:\/\/futbolhoy.co\/index.php\/wp-json\/wp\/v2\/media\/32175"}],"wp:attachment":[{"href":"https:\/\/futbolhoy.co\/index.php\/wp-json\/wp\/v2\/media?parent=32173"}],"wp:term":[{"taxonomy":"category","embeddable":true,"href":"https:\/\/futbolhoy.co\/index.php\/wp-json\/wp\/v2\/categories?post=32173"},{"taxonomy":"post_tag","embeddable":true,"href":"https:\/\/futbolhoy.co\/index.php\/wp-json\/wp\/v2\/tags?post=32173"}],"curies":[{"name":"wp","href":"https:\/\/api.w.org\/{rel}","templated":true}]}}