{"id":32226,"date":"2019-03-02T16:50:54","date_gmt":"2019-03-02T21:50:54","guid":{"rendered":"http:\/\/futbolhoy.co\/?p=32226"},"modified":"2019-03-02T18:33:58","modified_gmt":"2019-03-02T23:33:58","slug":"once-colombianos-en-la-mls-del-2019","status":"publish","type":"post","link":"https:\/\/futbolhoy.co\/index.php\/2019\/03\/02\/once-colombianos-en-la-mls-del-2019\/","title":{"rendered":"Once colombianos en la MLS del 2019"},"content":{"rendered":"<p class=\"m_5581071428069923871ydp2bd39caMsoNormal\" style=\"text-align: justify;\"><span style=\"font-family: helvetica, arial, sans-serif;\"><strong>Colombia<\/strong> ser\u00e1 el quinto pa\u00eds que m\u00e1s jugadores aportar\u00e1 a la <strong>MLS<\/strong> esta temporada, superado por Estados Unidos, Canad\u00e1, Argentina y Francia.<\/span><\/p>\n<p class=\"m_5581071428069923871ydp2bd39caMsoNormal\" style=\"text-align: justify;\"><span style=\"font-family: helvetica, arial, sans-serif;\">La Liga estadounidense iniciar\u00e1 este fin de semana con la participaci\u00f3n de 24 equipos, de los cuales 11 cuentan con colombianos.<\/span><\/p>\n<p class=\"m_5581071428069923871ydp2bd39caMsoNormal\" style=\"text-align: justify;\"><span style=\"font-family: helvetica, arial, sans-serif;\"><strong>New England Revolution<\/strong> y <strong>Dallas<\/strong>, con 3 jugadores, son los clubes que contar\u00e1n con m\u00e1s colombianos.<\/span><\/p>\n<p class=\"m_5581071428069923871ydp2bd39caMsoNormal\" style=\"text-align: justify;\"><span style=\"font-family: helvetica, arial, sans-serif;\">La lista de colombianos est\u00e1 integrada por:<\/span><\/p>\n<p class=\"m_5581071428069923871ydp2bd39caMsoNormal\" style=\"text-align: justify;\"><span lang=\"EN-US\" style=\"font-family: helvetica, arial, sans-serif;\">Juan Agudelo - New England Revolution<\/span><\/p>\n<p class=\"m_5581071428069923871ydp2bd39caMsoNormal\" style=\"text-align: justify;\"><span lang=\"EN-US\" style=\"font-family: helvetica, arial, sans-serif;\">Dairon Asprilla - Portland Timbers<\/span><\/p>\n<p class=\"m_5581071428069923871ydp2bd39caMsoNormal\" style=\"text-align: justify;\"><span style=\"font-family: helvetica, arial, sans-serif;\">Eduard Atuesta - Los Angeles<\/span><\/p>\n<p class=\"m_5581071428069923871ydp2bd39caMsoNormal\" style=\"text-align: justify;\"><span style=\"font-family: helvetica, arial, sans-serif;\">Michael Barrios - Dallas<\/span><\/p>\n<p class=\"m_5581071428069923871ydp2bd39caMsoNormal\" style=\"text-align: justify;\"><span lang=\"EN-US\" style=\"font-family: helvetica, arial, sans-serif;\">Daniel Bedoya - New York<\/span><\/p>\n<p class=\"m_5581071428069923871ydp2bd39caMsoNormal\" style=\"text-align: justify;\"><span lang=\"EN-US\" style=\"font-family: helvetica, arial, sans-serif;\">Juan David Cabezas - Houston Dynamo<\/span><\/p>\n<p class=\"m_5581071428069923871ydp2bd39caMsoNormal\" style=\"text-align: justify;\"><span lang=\"EN-US\" style=\"font-family: helvetica, arial, sans-serif;\">Luis Alberto Caicedo - New England Revolution<\/span><\/p>\n<p class=\"m_5581071428069923871ydp2bd39caMsoNormal\" style=\"text-align: justify;\"><span lang=\"EN-US\" style=\"font-family: helvetica, arial, sans-serif;\">Juan Fernando Caicedo - New England Revolution<\/span><\/p>\n<p class=\"m_5581071428069923871ydp2bd39caMsoNormal\" style=\"text-align: justify;\"><span lang=\"EN-US\" style=\"font-family: helvetica, arial, sans-serif;\">Diego Char\u00e1 - Portland Timbers<\/span><\/p>\n<p class=\"m_5581071428069923871ydp2bd39caMsoNormal\" style=\"text-align: justify;\"><span lang=\"EN-US\" style=\"font-family: helvetica, arial, sans-serif;\">Jesus Ferreira - Dallas<\/span><\/p>\n<p class=\"m_5581071428069923871ydp2bd39caMsoNormal\" style=\"text-align: justify;\"><span lang=\"EN-US\" style=\"font-family: helvetica, arial, sans-serif;\">Cristian Higuita - Orlando City<\/span><\/p>\n<p class=\"m_5581071428069923871ydp2bd39caMsoNormal\" style=\"text-align: justify;\"><span lang=\"EN-US\" style=\"font-family: helvetica, arial, sans-serif;\">Mauro Manotas - Houston Dynamo<\/span><\/p>\n<p class=\"m_5581071428069923871ydp2bd39caMsoNormal\" style=\"text-align: justify;\"><span lang=\"EN-US\" style=\"font-family: helvetica, arial, sans-serif;\">Jimmy Medranda - Sporting Kansas<\/span><\/p>\n<p class=\"m_5581071428069923871ydp2bd39caMsoNormal\" style=\"text-align: justify;\"><span lang=\"EN-US\" style=\"font-family: helvetica, arial, sans-serif;\">Fredy Montero - Vancouver Whitecaps<\/span><\/p>\n<p class=\"m_5581071428069923871ydp2bd39caMsoNormal\" style=\"text-align: justify;\"><span lang=\"EN-US\" style=\"font-family: helvetica, arial, sans-serif;\">Santiago Mosquera - Dallas<\/span><\/p>\n<p class=\"m_5581071428069923871ydp2bd39caMsoNormal\" style=\"text-align: justify;\"><span lang=\"EN-US\" style=\"font-family: helvetica, arial, sans-serif;\">Santiago Pati\u00f1o - Orlando City<\/span><\/p>\n<p class=\"m_5581071428069923871ydp2bd39caMsoNormal\" style=\"text-align: justify;\"><span lang=\"EN-US\" style=\"font-family: helvetica, arial, sans-serif;\">Darwin Quintero - Minnesota United<\/span><\/p>\n<p class=\"m_5581071428069923871ydp2bd39caMsoNormal\" style=\"text-align: justify;\"><span lang=\"EN-US\" style=\"font-family: helvetica, arial, sans-serif;\">Joel Qwiberg - San Jose Earthwaukes<\/span><\/p>\n<p class=\"m_5581071428069923871ydp2bd39caMsoNormal\" style=\"text-align: justify;\"><span lang=\"EN-US\" style=\"font-family: helvetica, arial, sans-serif;\">\u00c1ngelo Rodr\u00edguez - Minnesota United<\/span><\/p>\n<p class=\"m_5581071428069923871ydp2bd39caMsoNormal\" style=\"text-align: justify;\"><span style=\"font-family: helvetica, arial, sans-serif;\">Eddie Segura - Los Angeles<\/span><\/p>\n<p class=\"m_5581071428069923871ydp2bd39caMsoNormal\" style=\"text-align: justify;\"><span style=\"font-family: helvetica, arial, sans-serif;\">.<\/span><\/p>\n","protected":false},"excerpt":{"rendered":"<p>Colombia ser\u00e1 el quinto pa\u00eds que m\u00e1s jugadores aportar\u00e1 a la MLS esta temporada, superado por Estados Unidos, Canad\u00e1, Argentina y Francia. La Liga estadounidense iniciar\u00e1 este fin de semana con la participaci\u00f3n de 24 equipos, de los cuales 11 cuentan con colombianos. New England Revolution y Dallas, con 3 jugadores, son los clubes que [&hellip;]<\/p>\n","protected":false},"author":5,"featured_media":32227,"comment_status":"open","ping_status":"open","sticky":false,"template":"","format":"standard","meta":{"_acf_changed":false,"footnotes":""},"categories":[5],"tags":[],"class_list":{"0":"post-32226","1":"post","2":"type-post","3":"status-publish","4":"format-standard","5":"has-post-thumbnail","7":"category-destacados"},"acf":[],"yoast_head":"<!-- This site is optimized with the Yoast SEO plugin v26.8 - https:\/\/yoast.com\/product\/yoast-seo-wordpress\/ -->\n<title>Once colombianos en la MLS del 2019 -<\/title>\n<meta name=\"robots\" content=\"index, follow, max-snippet:-1, max-image-preview:large, max-video-preview:-1\" \/>\n<link rel=\"canonical\" href=\"https:\/\/futbolhoy.co\/index.php\/2019\/03\/02\/once-colombianos-en-la-mls-del-2019\/\" \/>\n<meta property=\"og:locale\" content=\"es_ES\" \/>\n<meta property=\"og:type\" content=\"article\" \/>\n<meta property=\"og:title\" content=\"Once colombianos en la MLS del 2019 -\" \/>\n<meta property=\"og:description\" content=\"Colombia ser\u00e1 el quinto pa\u00eds que m\u00e1s jugadores aportar\u00e1 a la MLS esta temporada, superado por Estados Unidos, Canad\u00e1, Argentina y Francia. La Liga estadounidense iniciar\u00e1 este fin de semana con la participaci\u00f3n de 24 equipos, de los cuales 11 cuentan con colombianos. New England Revolution y Dallas, con 3 jugadores, son los clubes que [&hellip;]\" \/>\n<meta property=\"og:url\" content=\"https:\/\/futbolhoy.co\/index.php\/2019\/03\/02\/once-colombianos-en-la-mls-del-2019\/\" \/>\n<meta property=\"article:publisher\" content=\"https:\/\/www.facebook.com\/FutbolHoyCol\/\" \/>\n<meta property=\"article:published_time\" content=\"2019-03-02T21:50:54+00:00\" \/>\n<meta property=\"article:modified_time\" content=\"2019-03-02T23:33:58+00:00\" \/>\n<meta property=\"og:image\" content=\"https:\/\/futbolhoy.co\/wp-content\/uploads\/2019\/03\/IMG_20190302_182612.jpg\" \/>\n\t<meta property=\"og:image:width\" content=\"400\" \/>\n\t<meta property=\"og:image:height\" content=\"400\" \/>\n\t<meta property=\"og:image:type\" content=\"image\/jpeg\" \/>\n<meta name=\"author\" content=\"Laura Hern\u00e1ndez\" \/>\n<meta name=\"twitter:card\" content=\"summary_large_image\" \/>\n<meta name=\"twitter:creator\" content=\"@FutbolHoyCol\" \/>\n<meta name=\"twitter:site\" content=\"@FutbolHoyCol\" \/>\n<meta name=\"twitter:label1\" content=\"Escrito por\" \/>\n\t<meta name=\"twitter:data1\" content=\"Laura Hern\u00e1ndez\" \/>\n\t<meta name=\"twitter:label2\" content=\"Tiempo de lectura\" \/>\n\t<meta name=\"twitter:data2\" content=\"1 minuto\" \/>\n<script type=\"application\/ld+json\" class=\"yoast-schema-graph\">{\"@context\":\"https:\/\/schema.org\",\"@graph\":[{\"@type\":\"Article\",\"@id\":\"https:\/\/futbolhoy.co\/index.php\/2019\/03\/02\/once-colombianos-en-la-mls-del-2019\/#article\",\"isPartOf\":{\"@id\":\"https:\/\/futbolhoy.co\/index.php\/2019\/03\/02\/once-colombianos-en-la-mls-del-2019\/\"},\"author\":{\"name\":\"Laura Hern\u00e1ndez\",\"@id\":\"https:\/\/futbolhoy.co\/#\/schema\/person\/c4a353a512b127643723a34bb1812f7d\"},\"headline\":\"Once colombianos en la MLS del 2019\",\"datePublished\":\"2019-03-02T21:50:54+00:00\",\"dateModified\":\"2019-03-02T23:33:58+00:00\",\"mainEntityOfPage\":{\"@id\":\"https:\/\/futbolhoy.co\/index.php\/2019\/03\/02\/once-colombianos-en-la-mls-del-2019\/\"},\"wordCount\":180,\"commentCount\":0,\"publisher\":{\"@id\":\"https:\/\/futbolhoy.co\/#organization\"},\"image\":{\"@id\":\"https:\/\/futbolhoy.co\/index.php\/2019\/03\/02\/once-colombianos-en-la-mls-del-2019\/#primaryimage\"},\"thumbnailUrl\":\"https:\/\/futbolhoy.co\/wp-content\/uploads\/2019\/03\/IMG_20190302_182612.jpg\",\"articleSection\":[\"Destacados\"],\"inLanguage\":\"es\",\"potentialAction\":[{\"@type\":\"CommentAction\",\"name\":\"Comment\",\"target\":[\"https:\/\/futbolhoy.co\/index.php\/2019\/03\/02\/once-colombianos-en-la-mls-del-2019\/#respond\"]}]},{\"@type\":\"WebPage\",\"@id\":\"https:\/\/futbolhoy.co\/index.php\/2019\/03\/02\/once-colombianos-en-la-mls-del-2019\/\",\"url\":\"https:\/\/futbolhoy.co\/index.php\/2019\/03\/02\/once-colombianos-en-la-mls-del-2019\/\",\"name\":\"Once colombianos en la MLS del 2019 -\",\"isPartOf\":{\"@id\":\"https:\/\/futbolhoy.co\/#website\"},\"primaryImageOfPage\":{\"@id\":\"https:\/\/futbolhoy.co\/index.php\/2019\/03\/02\/once-colombianos-en-la-mls-del-2019\/#primaryimage\"},\"image\":{\"@id\":\"https:\/\/futbolhoy.co\/index.php\/2019\/03\/02\/once-colombianos-en-la-mls-del-2019\/#primaryimage\"},\"thumbnailUrl\":\"https:\/\/futbolhoy.co\/wp-content\/uploads\/2019\/03\/IMG_20190302_182612.jpg\",\"datePublished\":\"2019-03-02T21:50:54+00:00\",\"dateModified\":\"2019-03-02T23:33:58+00:00\",\"breadcrumb\":{\"@id\":\"https:\/\/futbolhoy.co\/index.php\/2019\/03\/02\/once-colombianos-en-la-mls-del-2019\/#breadcrumb\"},\"inLanguage\":\"es\",\"potentialAction\":[{\"@type\":\"ReadAction\",\"target\":[\"https:\/\/futbolhoy.co\/index.php\/2019\/03\/02\/once-colombianos-en-la-mls-del-2019\/\"]}]},{\"@type\":\"ImageObject\",\"inLanguage\":\"es\",\"@id\":\"https:\/\/futbolhoy.co\/index.php\/2019\/03\/02\/once-colombianos-en-la-mls-del-2019\/#primaryimage\",\"url\":\"https:\/\/futbolhoy.co\/wp-content\/uploads\/2019\/03\/IMG_20190302_182612.jpg\",\"contentUrl\":\"https:\/\/futbolhoy.co\/wp-content\/uploads\/2019\/03\/IMG_20190302_182612.jpg\",\"width\":400,\"height\":400},{\"@type\":\"BreadcrumbList\",\"@id\":\"https:\/\/futbolhoy.co\/index.php\/2019\/03\/02\/once-colombianos-en-la-mls-del-2019\/#breadcrumb\",\"itemListElement\":[{\"@type\":\"ListItem\",\"position\":1,\"name\":\"Portada\",\"item\":\"https:\/\/futbolhoy.co\/\"},{\"@type\":\"ListItem\",\"position\":2,\"name\":\"Once colombianos en la MLS del 2019\"}]},{\"@type\":\"WebSite\",\"@id\":\"https:\/\/futbolhoy.co\/#website\",\"url\":\"https:\/\/futbolhoy.co\/\",\"name\":\"FutbolHoy\",\"description\":\"\",\"publisher\":{\"@id\":\"https:\/\/futbolhoy.co\/#organization\"},\"potentialAction\":[{\"@type\":\"SearchAction\",\"target\":{\"@type\":\"EntryPoint\",\"urlTemplate\":\"https:\/\/futbolhoy.co\/?s={search_term_string}\"},\"query-input\":{\"@type\":\"PropertyValueSpecification\",\"valueRequired\":true,\"valueName\":\"search_term_string\"}}],\"inLanguage\":\"es\"},{\"@type\":\"Organization\",\"@id\":\"https:\/\/futbolhoy.co\/#organization\",\"name\":\"Futbolhoy.co\",\"url\":\"https:\/\/futbolhoy.co\/\",\"logo\":{\"@type\":\"ImageObject\",\"inLanguage\":\"es\",\"@id\":\"https:\/\/futbolhoy.co\/#\/schema\/logo\/image\/\",\"url\":\"https:\/\/futbolhoy.co\/wp-content\/uploads\/2018\/08\/17426380_1906371736249227_6326180412931521141_n.jpg\",\"contentUrl\":\"https:\/\/futbolhoy.co\/wp-content\/uploads\/2018\/08\/17426380_1906371736249227_6326180412931521141_n.jpg\",\"width\":960,\"height\":960,\"caption\":\"Futbolhoy.co\"},\"image\":{\"@id\":\"https:\/\/futbolhoy.co\/#\/schema\/logo\/image\/\"},\"sameAs\":[\"https:\/\/www.facebook.com\/FutbolHoyCol\/\",\"https:\/\/x.com\/FutbolHoyCol\",\"https:\/\/www.instagram.com\/futbolhoycol\/\"]},{\"@type\":\"Person\",\"@id\":\"https:\/\/futbolhoy.co\/#\/schema\/person\/c4a353a512b127643723a34bb1812f7d\",\"name\":\"Laura Hern\u00e1ndez\",\"image\":{\"@type\":\"ImageObject\",\"inLanguage\":\"es\",\"@id\":\"https:\/\/futbolhoy.co\/#\/schema\/person\/image\/\",\"url\":\"https:\/\/secure.gravatar.com\/avatar\/d25959a15b9b293a743f99181c7cfd01?s=96&d=mm&r=g\",\"contentUrl\":\"https:\/\/secure.gravatar.com\/avatar\/d25959a15b9b293a743f99181c7cfd01?s=96&d=mm&r=g\",\"caption\":\"Laura Hern\u00e1ndez\"}}]}<\/script>\n<!-- \/ Yoast SEO plugin. -->","yoast_head_json":{"title":"Once colombianos en la MLS del 2019 -","robots":{"index":"index","follow":"follow","max-snippet":"max-snippet:-1","max-image-preview":"max-image-preview:large","max-video-preview":"max-video-preview:-1"},"canonical":"https:\/\/futbolhoy.co\/index.php\/2019\/03\/02\/once-colombianos-en-la-mls-del-2019\/","og_locale":"es_ES","og_type":"article","og_title":"Once colombianos en la MLS del 2019 -","og_description":"Colombia ser\u00e1 el quinto pa\u00eds que m\u00e1s jugadores aportar\u00e1 a la MLS esta temporada, superado por Estados Unidos, Canad\u00e1, Argentina y Francia. La Liga estadounidense iniciar\u00e1 este fin de semana con la participaci\u00f3n de 24 equipos, de los cuales 11 cuentan con colombianos. New England Revolution y Dallas, con 3 jugadores, son los clubes que [&hellip;]","og_url":"https:\/\/futbolhoy.co\/index.php\/2019\/03\/02\/once-colombianos-en-la-mls-del-2019\/","article_publisher":"https:\/\/www.facebook.com\/FutbolHoyCol\/","article_published_time":"2019-03-02T21:50:54+00:00","article_modified_time":"2019-03-02T23:33:58+00:00","og_image":[{"width":400,"height":400,"url":"https:\/\/futbolhoy.co\/wp-content\/uploads\/2019\/03\/IMG_20190302_182612.jpg","type":"image\/jpeg"}],"author":"Laura Hern\u00e1ndez","twitter_card":"summary_large_image","twitter_creator":"@FutbolHoyCol","twitter_site":"@FutbolHoyCol","twitter_misc":{"Escrito por":"Laura Hern\u00e1ndez","Tiempo de lectura":"1 minuto"},"schema":{"@context":"https:\/\/schema.org","@graph":[{"@type":"Article","@id":"https:\/\/futbolhoy.co\/index.php\/2019\/03\/02\/once-colombianos-en-la-mls-del-2019\/#article","isPartOf":{"@id":"https:\/\/futbolhoy.co\/index.php\/2019\/03\/02\/once-colombianos-en-la-mls-del-2019\/"},"author":{"name":"Laura Hern\u00e1ndez","@id":"https:\/\/futbolhoy.co\/#\/schema\/person\/c4a353a512b127643723a34bb1812f7d"},"headline":"Once colombianos en la MLS del 2019","datePublished":"2019-03-02T21:50:54+00:00","dateModified":"2019-03-02T23:33:58+00:00","mainEntityOfPage":{"@id":"https:\/\/futbolhoy.co\/index.php\/2019\/03\/02\/once-colombianos-en-la-mls-del-2019\/"},"wordCount":180,"commentCount":0,"publisher":{"@id":"https:\/\/futbolhoy.co\/#organization"},"image":{"@id":"https:\/\/futbolhoy.co\/index.php\/2019\/03\/02\/once-colombianos-en-la-mls-del-2019\/#primaryimage"},"thumbnailUrl":"https:\/\/futbolhoy.co\/wp-content\/uploads\/2019\/03\/IMG_20190302_182612.jpg","articleSection":["Destacados"],"inLanguage":"es","potentialAction":[{"@type":"CommentAction","name":"Comment","target":["https:\/\/futbolhoy.co\/index.php\/2019\/03\/02\/once-colombianos-en-la-mls-del-2019\/#respond"]}]},{"@type":"WebPage","@id":"https:\/\/futbolhoy.co\/index.php\/2019\/03\/02\/once-colombianos-en-la-mls-del-2019\/","url":"https:\/\/futbolhoy.co\/index.php\/2019\/03\/02\/once-colombianos-en-la-mls-del-2019\/","name":"Once colombianos en la MLS del 2019 -","isPartOf":{"@id":"https:\/\/futbolhoy.co\/#website"},"primaryImageOfPage":{"@id":"https:\/\/futbolhoy.co\/index.php\/2019\/03\/02\/once-colombianos-en-la-mls-del-2019\/#primaryimage"},"image":{"@id":"https:\/\/futbolhoy.co\/index.php\/2019\/03\/02\/once-colombianos-en-la-mls-del-2019\/#primaryimage"},"thumbnailUrl":"https:\/\/futbolhoy.co\/wp-content\/uploads\/2019\/03\/IMG_20190302_182612.jpg","datePublished":"2019-03-02T21:50:54+00:00","dateModified":"2019-03-02T23:33:58+00:00","breadcrumb":{"@id":"https:\/\/futbolhoy.co\/index.php\/2019\/03\/02\/once-colombianos-en-la-mls-del-2019\/#breadcrumb"},"inLanguage":"es","potentialAction":[{"@type":"ReadAction","target":["https:\/\/futbolhoy.co\/index.php\/2019\/03\/02\/once-colombianos-en-la-mls-del-2019\/"]}]},{"@type":"ImageObject","inLanguage":"es","@id":"https:\/\/futbolhoy.co\/index.php\/2019\/03\/02\/once-colombianos-en-la-mls-del-2019\/#primaryimage","url":"https:\/\/futbolhoy.co\/wp-content\/uploads\/2019\/03\/IMG_20190302_182612.jpg","contentUrl":"https:\/\/futbolhoy.co\/wp-content\/uploads\/2019\/03\/IMG_20190302_182612.jpg","width":400,"height":400},{"@type":"BreadcrumbList","@id":"https:\/\/futbolhoy.co\/index.php\/2019\/03\/02\/once-colombianos-en-la-mls-del-2019\/#breadcrumb","itemListElement":[{"@type":"ListItem","position":1,"name":"Portada","item":"https:\/\/futbolhoy.co\/"},{"@type":"ListItem","position":2,"name":"Once colombianos en la MLS del 2019"}]},{"@type":"WebSite","@id":"https:\/\/futbolhoy.co\/#website","url":"https:\/\/futbolhoy.co\/","name":"FutbolHoy","description":"","publisher":{"@id":"https:\/\/futbolhoy.co\/#organization"},"potentialAction":[{"@type":"SearchAction","target":{"@type":"EntryPoint","urlTemplate":"https:\/\/futbolhoy.co\/?s={search_term_string}"},"query-input":{"@type":"PropertyValueSpecification","valueRequired":true,"valueName":"search_term_string"}}],"inLanguage":"es"},{"@type":"Organization","@id":"https:\/\/futbolhoy.co\/#organization","name":"Futbolhoy.co","url":"https:\/\/futbolhoy.co\/","logo":{"@type":"ImageObject","inLanguage":"es","@id":"https:\/\/futbolhoy.co\/#\/schema\/logo\/image\/","url":"https:\/\/futbolhoy.co\/wp-content\/uploads\/2018\/08\/17426380_1906371736249227_6326180412931521141_n.jpg","contentUrl":"https:\/\/futbolhoy.co\/wp-content\/uploads\/2018\/08\/17426380_1906371736249227_6326180412931521141_n.jpg","width":960,"height":960,"caption":"Futbolhoy.co"},"image":{"@id":"https:\/\/futbolhoy.co\/#\/schema\/logo\/image\/"},"sameAs":["https:\/\/www.facebook.com\/FutbolHoyCol\/","https:\/\/x.com\/FutbolHoyCol","https:\/\/www.instagram.com\/futbolhoycol\/"]},{"@type":"Person","@id":"https:\/\/futbolhoy.co\/#\/schema\/person\/c4a353a512b127643723a34bb1812f7d","name":"Laura Hern\u00e1ndez","image":{"@type":"ImageObject","inLanguage":"es","@id":"https:\/\/futbolhoy.co\/#\/schema\/person\/image\/","url":"https:\/\/secure.gravatar.com\/avatar\/d25959a15b9b293a743f99181c7cfd01?s=96&d=mm&r=g","contentUrl":"https:\/\/secure.gravatar.com\/avatar\/d25959a15b9b293a743f99181c7cfd01?s=96&d=mm&r=g","caption":"Laura Hern\u00e1ndez"}}]}},"publishpress_future_action":{"enabled":false,"date":"2026-05-05 01:30:17","action":"change-status","newStatus":"draft","terms":[],"taxonomy":"category","extraData":[]},"publishpress_future_workflow_manual_trigger":{"enabledWorkflows":[]},"_links":{"self":[{"href":"https:\/\/futbolhoy.co\/index.php\/wp-json\/wp\/v2\/posts\/32226","targetHints":{"allow":["GET"]}}],"collection":[{"href":"https:\/\/futbolhoy.co\/index.php\/wp-json\/wp\/v2\/posts"}],"about":[{"href":"https:\/\/futbolhoy.co\/index.php\/wp-json\/wp\/v2\/types\/post"}],"author":[{"embeddable":true,"href":"https:\/\/futbolhoy.co\/index.php\/wp-json\/wp\/v2\/users\/5"}],"replies":[{"embeddable":true,"href":"https:\/\/futbolhoy.co\/index.php\/wp-json\/wp\/v2\/comments?post=32226"}],"version-history":[{"count":1,"href":"https:\/\/futbolhoy.co\/index.php\/wp-json\/wp\/v2\/posts\/32226\/revisions"}],"predecessor-version":[{"id":32228,"href":"https:\/\/futbolhoy.co\/index.php\/wp-json\/wp\/v2\/posts\/32226\/revisions\/32228"}],"wp:featuredmedia":[{"embeddable":true,"href":"https:\/\/futbolhoy.co\/index.php\/wp-json\/wp\/v2\/media\/32227"}],"wp:attachment":[{"href":"https:\/\/futbolhoy.co\/index.php\/wp-json\/wp\/v2\/media?parent=32226"}],"wp:term":[{"taxonomy":"category","embeddable":true,"href":"https:\/\/futbolhoy.co\/index.php\/wp-json\/wp\/v2\/categories?post=32226"},{"taxonomy":"post_tag","embeddable":true,"href":"https:\/\/futbolhoy.co\/index.php\/wp-json\/wp\/v2\/tags?post=32226"}],"curies":[{"name":"wp","href":"https:\/\/api.w.org\/{rel}","templated":true}]}}