{"id":32488,"date":"2019-03-09T09:30:34","date_gmt":"2019-03-09T14:30:34","guid":{"rendered":"http:\/\/futbolhoy.co\/?p=32488"},"modified":"2019-03-10T12:31:55","modified_gmt":"2019-03-10T17:31:55","slug":"omar-perez-se-perdera-la-temporada-por-lesion","status":"publish","type":"post","link":"https:\/\/futbolhoy.co\/index.php\/2019\/03\/09\/omar-perez-se-perdera-la-temporada-por-lesion\/","title":{"rendered":"Omar P\u00e9rez se perder\u00e1 la temporada por lesi\u00f3n"},"content":{"rendered":"<p style=\"text-align: justify;\"><span style=\"font-family: helvetica, arial, sans-serif;\">El volante argentino <strong>Omar Sebasti\u00e1n P\u00e9rez<\/strong> sufri\u00f3 rotura de ligamento cruzado anterior de la rodilla derecha y permanecer\u00e1 alrededor de 8 meses fuera de las canchas, lo que supone que se perder\u00e1 el resto de la temporada con <strong>Independiente Santa Fe.<\/strong><\/span><\/p>\n<p style=\"text-align: justify;\"><span style=\"font-family: helvetica, arial, sans-serif;\">P\u00e9rez, de 37 a\u00f1os (cumplir\u00e1 38 el 28 de marzo), podr\u00eda dejar la actividad profesional, ya que su contrato con el conjunto capitalino vence el 31 de diciembre; y la gravedad de la lesi\u00f3n, en la rodilla que ha tenido afectada por artrosis desde hace m\u00e1s de 10 a\u00f1os, as\u00ed lo hacen prever.<\/span><\/p>\n<p style=\"text-align: justify;\"><span style=\"font-family: helvetica, arial, sans-serif;\">El jugador ya hab\u00eda tenido una lesi\u00f3n de ligamentos en la rodilla izquierda en 2015, que lo alej\u00f3 de las canchas durante m\u00e1s de 40 d\u00edas.<\/span><\/p>\n","protected":false},"excerpt":{"rendered":"<p>El volante argentino Omar Sebasti\u00e1n P\u00e9rez sufri\u00f3 rotura de ligamento cruzado anterior de la rodilla derecha y permanecer\u00e1 alrededor de 8 meses fuera de las canchas, lo que supone que se perder\u00e1 el resto de la temporada con Independiente Santa Fe. P\u00e9rez, de 37 a\u00f1os (cumplir\u00e1 38 el 28 de marzo), podr\u00eda dejar la actividad [&hellip;]<\/p>\n","protected":false},"author":5,"featured_media":30067,"comment_status":"open","ping_status":"closed","sticky":false,"template":"","format":"standard","meta":{"_acf_changed":false,"footnotes":""},"categories":[7],"tags":[559,118],"class_list":{"0":"post-32488","1":"post","2":"type-post","3":"status-publish","4":"format-standard","5":"has-post-thumbnail","7":"category-liga-betplay","8":"tag-omar-perez","9":"tag-santa-fe"},"acf":[],"_links":{"self":[{"href":"https:\/\/futbolhoy.co\/index.php\/wp-json\/wp\/v2\/posts\/32488","targetHints":{"allow":["GET"]}}],"collection":[{"href":"https:\/\/futbolhoy.co\/index.php\/wp-json\/wp\/v2\/posts"}],"about":[{"href":"https:\/\/futbolhoy.co\/index.php\/wp-json\/wp\/v2\/types\/post"}],"author":[{"embeddable":true,"href":"https:\/\/futbolhoy.co\/index.php\/wp-json\/wp\/v2\/users\/5"}],"replies":[{"embeddable":true,"href":"https:\/\/futbolhoy.co\/index.php\/wp-json\/wp\/v2\/comments?post=32488"}],"version-history":[{"count":1,"href":"https:\/\/futbolhoy.co\/index.php\/wp-json\/wp\/v2\/posts\/32488\/revisions"}],"predecessor-version":[{"id":32489,"href":"https:\/\/futbolhoy.co\/index.php\/wp-json\/wp\/v2\/posts\/32488\/revisions\/32489"}],"wp:featuredmedia":[{"embeddable":true,"href":"https:\/\/futbolhoy.co\/index.php\/wp-json\/wp\/v2\/media\/30067"}],"wp:attachment":[{"href":"https:\/\/futbolhoy.co\/index.php\/wp-json\/wp\/v2\/media?parent=32488"}],"wp:term":[{"taxonomy":"category","embeddable":true,"href":"https:\/\/futbolhoy.co\/index.php\/wp-json\/wp\/v2\/categories?post=32488"},{"taxonomy":"post_tag","embeddable":true,"href":"https:\/\/futbolhoy.co\/index.php\/wp-json\/wp\/v2\/tags?post=32488"}],"curies":[{"name":"wp","href":"https:\/\/api.w.org\/{rel}","templated":true}]}}