{"id":32760,"date":"2019-03-17T07:48:49","date_gmt":"2019-03-17T12:48:49","guid":{"rendered":"http:\/\/futbolhoy.co\/?p=32760"},"modified":"2019-03-17T18:43:40","modified_gmt":"2019-03-17T23:43:40","slug":"clasico-costeno-regresara-despues-de-mas-de-13-anos","status":"publish","type":"post","link":"https:\/\/futbolhoy.co\/index.php\/2019\/03\/17\/clasico-costeno-regresara-despues-de-mas-de-13-anos\/","title":{"rendered":"Cl\u00e1sico coste\u00f1o regresar\u00e1 despu\u00e9s de m\u00e1s de 13 a\u00f1os"},"content":{"rendered":"<p class=\"m_-1948320097864316888ydp33e9f217MsoNormal\" style=\"text-align: justify;\"><span style=\"font-family: helvetica, arial, sans-serif;\"><strong>Uni\u00f3n Magdalena<\/strong> y <strong>Atl\u00e9tico Junior<\/strong> disputaran este domingo el cl\u00e1sico coste\u00f1o 177, por la d\u00e9cima fecha de la <strong>Liga \u00c1guila.<\/strong><\/span><\/p>\n<p class=\"m_-1948320097864316888ydp33e9f217MsoNormal\" style=\"text-align: justify;\"><span style=\"font-family: helvetica, arial, sans-serif;\">Este partido, que se jugar\u00e1 por primera vez en el estadio Sierra Nevada de Santa Marta, tuvo su \u00faltimo episodio el 28 de agosto del 2005 con victoria para los barranquilleros 1-2, en el estadio Eduardo Santos.<\/span><\/p>\n<p class=\"m_-1948320097864316888ydp33e9f217MsoNormal\" style=\"text-align: justify;\"><span style=\"font-family: helvetica, arial, sans-serif;\">El equipo samario, dirigido por Harold Rivera, tiene todo su plantel disponible encabezado por su goleador Ricardo \u2018caballo\u2019 M\u00e1rquez.<\/span><\/p>\n<p class=\"m_-1948320097864316888ydp33e9f217MsoNormal\" style=\"text-align: justify;\"><span style=\"font-family: helvetica, arial, sans-serif;\"><strong>Junior<\/strong> llegar\u00e1 con la obligaci\u00f3n de un triunfo para mantener el paso entre los equipos que est\u00e1n en la parte alta de la tabla del campeonato.<\/span><\/p>\n<p class=\"m_-1948320097864316888ydp33e9f217MsoNormal\" style=\"text-align: justify;\"><span style=\"font-family: helvetica, arial, sans-serif;\">El t\u00e9cnico <strong>Luis Fernando Su\u00e1rez<\/strong> no podr\u00e1 contar con <strong>Luis D\u00edaz<\/strong>\u00a0convocado a la gira de la selecci\u00f3n Colombia por Asia, mientras que si estar\u00e1n <strong>Te\u00f3filo Guti\u00e9rrez<\/strong> y <strong>Gabriel Fuentes<\/strong>, expulsados en Copa Libertadores.<\/span><\/p>\n<p class=\"m_-1948320097864316888ydp33e9f217MsoNormal\" style=\"text-align: justify;\"><span style=\"font-family: helvetica, arial, sans-serif;\">El duelo coste\u00f1o, programado para las 3.30pm, ser\u00e1 dirigido por el \u00e1rbitro quindiano <strong>Alexander Ospina.<\/strong><\/span><\/p>\n<p class=\"m_-1948320097864316888ydp33e9f217MsoNormal\" style=\"text-align: justify;\"><strong><span style=\"font-family: helvetica, arial, sans-serif;\"><i>Posibles formaciones:<\/i><\/span><\/strong><\/p>\n<p class=\"m_-1948320097864316888ydp33e9f217MsoNormal\" style=\"text-align: justify;\"><span style=\"font-family: helvetica, arial, sans-serif;\"><i><strong>Uni\u00f3n Magdalena<\/strong>:<\/i>\u00a0Cesar Giraldo; Cristian Subero, Dixon Perea, Edison Restrepo, Brayan Correa; John Valencia, Abel Aguilar, Luis C arlos Arias, Fabi\u00e1n Cantillo, Lucas Sotero y Ricardo M\u00e1rquez.<\/span><\/p>\n<p class=\"m_-1948320097864316888ydp33e9f217MsoNormal\" style=\"text-align: justify;\"><span style=\"font-family: helvetica, arial, sans-serif;\"><i><strong>Junior<\/strong>:<\/i>\u00a0Sebasti\u00e1n Viera;\u00a0 Marlon Piedrahita, Willer Ditta, Deiby Balanta, Gabriel Fuentes; Luis Narv\u00e1ez, V\u00edctor Cantillo, Mat\u00edas Fern\u00e1ndez, Fabi\u00e1n Sambueza, Te\u00f3filo Guti\u00e9rrez, Luis Carlos Ruiz<\/span><\/p>\n","protected":false},"excerpt":{"rendered":"<p>Uni\u00f3n Magdalena y Atl\u00e9tico Junior disputaran este domingo el cl\u00e1sico coste\u00f1o 177, por la d\u00e9cima fecha de la Liga \u00c1guila. Este partido, que se jugar\u00e1 por primera vez en el estadio Sierra Nevada de Santa Marta, tuvo su \u00faltimo episodio el 28 de agosto del 2005 con victoria para los barranquilleros 1-2, en el estadio [&hellip;]<\/p>\n","protected":false},"author":5,"featured_media":32785,"comment_status":"open","ping_status":"open","sticky":false,"template":"","format":"standard","meta":{"_acf_changed":false,"footnotes":""},"categories":[7],"tags":[],"class_list":{"0":"post-32760","1":"post","2":"type-post","3":"status-publish","4":"format-standard","5":"has-post-thumbnail","7":"category-liga-betplay"},"acf":[],"yoast_head":"<!-- This site is optimized with the Yoast SEO plugin v26.8 - https:\/\/yoast.com\/product\/yoast-seo-wordpress\/ -->\n<title>Cl\u00e1sico coste\u00f1o regresar\u00e1 despu\u00e9s de m\u00e1s de 13 a\u00f1os -<\/title>\n<meta name=\"robots\" content=\"index, follow, max-snippet:-1, max-image-preview:large, max-video-preview:-1\" \/>\n<link rel=\"canonical\" href=\"https:\/\/futbolhoy.co\/index.php\/2019\/03\/17\/clasico-costeno-regresara-despues-de-mas-de-13-anos\/\" \/>\n<meta property=\"og:locale\" content=\"es_ES\" \/>\n<meta property=\"og:type\" content=\"article\" \/>\n<meta property=\"og:title\" content=\"Cl\u00e1sico coste\u00f1o regresar\u00e1 despu\u00e9s de m\u00e1s de 13 a\u00f1os -\" \/>\n<meta property=\"og:description\" content=\"Uni\u00f3n Magdalena y Atl\u00e9tico Junior disputaran este domingo el cl\u00e1sico coste\u00f1o 177, por la d\u00e9cima fecha de la Liga \u00c1guila. Este partido, que se jugar\u00e1 por primera vez en el estadio Sierra Nevada de Santa Marta, tuvo su \u00faltimo episodio el 28 de agosto del 2005 con victoria para los barranquilleros 1-2, en el estadio [&hellip;]\" \/>\n<meta property=\"og:url\" content=\"https:\/\/futbolhoy.co\/index.php\/2019\/03\/17\/clasico-costeno-regresara-despues-de-mas-de-13-anos\/\" \/>\n<meta property=\"article:publisher\" content=\"https:\/\/www.facebook.com\/FutbolHoyCol\/\" \/>\n<meta property=\"article:published_time\" content=\"2019-03-17T12:48:49+00:00\" \/>\n<meta property=\"article:modified_time\" content=\"2019-03-17T23:43:40+00:00\" \/>\n<meta property=\"og:image\" content=\"https:\/\/futbolhoy.co\/wp-content\/uploads\/2019\/03\/IMG_20190316_205028.jpg\" \/>\n\t<meta property=\"og:image:width\" content=\"1280\" \/>\n\t<meta property=\"og:image:height\" content=\"853\" \/>\n\t<meta property=\"og:image:type\" content=\"image\/jpeg\" \/>\n<meta name=\"author\" content=\"Laura Hern\u00e1ndez\" \/>\n<meta name=\"twitter:card\" content=\"summary_large_image\" \/>\n<meta name=\"twitter:creator\" content=\"@FutbolHoyCol\" \/>\n<meta name=\"twitter:site\" content=\"@FutbolHoyCol\" \/>\n<meta name=\"twitter:label1\" content=\"Escrito por\" \/>\n\t<meta name=\"twitter:data1\" content=\"Laura Hern\u00e1ndez\" \/>\n\t<meta name=\"twitter:label2\" content=\"Tiempo de lectura\" \/>\n\t<meta name=\"twitter:data2\" content=\"1 minuto\" \/>\n<script type=\"application\/ld+json\" class=\"yoast-schema-graph\">{\"@context\":\"https:\/\/schema.org\",\"@graph\":[{\"@type\":\"Article\",\"@id\":\"https:\/\/futbolhoy.co\/index.php\/2019\/03\/17\/clasico-costeno-regresara-despues-de-mas-de-13-anos\/#article\",\"isPartOf\":{\"@id\":\"https:\/\/futbolhoy.co\/index.php\/2019\/03\/17\/clasico-costeno-regresara-despues-de-mas-de-13-anos\/\"},\"author\":{\"name\":\"Laura Hern\u00e1ndez\",\"@id\":\"https:\/\/futbolhoy.co\/#\/schema\/person\/c4a353a512b127643723a34bb1812f7d\"},\"headline\":\"Cl\u00e1sico coste\u00f1o regresar\u00e1 despu\u00e9s de m\u00e1s de 13 a\u00f1os\",\"datePublished\":\"2019-03-17T12:48:49+00:00\",\"dateModified\":\"2019-03-17T23:43:40+00:00\",\"mainEntityOfPage\":{\"@id\":\"https:\/\/futbolhoy.co\/index.php\/2019\/03\/17\/clasico-costeno-regresara-despues-de-mas-de-13-anos\/\"},\"wordCount\":241,\"commentCount\":0,\"publisher\":{\"@id\":\"https:\/\/futbolhoy.co\/#organization\"},\"image\":{\"@id\":\"https:\/\/futbolhoy.co\/index.php\/2019\/03\/17\/clasico-costeno-regresara-despues-de-mas-de-13-anos\/#primaryimage\"},\"thumbnailUrl\":\"https:\/\/futbolhoy.co\/wp-content\/uploads\/2019\/03\/IMG_20190316_205028.jpg\",\"articleSection\":[\"Liga BetPlay\"],\"inLanguage\":\"es\",\"potentialAction\":[{\"@type\":\"CommentAction\",\"name\":\"Comment\",\"target\":[\"https:\/\/futbolhoy.co\/index.php\/2019\/03\/17\/clasico-costeno-regresara-despues-de-mas-de-13-anos\/#respond\"]}]},{\"@type\":\"WebPage\",\"@id\":\"https:\/\/futbolhoy.co\/index.php\/2019\/03\/17\/clasico-costeno-regresara-despues-de-mas-de-13-anos\/\",\"url\":\"https:\/\/futbolhoy.co\/index.php\/2019\/03\/17\/clasico-costeno-regresara-despues-de-mas-de-13-anos\/\",\"name\":\"Cl\u00e1sico coste\u00f1o regresar\u00e1 despu\u00e9s de m\u00e1s de 13 a\u00f1os -\",\"isPartOf\":{\"@id\":\"https:\/\/futbolhoy.co\/#website\"},\"primaryImageOfPage\":{\"@id\":\"https:\/\/futbolhoy.co\/index.php\/2019\/03\/17\/clasico-costeno-regresara-despues-de-mas-de-13-anos\/#primaryimage\"},\"image\":{\"@id\":\"https:\/\/futbolhoy.co\/index.php\/2019\/03\/17\/clasico-costeno-regresara-despues-de-mas-de-13-anos\/#primaryimage\"},\"thumbnailUrl\":\"https:\/\/futbolhoy.co\/wp-content\/uploads\/2019\/03\/IMG_20190316_205028.jpg\",\"datePublished\":\"2019-03-17T12:48:49+00:00\",\"dateModified\":\"2019-03-17T23:43:40+00:00\",\"breadcrumb\":{\"@id\":\"https:\/\/futbolhoy.co\/index.php\/2019\/03\/17\/clasico-costeno-regresara-despues-de-mas-de-13-anos\/#breadcrumb\"},\"inLanguage\":\"es\",\"potentialAction\":[{\"@type\":\"ReadAction\",\"target\":[\"https:\/\/futbolhoy.co\/index.php\/2019\/03\/17\/clasico-costeno-regresara-despues-de-mas-de-13-anos\/\"]}]},{\"@type\":\"ImageObject\",\"inLanguage\":\"es\",\"@id\":\"https:\/\/futbolhoy.co\/index.php\/2019\/03\/17\/clasico-costeno-regresara-despues-de-mas-de-13-anos\/#primaryimage\",\"url\":\"https:\/\/futbolhoy.co\/wp-content\/uploads\/2019\/03\/IMG_20190316_205028.jpg\",\"contentUrl\":\"https:\/\/futbolhoy.co\/wp-content\/uploads\/2019\/03\/IMG_20190316_205028.jpg\",\"width\":1280,\"height\":853},{\"@type\":\"BreadcrumbList\",\"@id\":\"https:\/\/futbolhoy.co\/index.php\/2019\/03\/17\/clasico-costeno-regresara-despues-de-mas-de-13-anos\/#breadcrumb\",\"itemListElement\":[{\"@type\":\"ListItem\",\"position\":1,\"name\":\"Portada\",\"item\":\"https:\/\/futbolhoy.co\/\"},{\"@type\":\"ListItem\",\"position\":2,\"name\":\"Cl\u00e1sico coste\u00f1o regresar\u00e1 despu\u00e9s de m\u00e1s de 13 a\u00f1os\"}]},{\"@type\":\"WebSite\",\"@id\":\"https:\/\/futbolhoy.co\/#website\",\"url\":\"https:\/\/futbolhoy.co\/\",\"name\":\"FutbolHoy\",\"description\":\"\",\"publisher\":{\"@id\":\"https:\/\/futbolhoy.co\/#organization\"},\"potentialAction\":[{\"@type\":\"SearchAction\",\"target\":{\"@type\":\"EntryPoint\",\"urlTemplate\":\"https:\/\/futbolhoy.co\/?s={search_term_string}\"},\"query-input\":{\"@type\":\"PropertyValueSpecification\",\"valueRequired\":true,\"valueName\":\"search_term_string\"}}],\"inLanguage\":\"es\"},{\"@type\":\"Organization\",\"@id\":\"https:\/\/futbolhoy.co\/#organization\",\"name\":\"Futbolhoy.co\",\"url\":\"https:\/\/futbolhoy.co\/\",\"logo\":{\"@type\":\"ImageObject\",\"inLanguage\":\"es\",\"@id\":\"https:\/\/futbolhoy.co\/#\/schema\/logo\/image\/\",\"url\":\"https:\/\/futbolhoy.co\/wp-content\/uploads\/2018\/08\/17426380_1906371736249227_6326180412931521141_n.jpg\",\"contentUrl\":\"https:\/\/futbolhoy.co\/wp-content\/uploads\/2018\/08\/17426380_1906371736249227_6326180412931521141_n.jpg\",\"width\":960,\"height\":960,\"caption\":\"Futbolhoy.co\"},\"image\":{\"@id\":\"https:\/\/futbolhoy.co\/#\/schema\/logo\/image\/\"},\"sameAs\":[\"https:\/\/www.facebook.com\/FutbolHoyCol\/\",\"https:\/\/x.com\/FutbolHoyCol\",\"https:\/\/www.instagram.com\/futbolhoycol\/\"]},{\"@type\":\"Person\",\"@id\":\"https:\/\/futbolhoy.co\/#\/schema\/person\/c4a353a512b127643723a34bb1812f7d\",\"name\":\"Laura Hern\u00e1ndez\",\"image\":{\"@type\":\"ImageObject\",\"inLanguage\":\"es\",\"@id\":\"https:\/\/futbolhoy.co\/#\/schema\/person\/image\/\",\"url\":\"https:\/\/secure.gravatar.com\/avatar\/d25959a15b9b293a743f99181c7cfd01?s=96&d=mm&r=g\",\"contentUrl\":\"https:\/\/secure.gravatar.com\/avatar\/d25959a15b9b293a743f99181c7cfd01?s=96&d=mm&r=g\",\"caption\":\"Laura Hern\u00e1ndez\"}}]}<\/script>\n<!-- \/ Yoast SEO plugin. -->","yoast_head_json":{"title":"Cl\u00e1sico coste\u00f1o regresar\u00e1 despu\u00e9s de m\u00e1s de 13 a\u00f1os -","robots":{"index":"index","follow":"follow","max-snippet":"max-snippet:-1","max-image-preview":"max-image-preview:large","max-video-preview":"max-video-preview:-1"},"canonical":"https:\/\/futbolhoy.co\/index.php\/2019\/03\/17\/clasico-costeno-regresara-despues-de-mas-de-13-anos\/","og_locale":"es_ES","og_type":"article","og_title":"Cl\u00e1sico coste\u00f1o regresar\u00e1 despu\u00e9s de m\u00e1s de 13 a\u00f1os -","og_description":"Uni\u00f3n Magdalena y Atl\u00e9tico Junior disputaran este domingo el cl\u00e1sico coste\u00f1o 177, por la d\u00e9cima fecha de la Liga \u00c1guila. Este partido, que se jugar\u00e1 por primera vez en el estadio Sierra Nevada de Santa Marta, tuvo su \u00faltimo episodio el 28 de agosto del 2005 con victoria para los barranquilleros 1-2, en el estadio [&hellip;]","og_url":"https:\/\/futbolhoy.co\/index.php\/2019\/03\/17\/clasico-costeno-regresara-despues-de-mas-de-13-anos\/","article_publisher":"https:\/\/www.facebook.com\/FutbolHoyCol\/","article_published_time":"2019-03-17T12:48:49+00:00","article_modified_time":"2019-03-17T23:43:40+00:00","og_image":[{"width":1280,"height":853,"url":"https:\/\/futbolhoy.co\/wp-content\/uploads\/2019\/03\/IMG_20190316_205028.jpg","type":"image\/jpeg"}],"author":"Laura Hern\u00e1ndez","twitter_card":"summary_large_image","twitter_creator":"@FutbolHoyCol","twitter_site":"@FutbolHoyCol","twitter_misc":{"Escrito por":"Laura Hern\u00e1ndez","Tiempo de lectura":"1 minuto"},"schema":{"@context":"https:\/\/schema.org","@graph":[{"@type":"Article","@id":"https:\/\/futbolhoy.co\/index.php\/2019\/03\/17\/clasico-costeno-regresara-despues-de-mas-de-13-anos\/#article","isPartOf":{"@id":"https:\/\/futbolhoy.co\/index.php\/2019\/03\/17\/clasico-costeno-regresara-despues-de-mas-de-13-anos\/"},"author":{"name":"Laura Hern\u00e1ndez","@id":"https:\/\/futbolhoy.co\/#\/schema\/person\/c4a353a512b127643723a34bb1812f7d"},"headline":"Cl\u00e1sico coste\u00f1o regresar\u00e1 despu\u00e9s de m\u00e1s de 13 a\u00f1os","datePublished":"2019-03-17T12:48:49+00:00","dateModified":"2019-03-17T23:43:40+00:00","mainEntityOfPage":{"@id":"https:\/\/futbolhoy.co\/index.php\/2019\/03\/17\/clasico-costeno-regresara-despues-de-mas-de-13-anos\/"},"wordCount":241,"commentCount":0,"publisher":{"@id":"https:\/\/futbolhoy.co\/#organization"},"image":{"@id":"https:\/\/futbolhoy.co\/index.php\/2019\/03\/17\/clasico-costeno-regresara-despues-de-mas-de-13-anos\/#primaryimage"},"thumbnailUrl":"https:\/\/futbolhoy.co\/wp-content\/uploads\/2019\/03\/IMG_20190316_205028.jpg","articleSection":["Liga BetPlay"],"inLanguage":"es","potentialAction":[{"@type":"CommentAction","name":"Comment","target":["https:\/\/futbolhoy.co\/index.php\/2019\/03\/17\/clasico-costeno-regresara-despues-de-mas-de-13-anos\/#respond"]}]},{"@type":"WebPage","@id":"https:\/\/futbolhoy.co\/index.php\/2019\/03\/17\/clasico-costeno-regresara-despues-de-mas-de-13-anos\/","url":"https:\/\/futbolhoy.co\/index.php\/2019\/03\/17\/clasico-costeno-regresara-despues-de-mas-de-13-anos\/","name":"Cl\u00e1sico coste\u00f1o regresar\u00e1 despu\u00e9s de m\u00e1s de 13 a\u00f1os -","isPartOf":{"@id":"https:\/\/futbolhoy.co\/#website"},"primaryImageOfPage":{"@id":"https:\/\/futbolhoy.co\/index.php\/2019\/03\/17\/clasico-costeno-regresara-despues-de-mas-de-13-anos\/#primaryimage"},"image":{"@id":"https:\/\/futbolhoy.co\/index.php\/2019\/03\/17\/clasico-costeno-regresara-despues-de-mas-de-13-anos\/#primaryimage"},"thumbnailUrl":"https:\/\/futbolhoy.co\/wp-content\/uploads\/2019\/03\/IMG_20190316_205028.jpg","datePublished":"2019-03-17T12:48:49+00:00","dateModified":"2019-03-17T23:43:40+00:00","breadcrumb":{"@id":"https:\/\/futbolhoy.co\/index.php\/2019\/03\/17\/clasico-costeno-regresara-despues-de-mas-de-13-anos\/#breadcrumb"},"inLanguage":"es","potentialAction":[{"@type":"ReadAction","target":["https:\/\/futbolhoy.co\/index.php\/2019\/03\/17\/clasico-costeno-regresara-despues-de-mas-de-13-anos\/"]}]},{"@type":"ImageObject","inLanguage":"es","@id":"https:\/\/futbolhoy.co\/index.php\/2019\/03\/17\/clasico-costeno-regresara-despues-de-mas-de-13-anos\/#primaryimage","url":"https:\/\/futbolhoy.co\/wp-content\/uploads\/2019\/03\/IMG_20190316_205028.jpg","contentUrl":"https:\/\/futbolhoy.co\/wp-content\/uploads\/2019\/03\/IMG_20190316_205028.jpg","width":1280,"height":853},{"@type":"BreadcrumbList","@id":"https:\/\/futbolhoy.co\/index.php\/2019\/03\/17\/clasico-costeno-regresara-despues-de-mas-de-13-anos\/#breadcrumb","itemListElement":[{"@type":"ListItem","position":1,"name":"Portada","item":"https:\/\/futbolhoy.co\/"},{"@type":"ListItem","position":2,"name":"Cl\u00e1sico coste\u00f1o regresar\u00e1 despu\u00e9s de m\u00e1s de 13 a\u00f1os"}]},{"@type":"WebSite","@id":"https:\/\/futbolhoy.co\/#website","url":"https:\/\/futbolhoy.co\/","name":"FutbolHoy","description":"","publisher":{"@id":"https:\/\/futbolhoy.co\/#organization"},"potentialAction":[{"@type":"SearchAction","target":{"@type":"EntryPoint","urlTemplate":"https:\/\/futbolhoy.co\/?s={search_term_string}"},"query-input":{"@type":"PropertyValueSpecification","valueRequired":true,"valueName":"search_term_string"}}],"inLanguage":"es"},{"@type":"Organization","@id":"https:\/\/futbolhoy.co\/#organization","name":"Futbolhoy.co","url":"https:\/\/futbolhoy.co\/","logo":{"@type":"ImageObject","inLanguage":"es","@id":"https:\/\/futbolhoy.co\/#\/schema\/logo\/image\/","url":"https:\/\/futbolhoy.co\/wp-content\/uploads\/2018\/08\/17426380_1906371736249227_6326180412931521141_n.jpg","contentUrl":"https:\/\/futbolhoy.co\/wp-content\/uploads\/2018\/08\/17426380_1906371736249227_6326180412931521141_n.jpg","width":960,"height":960,"caption":"Futbolhoy.co"},"image":{"@id":"https:\/\/futbolhoy.co\/#\/schema\/logo\/image\/"},"sameAs":["https:\/\/www.facebook.com\/FutbolHoyCol\/","https:\/\/x.com\/FutbolHoyCol","https:\/\/www.instagram.com\/futbolhoycol\/"]},{"@type":"Person","@id":"https:\/\/futbolhoy.co\/#\/schema\/person\/c4a353a512b127643723a34bb1812f7d","name":"Laura Hern\u00e1ndez","image":{"@type":"ImageObject","inLanguage":"es","@id":"https:\/\/futbolhoy.co\/#\/schema\/person\/image\/","url":"https:\/\/secure.gravatar.com\/avatar\/d25959a15b9b293a743f99181c7cfd01?s=96&d=mm&r=g","contentUrl":"https:\/\/secure.gravatar.com\/avatar\/d25959a15b9b293a743f99181c7cfd01?s=96&d=mm&r=g","caption":"Laura Hern\u00e1ndez"}}]}},"publishpress_future_action":{"enabled":false,"date":"2026-05-03 20:45:44","action":"change-status","newStatus":"draft","terms":[],"taxonomy":"category","extraData":[]},"publishpress_future_workflow_manual_trigger":{"enabledWorkflows":[]},"_links":{"self":[{"href":"https:\/\/futbolhoy.co\/index.php\/wp-json\/wp\/v2\/posts\/32760","targetHints":{"allow":["GET"]}}],"collection":[{"href":"https:\/\/futbolhoy.co\/index.php\/wp-json\/wp\/v2\/posts"}],"about":[{"href":"https:\/\/futbolhoy.co\/index.php\/wp-json\/wp\/v2\/types\/post"}],"author":[{"embeddable":true,"href":"https:\/\/futbolhoy.co\/index.php\/wp-json\/wp\/v2\/users\/5"}],"replies":[{"embeddable":true,"href":"https:\/\/futbolhoy.co\/index.php\/wp-json\/wp\/v2\/comments?post=32760"}],"version-history":[{"count":2,"href":"https:\/\/futbolhoy.co\/index.php\/wp-json\/wp\/v2\/posts\/32760\/revisions"}],"predecessor-version":[{"id":32786,"href":"https:\/\/futbolhoy.co\/index.php\/wp-json\/wp\/v2\/posts\/32760\/revisions\/32786"}],"wp:featuredmedia":[{"embeddable":true,"href":"https:\/\/futbolhoy.co\/index.php\/wp-json\/wp\/v2\/media\/32785"}],"wp:attachment":[{"href":"https:\/\/futbolhoy.co\/index.php\/wp-json\/wp\/v2\/media?parent=32760"}],"wp:term":[{"taxonomy":"category","embeddable":true,"href":"https:\/\/futbolhoy.co\/index.php\/wp-json\/wp\/v2\/categories?post=32760"},{"taxonomy":"post_tag","embeddable":true,"href":"https:\/\/futbolhoy.co\/index.php\/wp-json\/wp\/v2\/tags?post=32760"}],"curies":[{"name":"wp","href":"https:\/\/api.w.org\/{rel}","templated":true}]}}