{"id":32780,"date":"2019-03-16T20:45:55","date_gmt":"2019-03-17T01:45:55","guid":{"rendered":"http:\/\/futbolhoy.co\/?p=32780"},"modified":"2019-03-17T14:47:58","modified_gmt":"2019-03-17T19:47:58","slug":"nacional-empata-y-logra-un-punto-en-el-clasico","status":"publish","type":"post","link":"https:\/\/futbolhoy.co\/index.php\/2019\/03\/16\/nacional-empata-y-logra-un-punto-en-el-clasico\/","title":{"rendered":"Medell\u00edn rescat\u00f3 un punto en el cl\u00e1sico"},"content":{"rendered":"<p style=\"text-align: justify;\"><span style=\"font-family: helvetica, arial, sans-serif;\">En la primera fecha de la jornada Medell\u00edn 2-2 con Nacional\u00a0 por la fecha de cl\u00e1sicos\u00a0 en la Liga \u00c1guila.\u00a0<\/span><\/p>\n<p style=\"text-align: justify;\"><span style=\"font-family: helvetica, arial, sans-serif;\">El primer gol de la noche lleg\u00f3 en el minuto 20 por medio de Pablo Ceppelini, el empate de Nacional se di\u00f3 en el 45+1 tras un remate de Germ\u00e1n Cano.<\/span><\/p>\n<p style=\"text-align: justify;\"><span style=\"font-family: helvetica, arial, sans-serif;\">En el segundo tiempo del partido se empat\u00f3 para Nacional tras un gol de Yerson Candelo en el minuto 48. Nuevamente Medell\u00edn cerr\u00f3 el marcador en el 79 con el col de Elvis Oerlaza.\u00a0<\/span><\/p>\n<p style=\"text-align: justify;\"><span style=\"font-family: helvetica, arial, sans-serif;\">Mientras tanto Am\u00e9rica venci\u00f3 como visitante a Cali en Palmaseca.\u00a0<\/span><\/p>\n<p style=\"text-align: justify;\"><span style=\"font-family: helvetica, arial, sans-serif;\">Con un marcador 1-0 a favor de la mechita el \u00fanico gol lleg\u00f3 tras un autogol de Francisco Delorenzi en el 48.\u00a0<\/span><\/p>\n<p style=\"text-align: justify;\"><span style=\"font-family: helvetica, arial, sans-serif;\">Por su parte Equidad empat\u00f3 en el Estadio de Techo 2-2 con Patriotas. Los goles del cuadro de Boyac\u00e1 fueron obra de Jhon Arias en el minuto 10 y Kelvin Osorio en el 71. Por su parte el cuadro asegurador llegaron por medio de Hansel Zapata en el 38 y Carlos Peralta en el 41.\u00a0<\/span><\/p>\n<p style=\"text-align: justify;\">Adem\u00e1s Envigado empat\u00f3 1-1 con Rionegro, los goles fueron de Jairo Palomino en el minuto 67 por el local mientras que por Rionegro logr\u00f3 el primer gol por medio de un penal de Jader Obrian en el minuto 5.<\/p>\n","protected":false},"excerpt":{"rendered":"<p>En la primera fecha de la jornada Medell\u00edn 2-2 con Nacional\u00a0 por la fecha de cl\u00e1sicos\u00a0 en la Liga \u00c1guila.\u00a0 El primer gol de la noche lleg\u00f3 en el minuto 20 por medio de Pablo Ceppelini, el empate de Nacional se di\u00f3 en el 45+1 tras un remate de Germ\u00e1n Cano. En el segundo tiempo [&hellip;]<\/p>\n","protected":false},"author":5,"featured_media":32793,"comment_status":"open","ping_status":"open","sticky":false,"template":"","format":"standard","meta":{"_acf_changed":false,"footnotes":""},"categories":[7],"tags":[],"class_list":{"0":"post-32780","1":"post","2":"type-post","3":"status-publish","4":"format-standard","5":"has-post-thumbnail","7":"category-liga-betplay"},"acf":[],"yoast_head":"<!-- This site is optimized with the Yoast SEO plugin v26.8 - https:\/\/yoast.com\/product\/yoast-seo-wordpress\/ -->\n<title>Medell\u00edn rescat\u00f3 un punto en el cl\u00e1sico -<\/title>\n<meta name=\"robots\" content=\"index, follow, max-snippet:-1, max-image-preview:large, max-video-preview:-1\" \/>\n<link rel=\"canonical\" href=\"https:\/\/futbolhoy.co\/index.php\/2019\/03\/16\/nacional-empata-y-logra-un-punto-en-el-clasico\/\" \/>\n<meta property=\"og:locale\" content=\"es_ES\" \/>\n<meta property=\"og:type\" content=\"article\" \/>\n<meta property=\"og:title\" content=\"Medell\u00edn rescat\u00f3 un punto en el cl\u00e1sico -\" \/>\n<meta property=\"og:description\" content=\"En la primera fecha de la jornada Medell\u00edn 2-2 con Nacional\u00a0 por la fecha de cl\u00e1sicos\u00a0 en la Liga \u00c1guila.\u00a0 El primer gol de la noche lleg\u00f3 en el minuto 20 por medio de Pablo Ceppelini, el empate de Nacional se di\u00f3 en el 45+1 tras un remate de Germ\u00e1n Cano. En el segundo tiempo [&hellip;]\" \/>\n<meta property=\"og:url\" content=\"https:\/\/futbolhoy.co\/index.php\/2019\/03\/16\/nacional-empata-y-logra-un-punto-en-el-clasico\/\" \/>\n<meta property=\"article:publisher\" content=\"https:\/\/www.facebook.com\/FutbolHoyCol\/\" \/>\n<meta property=\"article:published_time\" content=\"2019-03-17T01:45:55+00:00\" \/>\n<meta property=\"article:modified_time\" content=\"2019-03-17T19:47:58+00:00\" \/>\n<meta property=\"og:image\" content=\"https:\/\/futbolhoy.co\/wp-content\/uploads\/2019\/03\/IMG_20190316_215851.jpg\" \/>\n\t<meta property=\"og:image:width\" content=\"1074\" \/>\n\t<meta property=\"og:image:height\" content=\"543\" \/>\n\t<meta property=\"og:image:type\" content=\"image\/jpeg\" \/>\n<meta name=\"author\" content=\"Laura Hern\u00e1ndez\" \/>\n<meta name=\"twitter:card\" content=\"summary_large_image\" \/>\n<meta name=\"twitter:creator\" content=\"@FutbolHoyCol\" \/>\n<meta name=\"twitter:site\" content=\"@FutbolHoyCol\" \/>\n<meta name=\"twitter:label1\" content=\"Escrito por\" \/>\n\t<meta name=\"twitter:data1\" content=\"Laura Hern\u00e1ndez\" \/>\n\t<meta name=\"twitter:label2\" content=\"Tiempo de lectura\" \/>\n\t<meta name=\"twitter:data2\" content=\"1 minuto\" \/>\n<script type=\"application\/ld+json\" class=\"yoast-schema-graph\">{\"@context\":\"https:\/\/schema.org\",\"@graph\":[{\"@type\":\"Article\",\"@id\":\"https:\/\/futbolhoy.co\/index.php\/2019\/03\/16\/nacional-empata-y-logra-un-punto-en-el-clasico\/#article\",\"isPartOf\":{\"@id\":\"https:\/\/futbolhoy.co\/index.php\/2019\/03\/16\/nacional-empata-y-logra-un-punto-en-el-clasico\/\"},\"author\":{\"name\":\"Laura Hern\u00e1ndez\",\"@id\":\"https:\/\/futbolhoy.co\/#\/schema\/person\/c4a353a512b127643723a34bb1812f7d\"},\"headline\":\"Medell\u00edn rescat\u00f3 un punto en el cl\u00e1sico\",\"datePublished\":\"2019-03-17T01:45:55+00:00\",\"dateModified\":\"2019-03-17T19:47:58+00:00\",\"mainEntityOfPage\":{\"@id\":\"https:\/\/futbolhoy.co\/index.php\/2019\/03\/16\/nacional-empata-y-logra-un-punto-en-el-clasico\/\"},\"wordCount\":215,\"commentCount\":0,\"publisher\":{\"@id\":\"https:\/\/futbolhoy.co\/#organization\"},\"image\":{\"@id\":\"https:\/\/futbolhoy.co\/index.php\/2019\/03\/16\/nacional-empata-y-logra-un-punto-en-el-clasico\/#primaryimage\"},\"thumbnailUrl\":\"https:\/\/futbolhoy.co\/wp-content\/uploads\/2019\/03\/IMG_20190316_215851.jpg\",\"articleSection\":[\"Liga BetPlay\"],\"inLanguage\":\"es\",\"potentialAction\":[{\"@type\":\"CommentAction\",\"name\":\"Comment\",\"target\":[\"https:\/\/futbolhoy.co\/index.php\/2019\/03\/16\/nacional-empata-y-logra-un-punto-en-el-clasico\/#respond\"]}]},{\"@type\":\"WebPage\",\"@id\":\"https:\/\/futbolhoy.co\/index.php\/2019\/03\/16\/nacional-empata-y-logra-un-punto-en-el-clasico\/\",\"url\":\"https:\/\/futbolhoy.co\/index.php\/2019\/03\/16\/nacional-empata-y-logra-un-punto-en-el-clasico\/\",\"name\":\"Medell\u00edn rescat\u00f3 un punto en el cl\u00e1sico -\",\"isPartOf\":{\"@id\":\"https:\/\/futbolhoy.co\/#website\"},\"primaryImageOfPage\":{\"@id\":\"https:\/\/futbolhoy.co\/index.php\/2019\/03\/16\/nacional-empata-y-logra-un-punto-en-el-clasico\/#primaryimage\"},\"image\":{\"@id\":\"https:\/\/futbolhoy.co\/index.php\/2019\/03\/16\/nacional-empata-y-logra-un-punto-en-el-clasico\/#primaryimage\"},\"thumbnailUrl\":\"https:\/\/futbolhoy.co\/wp-content\/uploads\/2019\/03\/IMG_20190316_215851.jpg\",\"datePublished\":\"2019-03-17T01:45:55+00:00\",\"dateModified\":\"2019-03-17T19:47:58+00:00\",\"breadcrumb\":{\"@id\":\"https:\/\/futbolhoy.co\/index.php\/2019\/03\/16\/nacional-empata-y-logra-un-punto-en-el-clasico\/#breadcrumb\"},\"inLanguage\":\"es\",\"potentialAction\":[{\"@type\":\"ReadAction\",\"target\":[\"https:\/\/futbolhoy.co\/index.php\/2019\/03\/16\/nacional-empata-y-logra-un-punto-en-el-clasico\/\"]}]},{\"@type\":\"ImageObject\",\"inLanguage\":\"es\",\"@id\":\"https:\/\/futbolhoy.co\/index.php\/2019\/03\/16\/nacional-empata-y-logra-un-punto-en-el-clasico\/#primaryimage\",\"url\":\"https:\/\/futbolhoy.co\/wp-content\/uploads\/2019\/03\/IMG_20190316_215851.jpg\",\"contentUrl\":\"https:\/\/futbolhoy.co\/wp-content\/uploads\/2019\/03\/IMG_20190316_215851.jpg\",\"width\":1074,\"height\":543},{\"@type\":\"BreadcrumbList\",\"@id\":\"https:\/\/futbolhoy.co\/index.php\/2019\/03\/16\/nacional-empata-y-logra-un-punto-en-el-clasico\/#breadcrumb\",\"itemListElement\":[{\"@type\":\"ListItem\",\"position\":1,\"name\":\"Portada\",\"item\":\"https:\/\/futbolhoy.co\/\"},{\"@type\":\"ListItem\",\"position\":2,\"name\":\"Medell\u00edn rescat\u00f3 un punto en el cl\u00e1sico\"}]},{\"@type\":\"WebSite\",\"@id\":\"https:\/\/futbolhoy.co\/#website\",\"url\":\"https:\/\/futbolhoy.co\/\",\"name\":\"FutbolHoy\",\"description\":\"\",\"publisher\":{\"@id\":\"https:\/\/futbolhoy.co\/#organization\"},\"potentialAction\":[{\"@type\":\"SearchAction\",\"target\":{\"@type\":\"EntryPoint\",\"urlTemplate\":\"https:\/\/futbolhoy.co\/?s={search_term_string}\"},\"query-input\":{\"@type\":\"PropertyValueSpecification\",\"valueRequired\":true,\"valueName\":\"search_term_string\"}}],\"inLanguage\":\"es\"},{\"@type\":\"Organization\",\"@id\":\"https:\/\/futbolhoy.co\/#organization\",\"name\":\"Futbolhoy.co\",\"url\":\"https:\/\/futbolhoy.co\/\",\"logo\":{\"@type\":\"ImageObject\",\"inLanguage\":\"es\",\"@id\":\"https:\/\/futbolhoy.co\/#\/schema\/logo\/image\/\",\"url\":\"https:\/\/futbolhoy.co\/wp-content\/uploads\/2018\/08\/17426380_1906371736249227_6326180412931521141_n.jpg\",\"contentUrl\":\"https:\/\/futbolhoy.co\/wp-content\/uploads\/2018\/08\/17426380_1906371736249227_6326180412931521141_n.jpg\",\"width\":960,\"height\":960,\"caption\":\"Futbolhoy.co\"},\"image\":{\"@id\":\"https:\/\/futbolhoy.co\/#\/schema\/logo\/image\/\"},\"sameAs\":[\"https:\/\/www.facebook.com\/FutbolHoyCol\/\",\"https:\/\/x.com\/FutbolHoyCol\",\"https:\/\/www.instagram.com\/futbolhoycol\/\"]},{\"@type\":\"Person\",\"@id\":\"https:\/\/futbolhoy.co\/#\/schema\/person\/c4a353a512b127643723a34bb1812f7d\",\"name\":\"Laura Hern\u00e1ndez\",\"image\":{\"@type\":\"ImageObject\",\"inLanguage\":\"es\",\"@id\":\"https:\/\/futbolhoy.co\/#\/schema\/person\/image\/\",\"url\":\"https:\/\/secure.gravatar.com\/avatar\/d25959a15b9b293a743f99181c7cfd01?s=96&d=mm&r=g\",\"contentUrl\":\"https:\/\/secure.gravatar.com\/avatar\/d25959a15b9b293a743f99181c7cfd01?s=96&d=mm&r=g\",\"caption\":\"Laura Hern\u00e1ndez\"}}]}<\/script>\n<!-- \/ Yoast SEO plugin. -->","yoast_head_json":{"title":"Medell\u00edn rescat\u00f3 un punto en el cl\u00e1sico -","robots":{"index":"index","follow":"follow","max-snippet":"max-snippet:-1","max-image-preview":"max-image-preview:large","max-video-preview":"max-video-preview:-1"},"canonical":"https:\/\/futbolhoy.co\/index.php\/2019\/03\/16\/nacional-empata-y-logra-un-punto-en-el-clasico\/","og_locale":"es_ES","og_type":"article","og_title":"Medell\u00edn rescat\u00f3 un punto en el cl\u00e1sico -","og_description":"En la primera fecha de la jornada Medell\u00edn 2-2 con Nacional\u00a0 por la fecha de cl\u00e1sicos\u00a0 en la Liga \u00c1guila.\u00a0 El primer gol de la noche lleg\u00f3 en el minuto 20 por medio de Pablo Ceppelini, el empate de Nacional se di\u00f3 en el 45+1 tras un remate de Germ\u00e1n Cano. En el segundo tiempo [&hellip;]","og_url":"https:\/\/futbolhoy.co\/index.php\/2019\/03\/16\/nacional-empata-y-logra-un-punto-en-el-clasico\/","article_publisher":"https:\/\/www.facebook.com\/FutbolHoyCol\/","article_published_time":"2019-03-17T01:45:55+00:00","article_modified_time":"2019-03-17T19:47:58+00:00","og_image":[{"width":1074,"height":543,"url":"https:\/\/futbolhoy.co\/wp-content\/uploads\/2019\/03\/IMG_20190316_215851.jpg","type":"image\/jpeg"}],"author":"Laura Hern\u00e1ndez","twitter_card":"summary_large_image","twitter_creator":"@FutbolHoyCol","twitter_site":"@FutbolHoyCol","twitter_misc":{"Escrito por":"Laura Hern\u00e1ndez","Tiempo de lectura":"1 minuto"},"schema":{"@context":"https:\/\/schema.org","@graph":[{"@type":"Article","@id":"https:\/\/futbolhoy.co\/index.php\/2019\/03\/16\/nacional-empata-y-logra-un-punto-en-el-clasico\/#article","isPartOf":{"@id":"https:\/\/futbolhoy.co\/index.php\/2019\/03\/16\/nacional-empata-y-logra-un-punto-en-el-clasico\/"},"author":{"name":"Laura Hern\u00e1ndez","@id":"https:\/\/futbolhoy.co\/#\/schema\/person\/c4a353a512b127643723a34bb1812f7d"},"headline":"Medell\u00edn rescat\u00f3 un punto en el cl\u00e1sico","datePublished":"2019-03-17T01:45:55+00:00","dateModified":"2019-03-17T19:47:58+00:00","mainEntityOfPage":{"@id":"https:\/\/futbolhoy.co\/index.php\/2019\/03\/16\/nacional-empata-y-logra-un-punto-en-el-clasico\/"},"wordCount":215,"commentCount":0,"publisher":{"@id":"https:\/\/futbolhoy.co\/#organization"},"image":{"@id":"https:\/\/futbolhoy.co\/index.php\/2019\/03\/16\/nacional-empata-y-logra-un-punto-en-el-clasico\/#primaryimage"},"thumbnailUrl":"https:\/\/futbolhoy.co\/wp-content\/uploads\/2019\/03\/IMG_20190316_215851.jpg","articleSection":["Liga BetPlay"],"inLanguage":"es","potentialAction":[{"@type":"CommentAction","name":"Comment","target":["https:\/\/futbolhoy.co\/index.php\/2019\/03\/16\/nacional-empata-y-logra-un-punto-en-el-clasico\/#respond"]}]},{"@type":"WebPage","@id":"https:\/\/futbolhoy.co\/index.php\/2019\/03\/16\/nacional-empata-y-logra-un-punto-en-el-clasico\/","url":"https:\/\/futbolhoy.co\/index.php\/2019\/03\/16\/nacional-empata-y-logra-un-punto-en-el-clasico\/","name":"Medell\u00edn rescat\u00f3 un punto en el cl\u00e1sico -","isPartOf":{"@id":"https:\/\/futbolhoy.co\/#website"},"primaryImageOfPage":{"@id":"https:\/\/futbolhoy.co\/index.php\/2019\/03\/16\/nacional-empata-y-logra-un-punto-en-el-clasico\/#primaryimage"},"image":{"@id":"https:\/\/futbolhoy.co\/index.php\/2019\/03\/16\/nacional-empata-y-logra-un-punto-en-el-clasico\/#primaryimage"},"thumbnailUrl":"https:\/\/futbolhoy.co\/wp-content\/uploads\/2019\/03\/IMG_20190316_215851.jpg","datePublished":"2019-03-17T01:45:55+00:00","dateModified":"2019-03-17T19:47:58+00:00","breadcrumb":{"@id":"https:\/\/futbolhoy.co\/index.php\/2019\/03\/16\/nacional-empata-y-logra-un-punto-en-el-clasico\/#breadcrumb"},"inLanguage":"es","potentialAction":[{"@type":"ReadAction","target":["https:\/\/futbolhoy.co\/index.php\/2019\/03\/16\/nacional-empata-y-logra-un-punto-en-el-clasico\/"]}]},{"@type":"ImageObject","inLanguage":"es","@id":"https:\/\/futbolhoy.co\/index.php\/2019\/03\/16\/nacional-empata-y-logra-un-punto-en-el-clasico\/#primaryimage","url":"https:\/\/futbolhoy.co\/wp-content\/uploads\/2019\/03\/IMG_20190316_215851.jpg","contentUrl":"https:\/\/futbolhoy.co\/wp-content\/uploads\/2019\/03\/IMG_20190316_215851.jpg","width":1074,"height":543},{"@type":"BreadcrumbList","@id":"https:\/\/futbolhoy.co\/index.php\/2019\/03\/16\/nacional-empata-y-logra-un-punto-en-el-clasico\/#breadcrumb","itemListElement":[{"@type":"ListItem","position":1,"name":"Portada","item":"https:\/\/futbolhoy.co\/"},{"@type":"ListItem","position":2,"name":"Medell\u00edn rescat\u00f3 un punto en el cl\u00e1sico"}]},{"@type":"WebSite","@id":"https:\/\/futbolhoy.co\/#website","url":"https:\/\/futbolhoy.co\/","name":"FutbolHoy","description":"","publisher":{"@id":"https:\/\/futbolhoy.co\/#organization"},"potentialAction":[{"@type":"SearchAction","target":{"@type":"EntryPoint","urlTemplate":"https:\/\/futbolhoy.co\/?s={search_term_string}"},"query-input":{"@type":"PropertyValueSpecification","valueRequired":true,"valueName":"search_term_string"}}],"inLanguage":"es"},{"@type":"Organization","@id":"https:\/\/futbolhoy.co\/#organization","name":"Futbolhoy.co","url":"https:\/\/futbolhoy.co\/","logo":{"@type":"ImageObject","inLanguage":"es","@id":"https:\/\/futbolhoy.co\/#\/schema\/logo\/image\/","url":"https:\/\/futbolhoy.co\/wp-content\/uploads\/2018\/08\/17426380_1906371736249227_6326180412931521141_n.jpg","contentUrl":"https:\/\/futbolhoy.co\/wp-content\/uploads\/2018\/08\/17426380_1906371736249227_6326180412931521141_n.jpg","width":960,"height":960,"caption":"Futbolhoy.co"},"image":{"@id":"https:\/\/futbolhoy.co\/#\/schema\/logo\/image\/"},"sameAs":["https:\/\/www.facebook.com\/FutbolHoyCol\/","https:\/\/x.com\/FutbolHoyCol","https:\/\/www.instagram.com\/futbolhoycol\/"]},{"@type":"Person","@id":"https:\/\/futbolhoy.co\/#\/schema\/person\/c4a353a512b127643723a34bb1812f7d","name":"Laura Hern\u00e1ndez","image":{"@type":"ImageObject","inLanguage":"es","@id":"https:\/\/futbolhoy.co\/#\/schema\/person\/image\/","url":"https:\/\/secure.gravatar.com\/avatar\/d25959a15b9b293a743f99181c7cfd01?s=96&d=mm&r=g","contentUrl":"https:\/\/secure.gravatar.com\/avatar\/d25959a15b9b293a743f99181c7cfd01?s=96&d=mm&r=g","caption":"Laura Hern\u00e1ndez"}}]}},"publishpress_future_action":{"enabled":false,"date":"2026-05-03 17:53:08","action":"change-status","newStatus":"draft","terms":[],"taxonomy":"category","extraData":[]},"publishpress_future_workflow_manual_trigger":{"enabledWorkflows":[]},"_links":{"self":[{"href":"https:\/\/futbolhoy.co\/index.php\/wp-json\/wp\/v2\/posts\/32780","targetHints":{"allow":["GET"]}}],"collection":[{"href":"https:\/\/futbolhoy.co\/index.php\/wp-json\/wp\/v2\/posts"}],"about":[{"href":"https:\/\/futbolhoy.co\/index.php\/wp-json\/wp\/v2\/types\/post"}],"author":[{"embeddable":true,"href":"https:\/\/futbolhoy.co\/index.php\/wp-json\/wp\/v2\/users\/5"}],"replies":[{"embeddable":true,"href":"https:\/\/futbolhoy.co\/index.php\/wp-json\/wp\/v2\/comments?post=32780"}],"version-history":[{"count":4,"href":"https:\/\/futbolhoy.co\/index.php\/wp-json\/wp\/v2\/posts\/32780\/revisions"}],"predecessor-version":[{"id":32792,"href":"https:\/\/futbolhoy.co\/index.php\/wp-json\/wp\/v2\/posts\/32780\/revisions\/32792"}],"wp:featuredmedia":[{"embeddable":true,"href":"https:\/\/futbolhoy.co\/index.php\/wp-json\/wp\/v2\/media\/32793"}],"wp:attachment":[{"href":"https:\/\/futbolhoy.co\/index.php\/wp-json\/wp\/v2\/media?parent=32780"}],"wp:term":[{"taxonomy":"category","embeddable":true,"href":"https:\/\/futbolhoy.co\/index.php\/wp-json\/wp\/v2\/categories?post=32780"},{"taxonomy":"post_tag","embeddable":true,"href":"https:\/\/futbolhoy.co\/index.php\/wp-json\/wp\/v2\/tags?post=32780"}],"curies":[{"name":"wp","href":"https:\/\/api.w.org\/{rel}","templated":true}]}}