{"id":32794,"date":"2019-03-17T09:03:05","date_gmt":"2019-03-17T14:03:05","guid":{"rendered":"http:\/\/futbolhoy.co\/?p=32794"},"modified":"2019-03-17T09:23:39","modified_gmt":"2019-03-17T14:23:39","slug":"falcao-y-borja-primeros-en-la-concentracion-de-colombia-en-japon","status":"publish","type":"post","link":"https:\/\/futbolhoy.co\/index.php\/2019\/03\/17\/falcao-y-borja-primeros-en-la-concentracion-de-colombia-en-japon\/","title":{"rendered":"Falcao y Borja, primeros en la concentraci\u00f3n de Colombia en Jap\u00f3n"},"content":{"rendered":"<p style=\"text-align: justify;\"><span style=\"font-family: helvetica, arial, sans-serif;\">El goleador samario<strong> Falcao Garc\u00eda<\/strong> y el defensa cale\u00f1o <strong>Cristian Borja<\/strong> fueron los primeros jugadores en unirse a la <strong>Selecci\u00f3n Colombiana de f\u00fatbol<\/strong>, que inici\u00f3 su concentraci\u00f3n en <strong>Yokohama<\/strong> para una gira de amistosos en <strong>Asia<\/strong>.<\/span><\/p>\n<p style=\"text-align: justify;\"><span style=\"font-family: helvetica, arial, sans-serif;\">Falcao, quien no jug\u00f3 este fin de semana con <strong>M\u00f3naco<\/strong> de <strong>Francia<\/strong> por sanci\u00f3n, arrib\u00f3 este domingo en la ma\u00f1ana, mientras que Borja, que jug\u00f3 57 minutos el pasado viernes con <strong>Sporting de Lisboa<\/strong> que super\u00f3 1-0 a<strong> Santa Clara<\/strong> en <strong>Portugal<\/strong>, lo hizo en la tarde japonesa.<\/span><\/p>\n<p style=\"text-align: justify;\"><span style=\"font-family: helvetica, arial, sans-serif;\">Los jugadores adelantaron trabajo de gimnasio y fueron evaluados por los m\u00e9dicos del equipo, sin ninguna novedad.<\/span><\/p>\n<p style=\"text-align: justify;\"><span style=\"font-family: helvetica, arial, sans-serif;\">El equipo de 23 futbolistas convocados y que dirige el portugu\u00e9s <strong>Carlos Quieroz<\/strong>, se prepara para enfrentar el viernes a <strong>Jap\u00f3n<\/strong> y luego el martes 26 de marzo a<strong> Corea del Sur<\/strong>, en Se\u00fal.<\/span><\/p>\n<p style=\"text-align: justify;\"><span style=\"font-family: helvetica, arial, sans-serif;\">El arribo del resto del plantel proseguir\u00e1 en la noche de este domingo, horario colombiano.<\/span><\/p>\n<p style=\"text-align: justify;\"><span style=\"font-family: helvetica, arial, sans-serif;\">La Federaci\u00f3n detall\u00f3, en un comunicado, el plan de preparaci\u00f3n del equipo, donde se permitir\u00e1 el ingreso de los medios.<\/span><\/p>\n<p style=\"text-align: justify;\"><strong><span style=\"font-family: helvetica, arial, sans-serif;\">Martes 19 marzo<\/span><\/strong><br \/>\n<span style=\"font-family: helvetica, arial, sans-serif;\">Lugar: Nippatsu Mitsuzawa Stadium, Yokohama<\/span><br \/>\n<span style=\"font-family: helvetica, arial, sans-serif;\">Hora: 4:30pm (2:30am hora colombiana)<\/span><\/p>\n<p><strong><span style=\"font-family: helvetica, arial, sans-serif;\">Mi\u00e9rcoles 20 de marzo<\/span><\/strong><br \/>\n<span style=\"font-family: helvetica, arial, sans-serif;\">Lugar: Nippatsu Mitsuzawa Stadium, Yokohama<\/span><br \/>\n<span style=\"font-family: helvetica, arial, sans-serif;\">Hora: 4:00 pm (2:00am hora colombiana)<\/span><\/p>\n<p><strong><span style=\"font-family: helvetica, arial, sans-serif;\">Jueves 21 de marzo<\/span><\/strong><br \/>\n<span style=\"font-family: helvetica, arial, sans-serif;\">Lugar: Estadio Internacional de Yokohama - Nissan<\/span><br \/>\n<span style=\"font-family: helvetica, arial, sans-serif;\">Conferencia D.T. Carlos Queiroz, 3:30 pm (1:30am hora colombiana)<\/span><br \/>\n<span style=\"font-family: helvetica, arial, sans-serif;\">Entrenamiento: 4pm (2:00am hora colombiana)<\/span><\/p>\n","protected":false},"excerpt":{"rendered":"<p>El goleador samario Falcao Garc\u00eda y el defensa cale\u00f1o Cristian Borja fueron los primeros jugadores en unirse a la Selecci\u00f3n Colombiana de f\u00fatbol, que inici\u00f3 su concentraci\u00f3n en Yokohama para una gira de amistosos en Asia. Falcao, quien no jug\u00f3 este fin de semana con M\u00f3naco de Francia por sanci\u00f3n, arrib\u00f3 este domingo en la [&hellip;]<\/p>\n","protected":false},"author":5,"featured_media":32795,"comment_status":"open","ping_status":"open","sticky":false,"template":"","format":"standard","meta":{"_acf_changed":false,"footnotes":""},"categories":[5],"tags":[574,616,127],"class_list":{"0":"post-32794","1":"post","2":"type-post","3":"status-publish","4":"format-standard","5":"has-post-thumbnail","7":"category-destacados","8":"tag-cristian-borja","9":"tag-falcao","10":"tag-seleccion-colombia"},"acf":[],"yoast_head":"<!-- This site is optimized with the Yoast SEO plugin v26.8 - https:\/\/yoast.com\/product\/yoast-seo-wordpress\/ -->\n<title>Falcao y Borja, primeros en la concentraci\u00f3n de Colombia en Jap\u00f3n -<\/title>\n<meta name=\"robots\" content=\"index, follow, max-snippet:-1, max-image-preview:large, max-video-preview:-1\" \/>\n<link rel=\"canonical\" href=\"https:\/\/futbolhoy.co\/index.php\/2019\/03\/17\/falcao-y-borja-primeros-en-la-concentracion-de-colombia-en-japon\/\" \/>\n<meta property=\"og:locale\" content=\"es_ES\" \/>\n<meta property=\"og:type\" content=\"article\" \/>\n<meta property=\"og:title\" content=\"Falcao y Borja, primeros en la concentraci\u00f3n de Colombia en Jap\u00f3n -\" \/>\n<meta property=\"og:description\" content=\"El goleador samario Falcao Garc\u00eda y el defensa cale\u00f1o Cristian Borja fueron los primeros jugadores en unirse a la Selecci\u00f3n Colombiana de f\u00fatbol, que inici\u00f3 su concentraci\u00f3n en Yokohama para una gira de amistosos en Asia. Falcao, quien no jug\u00f3 este fin de semana con M\u00f3naco de Francia por sanci\u00f3n, arrib\u00f3 este domingo en la [&hellip;]\" \/>\n<meta property=\"og:url\" content=\"https:\/\/futbolhoy.co\/index.php\/2019\/03\/17\/falcao-y-borja-primeros-en-la-concentracion-de-colombia-en-japon\/\" \/>\n<meta property=\"article:publisher\" content=\"https:\/\/www.facebook.com\/FutbolHoyCol\/\" \/>\n<meta property=\"article:published_time\" content=\"2019-03-17T14:03:05+00:00\" \/>\n<meta property=\"article:modified_time\" content=\"2019-03-17T14:23:39+00:00\" \/>\n<meta property=\"og:image\" content=\"https:\/\/futbolhoy.co\/wp-content\/uploads\/2019\/03\/1.jpg\" \/>\n\t<meta property=\"og:image:width\" content=\"923\" \/>\n\t<meta property=\"og:image:height\" content=\"608\" \/>\n\t<meta property=\"og:image:type\" content=\"image\/jpeg\" \/>\n<meta name=\"author\" content=\"Laura Hern\u00e1ndez\" \/>\n<meta name=\"twitter:card\" content=\"summary_large_image\" \/>\n<meta name=\"twitter:creator\" content=\"@FutbolHoyCol\" \/>\n<meta name=\"twitter:site\" content=\"@FutbolHoyCol\" \/>\n<meta name=\"twitter:label1\" content=\"Escrito por\" \/>\n\t<meta name=\"twitter:data1\" content=\"Laura Hern\u00e1ndez\" \/>\n\t<meta name=\"twitter:label2\" content=\"Tiempo de lectura\" \/>\n\t<meta name=\"twitter:data2\" content=\"1 minuto\" \/>\n<script type=\"application\/ld+json\" class=\"yoast-schema-graph\">{\"@context\":\"https:\/\/schema.org\",\"@graph\":[{\"@type\":\"Article\",\"@id\":\"https:\/\/futbolhoy.co\/index.php\/2019\/03\/17\/falcao-y-borja-primeros-en-la-concentracion-de-colombia-en-japon\/#article\",\"isPartOf\":{\"@id\":\"https:\/\/futbolhoy.co\/index.php\/2019\/03\/17\/falcao-y-borja-primeros-en-la-concentracion-de-colombia-en-japon\/\"},\"author\":{\"name\":\"Laura Hern\u00e1ndez\",\"@id\":\"https:\/\/futbolhoy.co\/#\/schema\/person\/c4a353a512b127643723a34bb1812f7d\"},\"headline\":\"Falcao y Borja, primeros en la concentraci\u00f3n de Colombia en Jap\u00f3n\",\"datePublished\":\"2019-03-17T14:03:05+00:00\",\"dateModified\":\"2019-03-17T14:23:39+00:00\",\"mainEntityOfPage\":{\"@id\":\"https:\/\/futbolhoy.co\/index.php\/2019\/03\/17\/falcao-y-borja-primeros-en-la-concentracion-de-colombia-en-japon\/\"},\"wordCount\":244,\"commentCount\":0,\"publisher\":{\"@id\":\"https:\/\/futbolhoy.co\/#organization\"},\"image\":{\"@id\":\"https:\/\/futbolhoy.co\/index.php\/2019\/03\/17\/falcao-y-borja-primeros-en-la-concentracion-de-colombia-en-japon\/#primaryimage\"},\"thumbnailUrl\":\"https:\/\/futbolhoy.co\/wp-content\/uploads\/2019\/03\/1.jpg\",\"keywords\":[\"Cristian Borja\",\"Falcao\",\"Selecci\u00f3n Colombia\"],\"articleSection\":[\"Destacados\"],\"inLanguage\":\"es\",\"potentialAction\":[{\"@type\":\"CommentAction\",\"name\":\"Comment\",\"target\":[\"https:\/\/futbolhoy.co\/index.php\/2019\/03\/17\/falcao-y-borja-primeros-en-la-concentracion-de-colombia-en-japon\/#respond\"]}]},{\"@type\":\"WebPage\",\"@id\":\"https:\/\/futbolhoy.co\/index.php\/2019\/03\/17\/falcao-y-borja-primeros-en-la-concentracion-de-colombia-en-japon\/\",\"url\":\"https:\/\/futbolhoy.co\/index.php\/2019\/03\/17\/falcao-y-borja-primeros-en-la-concentracion-de-colombia-en-japon\/\",\"name\":\"Falcao y Borja, primeros en la concentraci\u00f3n de Colombia en Jap\u00f3n -\",\"isPartOf\":{\"@id\":\"https:\/\/futbolhoy.co\/#website\"},\"primaryImageOfPage\":{\"@id\":\"https:\/\/futbolhoy.co\/index.php\/2019\/03\/17\/falcao-y-borja-primeros-en-la-concentracion-de-colombia-en-japon\/#primaryimage\"},\"image\":{\"@id\":\"https:\/\/futbolhoy.co\/index.php\/2019\/03\/17\/falcao-y-borja-primeros-en-la-concentracion-de-colombia-en-japon\/#primaryimage\"},\"thumbnailUrl\":\"https:\/\/futbolhoy.co\/wp-content\/uploads\/2019\/03\/1.jpg\",\"datePublished\":\"2019-03-17T14:03:05+00:00\",\"dateModified\":\"2019-03-17T14:23:39+00:00\",\"breadcrumb\":{\"@id\":\"https:\/\/futbolhoy.co\/index.php\/2019\/03\/17\/falcao-y-borja-primeros-en-la-concentracion-de-colombia-en-japon\/#breadcrumb\"},\"inLanguage\":\"es\",\"potentialAction\":[{\"@type\":\"ReadAction\",\"target\":[\"https:\/\/futbolhoy.co\/index.php\/2019\/03\/17\/falcao-y-borja-primeros-en-la-concentracion-de-colombia-en-japon\/\"]}]},{\"@type\":\"ImageObject\",\"inLanguage\":\"es\",\"@id\":\"https:\/\/futbolhoy.co\/index.php\/2019\/03\/17\/falcao-y-borja-primeros-en-la-concentracion-de-colombia-en-japon\/#primaryimage\",\"url\":\"https:\/\/futbolhoy.co\/wp-content\/uploads\/2019\/03\/1.jpg\",\"contentUrl\":\"https:\/\/futbolhoy.co\/wp-content\/uploads\/2019\/03\/1.jpg\",\"width\":923,\"height\":608,\"caption\":\"FCF.COM.CO\"},{\"@type\":\"BreadcrumbList\",\"@id\":\"https:\/\/futbolhoy.co\/index.php\/2019\/03\/17\/falcao-y-borja-primeros-en-la-concentracion-de-colombia-en-japon\/#breadcrumb\",\"itemListElement\":[{\"@type\":\"ListItem\",\"position\":1,\"name\":\"Portada\",\"item\":\"https:\/\/futbolhoy.co\/\"},{\"@type\":\"ListItem\",\"position\":2,\"name\":\"Falcao y Borja, primeros en la concentraci\u00f3n de Colombia en Jap\u00f3n\"}]},{\"@type\":\"WebSite\",\"@id\":\"https:\/\/futbolhoy.co\/#website\",\"url\":\"https:\/\/futbolhoy.co\/\",\"name\":\"FutbolHoy\",\"description\":\"\",\"publisher\":{\"@id\":\"https:\/\/futbolhoy.co\/#organization\"},\"potentialAction\":[{\"@type\":\"SearchAction\",\"target\":{\"@type\":\"EntryPoint\",\"urlTemplate\":\"https:\/\/futbolhoy.co\/?s={search_term_string}\"},\"query-input\":{\"@type\":\"PropertyValueSpecification\",\"valueRequired\":true,\"valueName\":\"search_term_string\"}}],\"inLanguage\":\"es\"},{\"@type\":\"Organization\",\"@id\":\"https:\/\/futbolhoy.co\/#organization\",\"name\":\"Futbolhoy.co\",\"url\":\"https:\/\/futbolhoy.co\/\",\"logo\":{\"@type\":\"ImageObject\",\"inLanguage\":\"es\",\"@id\":\"https:\/\/futbolhoy.co\/#\/schema\/logo\/image\/\",\"url\":\"https:\/\/futbolhoy.co\/wp-content\/uploads\/2018\/08\/17426380_1906371736249227_6326180412931521141_n.jpg\",\"contentUrl\":\"https:\/\/futbolhoy.co\/wp-content\/uploads\/2018\/08\/17426380_1906371736249227_6326180412931521141_n.jpg\",\"width\":960,\"height\":960,\"caption\":\"Futbolhoy.co\"},\"image\":{\"@id\":\"https:\/\/futbolhoy.co\/#\/schema\/logo\/image\/\"},\"sameAs\":[\"https:\/\/www.facebook.com\/FutbolHoyCol\/\",\"https:\/\/x.com\/FutbolHoyCol\",\"https:\/\/www.instagram.com\/futbolhoycol\/\"]},{\"@type\":\"Person\",\"@id\":\"https:\/\/futbolhoy.co\/#\/schema\/person\/c4a353a512b127643723a34bb1812f7d\",\"name\":\"Laura Hern\u00e1ndez\",\"image\":{\"@type\":\"ImageObject\",\"inLanguage\":\"es\",\"@id\":\"https:\/\/futbolhoy.co\/#\/schema\/person\/image\/\",\"url\":\"https:\/\/secure.gravatar.com\/avatar\/d25959a15b9b293a743f99181c7cfd01?s=96&d=mm&r=g\",\"contentUrl\":\"https:\/\/secure.gravatar.com\/avatar\/d25959a15b9b293a743f99181c7cfd01?s=96&d=mm&r=g\",\"caption\":\"Laura Hern\u00e1ndez\"}}]}<\/script>\n<!-- \/ Yoast SEO plugin. -->","yoast_head_json":{"title":"Falcao y Borja, primeros en la concentraci\u00f3n de Colombia en Jap\u00f3n -","robots":{"index":"index","follow":"follow","max-snippet":"max-snippet:-1","max-image-preview":"max-image-preview:large","max-video-preview":"max-video-preview:-1"},"canonical":"https:\/\/futbolhoy.co\/index.php\/2019\/03\/17\/falcao-y-borja-primeros-en-la-concentracion-de-colombia-en-japon\/","og_locale":"es_ES","og_type":"article","og_title":"Falcao y Borja, primeros en la concentraci\u00f3n de Colombia en Jap\u00f3n -","og_description":"El goleador samario Falcao Garc\u00eda y el defensa cale\u00f1o Cristian Borja fueron los primeros jugadores en unirse a la Selecci\u00f3n Colombiana de f\u00fatbol, que inici\u00f3 su concentraci\u00f3n en Yokohama para una gira de amistosos en Asia. Falcao, quien no jug\u00f3 este fin de semana con M\u00f3naco de Francia por sanci\u00f3n, arrib\u00f3 este domingo en la [&hellip;]","og_url":"https:\/\/futbolhoy.co\/index.php\/2019\/03\/17\/falcao-y-borja-primeros-en-la-concentracion-de-colombia-en-japon\/","article_publisher":"https:\/\/www.facebook.com\/FutbolHoyCol\/","article_published_time":"2019-03-17T14:03:05+00:00","article_modified_time":"2019-03-17T14:23:39+00:00","og_image":[{"width":923,"height":608,"url":"https:\/\/futbolhoy.co\/wp-content\/uploads\/2019\/03\/1.jpg","type":"image\/jpeg"}],"author":"Laura Hern\u00e1ndez","twitter_card":"summary_large_image","twitter_creator":"@FutbolHoyCol","twitter_site":"@FutbolHoyCol","twitter_misc":{"Escrito por":"Laura Hern\u00e1ndez","Tiempo de lectura":"1 minuto"},"schema":{"@context":"https:\/\/schema.org","@graph":[{"@type":"Article","@id":"https:\/\/futbolhoy.co\/index.php\/2019\/03\/17\/falcao-y-borja-primeros-en-la-concentracion-de-colombia-en-japon\/#article","isPartOf":{"@id":"https:\/\/futbolhoy.co\/index.php\/2019\/03\/17\/falcao-y-borja-primeros-en-la-concentracion-de-colombia-en-japon\/"},"author":{"name":"Laura Hern\u00e1ndez","@id":"https:\/\/futbolhoy.co\/#\/schema\/person\/c4a353a512b127643723a34bb1812f7d"},"headline":"Falcao y Borja, primeros en la concentraci\u00f3n de Colombia en Jap\u00f3n","datePublished":"2019-03-17T14:03:05+00:00","dateModified":"2019-03-17T14:23:39+00:00","mainEntityOfPage":{"@id":"https:\/\/futbolhoy.co\/index.php\/2019\/03\/17\/falcao-y-borja-primeros-en-la-concentracion-de-colombia-en-japon\/"},"wordCount":244,"commentCount":0,"publisher":{"@id":"https:\/\/futbolhoy.co\/#organization"},"image":{"@id":"https:\/\/futbolhoy.co\/index.php\/2019\/03\/17\/falcao-y-borja-primeros-en-la-concentracion-de-colombia-en-japon\/#primaryimage"},"thumbnailUrl":"https:\/\/futbolhoy.co\/wp-content\/uploads\/2019\/03\/1.jpg","keywords":["Cristian Borja","Falcao","Selecci\u00f3n Colombia"],"articleSection":["Destacados"],"inLanguage":"es","potentialAction":[{"@type":"CommentAction","name":"Comment","target":["https:\/\/futbolhoy.co\/index.php\/2019\/03\/17\/falcao-y-borja-primeros-en-la-concentracion-de-colombia-en-japon\/#respond"]}]},{"@type":"WebPage","@id":"https:\/\/futbolhoy.co\/index.php\/2019\/03\/17\/falcao-y-borja-primeros-en-la-concentracion-de-colombia-en-japon\/","url":"https:\/\/futbolhoy.co\/index.php\/2019\/03\/17\/falcao-y-borja-primeros-en-la-concentracion-de-colombia-en-japon\/","name":"Falcao y Borja, primeros en la concentraci\u00f3n de Colombia en Jap\u00f3n -","isPartOf":{"@id":"https:\/\/futbolhoy.co\/#website"},"primaryImageOfPage":{"@id":"https:\/\/futbolhoy.co\/index.php\/2019\/03\/17\/falcao-y-borja-primeros-en-la-concentracion-de-colombia-en-japon\/#primaryimage"},"image":{"@id":"https:\/\/futbolhoy.co\/index.php\/2019\/03\/17\/falcao-y-borja-primeros-en-la-concentracion-de-colombia-en-japon\/#primaryimage"},"thumbnailUrl":"https:\/\/futbolhoy.co\/wp-content\/uploads\/2019\/03\/1.jpg","datePublished":"2019-03-17T14:03:05+00:00","dateModified":"2019-03-17T14:23:39+00:00","breadcrumb":{"@id":"https:\/\/futbolhoy.co\/index.php\/2019\/03\/17\/falcao-y-borja-primeros-en-la-concentracion-de-colombia-en-japon\/#breadcrumb"},"inLanguage":"es","potentialAction":[{"@type":"ReadAction","target":["https:\/\/futbolhoy.co\/index.php\/2019\/03\/17\/falcao-y-borja-primeros-en-la-concentracion-de-colombia-en-japon\/"]}]},{"@type":"ImageObject","inLanguage":"es","@id":"https:\/\/futbolhoy.co\/index.php\/2019\/03\/17\/falcao-y-borja-primeros-en-la-concentracion-de-colombia-en-japon\/#primaryimage","url":"https:\/\/futbolhoy.co\/wp-content\/uploads\/2019\/03\/1.jpg","contentUrl":"https:\/\/futbolhoy.co\/wp-content\/uploads\/2019\/03\/1.jpg","width":923,"height":608,"caption":"FCF.COM.CO"},{"@type":"BreadcrumbList","@id":"https:\/\/futbolhoy.co\/index.php\/2019\/03\/17\/falcao-y-borja-primeros-en-la-concentracion-de-colombia-en-japon\/#breadcrumb","itemListElement":[{"@type":"ListItem","position":1,"name":"Portada","item":"https:\/\/futbolhoy.co\/"},{"@type":"ListItem","position":2,"name":"Falcao y Borja, primeros en la concentraci\u00f3n de Colombia en Jap\u00f3n"}]},{"@type":"WebSite","@id":"https:\/\/futbolhoy.co\/#website","url":"https:\/\/futbolhoy.co\/","name":"FutbolHoy","description":"","publisher":{"@id":"https:\/\/futbolhoy.co\/#organization"},"potentialAction":[{"@type":"SearchAction","target":{"@type":"EntryPoint","urlTemplate":"https:\/\/futbolhoy.co\/?s={search_term_string}"},"query-input":{"@type":"PropertyValueSpecification","valueRequired":true,"valueName":"search_term_string"}}],"inLanguage":"es"},{"@type":"Organization","@id":"https:\/\/futbolhoy.co\/#organization","name":"Futbolhoy.co","url":"https:\/\/futbolhoy.co\/","logo":{"@type":"ImageObject","inLanguage":"es","@id":"https:\/\/futbolhoy.co\/#\/schema\/logo\/image\/","url":"https:\/\/futbolhoy.co\/wp-content\/uploads\/2018\/08\/17426380_1906371736249227_6326180412931521141_n.jpg","contentUrl":"https:\/\/futbolhoy.co\/wp-content\/uploads\/2018\/08\/17426380_1906371736249227_6326180412931521141_n.jpg","width":960,"height":960,"caption":"Futbolhoy.co"},"image":{"@id":"https:\/\/futbolhoy.co\/#\/schema\/logo\/image\/"},"sameAs":["https:\/\/www.facebook.com\/FutbolHoyCol\/","https:\/\/x.com\/FutbolHoyCol","https:\/\/www.instagram.com\/futbolhoycol\/"]},{"@type":"Person","@id":"https:\/\/futbolhoy.co\/#\/schema\/person\/c4a353a512b127643723a34bb1812f7d","name":"Laura Hern\u00e1ndez","image":{"@type":"ImageObject","inLanguage":"es","@id":"https:\/\/futbolhoy.co\/#\/schema\/person\/image\/","url":"https:\/\/secure.gravatar.com\/avatar\/d25959a15b9b293a743f99181c7cfd01?s=96&d=mm&r=g","contentUrl":"https:\/\/secure.gravatar.com\/avatar\/d25959a15b9b293a743f99181c7cfd01?s=96&d=mm&r=g","caption":"Laura Hern\u00e1ndez"}}]}},"publishpress_future_action":{"enabled":false,"date":"2026-05-03 22:10:00","action":"change-status","newStatus":"draft","terms":[],"taxonomy":"category","extraData":[]},"publishpress_future_workflow_manual_trigger":{"enabledWorkflows":[]},"_links":{"self":[{"href":"https:\/\/futbolhoy.co\/index.php\/wp-json\/wp\/v2\/posts\/32794","targetHints":{"allow":["GET"]}}],"collection":[{"href":"https:\/\/futbolhoy.co\/index.php\/wp-json\/wp\/v2\/posts"}],"about":[{"href":"https:\/\/futbolhoy.co\/index.php\/wp-json\/wp\/v2\/types\/post"}],"author":[{"embeddable":true,"href":"https:\/\/futbolhoy.co\/index.php\/wp-json\/wp\/v2\/users\/5"}],"replies":[{"embeddable":true,"href":"https:\/\/futbolhoy.co\/index.php\/wp-json\/wp\/v2\/comments?post=32794"}],"version-history":[{"count":3,"href":"https:\/\/futbolhoy.co\/index.php\/wp-json\/wp\/v2\/posts\/32794\/revisions"}],"predecessor-version":[{"id":32798,"href":"https:\/\/futbolhoy.co\/index.php\/wp-json\/wp\/v2\/posts\/32794\/revisions\/32798"}],"wp:featuredmedia":[{"embeddable":true,"href":"https:\/\/futbolhoy.co\/index.php\/wp-json\/wp\/v2\/media\/32795"}],"wp:attachment":[{"href":"https:\/\/futbolhoy.co\/index.php\/wp-json\/wp\/v2\/media?parent=32794"}],"wp:term":[{"taxonomy":"category","embeddable":true,"href":"https:\/\/futbolhoy.co\/index.php\/wp-json\/wp\/v2\/categories?post=32794"},{"taxonomy":"post_tag","embeddable":true,"href":"https:\/\/futbolhoy.co\/index.php\/wp-json\/wp\/v2\/tags?post=32794"}],"curies":[{"name":"wp","href":"https:\/\/api.w.org\/{rel}","templated":true}]}}