{"id":34022,"date":"2019-04-12T17:00:21","date_gmt":"2019-04-12T22:00:21","guid":{"rendered":"https:\/\/futbolhoy.co\/?p=34022"},"modified":"2019-04-13T08:46:54","modified_gmt":"2019-04-13T13:46:54","slug":"cuadrado-reaparecera-este-fin-de-semana","status":"publish","type":"post","link":"https:\/\/futbolhoy.co\/index.php\/2019\/04\/12\/cuadrado-reaparecera-este-fin-de-semana\/","title":{"rendered":"Cuadrado reaparecer\u00e1 este fin de semana"},"content":{"rendered":"<p style=\"text-align: justify;\"><span style=\"font-family: helvetica, arial, sans-serif;\">El volante antioque\u00f1o <strong>Juan Guillermo Cuadrado<\/strong> regresar\u00e1 este fin de semana a competencia con la <strong>Juventus Tur\u00edn<\/strong> en campo del<strong> Spal de Ferrara<\/strong>, luego de 4 meses fuera de las canchas por una delicada lesi\u00f3n de rodilla.<\/span><\/p>\n<p style=\"text-align: justify;\"><span style=\"font-family: helvetica, arial, sans-serif;\">El anuncio fue hecho por el t\u00e9cnico<strong> Massimiliano Allegri<\/strong> durante la rueda de prensa previa al compromiso de la fecha 32 de la Liga de Italia.<\/span><\/p>\n<p style=\"text-align: justify;\"><span style=\"font-family: helvetica, arial, sans-serif;\">Cuadrado, de 30 a\u00f1os, se lesion\u00f3 en el \u00faltimo partido de la fase de grupos de la<strong> Liga de Campeones,<\/strong> cuando Juventus perdi\u00f3 2-1 contra el <strong>Young Boys.<\/strong><\/span><\/p>\n<p style=\"text-align: justify;\"><span style=\"font-family: helvetica, arial, sans-serif;\">El colombiano sufri\u00f3 una lesi\u00f3n del menisco externo y la fractura de cart\u00edlago de la rodilla izquierda.<\/span><\/p>\n","protected":false},"excerpt":{"rendered":"<p>El volante antioque\u00f1o Juan Guillermo Cuadrado regresar\u00e1 este fin de semana a competencia con la Juventus Tur\u00edn en campo del Spal de Ferrara, luego de 4 meses fuera de las canchas por una delicada lesi\u00f3n de rodilla. El anuncio fue hecho por el t\u00e9cnico Massimiliano Allegri durante la rueda de prensa previa al compromiso de [&hellip;]<\/p>\n","protected":false},"author":5,"featured_media":33487,"comment_status":"open","ping_status":"closed","sticky":false,"template":"","format":"standard","meta":{"_acf_changed":false,"footnotes":""},"categories":[1],"tags":[255,254],"class_list":{"0":"post-34022","1":"post","2":"type-post","3":"status-publish","4":"format-standard","5":"has-post-thumbnail","7":"category-sin-categoria","8":"tag-juan-guillermo-cuadrado","9":"tag-juventus"},"acf":[],"_links":{"self":[{"href":"https:\/\/futbolhoy.co\/index.php\/wp-json\/wp\/v2\/posts\/34022","targetHints":{"allow":["GET"]}}],"collection":[{"href":"https:\/\/futbolhoy.co\/index.php\/wp-json\/wp\/v2\/posts"}],"about":[{"href":"https:\/\/futbolhoy.co\/index.php\/wp-json\/wp\/v2\/types\/post"}],"author":[{"embeddable":true,"href":"https:\/\/futbolhoy.co\/index.php\/wp-json\/wp\/v2\/users\/5"}],"replies":[{"embeddable":true,"href":"https:\/\/futbolhoy.co\/index.php\/wp-json\/wp\/v2\/comments?post=34022"}],"version-history":[{"count":3,"href":"https:\/\/futbolhoy.co\/index.php\/wp-json\/wp\/v2\/posts\/34022\/revisions"}],"predecessor-version":[{"id":34031,"href":"https:\/\/futbolhoy.co\/index.php\/wp-json\/wp\/v2\/posts\/34022\/revisions\/34031"}],"wp:featuredmedia":[{"embeddable":true,"href":"https:\/\/futbolhoy.co\/index.php\/wp-json\/wp\/v2\/media\/33487"}],"wp:attachment":[{"href":"https:\/\/futbolhoy.co\/index.php\/wp-json\/wp\/v2\/media?parent=34022"}],"wp:term":[{"taxonomy":"category","embeddable":true,"href":"https:\/\/futbolhoy.co\/index.php\/wp-json\/wp\/v2\/categories?post=34022"},{"taxonomy":"post_tag","embeddable":true,"href":"https:\/\/futbolhoy.co\/index.php\/wp-json\/wp\/v2\/tags?post=34022"}],"curies":[{"name":"wp","href":"https:\/\/api.w.org\/{rel}","templated":true}]}}