{"id":34045,"date":"2019-04-12T16:20:00","date_gmt":"2019-04-12T21:20:00","guid":{"rendered":"https:\/\/futbolhoy.co\/?p=34045"},"modified":"2019-04-13T12:21:25","modified_gmt":"2019-04-13T17:21:25","slug":"colombia-conocio-sus-rivales-del-futbol-femenino-panamericano","status":"publish","type":"post","link":"https:\/\/futbolhoy.co\/index.php\/2019\/04\/12\/colombia-conocio-sus-rivales-del-futbol-femenino-panamericano\/","title":{"rendered":"Colombia conoci\u00f3 sus rivales del f\u00fatbol femenino Panamericano"},"content":{"rendered":"<p class=\"m_-5150929856362406378ydp841ba570MsoNormal\" style=\"text-align: justify;\"><span style=\"font-family: helvetica, arial, sans-serif;\"><strong>Colombia<\/strong> enfrentar\u00e1 a <strong>M\u00e9xico<\/strong>, <strong>Jamaica<\/strong> y <strong>Paraguay<\/strong> en el<strong> Grupo A<\/strong> del f\u00fatbol femenino de los <strong>Juegos Panamericanos<\/strong> de Lima, previstos entre el \u00a026 de julio y el 11 de agosto.<\/span><\/p>\n<p class=\"m_-5150929856362406378ydp841ba570MsoNormal\" style=\"text-align: justify;\"><span style=\"font-family: helvetica, arial, sans-serif;\">Entretanto, el grupo B qued\u00f3 conformado por <strong>Panam\u00e1<\/strong>, <strong>Costa Rica<\/strong>, <strong>Argentina<\/strong> y <strong>Per\u00fa<\/strong>.<\/span><\/p>\n<p class=\"m_-5150929856362406378ydp841ba570MsoNormal\" style=\"text-align: justify;\"><span style=\"font-family: helvetica, arial, sans-serif;\">El torneo, que se iniciar\u00e1 el 28 de julio, tendr\u00e1 dos d\u00edas de descanso entre cada jornada.<\/span><\/p>\n<p class=\"m_-5150929856362406378ydp841ba570MsoNormal\" style=\"text-align: justify;\"><span style=\"font-family: helvetica, arial, sans-serif;\">El campeonato se disputar\u00e1 en el estadio de la Universidad Nacional Mayor de San Marcos de la capital peruana.<\/span><\/p>\n","protected":false},"excerpt":{"rendered":"<p>Colombia enfrentar\u00e1 a M\u00e9xico, Jamaica y Paraguay en el Grupo A del f\u00fatbol femenino de los Juegos Panamericanos de Lima, previstos entre el \u00a026 de julio y el 11 de agosto. Entretanto, el grupo B qued\u00f3 conformado por Panam\u00e1, Costa Rica, Argentina y Per\u00fa. El torneo, que se iniciar\u00e1 el 28 de julio, tendr\u00e1 dos [&hellip;]<\/p>\n","protected":false},"author":5,"featured_media":34046,"comment_status":"open","ping_status":"closed","sticky":false,"template":"","format":"standard","meta":{"_acf_changed":false,"footnotes":""},"categories":[418],"tags":[202],"class_list":{"0":"post-34045","1":"post","2":"type-post","3":"status-publish","4":"format-standard","5":"has-post-thumbnail","7":"category-colombia","8":"tag-seleccion-femenina"},"acf":[],"_links":{"self":[{"href":"https:\/\/futbolhoy.co\/index.php\/wp-json\/wp\/v2\/posts\/34045","targetHints":{"allow":["GET"]}}],"collection":[{"href":"https:\/\/futbolhoy.co\/index.php\/wp-json\/wp\/v2\/posts"}],"about":[{"href":"https:\/\/futbolhoy.co\/index.php\/wp-json\/wp\/v2\/types\/post"}],"author":[{"embeddable":true,"href":"https:\/\/futbolhoy.co\/index.php\/wp-json\/wp\/v2\/users\/5"}],"replies":[{"embeddable":true,"href":"https:\/\/futbolhoy.co\/index.php\/wp-json\/wp\/v2\/comments?post=34045"}],"version-history":[{"count":1,"href":"https:\/\/futbolhoy.co\/index.php\/wp-json\/wp\/v2\/posts\/34045\/revisions"}],"predecessor-version":[{"id":34047,"href":"https:\/\/futbolhoy.co\/index.php\/wp-json\/wp\/v2\/posts\/34045\/revisions\/34047"}],"wp:featuredmedia":[{"embeddable":true,"href":"https:\/\/futbolhoy.co\/index.php\/wp-json\/wp\/v2\/media\/34046"}],"wp:attachment":[{"href":"https:\/\/futbolhoy.co\/index.php\/wp-json\/wp\/v2\/media?parent=34045"}],"wp:term":[{"taxonomy":"category","embeddable":true,"href":"https:\/\/futbolhoy.co\/index.php\/wp-json\/wp\/v2\/categories?post=34045"},{"taxonomy":"post_tag","embeddable":true,"href":"https:\/\/futbolhoy.co\/index.php\/wp-json\/wp\/v2\/tags?post=34045"}],"curies":[{"name":"wp","href":"https:\/\/api.w.org\/{rel}","templated":true}]}}