{"id":34498,"date":"2019-04-22T16:33:11","date_gmt":"2019-04-22T21:33:11","guid":{"rendered":"https:\/\/futbolhoy.co\/?p=34498"},"modified":"2019-04-22T18:54:02","modified_gmt":"2019-04-22T23:54:02","slug":"falcao-no-esta-lesionado","status":"publish","type":"post","link":"https:\/\/futbolhoy.co\/index.php\/2019\/04\/22\/falcao-no-esta-lesionado\/","title":{"rendered":"Falcao no est\u00e1 lesionado"},"content":{"rendered":"<p style=\"text-align: justify;\"><span style=\"font-family: helvetica, arial, sans-serif;\">El delantero y capit\u00e1n del <strong>M\u00f3naco<\/strong>, el colombiano <strong>Falcao Garc\u00eda<\/strong>, declar\u00f3 que no disput\u00f3 el segundo tiempo del partido contra el <strong>PSG<\/strong> (3-1) por la fecha 33 de la <strong>Ligue 1 de Francia<\/strong>, por precauci\u00f3n, al sentir un poco de carga en un aductor.<\/span><\/p>\n<p style=\"text-align: justify;\"><span style=\"font-family: helvetica, arial, sans-serif;\">Falcao reaparec\u00eda en la formaci\u00f3n inicialista del equipo del principado, luego de 9 d\u00edas de ausencia y una fecha al margen por problemas en la misma zona que le molest\u00f3 en el juego en la capital.<\/span><\/p>\n<p style=\"text-align: justify;\"><span style=\"font-family: helvetica, arial, sans-serif;\">El samario, adem\u00e1s, fue centro de pol\u00e9mica ya que en el segundo per\u00edodo se le vio en el banquillo de suplentes con un aparato electr\u00f3nico que pareci\u00f3 ser un celular, lo que no est\u00e1 permitido; y cuando su equipo perd\u00eda 3-0.<\/span><\/p>\n<p style=\"text-align: justify;\"><span style=\"font-family: helvetica, arial, sans-serif;\">Respecto a su futuro, el \u2018tigre\u2019 insisti\u00f3 que tiene contrato un a\u00f1o m\u00e1s con el club monegasco y que al final de esta temporada analizar\u00e1 las posibilidades que puedan surgir.<\/span><\/p>\n","protected":false},"excerpt":{"rendered":"<p>El delantero y capit\u00e1n del M\u00f3naco, el colombiano Falcao Garc\u00eda, declar\u00f3 que no disput\u00f3 el segundo tiempo del partido contra el PSG (3-1) por la fecha 33 de la Ligue 1 de Francia, por precauci\u00f3n, al sentir un poco de carga en un aductor. Falcao reaparec\u00eda en la formaci\u00f3n inicialista del equipo del principado, luego [&hellip;]<\/p>\n","protected":false},"author":5,"featured_media":15671,"comment_status":"open","ping_status":"open","sticky":false,"template":"","format":"standard","meta":{"_acf_changed":false,"footnotes":""},"categories":[418],"tags":[616,656],"class_list":{"0":"post-34498","1":"post","2":"type-post","3":"status-publish","4":"format-standard","5":"has-post-thumbnail","7":"category-colombia","8":"tag-falcao","9":"tag-monaco"},"acf":[],"yoast_head":"<!-- This site is optimized with the Yoast SEO plugin v26.8 - https:\/\/yoast.com\/product\/yoast-seo-wordpress\/ -->\n<title>Falcao no est\u00e1 lesionado -<\/title>\n<meta name=\"robots\" content=\"index, follow, max-snippet:-1, max-image-preview:large, max-video-preview:-1\" \/>\n<link rel=\"canonical\" href=\"https:\/\/futbolhoy.co\/index.php\/2019\/04\/22\/falcao-no-esta-lesionado\/\" \/>\n<meta property=\"og:locale\" content=\"es_ES\" \/>\n<meta property=\"og:type\" content=\"article\" \/>\n<meta property=\"og:title\" content=\"Falcao no est\u00e1 lesionado -\" \/>\n<meta property=\"og:description\" content=\"El delantero y capit\u00e1n del M\u00f3naco, el colombiano Falcao Garc\u00eda, declar\u00f3 que no disput\u00f3 el segundo tiempo del partido contra el PSG (3-1) por la fecha 33 de la Ligue 1 de Francia, por precauci\u00f3n, al sentir un poco de carga en un aductor. Falcao reaparec\u00eda en la formaci\u00f3n inicialista del equipo del principado, luego [&hellip;]\" \/>\n<meta property=\"og:url\" content=\"https:\/\/futbolhoy.co\/index.php\/2019\/04\/22\/falcao-no-esta-lesionado\/\" \/>\n<meta property=\"article:publisher\" content=\"https:\/\/www.facebook.com\/FutbolHoyCol\/\" \/>\n<meta property=\"article:published_time\" content=\"2019-04-22T21:33:11+00:00\" \/>\n<meta property=\"article:modified_time\" content=\"2019-04-22T23:54:02+00:00\" \/>\n<meta property=\"og:image\" content=\"https:\/\/futbolhoy.co\/wp-content\/uploads\/2018\/04\/Falca.jpg\" \/>\n\t<meta property=\"og:image:width\" content=\"980\" \/>\n\t<meta property=\"og:image:height\" content=\"653\" \/>\n\t<meta property=\"og:image:type\" content=\"image\/jpeg\" \/>\n<meta name=\"author\" content=\"Laura Hern\u00e1ndez\" \/>\n<meta name=\"twitter:card\" content=\"summary_large_image\" \/>\n<meta name=\"twitter:creator\" content=\"@FutbolHoyCol\" \/>\n<meta name=\"twitter:site\" content=\"@FutbolHoyCol\" \/>\n<meta name=\"twitter:label1\" content=\"Escrito por\" \/>\n\t<meta name=\"twitter:data1\" content=\"Laura Hern\u00e1ndez\" \/>\n\t<meta name=\"twitter:label2\" content=\"Tiempo de lectura\" \/>\n\t<meta name=\"twitter:data2\" content=\"1 minuto\" \/>\n<script type=\"application\/ld+json\" class=\"yoast-schema-graph\">{\"@context\":\"https:\/\/schema.org\",\"@graph\":[{\"@type\":\"Article\",\"@id\":\"https:\/\/futbolhoy.co\/index.php\/2019\/04\/22\/falcao-no-esta-lesionado\/#article\",\"isPartOf\":{\"@id\":\"https:\/\/futbolhoy.co\/index.php\/2019\/04\/22\/falcao-no-esta-lesionado\/\"},\"author\":{\"name\":\"Laura Hern\u00e1ndez\",\"@id\":\"https:\/\/futbolhoy.co\/#\/schema\/person\/c4a353a512b127643723a34bb1812f7d\"},\"headline\":\"Falcao no est\u00e1 lesionado\",\"datePublished\":\"2019-04-22T21:33:11+00:00\",\"dateModified\":\"2019-04-22T23:54:02+00:00\",\"mainEntityOfPage\":{\"@id\":\"https:\/\/futbolhoy.co\/index.php\/2019\/04\/22\/falcao-no-esta-lesionado\/\"},\"wordCount\":166,\"commentCount\":0,\"publisher\":{\"@id\":\"https:\/\/futbolhoy.co\/#organization\"},\"image\":{\"@id\":\"https:\/\/futbolhoy.co\/index.php\/2019\/04\/22\/falcao-no-esta-lesionado\/#primaryimage\"},\"thumbnailUrl\":\"https:\/\/futbolhoy.co\/wp-content\/uploads\/2018\/04\/Falca.jpg\",\"keywords\":[\"Falcao\",\"M\u00f3naco\"],\"articleSection\":[\"Colombia\"],\"inLanguage\":\"es\",\"potentialAction\":[{\"@type\":\"CommentAction\",\"name\":\"Comment\",\"target\":[\"https:\/\/futbolhoy.co\/index.php\/2019\/04\/22\/falcao-no-esta-lesionado\/#respond\"]}]},{\"@type\":\"WebPage\",\"@id\":\"https:\/\/futbolhoy.co\/index.php\/2019\/04\/22\/falcao-no-esta-lesionado\/\",\"url\":\"https:\/\/futbolhoy.co\/index.php\/2019\/04\/22\/falcao-no-esta-lesionado\/\",\"name\":\"Falcao no est\u00e1 lesionado -\",\"isPartOf\":{\"@id\":\"https:\/\/futbolhoy.co\/#website\"},\"primaryImageOfPage\":{\"@id\":\"https:\/\/futbolhoy.co\/index.php\/2019\/04\/22\/falcao-no-esta-lesionado\/#primaryimage\"},\"image\":{\"@id\":\"https:\/\/futbolhoy.co\/index.php\/2019\/04\/22\/falcao-no-esta-lesionado\/#primaryimage\"},\"thumbnailUrl\":\"https:\/\/futbolhoy.co\/wp-content\/uploads\/2018\/04\/Falca.jpg\",\"datePublished\":\"2019-04-22T21:33:11+00:00\",\"dateModified\":\"2019-04-22T23:54:02+00:00\",\"breadcrumb\":{\"@id\":\"https:\/\/futbolhoy.co\/index.php\/2019\/04\/22\/falcao-no-esta-lesionado\/#breadcrumb\"},\"inLanguage\":\"es\",\"potentialAction\":[{\"@type\":\"ReadAction\",\"target\":[\"https:\/\/futbolhoy.co\/index.php\/2019\/04\/22\/falcao-no-esta-lesionado\/\"]}]},{\"@type\":\"ImageObject\",\"inLanguage\":\"es\",\"@id\":\"https:\/\/futbolhoy.co\/index.php\/2019\/04\/22\/falcao-no-esta-lesionado\/#primaryimage\",\"url\":\"https:\/\/futbolhoy.co\/wp-content\/uploads\/2018\/04\/Falca.jpg\",\"contentUrl\":\"https:\/\/futbolhoy.co\/wp-content\/uploads\/2018\/04\/Falca.jpg\",\"width\":980,\"height\":653,\"caption\":\"asmonaco.com\"},{\"@type\":\"BreadcrumbList\",\"@id\":\"https:\/\/futbolhoy.co\/index.php\/2019\/04\/22\/falcao-no-esta-lesionado\/#breadcrumb\",\"itemListElement\":[{\"@type\":\"ListItem\",\"position\":1,\"name\":\"Portada\",\"item\":\"https:\/\/futbolhoy.co\/\"},{\"@type\":\"ListItem\",\"position\":2,\"name\":\"Falcao no est\u00e1 lesionado\"}]},{\"@type\":\"WebSite\",\"@id\":\"https:\/\/futbolhoy.co\/#website\",\"url\":\"https:\/\/futbolhoy.co\/\",\"name\":\"FutbolHoy\",\"description\":\"\",\"publisher\":{\"@id\":\"https:\/\/futbolhoy.co\/#organization\"},\"potentialAction\":[{\"@type\":\"SearchAction\",\"target\":{\"@type\":\"EntryPoint\",\"urlTemplate\":\"https:\/\/futbolhoy.co\/?s={search_term_string}\"},\"query-input\":{\"@type\":\"PropertyValueSpecification\",\"valueRequired\":true,\"valueName\":\"search_term_string\"}}],\"inLanguage\":\"es\"},{\"@type\":\"Organization\",\"@id\":\"https:\/\/futbolhoy.co\/#organization\",\"name\":\"Futbolhoy.co\",\"url\":\"https:\/\/futbolhoy.co\/\",\"logo\":{\"@type\":\"ImageObject\",\"inLanguage\":\"es\",\"@id\":\"https:\/\/futbolhoy.co\/#\/schema\/logo\/image\/\",\"url\":\"https:\/\/futbolhoy.co\/wp-content\/uploads\/2018\/08\/17426380_1906371736249227_6326180412931521141_n.jpg\",\"contentUrl\":\"https:\/\/futbolhoy.co\/wp-content\/uploads\/2018\/08\/17426380_1906371736249227_6326180412931521141_n.jpg\",\"width\":960,\"height\":960,\"caption\":\"Futbolhoy.co\"},\"image\":{\"@id\":\"https:\/\/futbolhoy.co\/#\/schema\/logo\/image\/\"},\"sameAs\":[\"https:\/\/www.facebook.com\/FutbolHoyCol\/\",\"https:\/\/x.com\/FutbolHoyCol\",\"https:\/\/www.instagram.com\/futbolhoycol\/\"]},{\"@type\":\"Person\",\"@id\":\"https:\/\/futbolhoy.co\/#\/schema\/person\/c4a353a512b127643723a34bb1812f7d\",\"name\":\"Laura Hern\u00e1ndez\",\"image\":{\"@type\":\"ImageObject\",\"inLanguage\":\"es\",\"@id\":\"https:\/\/futbolhoy.co\/#\/schema\/person\/image\/\",\"url\":\"https:\/\/secure.gravatar.com\/avatar\/d25959a15b9b293a743f99181c7cfd01?s=96&d=mm&r=g\",\"contentUrl\":\"https:\/\/secure.gravatar.com\/avatar\/d25959a15b9b293a743f99181c7cfd01?s=96&d=mm&r=g\",\"caption\":\"Laura Hern\u00e1ndez\"}}]}<\/script>\n<!-- \/ Yoast SEO plugin. -->","yoast_head_json":{"title":"Falcao no est\u00e1 lesionado -","robots":{"index":"index","follow":"follow","max-snippet":"max-snippet:-1","max-image-preview":"max-image-preview:large","max-video-preview":"max-video-preview:-1"},"canonical":"https:\/\/futbolhoy.co\/index.php\/2019\/04\/22\/falcao-no-esta-lesionado\/","og_locale":"es_ES","og_type":"article","og_title":"Falcao no est\u00e1 lesionado -","og_description":"El delantero y capit\u00e1n del M\u00f3naco, el colombiano Falcao Garc\u00eda, declar\u00f3 que no disput\u00f3 el segundo tiempo del partido contra el PSG (3-1) por la fecha 33 de la Ligue 1 de Francia, por precauci\u00f3n, al sentir un poco de carga en un aductor. Falcao reaparec\u00eda en la formaci\u00f3n inicialista del equipo del principado, luego [&hellip;]","og_url":"https:\/\/futbolhoy.co\/index.php\/2019\/04\/22\/falcao-no-esta-lesionado\/","article_publisher":"https:\/\/www.facebook.com\/FutbolHoyCol\/","article_published_time":"2019-04-22T21:33:11+00:00","article_modified_time":"2019-04-22T23:54:02+00:00","og_image":[{"width":980,"height":653,"url":"https:\/\/futbolhoy.co\/wp-content\/uploads\/2018\/04\/Falca.jpg","type":"image\/jpeg"}],"author":"Laura Hern\u00e1ndez","twitter_card":"summary_large_image","twitter_creator":"@FutbolHoyCol","twitter_site":"@FutbolHoyCol","twitter_misc":{"Escrito por":"Laura Hern\u00e1ndez","Tiempo de lectura":"1 minuto"},"schema":{"@context":"https:\/\/schema.org","@graph":[{"@type":"Article","@id":"https:\/\/futbolhoy.co\/index.php\/2019\/04\/22\/falcao-no-esta-lesionado\/#article","isPartOf":{"@id":"https:\/\/futbolhoy.co\/index.php\/2019\/04\/22\/falcao-no-esta-lesionado\/"},"author":{"name":"Laura Hern\u00e1ndez","@id":"https:\/\/futbolhoy.co\/#\/schema\/person\/c4a353a512b127643723a34bb1812f7d"},"headline":"Falcao no est\u00e1 lesionado","datePublished":"2019-04-22T21:33:11+00:00","dateModified":"2019-04-22T23:54:02+00:00","mainEntityOfPage":{"@id":"https:\/\/futbolhoy.co\/index.php\/2019\/04\/22\/falcao-no-esta-lesionado\/"},"wordCount":166,"commentCount":0,"publisher":{"@id":"https:\/\/futbolhoy.co\/#organization"},"image":{"@id":"https:\/\/futbolhoy.co\/index.php\/2019\/04\/22\/falcao-no-esta-lesionado\/#primaryimage"},"thumbnailUrl":"https:\/\/futbolhoy.co\/wp-content\/uploads\/2018\/04\/Falca.jpg","keywords":["Falcao","M\u00f3naco"],"articleSection":["Colombia"],"inLanguage":"es","potentialAction":[{"@type":"CommentAction","name":"Comment","target":["https:\/\/futbolhoy.co\/index.php\/2019\/04\/22\/falcao-no-esta-lesionado\/#respond"]}]},{"@type":"WebPage","@id":"https:\/\/futbolhoy.co\/index.php\/2019\/04\/22\/falcao-no-esta-lesionado\/","url":"https:\/\/futbolhoy.co\/index.php\/2019\/04\/22\/falcao-no-esta-lesionado\/","name":"Falcao no est\u00e1 lesionado -","isPartOf":{"@id":"https:\/\/futbolhoy.co\/#website"},"primaryImageOfPage":{"@id":"https:\/\/futbolhoy.co\/index.php\/2019\/04\/22\/falcao-no-esta-lesionado\/#primaryimage"},"image":{"@id":"https:\/\/futbolhoy.co\/index.php\/2019\/04\/22\/falcao-no-esta-lesionado\/#primaryimage"},"thumbnailUrl":"https:\/\/futbolhoy.co\/wp-content\/uploads\/2018\/04\/Falca.jpg","datePublished":"2019-04-22T21:33:11+00:00","dateModified":"2019-04-22T23:54:02+00:00","breadcrumb":{"@id":"https:\/\/futbolhoy.co\/index.php\/2019\/04\/22\/falcao-no-esta-lesionado\/#breadcrumb"},"inLanguage":"es","potentialAction":[{"@type":"ReadAction","target":["https:\/\/futbolhoy.co\/index.php\/2019\/04\/22\/falcao-no-esta-lesionado\/"]}]},{"@type":"ImageObject","inLanguage":"es","@id":"https:\/\/futbolhoy.co\/index.php\/2019\/04\/22\/falcao-no-esta-lesionado\/#primaryimage","url":"https:\/\/futbolhoy.co\/wp-content\/uploads\/2018\/04\/Falca.jpg","contentUrl":"https:\/\/futbolhoy.co\/wp-content\/uploads\/2018\/04\/Falca.jpg","width":980,"height":653,"caption":"asmonaco.com"},{"@type":"BreadcrumbList","@id":"https:\/\/futbolhoy.co\/index.php\/2019\/04\/22\/falcao-no-esta-lesionado\/#breadcrumb","itemListElement":[{"@type":"ListItem","position":1,"name":"Portada","item":"https:\/\/futbolhoy.co\/"},{"@type":"ListItem","position":2,"name":"Falcao no est\u00e1 lesionado"}]},{"@type":"WebSite","@id":"https:\/\/futbolhoy.co\/#website","url":"https:\/\/futbolhoy.co\/","name":"FutbolHoy","description":"","publisher":{"@id":"https:\/\/futbolhoy.co\/#organization"},"potentialAction":[{"@type":"SearchAction","target":{"@type":"EntryPoint","urlTemplate":"https:\/\/futbolhoy.co\/?s={search_term_string}"},"query-input":{"@type":"PropertyValueSpecification","valueRequired":true,"valueName":"search_term_string"}}],"inLanguage":"es"},{"@type":"Organization","@id":"https:\/\/futbolhoy.co\/#organization","name":"Futbolhoy.co","url":"https:\/\/futbolhoy.co\/","logo":{"@type":"ImageObject","inLanguage":"es","@id":"https:\/\/futbolhoy.co\/#\/schema\/logo\/image\/","url":"https:\/\/futbolhoy.co\/wp-content\/uploads\/2018\/08\/17426380_1906371736249227_6326180412931521141_n.jpg","contentUrl":"https:\/\/futbolhoy.co\/wp-content\/uploads\/2018\/08\/17426380_1906371736249227_6326180412931521141_n.jpg","width":960,"height":960,"caption":"Futbolhoy.co"},"image":{"@id":"https:\/\/futbolhoy.co\/#\/schema\/logo\/image\/"},"sameAs":["https:\/\/www.facebook.com\/FutbolHoyCol\/","https:\/\/x.com\/FutbolHoyCol","https:\/\/www.instagram.com\/futbolhoycol\/"]},{"@type":"Person","@id":"https:\/\/futbolhoy.co\/#\/schema\/person\/c4a353a512b127643723a34bb1812f7d","name":"Laura Hern\u00e1ndez","image":{"@type":"ImageObject","inLanguage":"es","@id":"https:\/\/futbolhoy.co\/#\/schema\/person\/image\/","url":"https:\/\/secure.gravatar.com\/avatar\/d25959a15b9b293a743f99181c7cfd01?s=96&d=mm&r=g","contentUrl":"https:\/\/secure.gravatar.com\/avatar\/d25959a15b9b293a743f99181c7cfd01?s=96&d=mm&r=g","caption":"Laura Hern\u00e1ndez"}}]}},"publishpress_future_action":{"enabled":false,"date":"2026-05-02 04:02:57","action":"change-status","newStatus":"draft","terms":[],"taxonomy":"category","extraData":[]},"publishpress_future_workflow_manual_trigger":{"enabledWorkflows":[]},"_links":{"self":[{"href":"https:\/\/futbolhoy.co\/index.php\/wp-json\/wp\/v2\/posts\/34498","targetHints":{"allow":["GET"]}}],"collection":[{"href":"https:\/\/futbolhoy.co\/index.php\/wp-json\/wp\/v2\/posts"}],"about":[{"href":"https:\/\/futbolhoy.co\/index.php\/wp-json\/wp\/v2\/types\/post"}],"author":[{"embeddable":true,"href":"https:\/\/futbolhoy.co\/index.php\/wp-json\/wp\/v2\/users\/5"}],"replies":[{"embeddable":true,"href":"https:\/\/futbolhoy.co\/index.php\/wp-json\/wp\/v2\/comments?post=34498"}],"version-history":[{"count":1,"href":"https:\/\/futbolhoy.co\/index.php\/wp-json\/wp\/v2\/posts\/34498\/revisions"}],"predecessor-version":[{"id":34499,"href":"https:\/\/futbolhoy.co\/index.php\/wp-json\/wp\/v2\/posts\/34498\/revisions\/34499"}],"wp:featuredmedia":[{"embeddable":true,"href":"https:\/\/futbolhoy.co\/index.php\/wp-json\/wp\/v2\/media\/15671"}],"wp:attachment":[{"href":"https:\/\/futbolhoy.co\/index.php\/wp-json\/wp\/v2\/media?parent=34498"}],"wp:term":[{"taxonomy":"category","embeddable":true,"href":"https:\/\/futbolhoy.co\/index.php\/wp-json\/wp\/v2\/categories?post=34498"},{"taxonomy":"post_tag","embeddable":true,"href":"https:\/\/futbolhoy.co\/index.php\/wp-json\/wp\/v2\/tags?post=34498"}],"curies":[{"name":"wp","href":"https:\/\/api.w.org\/{rel}","templated":true}]}}