{"id":35275,"date":"2019-05-08T22:02:30","date_gmt":"2019-05-09T03:02:30","guid":{"rendered":"https:\/\/futbolhoy.co\/?p=35275"},"modified":"2019-05-29T16:48:35","modified_gmt":"2019-05-29T21:48:35","slug":"melgar-sorprendio-y-dejo-a-junior-sin-competencia-internacional","status":"publish","type":"post","link":"https:\/\/futbolhoy.co\/index.php\/2019\/05\/08\/melgar-sorprendio-y-dejo-a-junior-sin-competencia-internacional\/","title":{"rendered":"Melgar sorprendi\u00f3 y dej\u00f3 a Junior sin competencia internacional"},"content":{"rendered":"<p style=\"text-align: justify;\"><strong>Melgar<\/strong> de <strong>Per\u00fa<\/strong>, verdugo de <strong>Junior<\/strong> en torneos internacionales, lo venci\u00f3 una vez m\u00e1s y lo dej\u00f3 sin chances de avanzar a la segunda fase de la <strong>Copa Sudamericana<\/strong>, en la \u00faltima fecha de la fase de grupos de la <strong>Copa Libertadores.<\/strong><\/p>\n<p style=\"text-align: justify;\">Un solitario gol del argentino <strong>Bernardo Cuesta<\/strong> a los 17 minutos decret\u00f3 el 0-1 definitivo, que catapult\u00f3 a los &#8216;Incas&#8217; al torneo y le signific\u00f3 el tercer triunfo sobre el &#8216;Tibur\u00f3n&#8217;. Melgar es el \u00fanico equipo de dicho pa\u00eds que ha derrotado al cuadro barranquillero y el primero que lo hace en la capital del <strong>Atl\u00e1ntico<\/strong>.<\/p>\n<p style=\"text-align: justify;\">El juego, que adem\u00e1s signific\u00f3 el inicio del noveno ciclo de Julio Comesa\u00f1a, es la segunda derrota consecutiva del cuadro barranquillero, que sum\u00f3 apenas tres puntos y termin\u00f3 como colero del Grupo G.<\/p>\n<p style=\"text-align: justify;\">El domingo Junior iniciar\u00e1 su participaci\u00f3n en el Grupo B de los cuadrangulares en casa ante<strong> Atl\u00e9tico Nacional.<\/strong><\/p>\n","protected":false},"excerpt":{"rendered":"<p>Melgar de Per\u00fa, verdugo de Junior en torneos internacionales, lo venci\u00f3 una vez m\u00e1s y lo dej\u00f3 sin chances de avanzar a la segunda fase de la Copa Sudamericana, en la \u00faltima fecha de la fase de grupos de la Copa Libertadores. Un solitario gol del argentino Bernardo Cuesta a los 17 minutos decret\u00f3 el [&hellip;]<\/p>\n","protected":false},"author":5,"featured_media":35276,"comment_status":"open","ping_status":"closed","sticky":false,"template":"","format":"standard","meta":{"_acf_changed":false,"footnotes":""},"categories":[653],"tags":[115,90,1259],"class_list":{"0":"post-35275","1":"post","2":"type-post","3":"status-publish","4":"format-standard","5":"has-post-thumbnail","7":"category-copa-libertadores","8":"tag-copa-libertadores","9":"tag-junior","10":"tag-melgar"},"acf":[],"_links":{"self":[{"href":"https:\/\/futbolhoy.co\/index.php\/wp-json\/wp\/v2\/posts\/35275","targetHints":{"allow":["GET"]}}],"collection":[{"href":"https:\/\/futbolhoy.co\/index.php\/wp-json\/wp\/v2\/posts"}],"about":[{"href":"https:\/\/futbolhoy.co\/index.php\/wp-json\/wp\/v2\/types\/post"}],"author":[{"embeddable":true,"href":"https:\/\/futbolhoy.co\/index.php\/wp-json\/wp\/v2\/users\/5"}],"replies":[{"embeddable":true,"href":"https:\/\/futbolhoy.co\/index.php\/wp-json\/wp\/v2\/comments?post=35275"}],"version-history":[{"count":1,"href":"https:\/\/futbolhoy.co\/index.php\/wp-json\/wp\/v2\/posts\/35275\/revisions"}],"predecessor-version":[{"id":35277,"href":"https:\/\/futbolhoy.co\/index.php\/wp-json\/wp\/v2\/posts\/35275\/revisions\/35277"}],"wp:featuredmedia":[{"embeddable":true,"href":"https:\/\/futbolhoy.co\/index.php\/wp-json\/wp\/v2\/media\/35276"}],"wp:attachment":[{"href":"https:\/\/futbolhoy.co\/index.php\/wp-json\/wp\/v2\/media?parent=35275"}],"wp:term":[{"taxonomy":"category","embeddable":true,"href":"https:\/\/futbolhoy.co\/index.php\/wp-json\/wp\/v2\/categories?post=35275"},{"taxonomy":"post_tag","embeddable":true,"href":"https:\/\/futbolhoy.co\/index.php\/wp-json\/wp\/v2\/tags?post=35275"}],"curies":[{"name":"wp","href":"https:\/\/api.w.org\/{rel}","templated":true}]}}