{"id":37473,"date":"2019-06-15T19:41:32","date_gmt":"2019-06-16T00:41:32","guid":{"rendered":"https:\/\/futbolhoy.co\/?p=37473"},"modified":"2019-06-15T19:45:17","modified_gmt":"2019-06-16T00:45:17","slug":"colombia-gana-e-ilusiona","status":"publish","type":"post","link":"https:\/\/futbolhoy.co\/index.php\/2019\/06\/15\/colombia-gana-e-ilusiona\/","title":{"rendered":"Colombia gana e ilusiona"},"content":{"rendered":"<p style=\"text-align: justify;\"><span style=\"font-family: helvetica, arial, sans-serif;\"><strong>Colombia<\/strong> inici\u00f3 con pie derecho su camino en la <strong>Copa Am\u00e9rica<\/strong> tras imponerse 0-2 frente a Argentina en su primer partido en el torneo.\u00a0<\/span><\/p>\n<p style=\"text-align: justify;\"><span style=\"font-family: helvetica, arial, sans-serif;\">En la <strong>Arena Fonte Nova<\/strong>, el seleccionado nacional tuvo el manejo del partido en el primer tiempo, con la presi\u00f3n de la pelota y llegando de forma constante al arco defendido por <strong>Franco Armani.\u00a0<\/strong><\/span><\/p>\n<p style=\"text-align: justify;\"><span style=\"font-family: helvetica, arial, sans-serif;\">El segundo tiempo estuvo marcado por la presi\u00f3n de Argentina, que no lograba ser concreto para la anotaci\u00f3n. Finalmente, <strong>Colombia<\/strong> celebr\u00f3 en el minuto 71 con un remate de <strong>Roger Mart\u00ednez<\/strong> fuera del \u00e1rea.\u00a0<\/span><\/p>\n<p style=\"text-align: justify;\"><span style=\"font-family: helvetica, arial, sans-serif;\">Nuevamente en una salida por el costado, <strong>Roger Mart\u00ednez<\/strong> asisti\u00f3 a <strong>Jefferson Lerma<\/strong> que centr\u00f3 el bal\u00f3n para el remate de <strong>Duvan Zapata<\/strong> en el minuto 86 y el segundo gol en la<strong> Selecci\u00f3n Colombia.\u00a0<\/strong><\/span><\/p>\n<p style=\"text-align: justify;\"><span style=\"font-family: helvetica, arial, sans-serif;\">Con la victoria, Colombia termin\u00f3 con una racha de 12 a\u00f1os sin poder vencer a la <strong>Selecci\u00f3n Argentina.\u00a0<\/strong>La \u00faltima victoria fue el 20 de noviembre de 2007. Adem\u00e1s el combinado nacional volvi\u00f3 a celebrar en una Copa Am\u00e9rica frente a Argentina tras una sequ\u00eda de 20 a\u00f1os.\u00a0<\/span><\/p>\n<p style=\"text-align: justify;\"><strong><span style=\"font-family: helvetica, arial, sans-serif;\">Formaciones\u00a0<\/span><\/strong><\/p>\n<p style=\"text-align: justify;\"><span style=\"font-family: helvetica, arial, sans-serif;\"><strong>Argentina<\/strong>: Franco Armani; Renzo Saravia, German Pezzella, Nicol\u00e1s Otamendi, Nicol\u00e1s Tagliafico; Giovani Lo Celso, Guido Rodr\u00edguez (Guido Pizarro 67'), Leandro Paredes, Lionel Messi, Kun\u00a0Ag\u00fcero (Matias Su\u00e1rez 79'), \u00c1ngel Di Maria (Rodrigo de Paul 46').\u00a0<\/span><\/p>\n<p style=\"text-align: justify;\"><span style=\"font-family: helvetica, arial, sans-serif;\"><strong>Colombia<\/strong>: David Ospina; Stefan Medina, Yerry Mina, D\u00e1vinson S\u00e1nchez, William Tesillo; Juan Cuadrado (Jefferson Lerma 64'), Wilmar Barrios, Matheus Uribe, James Rodr\u00edguez; Falcao Garc\u00eda (Duvan Zapata 81'), Luis Fernando Muriel (Roger Mart\u00ednez 8').\u00a0<\/span><\/p>\n","protected":false},"excerpt":{"rendered":"<p>Colombia inici\u00f3 con pie derecho su camino en la Copa Am\u00e9rica tras imponerse 0-2 frente a Argentina en su primer partido en el torneo.\u00a0 En la Arena Fonte Nova, el seleccionado nacional tuvo el manejo del partido en el primer tiempo, con la presi\u00f3n de la pelota y llegando de forma constante al arco defendido [&hellip;]<\/p>\n","protected":false},"author":5,"featured_media":37476,"comment_status":"open","ping_status":"open","sticky":false,"template":"","format":"standard","meta":{"_acf_changed":false,"footnotes":""},"categories":[5],"tags":[244,127],"class_list":{"0":"post-37473","1":"post","2":"type-post","3":"status-publish","4":"format-standard","5":"has-post-thumbnail","7":"category-destacados","8":"tag-seleccion-argentina","9":"tag-seleccion-colombia"},"acf":[],"yoast_head":"<!-- This site is optimized with the Yoast SEO plugin v26.8 - https:\/\/yoast.com\/product\/yoast-seo-wordpress\/ -->\n<title>Colombia gana e ilusiona -<\/title>\n<meta name=\"robots\" content=\"index, follow, max-snippet:-1, max-image-preview:large, max-video-preview:-1\" \/>\n<link rel=\"canonical\" href=\"https:\/\/futbolhoy.co\/index.php\/2019\/06\/15\/colombia-gana-e-ilusiona\/\" \/>\n<meta property=\"og:locale\" content=\"es_ES\" \/>\n<meta property=\"og:type\" content=\"article\" \/>\n<meta property=\"og:title\" content=\"Colombia gana e ilusiona -\" \/>\n<meta property=\"og:description\" content=\"Colombia inici\u00f3 con pie derecho su camino en la Copa Am\u00e9rica tras imponerse 0-2 frente a Argentina en su primer partido en el torneo.\u00a0 En la Arena Fonte Nova, el seleccionado nacional tuvo el manejo del partido en el primer tiempo, con la presi\u00f3n de la pelota y llegando de forma constante al arco defendido [&hellip;]\" \/>\n<meta property=\"og:url\" content=\"https:\/\/futbolhoy.co\/index.php\/2019\/06\/15\/colombia-gana-e-ilusiona\/\" \/>\n<meta property=\"article:publisher\" content=\"https:\/\/www.facebook.com\/FutbolHoyCol\/\" \/>\n<meta property=\"article:published_time\" content=\"2019-06-16T00:41:32+00:00\" \/>\n<meta property=\"article:modified_time\" content=\"2019-06-16T00:45:17+00:00\" \/>\n<meta property=\"og:image\" content=\"https:\/\/futbolhoy.co\/wp-content\/uploads\/2019\/06\/D9JCHDSXYAAMGZW.jpg\" \/>\n\t<meta property=\"og:image:width\" content=\"1200\" \/>\n\t<meta property=\"og:image:height\" content=\"1200\" \/>\n\t<meta property=\"og:image:type\" content=\"image\/jpeg\" \/>\n<meta name=\"author\" content=\"Laura Hern\u00e1ndez\" \/>\n<meta name=\"twitter:card\" content=\"summary_large_image\" \/>\n<meta name=\"twitter:creator\" content=\"@FutbolHoyCol\" \/>\n<meta name=\"twitter:site\" content=\"@FutbolHoyCol\" \/>\n<meta name=\"twitter:label1\" content=\"Escrito por\" \/>\n\t<meta name=\"twitter:data1\" content=\"Laura Hern\u00e1ndez\" \/>\n\t<meta name=\"twitter:label2\" content=\"Tiempo de lectura\" \/>\n\t<meta name=\"twitter:data2\" content=\"1 minuto\" \/>\n<script type=\"application\/ld+json\" class=\"yoast-schema-graph\">{\"@context\":\"https:\/\/schema.org\",\"@graph\":[{\"@type\":\"Article\",\"@id\":\"https:\/\/futbolhoy.co\/index.php\/2019\/06\/15\/colombia-gana-e-ilusiona\/#article\",\"isPartOf\":{\"@id\":\"https:\/\/futbolhoy.co\/index.php\/2019\/06\/15\/colombia-gana-e-ilusiona\/\"},\"author\":{\"name\":\"Laura Hern\u00e1ndez\",\"@id\":\"https:\/\/futbolhoy.co\/#\/schema\/person\/c4a353a512b127643723a34bb1812f7d\"},\"headline\":\"Colombia gana e ilusiona\",\"datePublished\":\"2019-06-16T00:41:32+00:00\",\"dateModified\":\"2019-06-16T00:45:17+00:00\",\"mainEntityOfPage\":{\"@id\":\"https:\/\/futbolhoy.co\/index.php\/2019\/06\/15\/colombia-gana-e-ilusiona\/\"},\"wordCount\":266,\"commentCount\":0,\"publisher\":{\"@id\":\"https:\/\/futbolhoy.co\/#organization\"},\"image\":{\"@id\":\"https:\/\/futbolhoy.co\/index.php\/2019\/06\/15\/colombia-gana-e-ilusiona\/#primaryimage\"},\"thumbnailUrl\":\"https:\/\/futbolhoy.co\/wp-content\/uploads\/2019\/06\/D9JCHDSXYAAMGZW.jpg\",\"keywords\":[\"Selecci\u00f3n Argentina\",\"Selecci\u00f3n Colombia\"],\"articleSection\":[\"Destacados\"],\"inLanguage\":\"es\",\"potentialAction\":[{\"@type\":\"CommentAction\",\"name\":\"Comment\",\"target\":[\"https:\/\/futbolhoy.co\/index.php\/2019\/06\/15\/colombia-gana-e-ilusiona\/#respond\"]}]},{\"@type\":\"WebPage\",\"@id\":\"https:\/\/futbolhoy.co\/index.php\/2019\/06\/15\/colombia-gana-e-ilusiona\/\",\"url\":\"https:\/\/futbolhoy.co\/index.php\/2019\/06\/15\/colombia-gana-e-ilusiona\/\",\"name\":\"Colombia gana e ilusiona -\",\"isPartOf\":{\"@id\":\"https:\/\/futbolhoy.co\/#website\"},\"primaryImageOfPage\":{\"@id\":\"https:\/\/futbolhoy.co\/index.php\/2019\/06\/15\/colombia-gana-e-ilusiona\/#primaryimage\"},\"image\":{\"@id\":\"https:\/\/futbolhoy.co\/index.php\/2019\/06\/15\/colombia-gana-e-ilusiona\/#primaryimage\"},\"thumbnailUrl\":\"https:\/\/futbolhoy.co\/wp-content\/uploads\/2019\/06\/D9JCHDSXYAAMGZW.jpg\",\"datePublished\":\"2019-06-16T00:41:32+00:00\",\"dateModified\":\"2019-06-16T00:45:17+00:00\",\"breadcrumb\":{\"@id\":\"https:\/\/futbolhoy.co\/index.php\/2019\/06\/15\/colombia-gana-e-ilusiona\/#breadcrumb\"},\"inLanguage\":\"es\",\"potentialAction\":[{\"@type\":\"ReadAction\",\"target\":[\"https:\/\/futbolhoy.co\/index.php\/2019\/06\/15\/colombia-gana-e-ilusiona\/\"]}]},{\"@type\":\"ImageObject\",\"inLanguage\":\"es\",\"@id\":\"https:\/\/futbolhoy.co\/index.php\/2019\/06\/15\/colombia-gana-e-ilusiona\/#primaryimage\",\"url\":\"https:\/\/futbolhoy.co\/wp-content\/uploads\/2019\/06\/D9JCHDSXYAAMGZW.jpg\",\"contentUrl\":\"https:\/\/futbolhoy.co\/wp-content\/uploads\/2019\/06\/D9JCHDSXYAAMGZW.jpg\",\"width\":1200,\"height\":1200},{\"@type\":\"BreadcrumbList\",\"@id\":\"https:\/\/futbolhoy.co\/index.php\/2019\/06\/15\/colombia-gana-e-ilusiona\/#breadcrumb\",\"itemListElement\":[{\"@type\":\"ListItem\",\"position\":1,\"name\":\"Portada\",\"item\":\"https:\/\/futbolhoy.co\/\"},{\"@type\":\"ListItem\",\"position\":2,\"name\":\"Colombia gana e ilusiona\"}]},{\"@type\":\"WebSite\",\"@id\":\"https:\/\/futbolhoy.co\/#website\",\"url\":\"https:\/\/futbolhoy.co\/\",\"name\":\"FutbolHoy\",\"description\":\"\",\"publisher\":{\"@id\":\"https:\/\/futbolhoy.co\/#organization\"},\"potentialAction\":[{\"@type\":\"SearchAction\",\"target\":{\"@type\":\"EntryPoint\",\"urlTemplate\":\"https:\/\/futbolhoy.co\/?s={search_term_string}\"},\"query-input\":{\"@type\":\"PropertyValueSpecification\",\"valueRequired\":true,\"valueName\":\"search_term_string\"}}],\"inLanguage\":\"es\"},{\"@type\":\"Organization\",\"@id\":\"https:\/\/futbolhoy.co\/#organization\",\"name\":\"Futbolhoy.co\",\"url\":\"https:\/\/futbolhoy.co\/\",\"logo\":{\"@type\":\"ImageObject\",\"inLanguage\":\"es\",\"@id\":\"https:\/\/futbolhoy.co\/#\/schema\/logo\/image\/\",\"url\":\"https:\/\/futbolhoy.co\/wp-content\/uploads\/2018\/08\/17426380_1906371736249227_6326180412931521141_n.jpg\",\"contentUrl\":\"https:\/\/futbolhoy.co\/wp-content\/uploads\/2018\/08\/17426380_1906371736249227_6326180412931521141_n.jpg\",\"width\":960,\"height\":960,\"caption\":\"Futbolhoy.co\"},\"image\":{\"@id\":\"https:\/\/futbolhoy.co\/#\/schema\/logo\/image\/\"},\"sameAs\":[\"https:\/\/www.facebook.com\/FutbolHoyCol\/\",\"https:\/\/x.com\/FutbolHoyCol\",\"https:\/\/www.instagram.com\/futbolhoycol\/\"]},{\"@type\":\"Person\",\"@id\":\"https:\/\/futbolhoy.co\/#\/schema\/person\/c4a353a512b127643723a34bb1812f7d\",\"name\":\"Laura Hern\u00e1ndez\",\"image\":{\"@type\":\"ImageObject\",\"inLanguage\":\"es\",\"@id\":\"https:\/\/futbolhoy.co\/#\/schema\/person\/image\/\",\"url\":\"https:\/\/secure.gravatar.com\/avatar\/d25959a15b9b293a743f99181c7cfd01?s=96&d=mm&r=g\",\"contentUrl\":\"https:\/\/secure.gravatar.com\/avatar\/d25959a15b9b293a743f99181c7cfd01?s=96&d=mm&r=g\",\"caption\":\"Laura Hern\u00e1ndez\"}}]}<\/script>\n<!-- \/ Yoast SEO plugin. -->","yoast_head_json":{"title":"Colombia gana e ilusiona -","robots":{"index":"index","follow":"follow","max-snippet":"max-snippet:-1","max-image-preview":"max-image-preview:large","max-video-preview":"max-video-preview:-1"},"canonical":"https:\/\/futbolhoy.co\/index.php\/2019\/06\/15\/colombia-gana-e-ilusiona\/","og_locale":"es_ES","og_type":"article","og_title":"Colombia gana e ilusiona -","og_description":"Colombia inici\u00f3 con pie derecho su camino en la Copa Am\u00e9rica tras imponerse 0-2 frente a Argentina en su primer partido en el torneo.\u00a0 En la Arena Fonte Nova, el seleccionado nacional tuvo el manejo del partido en el primer tiempo, con la presi\u00f3n de la pelota y llegando de forma constante al arco defendido [&hellip;]","og_url":"https:\/\/futbolhoy.co\/index.php\/2019\/06\/15\/colombia-gana-e-ilusiona\/","article_publisher":"https:\/\/www.facebook.com\/FutbolHoyCol\/","article_published_time":"2019-06-16T00:41:32+00:00","article_modified_time":"2019-06-16T00:45:17+00:00","og_image":[{"width":1200,"height":1200,"url":"https:\/\/futbolhoy.co\/wp-content\/uploads\/2019\/06\/D9JCHDSXYAAMGZW.jpg","type":"image\/jpeg"}],"author":"Laura Hern\u00e1ndez","twitter_card":"summary_large_image","twitter_creator":"@FutbolHoyCol","twitter_site":"@FutbolHoyCol","twitter_misc":{"Escrito por":"Laura Hern\u00e1ndez","Tiempo de lectura":"1 minuto"},"schema":{"@context":"https:\/\/schema.org","@graph":[{"@type":"Article","@id":"https:\/\/futbolhoy.co\/index.php\/2019\/06\/15\/colombia-gana-e-ilusiona\/#article","isPartOf":{"@id":"https:\/\/futbolhoy.co\/index.php\/2019\/06\/15\/colombia-gana-e-ilusiona\/"},"author":{"name":"Laura Hern\u00e1ndez","@id":"https:\/\/futbolhoy.co\/#\/schema\/person\/c4a353a512b127643723a34bb1812f7d"},"headline":"Colombia gana e ilusiona","datePublished":"2019-06-16T00:41:32+00:00","dateModified":"2019-06-16T00:45:17+00:00","mainEntityOfPage":{"@id":"https:\/\/futbolhoy.co\/index.php\/2019\/06\/15\/colombia-gana-e-ilusiona\/"},"wordCount":266,"commentCount":0,"publisher":{"@id":"https:\/\/futbolhoy.co\/#organization"},"image":{"@id":"https:\/\/futbolhoy.co\/index.php\/2019\/06\/15\/colombia-gana-e-ilusiona\/#primaryimage"},"thumbnailUrl":"https:\/\/futbolhoy.co\/wp-content\/uploads\/2019\/06\/D9JCHDSXYAAMGZW.jpg","keywords":["Selecci\u00f3n Argentina","Selecci\u00f3n Colombia"],"articleSection":["Destacados"],"inLanguage":"es","potentialAction":[{"@type":"CommentAction","name":"Comment","target":["https:\/\/futbolhoy.co\/index.php\/2019\/06\/15\/colombia-gana-e-ilusiona\/#respond"]}]},{"@type":"WebPage","@id":"https:\/\/futbolhoy.co\/index.php\/2019\/06\/15\/colombia-gana-e-ilusiona\/","url":"https:\/\/futbolhoy.co\/index.php\/2019\/06\/15\/colombia-gana-e-ilusiona\/","name":"Colombia gana e ilusiona -","isPartOf":{"@id":"https:\/\/futbolhoy.co\/#website"},"primaryImageOfPage":{"@id":"https:\/\/futbolhoy.co\/index.php\/2019\/06\/15\/colombia-gana-e-ilusiona\/#primaryimage"},"image":{"@id":"https:\/\/futbolhoy.co\/index.php\/2019\/06\/15\/colombia-gana-e-ilusiona\/#primaryimage"},"thumbnailUrl":"https:\/\/futbolhoy.co\/wp-content\/uploads\/2019\/06\/D9JCHDSXYAAMGZW.jpg","datePublished":"2019-06-16T00:41:32+00:00","dateModified":"2019-06-16T00:45:17+00:00","breadcrumb":{"@id":"https:\/\/futbolhoy.co\/index.php\/2019\/06\/15\/colombia-gana-e-ilusiona\/#breadcrumb"},"inLanguage":"es","potentialAction":[{"@type":"ReadAction","target":["https:\/\/futbolhoy.co\/index.php\/2019\/06\/15\/colombia-gana-e-ilusiona\/"]}]},{"@type":"ImageObject","inLanguage":"es","@id":"https:\/\/futbolhoy.co\/index.php\/2019\/06\/15\/colombia-gana-e-ilusiona\/#primaryimage","url":"https:\/\/futbolhoy.co\/wp-content\/uploads\/2019\/06\/D9JCHDSXYAAMGZW.jpg","contentUrl":"https:\/\/futbolhoy.co\/wp-content\/uploads\/2019\/06\/D9JCHDSXYAAMGZW.jpg","width":1200,"height":1200},{"@type":"BreadcrumbList","@id":"https:\/\/futbolhoy.co\/index.php\/2019\/06\/15\/colombia-gana-e-ilusiona\/#breadcrumb","itemListElement":[{"@type":"ListItem","position":1,"name":"Portada","item":"https:\/\/futbolhoy.co\/"},{"@type":"ListItem","position":2,"name":"Colombia gana e ilusiona"}]},{"@type":"WebSite","@id":"https:\/\/futbolhoy.co\/#website","url":"https:\/\/futbolhoy.co\/","name":"FutbolHoy","description":"","publisher":{"@id":"https:\/\/futbolhoy.co\/#organization"},"potentialAction":[{"@type":"SearchAction","target":{"@type":"EntryPoint","urlTemplate":"https:\/\/futbolhoy.co\/?s={search_term_string}"},"query-input":{"@type":"PropertyValueSpecification","valueRequired":true,"valueName":"search_term_string"}}],"inLanguage":"es"},{"@type":"Organization","@id":"https:\/\/futbolhoy.co\/#organization","name":"Futbolhoy.co","url":"https:\/\/futbolhoy.co\/","logo":{"@type":"ImageObject","inLanguage":"es","@id":"https:\/\/futbolhoy.co\/#\/schema\/logo\/image\/","url":"https:\/\/futbolhoy.co\/wp-content\/uploads\/2018\/08\/17426380_1906371736249227_6326180412931521141_n.jpg","contentUrl":"https:\/\/futbolhoy.co\/wp-content\/uploads\/2018\/08\/17426380_1906371736249227_6326180412931521141_n.jpg","width":960,"height":960,"caption":"Futbolhoy.co"},"image":{"@id":"https:\/\/futbolhoy.co\/#\/schema\/logo\/image\/"},"sameAs":["https:\/\/www.facebook.com\/FutbolHoyCol\/","https:\/\/x.com\/FutbolHoyCol","https:\/\/www.instagram.com\/futbolhoycol\/"]},{"@type":"Person","@id":"https:\/\/futbolhoy.co\/#\/schema\/person\/c4a353a512b127643723a34bb1812f7d","name":"Laura Hern\u00e1ndez","image":{"@type":"ImageObject","inLanguage":"es","@id":"https:\/\/futbolhoy.co\/#\/schema\/person\/image\/","url":"https:\/\/secure.gravatar.com\/avatar\/d25959a15b9b293a743f99181c7cfd01?s=96&d=mm&r=g","contentUrl":"https:\/\/secure.gravatar.com\/avatar\/d25959a15b9b293a743f99181c7cfd01?s=96&d=mm&r=g","caption":"Laura Hern\u00e1ndez"}}]}},"publishpress_future_action":{"enabled":false,"date":"2026-05-02 04:34:45","action":"change-status","newStatus":"draft","terms":[],"taxonomy":"category","extraData":[]},"publishpress_future_workflow_manual_trigger":{"enabledWorkflows":[]},"_links":{"self":[{"href":"https:\/\/futbolhoy.co\/index.php\/wp-json\/wp\/v2\/posts\/37473","targetHints":{"allow":["GET"]}}],"collection":[{"href":"https:\/\/futbolhoy.co\/index.php\/wp-json\/wp\/v2\/posts"}],"about":[{"href":"https:\/\/futbolhoy.co\/index.php\/wp-json\/wp\/v2\/types\/post"}],"author":[{"embeddable":true,"href":"https:\/\/futbolhoy.co\/index.php\/wp-json\/wp\/v2\/users\/5"}],"replies":[{"embeddable":true,"href":"https:\/\/futbolhoy.co\/index.php\/wp-json\/wp\/v2\/comments?post=37473"}],"version-history":[{"count":4,"href":"https:\/\/futbolhoy.co\/index.php\/wp-json\/wp\/v2\/posts\/37473\/revisions"}],"predecessor-version":[{"id":37481,"href":"https:\/\/futbolhoy.co\/index.php\/wp-json\/wp\/v2\/posts\/37473\/revisions\/37481"}],"wp:featuredmedia":[{"embeddable":true,"href":"https:\/\/futbolhoy.co\/index.php\/wp-json\/wp\/v2\/media\/37476"}],"wp:attachment":[{"href":"https:\/\/futbolhoy.co\/index.php\/wp-json\/wp\/v2\/media?parent=37473"}],"wp:term":[{"taxonomy":"category","embeddable":true,"href":"https:\/\/futbolhoy.co\/index.php\/wp-json\/wp\/v2\/categories?post=37473"},{"taxonomy":"post_tag","embeddable":true,"href":"https:\/\/futbolhoy.co\/index.php\/wp-json\/wp\/v2\/tags?post=37473"}],"curies":[{"name":"wp","href":"https:\/\/api.w.org\/{rel}","templated":true}]}}