{"id":38206,"date":"2019-07-02T18:38:27","date_gmt":"2019-07-02T23:38:27","guid":{"rendered":"https:\/\/futbolhoy.co\/?p=38206"},"modified":"2019-07-03T05:20:26","modified_gmt":"2019-07-03T10:20:26","slug":"nacional-confirmo-paso-de-cuesta-al-genk-belga","status":"publish","type":"post","link":"https:\/\/futbolhoy.co\/index.php\/2019\/07\/02\/nacional-confirmo-paso-de-cuesta-al-genk-belga\/","title":{"rendered":"Nacional confirm\u00f3 paso de Cuesta al Genk belga"},"content":{"rendered":"<p class=\"m_-6748877138535951558ydpc87dba76MsoNormal\" style=\"text-align: justify;\"><span style=\"font-family: helvetica, arial, sans-serif;\">El defensa juvenil <strong>Carlos Cuesta<\/strong>, quien jug\u00f3 el <strong>Mundial sub-20<\/strong> de <strong>Polonia<\/strong> 2019 con <strong>Colombia<\/strong>, fue traspasado al <strong>Genk<\/strong> de B\u00e9lgica por <strong>Atl\u00e9tico Nacional.<\/strong><\/span><\/p>\n<p class=\"m_-6748877138535951558ydpc87dba76MsoNormal\" style=\"text-align: justify;\"><span style=\"font-family: helvetica, arial, sans-serif;\">El central, que desde 2016 ha jugado 72 partidos oficiales con el equipo antioque\u00f1o, tendr\u00e1 su primera experiencia internacional en el <strong>Genk<\/strong>, vigente campe\u00f3n de <strong>B\u00e9lgica<\/strong>.<\/span><\/p>\n<p class=\"m_-6748877138535951558ydpc87dba76MsoNormal\" style=\"text-align: justify;\"><span style=\"font-family: helvetica, arial, sans-serif;\"><strong>Cuesta<\/strong> logr\u00f3 cinco t\u00edtulos con Nacional: dos copas Colombia (2016 y 2018), una liga (2017), una Copa Libertadores (2016) y una Recopa Sudamericana (2017).<\/span><\/p>\n<p class=\"m_-6748877138535951558ydpc87dba76MsoNormal\" style=\"text-align: justify;\"><span style=\"font-family: helvetica, arial, sans-serif;\"><i>\"Gratitud y nuestros mejores deseos a Carlos Cuesta quien desde hace 7 a\u00f1os pertenece a nuestra instituci\u00f3n y con 20 a\u00f1os de edad dirige su mirada al f\u00fatbol Belga para unirse a Racing Club Genk\"<\/i>, dice la nota de prensa del Atl\u00e9tico Nacional.<\/span><\/p>\n","protected":false},"excerpt":{"rendered":"<p>El defensa juvenil Carlos Cuesta, quien jug\u00f3 el Mundial sub-20 de Polonia 2019 con Colombia, fue traspasado al Genk de B\u00e9lgica por Atl\u00e9tico Nacional. El central, que desde 2016 ha jugado 72 partidos oficiales con el equipo antioque\u00f1o, tendr\u00e1 su primera experiencia internacional en el Genk, vigente campe\u00f3n de B\u00e9lgica. Cuesta logr\u00f3 cinco t\u00edtulos con [&hellip;]<\/p>\n","protected":false},"author":5,"featured_media":38210,"comment_status":"open","ping_status":"open","sticky":false,"template":"","format":"standard","meta":{"_acf_changed":false,"footnotes":""},"categories":[7],"tags":[205],"class_list":{"0":"post-38206","1":"post","2":"type-post","3":"status-publish","4":"format-standard","5":"has-post-thumbnail","7":"category-liga-betplay","8":"tag-atletico-nacional"},"acf":[],"yoast_head":"<!-- This site is optimized with the Yoast SEO plugin v26.8 - https:\/\/yoast.com\/product\/yoast-seo-wordpress\/ -->\n<title>Nacional confirm\u00f3 paso de Cuesta al Genk belga -<\/title>\n<meta name=\"robots\" content=\"index, follow, max-snippet:-1, max-image-preview:large, max-video-preview:-1\" \/>\n<link rel=\"canonical\" href=\"https:\/\/futbolhoy.co\/index.php\/2019\/07\/02\/nacional-confirmo-paso-de-cuesta-al-genk-belga\/\" \/>\n<meta property=\"og:locale\" content=\"es_ES\" \/>\n<meta property=\"og:type\" content=\"article\" \/>\n<meta property=\"og:title\" content=\"Nacional confirm\u00f3 paso de Cuesta al Genk belga -\" \/>\n<meta property=\"og:description\" content=\"El defensa juvenil Carlos Cuesta, quien jug\u00f3 el Mundial sub-20 de Polonia 2019 con Colombia, fue traspasado al Genk de B\u00e9lgica por Atl\u00e9tico Nacional. El central, que desde 2016 ha jugado 72 partidos oficiales con el equipo antioque\u00f1o, tendr\u00e1 su primera experiencia internacional en el Genk, vigente campe\u00f3n de B\u00e9lgica. Cuesta logr\u00f3 cinco t\u00edtulos con [&hellip;]\" \/>\n<meta property=\"og:url\" content=\"https:\/\/futbolhoy.co\/index.php\/2019\/07\/02\/nacional-confirmo-paso-de-cuesta-al-genk-belga\/\" \/>\n<meta property=\"article:publisher\" content=\"https:\/\/www.facebook.com\/FutbolHoyCol\/\" \/>\n<meta property=\"article:published_time\" content=\"2019-07-02T23:38:27+00:00\" \/>\n<meta property=\"article:modified_time\" content=\"2019-07-03T10:20:26+00:00\" \/>\n<meta property=\"og:image\" content=\"https:\/\/futbolhoy.co\/wp-content\/uploads\/2019\/07\/CECF.jpg\" \/>\n\t<meta property=\"og:image:width\" content=\"1200\" \/>\n\t<meta property=\"og:image:height\" content=\"675\" \/>\n\t<meta property=\"og:image:type\" content=\"image\/jpeg\" \/>\n<meta name=\"author\" content=\"Laura Hern\u00e1ndez\" \/>\n<meta name=\"twitter:card\" content=\"summary_large_image\" \/>\n<meta name=\"twitter:creator\" content=\"@FutbolHoyCol\" \/>\n<meta name=\"twitter:site\" content=\"@FutbolHoyCol\" \/>\n<meta name=\"twitter:label1\" content=\"Escrito por\" \/>\n\t<meta name=\"twitter:data1\" content=\"Laura Hern\u00e1ndez\" \/>\n\t<meta name=\"twitter:label2\" content=\"Tiempo de lectura\" \/>\n\t<meta name=\"twitter:data2\" content=\"1 minuto\" \/>\n<script type=\"application\/ld+json\" class=\"yoast-schema-graph\">{\"@context\":\"https:\/\/schema.org\",\"@graph\":[{\"@type\":\"Article\",\"@id\":\"https:\/\/futbolhoy.co\/index.php\/2019\/07\/02\/nacional-confirmo-paso-de-cuesta-al-genk-belga\/#article\",\"isPartOf\":{\"@id\":\"https:\/\/futbolhoy.co\/index.php\/2019\/07\/02\/nacional-confirmo-paso-de-cuesta-al-genk-belga\/\"},\"author\":{\"name\":\"Laura Hern\u00e1ndez\",\"@id\":\"https:\/\/futbolhoy.co\/#\/schema\/person\/c4a353a512b127643723a34bb1812f7d\"},\"headline\":\"Nacional confirm\u00f3 paso de Cuesta al Genk belga\",\"datePublished\":\"2019-07-02T23:38:27+00:00\",\"dateModified\":\"2019-07-03T10:20:26+00:00\",\"mainEntityOfPage\":{\"@id\":\"https:\/\/futbolhoy.co\/index.php\/2019\/07\/02\/nacional-confirmo-paso-de-cuesta-al-genk-belga\/\"},\"wordCount\":126,\"commentCount\":0,\"publisher\":{\"@id\":\"https:\/\/futbolhoy.co\/#organization\"},\"image\":{\"@id\":\"https:\/\/futbolhoy.co\/index.php\/2019\/07\/02\/nacional-confirmo-paso-de-cuesta-al-genk-belga\/#primaryimage\"},\"thumbnailUrl\":\"https:\/\/futbolhoy.co\/wp-content\/uploads\/2019\/07\/CECF.jpg\",\"keywords\":[\"Atl\u00e9tico Nacional\"],\"articleSection\":[\"Liga BetPlay\"],\"inLanguage\":\"es\",\"potentialAction\":[{\"@type\":\"CommentAction\",\"name\":\"Comment\",\"target\":[\"https:\/\/futbolhoy.co\/index.php\/2019\/07\/02\/nacional-confirmo-paso-de-cuesta-al-genk-belga\/#respond\"]}]},{\"@type\":\"WebPage\",\"@id\":\"https:\/\/futbolhoy.co\/index.php\/2019\/07\/02\/nacional-confirmo-paso-de-cuesta-al-genk-belga\/\",\"url\":\"https:\/\/futbolhoy.co\/index.php\/2019\/07\/02\/nacional-confirmo-paso-de-cuesta-al-genk-belga\/\",\"name\":\"Nacional confirm\u00f3 paso de Cuesta al Genk belga -\",\"isPartOf\":{\"@id\":\"https:\/\/futbolhoy.co\/#website\"},\"primaryImageOfPage\":{\"@id\":\"https:\/\/futbolhoy.co\/index.php\/2019\/07\/02\/nacional-confirmo-paso-de-cuesta-al-genk-belga\/#primaryimage\"},\"image\":{\"@id\":\"https:\/\/futbolhoy.co\/index.php\/2019\/07\/02\/nacional-confirmo-paso-de-cuesta-al-genk-belga\/#primaryimage\"},\"thumbnailUrl\":\"https:\/\/futbolhoy.co\/wp-content\/uploads\/2019\/07\/CECF.jpg\",\"datePublished\":\"2019-07-02T23:38:27+00:00\",\"dateModified\":\"2019-07-03T10:20:26+00:00\",\"breadcrumb\":{\"@id\":\"https:\/\/futbolhoy.co\/index.php\/2019\/07\/02\/nacional-confirmo-paso-de-cuesta-al-genk-belga\/#breadcrumb\"},\"inLanguage\":\"es\",\"potentialAction\":[{\"@type\":\"ReadAction\",\"target\":[\"https:\/\/futbolhoy.co\/index.php\/2019\/07\/02\/nacional-confirmo-paso-de-cuesta-al-genk-belga\/\"]}]},{\"@type\":\"ImageObject\",\"inLanguage\":\"es\",\"@id\":\"https:\/\/futbolhoy.co\/index.php\/2019\/07\/02\/nacional-confirmo-paso-de-cuesta-al-genk-belga\/#primaryimage\",\"url\":\"https:\/\/futbolhoy.co\/wp-content\/uploads\/2019\/07\/CECF.jpg\",\"contentUrl\":\"https:\/\/futbolhoy.co\/wp-content\/uploads\/2019\/07\/CECF.jpg\",\"width\":1200,\"height\":675},{\"@type\":\"BreadcrumbList\",\"@id\":\"https:\/\/futbolhoy.co\/index.php\/2019\/07\/02\/nacional-confirmo-paso-de-cuesta-al-genk-belga\/#breadcrumb\",\"itemListElement\":[{\"@type\":\"ListItem\",\"position\":1,\"name\":\"Portada\",\"item\":\"https:\/\/futbolhoy.co\/\"},{\"@type\":\"ListItem\",\"position\":2,\"name\":\"Nacional confirm\u00f3 paso de Cuesta al Genk belga\"}]},{\"@type\":\"WebSite\",\"@id\":\"https:\/\/futbolhoy.co\/#website\",\"url\":\"https:\/\/futbolhoy.co\/\",\"name\":\"FutbolHoy\",\"description\":\"\",\"publisher\":{\"@id\":\"https:\/\/futbolhoy.co\/#organization\"},\"potentialAction\":[{\"@type\":\"SearchAction\",\"target\":{\"@type\":\"EntryPoint\",\"urlTemplate\":\"https:\/\/futbolhoy.co\/?s={search_term_string}\"},\"query-input\":{\"@type\":\"PropertyValueSpecification\",\"valueRequired\":true,\"valueName\":\"search_term_string\"}}],\"inLanguage\":\"es\"},{\"@type\":\"Organization\",\"@id\":\"https:\/\/futbolhoy.co\/#organization\",\"name\":\"Futbolhoy.co\",\"url\":\"https:\/\/futbolhoy.co\/\",\"logo\":{\"@type\":\"ImageObject\",\"inLanguage\":\"es\",\"@id\":\"https:\/\/futbolhoy.co\/#\/schema\/logo\/image\/\",\"url\":\"https:\/\/futbolhoy.co\/wp-content\/uploads\/2018\/08\/17426380_1906371736249227_6326180412931521141_n.jpg\",\"contentUrl\":\"https:\/\/futbolhoy.co\/wp-content\/uploads\/2018\/08\/17426380_1906371736249227_6326180412931521141_n.jpg\",\"width\":960,\"height\":960,\"caption\":\"Futbolhoy.co\"},\"image\":{\"@id\":\"https:\/\/futbolhoy.co\/#\/schema\/logo\/image\/\"},\"sameAs\":[\"https:\/\/www.facebook.com\/FutbolHoyCol\/\",\"https:\/\/x.com\/FutbolHoyCol\",\"https:\/\/www.instagram.com\/futbolhoycol\/\"]},{\"@type\":\"Person\",\"@id\":\"https:\/\/futbolhoy.co\/#\/schema\/person\/c4a353a512b127643723a34bb1812f7d\",\"name\":\"Laura Hern\u00e1ndez\",\"image\":{\"@type\":\"ImageObject\",\"inLanguage\":\"es\",\"@id\":\"https:\/\/futbolhoy.co\/#\/schema\/person\/image\/\",\"url\":\"https:\/\/secure.gravatar.com\/avatar\/d25959a15b9b293a743f99181c7cfd01?s=96&d=mm&r=g\",\"contentUrl\":\"https:\/\/secure.gravatar.com\/avatar\/d25959a15b9b293a743f99181c7cfd01?s=96&d=mm&r=g\",\"caption\":\"Laura Hern\u00e1ndez\"}}]}<\/script>\n<!-- \/ Yoast SEO plugin. -->","yoast_head_json":{"title":"Nacional confirm\u00f3 paso de Cuesta al Genk belga -","robots":{"index":"index","follow":"follow","max-snippet":"max-snippet:-1","max-image-preview":"max-image-preview:large","max-video-preview":"max-video-preview:-1"},"canonical":"https:\/\/futbolhoy.co\/index.php\/2019\/07\/02\/nacional-confirmo-paso-de-cuesta-al-genk-belga\/","og_locale":"es_ES","og_type":"article","og_title":"Nacional confirm\u00f3 paso de Cuesta al Genk belga -","og_description":"El defensa juvenil Carlos Cuesta, quien jug\u00f3 el Mundial sub-20 de Polonia 2019 con Colombia, fue traspasado al Genk de B\u00e9lgica por Atl\u00e9tico Nacional. El central, que desde 2016 ha jugado 72 partidos oficiales con el equipo antioque\u00f1o, tendr\u00e1 su primera experiencia internacional en el Genk, vigente campe\u00f3n de B\u00e9lgica. Cuesta logr\u00f3 cinco t\u00edtulos con [&hellip;]","og_url":"https:\/\/futbolhoy.co\/index.php\/2019\/07\/02\/nacional-confirmo-paso-de-cuesta-al-genk-belga\/","article_publisher":"https:\/\/www.facebook.com\/FutbolHoyCol\/","article_published_time":"2019-07-02T23:38:27+00:00","article_modified_time":"2019-07-03T10:20:26+00:00","og_image":[{"width":1200,"height":675,"url":"https:\/\/futbolhoy.co\/wp-content\/uploads\/2019\/07\/CECF.jpg","type":"image\/jpeg"}],"author":"Laura Hern\u00e1ndez","twitter_card":"summary_large_image","twitter_creator":"@FutbolHoyCol","twitter_site":"@FutbolHoyCol","twitter_misc":{"Escrito por":"Laura Hern\u00e1ndez","Tiempo de lectura":"1 minuto"},"schema":{"@context":"https:\/\/schema.org","@graph":[{"@type":"Article","@id":"https:\/\/futbolhoy.co\/index.php\/2019\/07\/02\/nacional-confirmo-paso-de-cuesta-al-genk-belga\/#article","isPartOf":{"@id":"https:\/\/futbolhoy.co\/index.php\/2019\/07\/02\/nacional-confirmo-paso-de-cuesta-al-genk-belga\/"},"author":{"name":"Laura Hern\u00e1ndez","@id":"https:\/\/futbolhoy.co\/#\/schema\/person\/c4a353a512b127643723a34bb1812f7d"},"headline":"Nacional confirm\u00f3 paso de Cuesta al Genk belga","datePublished":"2019-07-02T23:38:27+00:00","dateModified":"2019-07-03T10:20:26+00:00","mainEntityOfPage":{"@id":"https:\/\/futbolhoy.co\/index.php\/2019\/07\/02\/nacional-confirmo-paso-de-cuesta-al-genk-belga\/"},"wordCount":126,"commentCount":0,"publisher":{"@id":"https:\/\/futbolhoy.co\/#organization"},"image":{"@id":"https:\/\/futbolhoy.co\/index.php\/2019\/07\/02\/nacional-confirmo-paso-de-cuesta-al-genk-belga\/#primaryimage"},"thumbnailUrl":"https:\/\/futbolhoy.co\/wp-content\/uploads\/2019\/07\/CECF.jpg","keywords":["Atl\u00e9tico Nacional"],"articleSection":["Liga BetPlay"],"inLanguage":"es","potentialAction":[{"@type":"CommentAction","name":"Comment","target":["https:\/\/futbolhoy.co\/index.php\/2019\/07\/02\/nacional-confirmo-paso-de-cuesta-al-genk-belga\/#respond"]}]},{"@type":"WebPage","@id":"https:\/\/futbolhoy.co\/index.php\/2019\/07\/02\/nacional-confirmo-paso-de-cuesta-al-genk-belga\/","url":"https:\/\/futbolhoy.co\/index.php\/2019\/07\/02\/nacional-confirmo-paso-de-cuesta-al-genk-belga\/","name":"Nacional confirm\u00f3 paso de Cuesta al Genk belga -","isPartOf":{"@id":"https:\/\/futbolhoy.co\/#website"},"primaryImageOfPage":{"@id":"https:\/\/futbolhoy.co\/index.php\/2019\/07\/02\/nacional-confirmo-paso-de-cuesta-al-genk-belga\/#primaryimage"},"image":{"@id":"https:\/\/futbolhoy.co\/index.php\/2019\/07\/02\/nacional-confirmo-paso-de-cuesta-al-genk-belga\/#primaryimage"},"thumbnailUrl":"https:\/\/futbolhoy.co\/wp-content\/uploads\/2019\/07\/CECF.jpg","datePublished":"2019-07-02T23:38:27+00:00","dateModified":"2019-07-03T10:20:26+00:00","breadcrumb":{"@id":"https:\/\/futbolhoy.co\/index.php\/2019\/07\/02\/nacional-confirmo-paso-de-cuesta-al-genk-belga\/#breadcrumb"},"inLanguage":"es","potentialAction":[{"@type":"ReadAction","target":["https:\/\/futbolhoy.co\/index.php\/2019\/07\/02\/nacional-confirmo-paso-de-cuesta-al-genk-belga\/"]}]},{"@type":"ImageObject","inLanguage":"es","@id":"https:\/\/futbolhoy.co\/index.php\/2019\/07\/02\/nacional-confirmo-paso-de-cuesta-al-genk-belga\/#primaryimage","url":"https:\/\/futbolhoy.co\/wp-content\/uploads\/2019\/07\/CECF.jpg","contentUrl":"https:\/\/futbolhoy.co\/wp-content\/uploads\/2019\/07\/CECF.jpg","width":1200,"height":675},{"@type":"BreadcrumbList","@id":"https:\/\/futbolhoy.co\/index.php\/2019\/07\/02\/nacional-confirmo-paso-de-cuesta-al-genk-belga\/#breadcrumb","itemListElement":[{"@type":"ListItem","position":1,"name":"Portada","item":"https:\/\/futbolhoy.co\/"},{"@type":"ListItem","position":2,"name":"Nacional confirm\u00f3 paso de Cuesta al Genk belga"}]},{"@type":"WebSite","@id":"https:\/\/futbolhoy.co\/#website","url":"https:\/\/futbolhoy.co\/","name":"FutbolHoy","description":"","publisher":{"@id":"https:\/\/futbolhoy.co\/#organization"},"potentialAction":[{"@type":"SearchAction","target":{"@type":"EntryPoint","urlTemplate":"https:\/\/futbolhoy.co\/?s={search_term_string}"},"query-input":{"@type":"PropertyValueSpecification","valueRequired":true,"valueName":"search_term_string"}}],"inLanguage":"es"},{"@type":"Organization","@id":"https:\/\/futbolhoy.co\/#organization","name":"Futbolhoy.co","url":"https:\/\/futbolhoy.co\/","logo":{"@type":"ImageObject","inLanguage":"es","@id":"https:\/\/futbolhoy.co\/#\/schema\/logo\/image\/","url":"https:\/\/futbolhoy.co\/wp-content\/uploads\/2018\/08\/17426380_1906371736249227_6326180412931521141_n.jpg","contentUrl":"https:\/\/futbolhoy.co\/wp-content\/uploads\/2018\/08\/17426380_1906371736249227_6326180412931521141_n.jpg","width":960,"height":960,"caption":"Futbolhoy.co"},"image":{"@id":"https:\/\/futbolhoy.co\/#\/schema\/logo\/image\/"},"sameAs":["https:\/\/www.facebook.com\/FutbolHoyCol\/","https:\/\/x.com\/FutbolHoyCol","https:\/\/www.instagram.com\/futbolhoycol\/"]},{"@type":"Person","@id":"https:\/\/futbolhoy.co\/#\/schema\/person\/c4a353a512b127643723a34bb1812f7d","name":"Laura Hern\u00e1ndez","image":{"@type":"ImageObject","inLanguage":"es","@id":"https:\/\/futbolhoy.co\/#\/schema\/person\/image\/","url":"https:\/\/secure.gravatar.com\/avatar\/d25959a15b9b293a743f99181c7cfd01?s=96&d=mm&r=g","contentUrl":"https:\/\/secure.gravatar.com\/avatar\/d25959a15b9b293a743f99181c7cfd01?s=96&d=mm&r=g","caption":"Laura Hern\u00e1ndez"}}]}},"publishpress_future_action":{"enabled":false,"date":"2026-05-02 03:32:26","action":"change-status","newStatus":"draft","terms":[],"taxonomy":"category","extraData":[]},"publishpress_future_workflow_manual_trigger":{"enabledWorkflows":[]},"_links":{"self":[{"href":"https:\/\/futbolhoy.co\/index.php\/wp-json\/wp\/v2\/posts\/38206","targetHints":{"allow":["GET"]}}],"collection":[{"href":"https:\/\/futbolhoy.co\/index.php\/wp-json\/wp\/v2\/posts"}],"about":[{"href":"https:\/\/futbolhoy.co\/index.php\/wp-json\/wp\/v2\/types\/post"}],"author":[{"embeddable":true,"href":"https:\/\/futbolhoy.co\/index.php\/wp-json\/wp\/v2\/users\/5"}],"replies":[{"embeddable":true,"href":"https:\/\/futbolhoy.co\/index.php\/wp-json\/wp\/v2\/comments?post=38206"}],"version-history":[{"count":1,"href":"https:\/\/futbolhoy.co\/index.php\/wp-json\/wp\/v2\/posts\/38206\/revisions"}],"predecessor-version":[{"id":38211,"href":"https:\/\/futbolhoy.co\/index.php\/wp-json\/wp\/v2\/posts\/38206\/revisions\/38211"}],"wp:featuredmedia":[{"embeddable":true,"href":"https:\/\/futbolhoy.co\/index.php\/wp-json\/wp\/v2\/media\/38210"}],"wp:attachment":[{"href":"https:\/\/futbolhoy.co\/index.php\/wp-json\/wp\/v2\/media?parent=38206"}],"wp:term":[{"taxonomy":"category","embeddable":true,"href":"https:\/\/futbolhoy.co\/index.php\/wp-json\/wp\/v2\/categories?post=38206"},{"taxonomy":"post_tag","embeddable":true,"href":"https:\/\/futbolhoy.co\/index.php\/wp-json\/wp\/v2\/tags?post=38206"}],"curies":[{"name":"wp","href":"https:\/\/api.w.org\/{rel}","templated":true}]}}