{"id":42033,"date":"2019-10-05T19:27:16","date_gmt":"2019-10-06T00:27:16","guid":{"rendered":"https:\/\/futbolhoy.co\/?p=42033"},"modified":"2019-10-05T21:46:43","modified_gmt":"2019-10-06T02:46:43","slug":"los-tecnicos-extranjeros-que-han-dirigido-al-cali","status":"publish","type":"post","link":"https:\/\/futbolhoy.co\/index.php\/2019\/10\/05\/los-tecnicos-extranjeros-que-han-dirigido-al-cali\/","title":{"rendered":"Los t\u00e9cnicos extranjeros que han dirigido al Cali"},"content":{"rendered":"<table style=\"border-color: #ffffff; background-color: #ffffff; width: 380px;\" cellspacing=\"0\" cellpadding=\"30\">\n<tbody>\n<tr style=\"height: 50px;\">\n<td style=\"width: 85px; height: 2280px;\" rowspan=\"42\"><strong><span style=\"font-family: helvetica, arial, sans-serif;\">Francisco Villa<span class=\"flagicon\"><img decoding=\"async\" class=\"thumbborder\" title=\"Bandera de Espa\u00f1a\" src=\"https:\/\/upload.wikimedia.org\/wikipedia\/commons\/thumb\/9\/9a\/Flag_of_Spain.svg\/20px-Flag_of_Spain.svg.png\" srcset=\"\/\/upload.wikimedia.org\/wikipedia\/commons\/thumb\/9\/9a\/Flag_of_Spain.svg\/30px-Flag_of_Spain.svg.png 1.5x, \/\/upload.wikimedia.org\/wikipedia\/commons\/thumb\/9\/9a\/Flag_of_Spain.svg\/40px-Flag_of_Spain.svg.png 2x\" alt=\"Bandera de Espa\u00f1a\" width=\"20\" height=\"13\" data-file-width=\"750\" data-file-height=\"500\" \/><\/span>Otac\u00edlio Gon\u00e7alves<span class=\"flagicon\"><img decoding=\"async\" class=\"thumbborder\" title=\"Bandera de Brasil\" src=\"https:\/\/upload.wikimedia.org\/wikipedia\/commons\/thumb\/0\/05\/Flag_of_Brazil.svg\/20px-Flag_of_Brazil.svg.png\" srcset=\"\/\/upload.wikimedia.org\/wikipedia\/commons\/thumb\/0\/05\/Flag_of_Brazil.svg\/30px-Flag_of_Brazil.svg.png 1.5x, \/\/upload.wikimedia.org\/wikipedia\/commons\/thumb\/0\/05\/Flag_of_Brazil.svg\/40px-Flag_of_Brazil.svg.png 2x\" alt=\"Bandera de Brasil\" width=\"20\" height=\"14\" data-file-width=\"720\" data-file-height=\"504\" \/><\/span>Mois\u00e9s Reuben<span class=\"flagicon\"><img decoding=\"async\" class=\"thumbborder\" title=\"Bandera de Argentina\" src=\"https:\/\/upload.wikimedia.org\/wikipedia\/commons\/thumb\/1\/1a\/Flag_of_Argentina.svg\/20px-Flag_of_Argentina.svg.png\" srcset=\"\/\/upload.wikimedia.org\/wikipedia\/commons\/thumb\/1\/1a\/Flag_of_Argentina.svg\/30px-Flag_of_Argentina.svg.png 1.5x, \/\/upload.wikimedia.org\/wikipedia\/commons\/thumb\/1\/1a\/Flag_of_Argentina.svg\/40px-Flag_of_Argentina.svg.png 2x\" alt=\"Bandera de Argentina\" width=\"20\" height=\"13\" data-file-width=\"800\" data-file-height=\"500\" \/><\/span>Adelfo Magallanes<span class=\"flagicon\"><img loading=\"lazy\" decoding=\"async\" class=\"thumbborder\" title=\"Bandera del Per\u00fa\" src=\"https:\/\/upload.wikimedia.org\/wikipedia\/commons\/thumb\/c\/cf\/Flag_of_Peru.svg\/20px-Flag_of_Peru.svg.png\" srcset=\"\/\/upload.wikimedia.org\/wikipedia\/commons\/thumb\/c\/cf\/Flag_of_Peru.svg\/30px-Flag_of_Peru.svg.png 1.5x, \/\/upload.wikimedia.org\/wikipedia\/commons\/thumb\/c\/cf\/Flag_of_Peru.svg\/40px-Flag_of_Peru.svg.png 2x\" alt=\"Bandera del Per\u00fa\" width=\"20\" height=\"13\" data-file-width=\"900\" data-file-height=\"600\" \/><\/span>Carlos Peucelle<span class=\"flagicon\"><img decoding=\"async\" class=\"thumbborder\" title=\"Bandera de Argentina\" src=\"https:\/\/upload.wikimedia.org\/wikipedia\/commons\/thumb\/1\/1a\/Flag_of_Argentina.svg\/20px-Flag_of_Argentina.svg.png\" srcset=\"\/\/upload.wikimedia.org\/wikipedia\/commons\/thumb\/1\/1a\/Flag_of_Argentina.svg\/30px-Flag_of_Argentina.svg.png 1.5x, \/\/upload.wikimedia.org\/wikipedia\/commons\/thumb\/1\/1a\/Flag_of_Argentina.svg\/40px-Flag_of_Argentina.svg.png 2x\" alt=\"Bandera de Argentina\" width=\"20\" height=\"13\" data-file-width=\"800\" data-file-height=\"500\" \/><\/span>Manuel Gi\u00fadice<span class=\"flagicon\"><img decoding=\"async\" class=\"thumbborder\" title=\"Bandera de Argentina\" src=\"https:\/\/upload.wikimedia.org\/wikipedia\/commons\/thumb\/1\/1a\/Flag_of_Argentina.svg\/20px-Flag_of_Argentina.svg.png\" srcset=\"\/\/upload.wikimedia.org\/wikipedia\/commons\/thumb\/1\/1a\/Flag_of_Argentina.svg\/30px-Flag_of_Argentina.svg.png 1.5x, \/\/upload.wikimedia.org\/wikipedia\/commons\/thumb\/1\/1a\/Flag_of_Argentina.svg\/40px-Flag_of_Argentina.svg.png 2x\" alt=\"Bandera de Argentina\" width=\"20\" height=\"13\" data-file-width=\"800\" data-file-height=\"500\" \/><\/span>Roberto Scarone<span class=\"flagicon\"><img loading=\"lazy\" decoding=\"async\" class=\"thumbborder\" title=\"Bandera de Uruguay\" src=\"https:\/\/upload.wikimedia.org\/wikipedia\/commons\/thumb\/f\/fe\/Flag_of_Uruguay.svg\/20px-Flag_of_Uruguay.svg.png\" srcset=\"\/\/upload.wikimedia.org\/wikipedia\/commons\/thumb\/f\/fe\/Flag_of_Uruguay.svg\/30px-Flag_of_Uruguay.svg.png 1.5x, \/\/upload.wikimedia.org\/wikipedia\/commons\/thumb\/f\/fe\/Flag_of_Uruguay.svg\/40px-Flag_of_Uruguay.svg.png 2x\" alt=\"Bandera de Uruguay\" width=\"20\" height=\"13\" data-file-width=\"945\" data-file-height=\"630\" \/><\/span>Julio T\u00f3cker *<span class=\"flagicon\"><img decoding=\"async\" class=\"thumbborder\" title=\"Bandera de Argentina\" src=\"https:\/\/upload.wikimedia.org\/wikipedia\/commons\/thumb\/1\/1a\/Flag_of_Argentina.svg\/20px-Flag_of_Argentina.svg.png\" srcset=\"\/\/upload.wikimedia.org\/wikipedia\/commons\/thumb\/1\/1a\/Flag_of_Argentina.svg\/30px-Flag_of_Argentina.svg.png 1.5x, \/\/upload.wikimedia.org\/wikipedia\/commons\/thumb\/1\/1a\/Flag_of_Argentina.svg\/40px-Flag_of_Argentina.svg.png 2x\" alt=\"Bandera de Argentina\" width=\"20\" height=\"13\" data-file-width=\"800\" data-file-height=\"500\" \/><\/span>Camilo Cervino<span class=\"flagicon\"><img decoding=\"async\" class=\"thumbborder\" title=\"Bandera de Argentina\" src=\"https:\/\/upload.wikimedia.org\/wikipedia\/commons\/thumb\/1\/1a\/Flag_of_Argentina.svg\/20px-Flag_of_Argentina.svg.png\" srcset=\"\/\/upload.wikimedia.org\/wikipedia\/commons\/thumb\/1\/1a\/Flag_of_Argentina.svg\/30px-Flag_of_Argentina.svg.png 1.5x, \/\/upload.wikimedia.org\/wikipedia\/commons\/thumb\/1\/1a\/Flag_of_Argentina.svg\/40px-Flag_of_Argentina.svg.png 2x\" alt=\"Bandera de Argentina\" width=\"20\" height=\"13\" data-file-width=\"800\" data-file-height=\"500\" \/><\/span>Santiago Rivas<span class=\"flagicon\"><img loading=\"lazy\" decoding=\"async\" class=\"thumbborder\" title=\"Bandera de Paraguay\" src=\"https:\/\/upload.wikimedia.org\/wikipedia\/commons\/thumb\/2\/27\/Flag_of_Paraguay.svg\/20px-Flag_of_Paraguay.svg.png\" srcset=\"\/\/upload.wikimedia.org\/wikipedia\/commons\/thumb\/2\/27\/Flag_of_Paraguay.svg\/30px-Flag_of_Paraguay.svg.png 1.5x, \/\/upload.wikimedia.org\/wikipedia\/commons\/thumb\/2\/27\/Flag_of_Paraguay.svg\/40px-Flag_of_Paraguay.svg.png 2x\" alt=\"Bandera de Paraguay\" width=\"20\" height=\"11\" data-file-width=\"1200\" data-file-height=\"660\" \/><\/span>Manuel Sanguinetti *<span class=\"flagicon\"><img loading=\"lazy\" decoding=\"async\" class=\"thumbborder\" title=\"Bandera de Uruguay\" src=\"https:\/\/upload.wikimedia.org\/wikipedia\/commons\/thumb\/f\/fe\/Flag_of_Uruguay.svg\/20px-Flag_of_Uruguay.svg.png\" srcset=\"\/\/upload.wikimedia.org\/wikipedia\/commons\/thumb\/f\/fe\/Flag_of_Uruguay.svg\/30px-Flag_of_Uruguay.svg.png 1.5x, \/\/upload.wikimedia.org\/wikipedia\/commons\/thumb\/f\/fe\/Flag_of_Uruguay.svg\/40px-Flag_of_Uruguay.svg.png 2x\" alt=\"Bandera de Uruguay\" width=\"20\" height=\"13\" data-file-width=\"945\" data-file-height=\"630\" \/><\/span>Jos\u00e9 Fabrini<span class=\"flagicon\"><img decoding=\"async\" class=\"thumbborder\" title=\"Bandera de Argentina\" src=\"https:\/\/upload.wikimedia.org\/wikipedia\/commons\/thumb\/1\/1a\/Flag_of_Argentina.svg\/20px-Flag_of_Argentina.svg.png\" srcset=\"\/\/upload.wikimedia.org\/wikipedia\/commons\/thumb\/1\/1a\/Flag_of_Argentina.svg\/30px-Flag_of_Argentina.svg.png 1.5x, \/\/upload.wikimedia.org\/wikipedia\/commons\/thumb\/1\/1a\/Flag_of_Argentina.svg\/40px-Flag_of_Argentina.svg.png 2x\" alt=\"Bandera de Argentina\" width=\"20\" height=\"13\" data-file-width=\"800\" data-file-height=\"500\" \/><\/span>Luis L\u00f3pez<span class=\"flagicon\"><img decoding=\"async\" class=\"thumbborder\" title=\"Bandera de Argentina\" src=\"https:\/\/upload.wikimedia.org\/wikipedia\/commons\/thumb\/1\/1a\/Flag_of_Argentina.svg\/20px-Flag_of_Argentina.svg.png\" srcset=\"\/\/upload.wikimedia.org\/wikipedia\/commons\/thumb\/1\/1a\/Flag_of_Argentina.svg\/30px-Flag_of_Argentina.svg.png 1.5x, \/\/upload.wikimedia.org\/wikipedia\/commons\/thumb\/1\/1a\/Flag_of_Argentina.svg\/40px-Flag_of_Argentina.svg.png 2x\" alt=\"Bandera de Argentina\" width=\"20\" height=\"13\" data-file-width=\"800\" data-file-height=\"500\" \/><\/span>Gaudencio de Melo<span class=\"flagicon\"><img decoding=\"async\" class=\"thumbborder\" title=\"Bandera de Brasil\" src=\"https:\/\/upload.wikimedia.org\/wikipedia\/commons\/thumb\/0\/05\/Flag_of_Brazil.svg\/20px-Flag_of_Brazil.svg.png\" srcset=\"\/\/upload.wikimedia.org\/wikipedia\/commons\/thumb\/0\/05\/Flag_of_Brazil.svg\/30px-Flag_of_Brazil.svg.png 1.5x, \/\/upload.wikimedia.org\/wikipedia\/commons\/thumb\/0\/05\/Flag_of_Brazil.svg\/40px-Flag_of_Brazil.svg.png 2x\" alt=\"Bandera de Brasil\" width=\"20\" height=\"14\" data-file-width=\"720\" data-file-height=\"504\" \/><\/span>Francisco Solano*<span class=\"flagicon\"><img loading=\"lazy\" decoding=\"async\" class=\"thumbborder\" title=\"Bandera de Paraguay\" src=\"https:\/\/upload.wikimedia.org\/wikipedia\/commons\/thumb\/2\/27\/Flag_of_Paraguay.svg\/20px-Flag_of_Paraguay.svg.png\" srcset=\"\/\/upload.wikimedia.org\/wikipedia\/commons\/thumb\/2\/27\/Flag_of_Paraguay.svg\/30px-Flag_of_Paraguay.svg.png 1.5x, \/\/upload.wikimedia.org\/wikipedia\/commons\/thumb\/2\/27\/Flag_of_Paraguay.svg\/40px-Flag_of_Paraguay.svg.png 2x\" alt=\"Bandera de Paraguay\" width=\"20\" height=\"11\" data-file-width=\"1200\" data-file-height=\"660\" \/><\/span>Francisco Villegas<span class=\"flagicon\"><img decoding=\"async\" class=\"thumbborder\" title=\"Bandera de Argentina\" src=\"https:\/\/upload.wikimedia.org\/wikipedia\/commons\/thumb\/1\/1a\/Flag_of_Argentina.svg\/20px-Flag_of_Argentina.svg.png\" srcset=\"\/\/upload.wikimedia.org\/wikipedia\/commons\/thumb\/1\/1a\/Flag_of_Argentina.svg\/30px-Flag_of_Argentina.svg.png 1.5x, \/\/upload.wikimedia.org\/wikipedia\/commons\/thumb\/1\/1a\/Flag_of_Argentina.svg\/40px-Flag_of_Argentina.svg.png 2x\" alt=\"Bandera de Argentina\" width=\"20\" height=\"13\" data-file-width=\"800\" data-file-height=\"500\" \/><\/span>Federico Vairo<span class=\"flagicon\"><img decoding=\"async\" class=\"thumbborder\" title=\"Bandera de Argentina\" src=\"https:\/\/upload.wikimedia.org\/wikipedia\/commons\/thumb\/1\/1a\/Flag_of_Argentina.svg\/20px-Flag_of_Argentina.svg.png\" srcset=\"\/\/upload.wikimedia.org\/wikipedia\/commons\/thumb\/1\/1a\/Flag_of_Argentina.svg\/30px-Flag_of_Argentina.svg.png 1.5x, \/\/upload.wikimedia.org\/wikipedia\/commons\/thumb\/1\/1a\/Flag_of_Argentina.svg\/40px-Flag_of_Argentina.svg.png 2x\" alt=\"Bandera de Argentina\" width=\"20\" height=\"13\" data-file-width=\"800\" data-file-height=\"500\" \/><\/span>Roberto Resquin<span class=\"flagicon\"><img decoding=\"async\" class=\"thumbborder\" title=\"Bandera de Argentina\" src=\"https:\/\/upload.wikimedia.org\/wikipedia\/commons\/thumb\/1\/1a\/Flag_of_Argentina.svg\/20px-Flag_of_Argentina.svg.png\" srcset=\"\/\/upload.wikimedia.org\/wikipedia\/commons\/thumb\/1\/1a\/Flag_of_Argentina.svg\/30px-Flag_of_Argentina.svg.png 1.5x, \/\/upload.wikimedia.org\/wikipedia\/commons\/thumb\/1\/1a\/Flag_of_Argentina.svg\/40px-Flag_of_Argentina.svg.png 2x\" alt=\"Bandera de Argentina\" width=\"20\" height=\"13\" data-file-width=\"800\" data-file-height=\"500\" \/><\/span>Luis L\u00f3pez<span class=\"flagicon\"><img decoding=\"async\" class=\"thumbborder\" title=\"Bandera de Argentina\" src=\"https:\/\/upload.wikimedia.org\/wikipedia\/commons\/thumb\/1\/1a\/Flag_of_Argentina.svg\/20px-Flag_of_Argentina.svg.png\" srcset=\"\/\/upload.wikimedia.org\/wikipedia\/commons\/thumb\/1\/1a\/Flag_of_Argentina.svg\/30px-Flag_of_Argentina.svg.png 1.5x, \/\/upload.wikimedia.org\/wikipedia\/commons\/thumb\/1\/1a\/Flag_of_Argentina.svg\/40px-Flag_of_Argentina.svg.png 2x\" alt=\"Bandera de Argentina\" width=\"20\" height=\"13\" data-file-width=\"800\" data-file-height=\"500\" \/><\/span>\u00d3scar L\u00f3pez V\u00e1squez<span class=\"flagicon\"><img decoding=\"async\" class=\"thumbborder\" title=\"Bandera de Argentina\" src=\"https:\/\/upload.wikimedia.org\/wikipedia\/commons\/thumb\/1\/1a\/Flag_of_Argentina.svg\/20px-Flag_of_Argentina.svg.png\" srcset=\"\/\/upload.wikimedia.org\/wikipedia\/commons\/thumb\/1\/1a\/Flag_of_Argentina.svg\/30px-Flag_of_Argentina.svg.png 1.5x, \/\/upload.wikimedia.org\/wikipedia\/commons\/thumb\/1\/1a\/Flag_of_Argentina.svg\/40px-Flag_of_Argentina.svg.png 2x\" alt=\"Bandera de Argentina\" width=\"20\" height=\"13\" data-file-width=\"800\" data-file-height=\"500\" \/><\/span>Vladislao Cap<span class=\"flagicon\"><img decoding=\"async\" class=\"thumbborder\" title=\"Bandera de Argentina\" src=\"https:\/\/upload.wikimedia.org\/wikipedia\/commons\/thumb\/1\/1a\/Flag_of_Argentina.svg\/20px-Flag_of_Argentina.svg.png\" srcset=\"\/\/upload.wikimedia.org\/wikipedia\/commons\/thumb\/1\/1a\/Flag_of_Argentina.svg\/30px-Flag_of_Argentina.svg.png 1.5x, \/\/upload.wikimedia.org\/wikipedia\/commons\/thumb\/1\/1a\/Flag_of_Argentina.svg\/40px-Flag_of_Argentina.svg.png 2x\" alt=\"Bandera de Argentina\" width=\"20\" height=\"13\" data-file-width=\"800\" data-file-height=\"500\" \/><\/span>Vladimir Popovi\u0107<span class=\"flagicon\"><img loading=\"lazy\" decoding=\"async\" class=\"thumbborder\" title=\"Bandera de Serbia\" src=\"https:\/\/upload.wikimedia.org\/wikipedia\/commons\/thumb\/f\/ff\/Flag_of_Serbia.svg\/20px-Flag_of_Serbia.svg.png\" srcset=\"\/\/upload.wikimedia.org\/wikipedia\/commons\/thumb\/f\/ff\/Flag_of_Serbia.svg\/30px-Flag_of_Serbia.svg.png 1.5x, \/\/upload.wikimedia.org\/wikipedia\/commons\/thumb\/f\/ff\/Flag_of_Serbia.svg\/40px-Flag_of_Serbia.svg.png 2x\" alt=\"Bandera de Serbia\" width=\"20\" height=\"13\" data-file-width=\"945\" data-file-height=\"630\" \/><\/span>Ra\u00fal Rodr\u00edguez<span class=\"flagicon\"><img decoding=\"async\" class=\"thumbborder\" title=\"Bandera de Argentina\" src=\"https:\/\/upload.wikimedia.org\/wikipedia\/commons\/thumb\/1\/1a\/Flag_of_Argentina.svg\/20px-Flag_of_Argentina.svg.png\" srcset=\"\/\/upload.wikimedia.org\/wikipedia\/commons\/thumb\/1\/1a\/Flag_of_Argentina.svg\/30px-Flag_of_Argentina.svg.png 1.5x, \/\/upload.wikimedia.org\/wikipedia\/commons\/thumb\/1\/1a\/Flag_of_Argentina.svg\/40px-Flag_of_Argentina.svg.png 2x\" alt=\"Bandera de Argentina\" width=\"20\" height=\"13\" data-file-width=\"800\" data-file-height=\"500\" \/><\/span>Washington Etchamendi<span class=\"flagicon\"><img loading=\"lazy\" decoding=\"async\" class=\"thumbborder\" title=\"Bandera de Uruguay\" src=\"https:\/\/upload.wikimedia.org\/wikipedia\/commons\/thumb\/f\/fe\/Flag_of_Uruguay.svg\/20px-Flag_of_Uruguay.svg.png\" srcset=\"\/\/upload.wikimedia.org\/wikipedia\/commons\/thumb\/f\/fe\/Flag_of_Uruguay.svg\/30px-Flag_of_Uruguay.svg.png 1.5x, \/\/upload.wikimedia.org\/wikipedia\/commons\/thumb\/f\/fe\/Flag_of_Uruguay.svg\/40px-Flag_of_Uruguay.svg.png 2x\" alt=\"Bandera de Uruguay\" width=\"20\" height=\"13\" data-file-width=\"945\" data-file-height=\"630\" \/><\/span>N\u00e9stor Ra\u00fal Rossi<span class=\"flagicon\"><img decoding=\"async\" class=\"thumbborder\" title=\"Bandera de Argentina\" src=\"https:\/\/upload.wikimedia.org\/wikipedia\/commons\/thumb\/1\/1a\/Flag_of_Argentina.svg\/20px-Flag_of_Argentina.svg.png\" srcset=\"\/\/upload.wikimedia.org\/wikipedia\/commons\/thumb\/1\/1a\/Flag_of_Argentina.svg\/30px-Flag_of_Argentina.svg.png 1.5x, \/\/upload.wikimedia.org\/wikipedia\/commons\/thumb\/1\/1a\/Flag_of_Argentina.svg\/40px-Flag_of_Argentina.svg.png 2x\" alt=\"Bandera de Argentina\" width=\"20\" height=\"13\" data-file-width=\"800\" data-file-height=\"500\" \/><\/span>Carlos Bilardo<span class=\"flagicon\"><img decoding=\"async\" class=\"thumbborder\" title=\"Bandera de Argentina\" src=\"https:\/\/upload.wikimedia.org\/wikipedia\/commons\/thumb\/1\/1a\/Flag_of_Argentina.svg\/20px-Flag_of_Argentina.svg.png\" srcset=\"\/\/upload.wikimedia.org\/wikipedia\/commons\/thumb\/1\/1a\/Flag_of_Argentina.svg\/30px-Flag_of_Argentina.svg.png 1.5x, \/\/upload.wikimedia.org\/wikipedia\/commons\/thumb\/1\/1a\/Flag_of_Argentina.svg\/40px-Flag_of_Argentina.svg.png 2x\" alt=\"Bandera de Argentina\" width=\"20\" height=\"13\" data-file-width=\"800\" data-file-height=\"500\" \/><\/span>Eduardo Luj\u00e1n Manera\u00a0<span class=\"flagicon\"><img decoding=\"async\" class=\"thumbborder\" title=\"Bandera de Argentina\" src=\"https:\/\/upload.wikimedia.org\/wikipedia\/commons\/thumb\/1\/1a\/Flag_of_Argentina.svg\/20px-Flag_of_Argentina.svg.png\" srcset=\"\/\/upload.wikimedia.org\/wikipedia\/commons\/thumb\/1\/1a\/Flag_of_Argentina.svg\/30px-Flag_of_Argentina.svg.png 1.5x, \/\/upload.wikimedia.org\/wikipedia\/commons\/thumb\/1\/1a\/Flag_of_Argentina.svg\/40px-Flag_of_Argentina.svg.png 2x\" alt=\"Bandera de Argentina\" width=\"20\" height=\"13\" data-file-width=\"800\" data-file-height=\"500\" \/><\/span>Edilberto Righi<span class=\"flagicon\"><img decoding=\"async\" class=\"thumbborder\" title=\"Bandera de Argentina\" src=\"https:\/\/upload.wikimedia.org\/wikipedia\/commons\/thumb\/1\/1a\/Flag_of_Argentina.svg\/20px-Flag_of_Argentina.svg.png\" srcset=\"\/\/upload.wikimedia.org\/wikipedia\/commons\/thumb\/1\/1a\/Flag_of_Argentina.svg\/30px-Flag_of_Argentina.svg.png 1.5x, \/\/upload.wikimedia.org\/wikipedia\/commons\/thumb\/1\/1a\/Flag_of_Argentina.svg\/40px-Flag_of_Argentina.svg.png 2x\" alt=\"Bandera de Argentina\" width=\"20\" height=\"13\" data-file-width=\"800\" data-file-height=\"500\" \/><\/span>Miguel \u00c1ngel Bas\u00edlico<span class=\"flagicon\"><img decoding=\"async\" class=\"thumbborder\" title=\"Bandera de Argentina\" src=\"https:\/\/upload.wikimedia.org\/wikipedia\/commons\/thumb\/1\/1a\/Flag_of_Argentina.svg\/20px-Flag_of_Argentina.svg.png\" srcset=\"\/\/upload.wikimedia.org\/wikipedia\/commons\/thumb\/1\/1a\/Flag_of_Argentina.svg\/30px-Flag_of_Argentina.svg.png 1.5x, \/\/upload.wikimedia.org\/wikipedia\/commons\/thumb\/1\/1a\/Flag_of_Argentina.svg\/40px-Flag_of_Argentina.svg.png 2x\" alt=\"Bandera de Argentina\" width=\"20\" height=\"13\" data-file-width=\"800\" data-file-height=\"500\" \/><\/span>Vladimir Popovi\u0107<span class=\"flagicon\"><img loading=\"lazy\" decoding=\"async\" class=\"thumbborder\" title=\"Bandera de Serbia\" src=\"https:\/\/upload.wikimedia.org\/wikipedia\/commons\/thumb\/f\/ff\/Flag_of_Serbia.svg\/20px-Flag_of_Serbia.svg.png\" srcset=\"\/\/upload.wikimedia.org\/wikipedia\/commons\/thumb\/f\/ff\/Flag_of_Serbia.svg\/30px-Flag_of_Serbia.svg.png 1.5x, \/\/upload.wikimedia.org\/wikipedia\/commons\/thumb\/f\/ff\/Flag_of_Serbia.svg\/40px-Flag_of_Serbia.svg.png 2x\" alt=\"Bandera de Serbia\" width=\"20\" height=\"13\" data-file-width=\"945\" data-file-height=\"630\" \/><\/span>Julio Comesa\u00f1a<span class=\"flagicon\"><img loading=\"lazy\" decoding=\"async\" class=\"thumbborder\" title=\"Bandera de Uruguay\" src=\"https:\/\/upload.wikimedia.org\/wikipedia\/commons\/thumb\/f\/fe\/Flag_of_Uruguay.svg\/20px-Flag_of_Uruguay.svg.png\" srcset=\"\/\/upload.wikimedia.org\/wikipedia\/commons\/thumb\/f\/fe\/Flag_of_Uruguay.svg\/30px-Flag_of_Uruguay.svg.png 1.5x, \/\/upload.wikimedia.org\/wikipedia\/commons\/thumb\/f\/fe\/Flag_of_Uruguay.svg\/40px-Flag_of_Uruguay.svg.png 2x\" alt=\"Bandera de Uruguay\" width=\"20\" height=\"13\" data-file-width=\"945\" data-file-height=\"630\" \/><\/span>\u00d3scar Washington Tab\u00e1rez<span class=\"flagicon\"><img loading=\"lazy\" decoding=\"async\" class=\"thumbborder\" title=\"Bandera de Uruguay\" src=\"https:\/\/upload.wikimedia.org\/wikipedia\/commons\/thumb\/f\/fe\/Flag_of_Uruguay.svg\/20px-Flag_of_Uruguay.svg.png\" srcset=\"\/\/upload.wikimedia.org\/wikipedia\/commons\/thumb\/f\/fe\/Flag_of_Uruguay.svg\/30px-Flag_of_Uruguay.svg.png 1.5x, \/\/upload.wikimedia.org\/wikipedia\/commons\/thumb\/f\/fe\/Flag_of_Uruguay.svg\/40px-Flag_of_Uruguay.svg.png 2x\" alt=\"Bandera de Uruguay\" width=\"20\" height=\"13\" data-file-width=\"945\" data-file-height=\"630\" \/><\/span>Vladimir Popovi\u0107<span class=\"flagicon\"><img loading=\"lazy\" decoding=\"async\" class=\"thumbborder\" title=\"Bandera de Serbia\" src=\"https:\/\/upload.wikimedia.org\/wikipedia\/commons\/thumb\/f\/ff\/Flag_of_Serbia.svg\/20px-Flag_of_Serbia.svg.png\" srcset=\"\/\/upload.wikimedia.org\/wikipedia\/commons\/thumb\/f\/ff\/Flag_of_Serbia.svg\/30px-Flag_of_Serbia.svg.png 1.5x, \/\/upload.wikimedia.org\/wikipedia\/commons\/thumb\/f\/ff\/Flag_of_Serbia.svg\/40px-Flag_of_Serbia.svg.png 2x\" alt=\"Bandera de Serbia\" width=\"20\" height=\"13\" data-file-width=\"945\" data-file-height=\"630\" \/><\/span>Miguel Company<span class=\"flagicon\"><img loading=\"lazy\" decoding=\"async\" class=\"thumbborder\" title=\"Bandera del Per\u00fa\" src=\"https:\/\/upload.wikimedia.org\/wikipedia\/commons\/thumb\/c\/cf\/Flag_of_Peru.svg\/20px-Flag_of_Peru.svg.png\" srcset=\"\/\/upload.wikimedia.org\/wikipedia\/commons\/thumb\/c\/cf\/Flag_of_Peru.svg\/30px-Flag_of_Peru.svg.png 1.5x, \/\/upload.wikimedia.org\/wikipedia\/commons\/thumb\/c\/cf\/Flag_of_Peru.svg\/40px-Flag_of_Peru.svg.png 2x\" alt=\"Bandera del Per\u00fa\" width=\"20\" height=\"13\" data-file-width=\"900\" data-file-height=\"600\" \/><\/span>Jos\u00e9 Yudica<span class=\"flagicon\"><img decoding=\"async\" class=\"thumbborder\" title=\"Bandera de Argentina\" src=\"https:\/\/upload.wikimedia.org\/wikipedia\/commons\/thumb\/1\/1a\/Flag_of_Argentina.svg\/20px-Flag_of_Argentina.svg.png\" srcset=\"\/\/upload.wikimedia.org\/wikipedia\/commons\/thumb\/1\/1a\/Flag_of_Argentina.svg\/30px-Flag_of_Argentina.svg.png 1.5x, \/\/upload.wikimedia.org\/wikipedia\/commons\/thumb\/1\/1a\/Flag_of_Argentina.svg\/40px-Flag_of_Argentina.svg.png 2x\" alt=\"Bandera de Argentina\" width=\"20\" height=\"13\" data-file-width=\"800\" data-file-height=\"500\" \/><\/span>\u00d3scar Quintabani<span class=\"flagicon\"><img decoding=\"async\" class=\"thumbborder\" title=\"Bandera de Argentina\" src=\"https:\/\/upload.wikimedia.org\/wikipedia\/commons\/thumb\/1\/1a\/Flag_of_Argentina.svg\/20px-Flag_of_Argentina.svg.png\" srcset=\"\/\/upload.wikimedia.org\/wikipedia\/commons\/thumb\/1\/1a\/Flag_of_Argentina.svg\/30px-Flag_of_Argentina.svg.png 1.5x, \/\/upload.wikimedia.org\/wikipedia\/commons\/thumb\/1\/1a\/Flag_of_Argentina.svg\/40px-Flag_of_Argentina.svg.png 2x\" alt=\"Bandera de Argentina\" width=\"20\" height=\"13\" data-file-width=\"800\" data-file-height=\"500\" \/><\/span>Omar Labruna<span class=\"flagicon\"><img decoding=\"async\" class=\"thumbborder\" title=\"Bandera de Argentina\" src=\"https:\/\/upload.wikimedia.org\/wikipedia\/commons\/thumb\/1\/1a\/Flag_of_Argentina.svg\/20px-Flag_of_Argentina.svg.png\" srcset=\"\/\/upload.wikimedia.org\/wikipedia\/commons\/thumb\/1\/1a\/Flag_of_Argentina.svg\/30px-Flag_of_Argentina.svg.png 1.5x, \/\/upload.wikimedia.org\/wikipedia\/commons\/thumb\/1\/1a\/Flag_of_Argentina.svg\/40px-Flag_of_Argentina.svg.png 2x\" alt=\"Bandera de Argentina\" width=\"20\" height=\"13\" data-file-width=\"800\" data-file-height=\"500\" \/><\/span>Daniel Carre\u00f1o<span class=\"flagicon\"><img loading=\"lazy\" decoding=\"async\" class=\"thumbborder\" title=\"Bandera de Uruguay\" src=\"https:\/\/upload.wikimedia.org\/wikipedia\/commons\/thumb\/f\/fe\/Flag_of_Uruguay.svg\/20px-Flag_of_Uruguay.svg.png\" srcset=\"\/\/upload.wikimedia.org\/wikipedia\/commons\/thumb\/f\/fe\/Flag_of_Uruguay.svg\/30px-Flag_of_Uruguay.svg.png 1.5x, \/\/upload.wikimedia.org\/wikipedia\/commons\/thumb\/f\/fe\/Flag_of_Uruguay.svg\/40px-Flag_of_Uruguay.svg.png 2x\" alt=\"Bandera de Uruguay\" width=\"20\" height=\"13\" data-file-width=\"945\" data-file-height=\"630\" \/><\/span>Rub\u00e9n Dar\u00edo Ins\u00faa<span class=\"flagicon\"><img decoding=\"async\" class=\"thumbborder\" title=\"Bandera de Argentina\" src=\"https:\/\/upload.wikimedia.org\/wikipedia\/commons\/thumb\/1\/1a\/Flag_of_Argentina.svg\/20px-Flag_of_Argentina.svg.png\" srcset=\"\/\/upload.wikimedia.org\/wikipedia\/commons\/thumb\/1\/1a\/Flag_of_Argentina.svg\/30px-Flag_of_Argentina.svg.png 1.5x, \/\/upload.wikimedia.org\/wikipedia\/commons\/thumb\/1\/1a\/Flag_of_Argentina.svg\/40px-Flag_of_Argentina.svg.png 2x\" alt=\"Bandera de Argentina\" width=\"20\" height=\"13\" data-file-width=\"800\" data-file-height=\"500\" \/><\/span>Julio Avelino Comesa\u00f1a<span class=\"flagicon\"><img loading=\"lazy\" decoding=\"async\" class=\"thumbborder\" title=\"Bandera de Uruguay\" src=\"https:\/\/upload.wikimedia.org\/wikipedia\/commons\/thumb\/f\/fe\/Flag_of_Uruguay.svg\/20px-Flag_of_Uruguay.svg.png\" srcset=\"\/\/upload.wikimedia.org\/wikipedia\/commons\/thumb\/f\/fe\/Flag_of_Uruguay.svg\/30px-Flag_of_Uruguay.svg.png 1.5x, \/\/upload.wikimedia.org\/wikipedia\/commons\/thumb\/f\/fe\/Flag_of_Uruguay.svg\/40px-Flag_of_Uruguay.svg.png 2x\" alt=\"Bandera de Uruguay\" width=\"20\" height=\"13\" data-file-width=\"945\" data-file-height=\"630\" \/><\/span>Gerardo Pelusso<span class=\"flagicon\"><img loading=\"lazy\" decoding=\"async\" class=\"thumbborder\" title=\"Bandera de Uruguay\" src=\"https:\/\/upload.wikimedia.org\/wikipedia\/commons\/thumb\/f\/fe\/Flag_of_Uruguay.svg\/20px-Flag_of_Uruguay.svg.png\" srcset=\"\/\/upload.wikimedia.org\/wikipedia\/commons\/thumb\/f\/fe\/Flag_of_Uruguay.svg\/30px-Flag_of_Uruguay.svg.png 1.5x, \/\/upload.wikimedia.org\/wikipedia\/commons\/thumb\/f\/fe\/Flag_of_Uruguay.svg\/40px-Flag_of_Uruguay.svg.png 2x\" alt=\"Bandera de Uruguay\" width=\"20\" height=\"13\" data-file-width=\"945\" data-file-height=\"630\" \/><\/span>Lucas Pusineri<span class=\"flagicon\"><img decoding=\"async\" class=\"thumbborder\" title=\"Bandera de Argentina\" src=\"https:\/\/upload.wikimedia.org\/wikipedia\/commons\/thumb\/1\/1a\/Flag_of_Argentina.svg\/20px-Flag_of_Argentina.svg.png\" srcset=\"\/\/upload.wikimedia.org\/wikipedia\/commons\/thumb\/1\/1a\/Flag_of_Argentina.svg\/30px-Flag_of_Argentina.svg.png 1.5x, \/\/upload.wikimedia.org\/wikipedia\/commons\/thumb\/1\/1a\/Flag_of_Argentina.svg\/40px-Flag_of_Argentina.svg.png 2x\" alt=\"Bandera de Argentina\" width=\"20\" height=\"13\" data-file-width=\"800\" data-file-height=\"500\" \/><\/span><\/span><\/strong><\/td>\n<td style=\"width: 166px; height: 50px;\" align=\"center\"><span style=\"font-family: helvetica, arial, sans-serif;\">1912<\/span><\/td>\n<\/tr>\n<tr style=\"height: 54px;\" bgcolor=\"#EFEFEF\">\n<td style=\"width: 166px; height: 54px;\" align=\"center\"><span style=\"font-family: helvetica, arial, sans-serif;\">1915<\/span><\/td>\n<\/tr>\n<tr style=\"height: 54px;\">\n<td style=\"width: 166px; height: 54px;\" align=\"center\"><span style=\"font-family: helvetica, arial, sans-serif;\">1947-1948<\/span><\/td>\n<\/tr>\n<tr style=\"height: 54px;\" bgcolor=\"#EFEFEF\">\n<td style=\"width: 166px; height: 54px;\" align=\"center\"><span style=\"font-family: helvetica, arial, sans-serif;\">1949<\/span><\/td>\n<\/tr>\n<tr style=\"height: 54px;\">\n<td style=\"width: 166px; height: 54px;\" align=\"center\"><span style=\"font-family: helvetica, arial, sans-serif;\">1950,1961<\/span><\/td>\n<\/tr>\n<tr style=\"height: 56px;\" bgcolor=\"#EFEFEF\">\n<td style=\"width: 166px; height: 56px;\" align=\"center\"><span style=\"font-family: helvetica, arial, sans-serif;\">1950-1951<\/span><\/td>\n<\/tr>\n<tr style=\"height: 54px;\">\n<td style=\"width: 166px; height: 54px;\" align=\"center\"><span style=\"font-family: helvetica, arial, sans-serif;\">1951-1952<\/span><\/td>\n<\/tr>\n<tr style=\"height: 54px;\" bgcolor=\"#EFEFEF\">\n<td style=\"width: 166px; height: 54px;\" align=\"center\"><span style=\"font-family: helvetica, arial, sans-serif;\">1953,1959<\/span><\/td>\n<\/tr>\n<tr style=\"height: 54px;\">\n<td style=\"width: 166px; height: 54px;\" align=\"center\"><span style=\"font-family: helvetica, arial, sans-serif;\">1954<\/span><\/td>\n<\/tr>\n<tr style=\"height: 54px;\">\n<td style=\"width: 166px; height: 54px;\" align=\"center\"><span style=\"font-family: helvetica, arial, sans-serif;\">1955<\/span><\/td>\n<\/tr>\n<tr style=\"height: 56px;\">\n<td style=\"width: 166px; height: 56px;\" align=\"center\"><span style=\"font-family: helvetica, arial, sans-serif;\">1959<\/span><\/td>\n<\/tr>\n<tr style=\"height: 54px;\" bgcolor=\"#EFEFEF\">\n<td style=\"width: 166px; height: 54px;\" align=\"center\"><span style=\"font-family: helvetica, arial, sans-serif;\">1960<\/span><\/td>\n<\/tr>\n<tr style=\"height: 54px;\" bgcolor=\"#EFEFEF\">\n<td style=\"width: 166px; height: 54px;\" align=\"center\"><span style=\"font-family: helvetica, arial, sans-serif;\">1961-1962<\/span><\/td>\n<\/tr>\n<tr style=\"height: 54px;\">\n<td style=\"width: 166px; height: 54px;\" align=\"center\"><span style=\"font-family: helvetica, arial, sans-serif;\">1963<\/span><\/td>\n<\/tr>\n<tr style=\"height: 54px;\">\n<td style=\"width: 166px; height: 54px;\" align=\"center\"><span style=\"font-family: helvetica, arial, sans-serif;\">1964<\/span><\/td>\n<\/tr>\n<tr style=\"height: 56px;\" bgcolor=\"#EFEFEF\">\n<td style=\"width: 166px; height: 56px;\" align=\"center\"><span style=\"font-family: helvetica, arial, sans-serif;\">1965-1966,1966-1970<\/span><\/td>\n<\/tr>\n<tr style=\"height: 54px;\">\n<td style=\"width: 166px; height: 54px;\" align=\"center\"><span style=\"font-family: helvetica, arial, sans-serif;\">1966<\/span><\/td>\n<\/tr>\n<tr style=\"height: 54px;\">\n<td style=\"width: 166px; height: 54px;\" align=\"center\"><span style=\"font-family: helvetica, arial, sans-serif;\">1970-1971<\/span><\/td>\n<\/tr>\n<tr style=\"height: 54px;\" bgcolor=\"#EFEFEF\">\n<td style=\"width: 166px; height: 54px;\" align=\"center\"><span style=\"font-family: helvetica, arial, sans-serif;\">1971<\/span><\/td>\n<\/tr>\n<tr style=\"height: 54px;\">\n<td style=\"width: 166px; height: 54px;\" align=\"center\"><span style=\"font-family: helvetica, arial, sans-serif;\">1971-1972<\/span><\/td>\n<\/tr>\n<tr style=\"height: 56px;\" bgcolor=\"#EFEFEF\">\n<td style=\"width: 166px; height: 56px;\" align=\"center\"><span style=\"font-family: helvetica, arial, sans-serif;\">1973<\/span><\/td>\n<\/tr>\n<tr style=\"height: 54px;\">\n<td style=\"width: 166px; height: 54px;\" align=\"center\"><span style=\"font-family: helvetica, arial, sans-serif;\">1974<\/span><\/td>\n<\/tr>\n<tr style=\"height: 54px;\" bgcolor=\"#EFEFEF\">\n<td style=\"width: 166px; height: 54px;\" align=\"center\"><span style=\"font-family: helvetica, arial, sans-serif;\">1975<\/span><\/td>\n<\/tr>\n<tr style=\"height: 54px;\">\n<td style=\"width: 166px; height: 54px;\" align=\"center\"><span style=\"font-family: helvetica, arial, sans-serif;\">1976<\/span><\/td>\n<\/tr>\n<tr style=\"height: 54px;\" bgcolor=\"#EFEFEF\">\n<td style=\"width: 166px; height: 54px;\" align=\"center\"><span style=\"font-family: helvetica, arial, sans-serif;\">1976<\/span><\/td>\n<\/tr>\n<tr style=\"height: 54px;\">\n<td style=\"width: 166px; height: 54px;\" align=\"center\"><span style=\"font-family: helvetica, arial, sans-serif;\">1976-1979<\/span><\/td>\n<\/tr>\n<tr style=\"height: 56px;\" bgcolor=\"#EFEFEF\">\n<td style=\"width: 166px; height: 56px;\" align=\"center\"><span style=\"font-family: helvetica, arial, sans-serif;\">1979-1980<\/span><\/td>\n<\/tr>\n<tr style=\"height: 54px;\">\n<td style=\"width: 166px; height: 54px;\" align=\"center\"><span style=\"font-family: helvetica, arial, sans-serif;\">1981<\/span><\/td>\n<\/tr>\n<tr style=\"height: 54px;\" bgcolor=\"#EFEFEF\">\n<td style=\"width: 166px; height: 54px;\" align=\"center\"><span style=\"font-family: helvetica, arial, sans-serif;\">1982<\/span><\/td>\n<\/tr>\n<tr style=\"height: 54px;\">\n<td style=\"width: 166px; height: 54px;\" align=\"center\"><span style=\"font-family: helvetica, arial, sans-serif;\">1984-1986<\/span><\/td>\n<\/tr>\n<tr style=\"height: 54px;\" bgcolor=\"#EFEFEF\">\n<td style=\"width: 166px; height: 54px;\" align=\"center\"><span style=\"font-family: helvetica, arial, sans-serif;\">1987<\/span><\/td>\n<\/tr>\n<tr style=\"height: 56px;\">\n<td style=\"width: 166px; height: 56px;\" align=\"center\"><span style=\"font-family: helvetica, arial, sans-serif;\">1988<\/span><\/td>\n<\/tr>\n<tr style=\"height: 54px;\">\n<td style=\"width: 166px; height: 54px;\" align=\"center\"><span style=\"font-family: helvetica, arial, sans-serif;\">1989<\/span><\/td>\n<\/tr>\n<tr style=\"height: 54px;\">\n<td style=\"width: 166px; height: 54px;\" align=\"center\"><span style=\"font-family: helvetica, arial, sans-serif;\">1992-1993<\/span><\/td>\n<\/tr>\n<tr style=\"height: 54px;\">\n<td style=\"width: 166px; height: 54px;\" align=\"center\"><span style=\"font-family: helvetica, arial, sans-serif;\">1993-1994<\/span><\/td>\n<\/tr>\n<tr style=\"height: 54px;\" bgcolor=\"#EFEFEF\">\n<td style=\"width: 166px; height: 54px;\" align=\"center\"><span style=\"font-family: helvetica, arial, sans-serif;\">2002-2003<\/span><\/td>\n<\/tr>\n<tr style=\"height: 56px;\" bgcolor=\"#EFEFEF\">\n<td style=\"width: 166px; height: 56px;\" align=\"center\"><span style=\"font-family: helvetica, arial, sans-serif;\">2006-2007<\/span><\/td>\n<\/tr>\n<tr style=\"height: 54px;\" bgcolor=\"#EFEFEF\">\n<td style=\"width: 166px; height: 54px;\" align=\"center\"><span style=\"font-family: helvetica, arial, sans-serif;\">2008<\/span><\/td>\n<\/tr>\n<tr style=\"height: 54px;\">\n<td style=\"width: 166px; height: 54px;\" align=\"center\"><span style=\"font-family: helvetica, arial, sans-serif;\">2011-2012<\/span><\/td>\n<\/tr>\n<tr style=\"height: 54px;\" bgcolor=\"#EFEFEF\">\n<td style=\"width: 166px; height: 54px;\" align=\"center\"><span style=\"font-family: helvetica, arial, sans-serif;\">2012<\/span><\/td>\n<\/tr>\n<tr style=\"height: 54px;\" bgcolor=\"#EFEFEF\">\n<td style=\"width: 166px; height: 54px;\" align=\"center\"><span style=\"font-family: helvetica, arial, sans-serif;\">2018<\/span><\/td>\n<\/tr>\n<tr style=\"height: 56px;\">\n<td style=\"width: 166px; height: 56px;\" align=\"center\"><span style=\"font-family: helvetica, arial, sans-serif;\">2019 - 48 partidos, 22 victorias, 16 derrotas, 10 empates<\/span><\/td>\n<\/tr>\n<\/tbody>\n<\/table>\n<p>&nbsp;<\/p>\n<p><span style=\"font-family: helvetica, arial, sans-serif;\">*Tambi\u00e9n dirigi\u00f3 en Am\u00e9rica<\/span><\/p>\n","protected":false},"excerpt":{"rendered":"<p>Francisco VillaOtac\u00edlio Gon\u00e7alvesMois\u00e9s ReubenAdelfo MagallanesCarlos PeucelleManuel Gi\u00fadiceRoberto ScaroneJulio T\u00f3cker *Camilo CervinoSantiago RivasManuel Sanguinetti *Jos\u00e9 FabriniLuis L\u00f3pezGaudencio de MeloFrancisco Solano*Francisco VillegasFederico VairoRoberto ResquinLuis L\u00f3pez\u00d3scar L\u00f3pez V\u00e1squezVladislao CapVladimir Popovi\u0107Ra\u00fal Rodr\u00edguezWashington EtchamendiN\u00e9stor Ra\u00fal RossiCarlos BilardoEduardo Luj\u00e1n Manera\u00a0Edilberto RighiMiguel \u00c1ngel Bas\u00edlicoVladimir Popovi\u0107Julio Comesa\u00f1a\u00d3scar Washington Tab\u00e1rezVladimir Popovi\u0107Miguel CompanyJos\u00e9 Yudica\u00d3scar QuintabaniOmar LabrunaDaniel Carre\u00f1oRub\u00e9n Dar\u00edo Ins\u00faaJulio Avelino Comesa\u00f1aGerardo PelussoLucas Pusineri 1912 1915 [&hellip;]<\/p>\n","protected":false},"author":5,"featured_media":42035,"comment_status":"open","ping_status":"open","sticky":false,"template":"","format":"standard","meta":{"_acf_changed":false,"footnotes":""},"categories":[7],"tags":[],"class_list":{"0":"post-42033","1":"post","2":"type-post","3":"status-publish","4":"format-standard","5":"has-post-thumbnail","7":"category-liga-betplay"},"acf":[],"yoast_head":"<!-- This site is optimized with the Yoast SEO plugin v26.8 - https:\/\/yoast.com\/product\/yoast-seo-wordpress\/ -->\n<title>Los t\u00e9cnicos extranjeros que han dirigido al Cali -<\/title>\n<meta name=\"robots\" content=\"index, follow, max-snippet:-1, max-image-preview:large, max-video-preview:-1\" \/>\n<link rel=\"canonical\" href=\"https:\/\/futbolhoy.co\/index.php\/2019\/10\/05\/los-tecnicos-extranjeros-que-han-dirigido-al-cali\/\" \/>\n<meta property=\"og:locale\" content=\"es_ES\" \/>\n<meta property=\"og:type\" content=\"article\" \/>\n<meta property=\"og:title\" content=\"Los t\u00e9cnicos extranjeros que han dirigido al Cali -\" \/>\n<meta property=\"og:description\" content=\"Francisco VillaOtac\u00edlio Gon\u00e7alvesMois\u00e9s ReubenAdelfo MagallanesCarlos PeucelleManuel Gi\u00fadiceRoberto ScaroneJulio T\u00f3cker *Camilo CervinoSantiago RivasManuel Sanguinetti *Jos\u00e9 FabriniLuis L\u00f3pezGaudencio de MeloFrancisco Solano*Francisco VillegasFederico VairoRoberto ResquinLuis L\u00f3pez\u00d3scar L\u00f3pez V\u00e1squezVladislao CapVladimir Popovi\u0107Ra\u00fal Rodr\u00edguezWashington EtchamendiN\u00e9stor Ra\u00fal RossiCarlos BilardoEduardo Luj\u00e1n Manera\u00a0Edilberto RighiMiguel \u00c1ngel Bas\u00edlicoVladimir Popovi\u0107Julio Comesa\u00f1a\u00d3scar Washington Tab\u00e1rezVladimir Popovi\u0107Miguel CompanyJos\u00e9 Yudica\u00d3scar QuintabaniOmar LabrunaDaniel Carre\u00f1oRub\u00e9n Dar\u00edo Ins\u00faaJulio Avelino Comesa\u00f1aGerardo PelussoLucas Pusineri 1912 1915 [&hellip;]\" \/>\n<meta property=\"og:url\" content=\"https:\/\/futbolhoy.co\/index.php\/2019\/10\/05\/los-tecnicos-extranjeros-que-han-dirigido-al-cali\/\" \/>\n<meta property=\"article:publisher\" content=\"https:\/\/www.facebook.com\/FutbolHoyCol\/\" \/>\n<meta property=\"article:published_time\" content=\"2019-10-06T00:27:16+00:00\" \/>\n<meta property=\"article:modified_time\" content=\"2019-10-06T02:46:43+00:00\" \/>\n<meta property=\"og:image\" content=\"https:\/\/futbolhoy.co\/wp-content\/uploads\/2019\/10\/EFaq5xPWkAQe8-T.jpg\" \/>\n\t<meta property=\"og:image:width\" content=\"600\" \/>\n\t<meta property=\"og:image:height\" content=\"900\" \/>\n\t<meta property=\"og:image:type\" content=\"image\/jpeg\" \/>\n<meta name=\"author\" content=\"Laura Hern\u00e1ndez\" \/>\n<meta name=\"twitter:card\" content=\"summary_large_image\" \/>\n<meta name=\"twitter:creator\" content=\"@FutbolHoyCol\" \/>\n<meta name=\"twitter:site\" content=\"@FutbolHoyCol\" \/>\n<meta name=\"twitter:label1\" content=\"Escrito por\" \/>\n\t<meta name=\"twitter:data1\" content=\"Laura Hern\u00e1ndez\" \/>\n\t<meta name=\"twitter:label2\" content=\"Tiempo de lectura\" \/>\n\t<meta name=\"twitter:data2\" content=\"1 minuto\" \/>\n<script type=\"application\/ld+json\" class=\"yoast-schema-graph\">{\"@context\":\"https:\/\/schema.org\",\"@graph\":[{\"@type\":\"Article\",\"@id\":\"https:\/\/futbolhoy.co\/index.php\/2019\/10\/05\/los-tecnicos-extranjeros-que-han-dirigido-al-cali\/#article\",\"isPartOf\":{\"@id\":\"https:\/\/futbolhoy.co\/index.php\/2019\/10\/05\/los-tecnicos-extranjeros-que-han-dirigido-al-cali\/\"},\"author\":{\"name\":\"Laura Hern\u00e1ndez\",\"@id\":\"https:\/\/futbolhoy.co\/#\/schema\/person\/c4a353a512b127643723a34bb1812f7d\"},\"headline\":\"Los t\u00e9cnicos extranjeros que han dirigido al Cali\",\"datePublished\":\"2019-10-06T00:27:16+00:00\",\"dateModified\":\"2019-10-06T02:46:43+00:00\",\"mainEntityOfPage\":{\"@id\":\"https:\/\/futbolhoy.co\/index.php\/2019\/10\/05\/los-tecnicos-extranjeros-que-han-dirigido-al-cali\/\"},\"wordCount\":151,\"commentCount\":0,\"publisher\":{\"@id\":\"https:\/\/futbolhoy.co\/#organization\"},\"image\":{\"@id\":\"https:\/\/futbolhoy.co\/index.php\/2019\/10\/05\/los-tecnicos-extranjeros-que-han-dirigido-al-cali\/#primaryimage\"},\"thumbnailUrl\":\"https:\/\/futbolhoy.co\/wp-content\/uploads\/2019\/10\/EFaq5xPWkAQe8-T.jpg\",\"articleSection\":[\"Liga BetPlay\"],\"inLanguage\":\"es\",\"potentialAction\":[{\"@type\":\"CommentAction\",\"name\":\"Comment\",\"target\":[\"https:\/\/futbolhoy.co\/index.php\/2019\/10\/05\/los-tecnicos-extranjeros-que-han-dirigido-al-cali\/#respond\"]}]},{\"@type\":\"WebPage\",\"@id\":\"https:\/\/futbolhoy.co\/index.php\/2019\/10\/05\/los-tecnicos-extranjeros-que-han-dirigido-al-cali\/\",\"url\":\"https:\/\/futbolhoy.co\/index.php\/2019\/10\/05\/los-tecnicos-extranjeros-que-han-dirigido-al-cali\/\",\"name\":\"Los t\u00e9cnicos extranjeros que han dirigido al Cali -\",\"isPartOf\":{\"@id\":\"https:\/\/futbolhoy.co\/#website\"},\"primaryImageOfPage\":{\"@id\":\"https:\/\/futbolhoy.co\/index.php\/2019\/10\/05\/los-tecnicos-extranjeros-que-han-dirigido-al-cali\/#primaryimage\"},\"image\":{\"@id\":\"https:\/\/futbolhoy.co\/index.php\/2019\/10\/05\/los-tecnicos-extranjeros-que-han-dirigido-al-cali\/#primaryimage\"},\"thumbnailUrl\":\"https:\/\/futbolhoy.co\/wp-content\/uploads\/2019\/10\/EFaq5xPWkAQe8-T.jpg\",\"datePublished\":\"2019-10-06T00:27:16+00:00\",\"dateModified\":\"2019-10-06T02:46:43+00:00\",\"breadcrumb\":{\"@id\":\"https:\/\/futbolhoy.co\/index.php\/2019\/10\/05\/los-tecnicos-extranjeros-que-han-dirigido-al-cali\/#breadcrumb\"},\"inLanguage\":\"es\",\"potentialAction\":[{\"@type\":\"ReadAction\",\"target\":[\"https:\/\/futbolhoy.co\/index.php\/2019\/10\/05\/los-tecnicos-extranjeros-que-han-dirigido-al-cali\/\"]}]},{\"@type\":\"ImageObject\",\"inLanguage\":\"es\",\"@id\":\"https:\/\/futbolhoy.co\/index.php\/2019\/10\/05\/los-tecnicos-extranjeros-que-han-dirigido-al-cali\/#primaryimage\",\"url\":\"https:\/\/futbolhoy.co\/wp-content\/uploads\/2019\/10\/EFaq5xPWkAQe8-T.jpg\",\"contentUrl\":\"https:\/\/futbolhoy.co\/wp-content\/uploads\/2019\/10\/EFaq5xPWkAQe8-T.jpg\",\"width\":600,\"height\":900},{\"@type\":\"BreadcrumbList\",\"@id\":\"https:\/\/futbolhoy.co\/index.php\/2019\/10\/05\/los-tecnicos-extranjeros-que-han-dirigido-al-cali\/#breadcrumb\",\"itemListElement\":[{\"@type\":\"ListItem\",\"position\":1,\"name\":\"Portada\",\"item\":\"https:\/\/futbolhoy.co\/\"},{\"@type\":\"ListItem\",\"position\":2,\"name\":\"Los t\u00e9cnicos extranjeros que han dirigido al Cali\"}]},{\"@type\":\"WebSite\",\"@id\":\"https:\/\/futbolhoy.co\/#website\",\"url\":\"https:\/\/futbolhoy.co\/\",\"name\":\"FutbolHoy\",\"description\":\"\",\"publisher\":{\"@id\":\"https:\/\/futbolhoy.co\/#organization\"},\"potentialAction\":[{\"@type\":\"SearchAction\",\"target\":{\"@type\":\"EntryPoint\",\"urlTemplate\":\"https:\/\/futbolhoy.co\/?s={search_term_string}\"},\"query-input\":{\"@type\":\"PropertyValueSpecification\",\"valueRequired\":true,\"valueName\":\"search_term_string\"}}],\"inLanguage\":\"es\"},{\"@type\":\"Organization\",\"@id\":\"https:\/\/futbolhoy.co\/#organization\",\"name\":\"Futbolhoy.co\",\"url\":\"https:\/\/futbolhoy.co\/\",\"logo\":{\"@type\":\"ImageObject\",\"inLanguage\":\"es\",\"@id\":\"https:\/\/futbolhoy.co\/#\/schema\/logo\/image\/\",\"url\":\"https:\/\/futbolhoy.co\/wp-content\/uploads\/2018\/08\/17426380_1906371736249227_6326180412931521141_n.jpg\",\"contentUrl\":\"https:\/\/futbolhoy.co\/wp-content\/uploads\/2018\/08\/17426380_1906371736249227_6326180412931521141_n.jpg\",\"width\":960,\"height\":960,\"caption\":\"Futbolhoy.co\"},\"image\":{\"@id\":\"https:\/\/futbolhoy.co\/#\/schema\/logo\/image\/\"},\"sameAs\":[\"https:\/\/www.facebook.com\/FutbolHoyCol\/\",\"https:\/\/x.com\/FutbolHoyCol\",\"https:\/\/www.instagram.com\/futbolhoycol\/\"]},{\"@type\":\"Person\",\"@id\":\"https:\/\/futbolhoy.co\/#\/schema\/person\/c4a353a512b127643723a34bb1812f7d\",\"name\":\"Laura Hern\u00e1ndez\",\"image\":{\"@type\":\"ImageObject\",\"inLanguage\":\"es\",\"@id\":\"https:\/\/futbolhoy.co\/#\/schema\/person\/image\/\",\"url\":\"https:\/\/secure.gravatar.com\/avatar\/d25959a15b9b293a743f99181c7cfd01?s=96&d=mm&r=g\",\"contentUrl\":\"https:\/\/secure.gravatar.com\/avatar\/d25959a15b9b293a743f99181c7cfd01?s=96&d=mm&r=g\",\"caption\":\"Laura Hern\u00e1ndez\"}}]}<\/script>\n<!-- \/ Yoast SEO plugin. -->","yoast_head_json":{"title":"Los t\u00e9cnicos extranjeros que han dirigido al Cali -","robots":{"index":"index","follow":"follow","max-snippet":"max-snippet:-1","max-image-preview":"max-image-preview:large","max-video-preview":"max-video-preview:-1"},"canonical":"https:\/\/futbolhoy.co\/index.php\/2019\/10\/05\/los-tecnicos-extranjeros-que-han-dirigido-al-cali\/","og_locale":"es_ES","og_type":"article","og_title":"Los t\u00e9cnicos extranjeros que han dirigido al Cali -","og_description":"Francisco VillaOtac\u00edlio Gon\u00e7alvesMois\u00e9s ReubenAdelfo MagallanesCarlos PeucelleManuel Gi\u00fadiceRoberto ScaroneJulio T\u00f3cker *Camilo CervinoSantiago RivasManuel Sanguinetti *Jos\u00e9 FabriniLuis L\u00f3pezGaudencio de MeloFrancisco Solano*Francisco VillegasFederico VairoRoberto ResquinLuis L\u00f3pez\u00d3scar L\u00f3pez V\u00e1squezVladislao CapVladimir Popovi\u0107Ra\u00fal Rodr\u00edguezWashington EtchamendiN\u00e9stor Ra\u00fal RossiCarlos BilardoEduardo Luj\u00e1n Manera\u00a0Edilberto RighiMiguel \u00c1ngel Bas\u00edlicoVladimir Popovi\u0107Julio Comesa\u00f1a\u00d3scar Washington Tab\u00e1rezVladimir Popovi\u0107Miguel CompanyJos\u00e9 Yudica\u00d3scar QuintabaniOmar LabrunaDaniel Carre\u00f1oRub\u00e9n Dar\u00edo Ins\u00faaJulio Avelino Comesa\u00f1aGerardo PelussoLucas Pusineri 1912 1915 [&hellip;]","og_url":"https:\/\/futbolhoy.co\/index.php\/2019\/10\/05\/los-tecnicos-extranjeros-que-han-dirigido-al-cali\/","article_publisher":"https:\/\/www.facebook.com\/FutbolHoyCol\/","article_published_time":"2019-10-06T00:27:16+00:00","article_modified_time":"2019-10-06T02:46:43+00:00","og_image":[{"width":600,"height":900,"url":"https:\/\/futbolhoy.co\/wp-content\/uploads\/2019\/10\/EFaq5xPWkAQe8-T.jpg","type":"image\/jpeg"}],"author":"Laura Hern\u00e1ndez","twitter_card":"summary_large_image","twitter_creator":"@FutbolHoyCol","twitter_site":"@FutbolHoyCol","twitter_misc":{"Escrito por":"Laura Hern\u00e1ndez","Tiempo de lectura":"1 minuto"},"schema":{"@context":"https:\/\/schema.org","@graph":[{"@type":"Article","@id":"https:\/\/futbolhoy.co\/index.php\/2019\/10\/05\/los-tecnicos-extranjeros-que-han-dirigido-al-cali\/#article","isPartOf":{"@id":"https:\/\/futbolhoy.co\/index.php\/2019\/10\/05\/los-tecnicos-extranjeros-que-han-dirigido-al-cali\/"},"author":{"name":"Laura Hern\u00e1ndez","@id":"https:\/\/futbolhoy.co\/#\/schema\/person\/c4a353a512b127643723a34bb1812f7d"},"headline":"Los t\u00e9cnicos extranjeros que han dirigido al Cali","datePublished":"2019-10-06T00:27:16+00:00","dateModified":"2019-10-06T02:46:43+00:00","mainEntityOfPage":{"@id":"https:\/\/futbolhoy.co\/index.php\/2019\/10\/05\/los-tecnicos-extranjeros-que-han-dirigido-al-cali\/"},"wordCount":151,"commentCount":0,"publisher":{"@id":"https:\/\/futbolhoy.co\/#organization"},"image":{"@id":"https:\/\/futbolhoy.co\/index.php\/2019\/10\/05\/los-tecnicos-extranjeros-que-han-dirigido-al-cali\/#primaryimage"},"thumbnailUrl":"https:\/\/futbolhoy.co\/wp-content\/uploads\/2019\/10\/EFaq5xPWkAQe8-T.jpg","articleSection":["Liga BetPlay"],"inLanguage":"es","potentialAction":[{"@type":"CommentAction","name":"Comment","target":["https:\/\/futbolhoy.co\/index.php\/2019\/10\/05\/los-tecnicos-extranjeros-que-han-dirigido-al-cali\/#respond"]}]},{"@type":"WebPage","@id":"https:\/\/futbolhoy.co\/index.php\/2019\/10\/05\/los-tecnicos-extranjeros-que-han-dirigido-al-cali\/","url":"https:\/\/futbolhoy.co\/index.php\/2019\/10\/05\/los-tecnicos-extranjeros-que-han-dirigido-al-cali\/","name":"Los t\u00e9cnicos extranjeros que han dirigido al Cali -","isPartOf":{"@id":"https:\/\/futbolhoy.co\/#website"},"primaryImageOfPage":{"@id":"https:\/\/futbolhoy.co\/index.php\/2019\/10\/05\/los-tecnicos-extranjeros-que-han-dirigido-al-cali\/#primaryimage"},"image":{"@id":"https:\/\/futbolhoy.co\/index.php\/2019\/10\/05\/los-tecnicos-extranjeros-que-han-dirigido-al-cali\/#primaryimage"},"thumbnailUrl":"https:\/\/futbolhoy.co\/wp-content\/uploads\/2019\/10\/EFaq5xPWkAQe8-T.jpg","datePublished":"2019-10-06T00:27:16+00:00","dateModified":"2019-10-06T02:46:43+00:00","breadcrumb":{"@id":"https:\/\/futbolhoy.co\/index.php\/2019\/10\/05\/los-tecnicos-extranjeros-que-han-dirigido-al-cali\/#breadcrumb"},"inLanguage":"es","potentialAction":[{"@type":"ReadAction","target":["https:\/\/futbolhoy.co\/index.php\/2019\/10\/05\/los-tecnicos-extranjeros-que-han-dirigido-al-cali\/"]}]},{"@type":"ImageObject","inLanguage":"es","@id":"https:\/\/futbolhoy.co\/index.php\/2019\/10\/05\/los-tecnicos-extranjeros-que-han-dirigido-al-cali\/#primaryimage","url":"https:\/\/futbolhoy.co\/wp-content\/uploads\/2019\/10\/EFaq5xPWkAQe8-T.jpg","contentUrl":"https:\/\/futbolhoy.co\/wp-content\/uploads\/2019\/10\/EFaq5xPWkAQe8-T.jpg","width":600,"height":900},{"@type":"BreadcrumbList","@id":"https:\/\/futbolhoy.co\/index.php\/2019\/10\/05\/los-tecnicos-extranjeros-que-han-dirigido-al-cali\/#breadcrumb","itemListElement":[{"@type":"ListItem","position":1,"name":"Portada","item":"https:\/\/futbolhoy.co\/"},{"@type":"ListItem","position":2,"name":"Los t\u00e9cnicos extranjeros que han dirigido al Cali"}]},{"@type":"WebSite","@id":"https:\/\/futbolhoy.co\/#website","url":"https:\/\/futbolhoy.co\/","name":"FutbolHoy","description":"","publisher":{"@id":"https:\/\/futbolhoy.co\/#organization"},"potentialAction":[{"@type":"SearchAction","target":{"@type":"EntryPoint","urlTemplate":"https:\/\/futbolhoy.co\/?s={search_term_string}"},"query-input":{"@type":"PropertyValueSpecification","valueRequired":true,"valueName":"search_term_string"}}],"inLanguage":"es"},{"@type":"Organization","@id":"https:\/\/futbolhoy.co\/#organization","name":"Futbolhoy.co","url":"https:\/\/futbolhoy.co\/","logo":{"@type":"ImageObject","inLanguage":"es","@id":"https:\/\/futbolhoy.co\/#\/schema\/logo\/image\/","url":"https:\/\/futbolhoy.co\/wp-content\/uploads\/2018\/08\/17426380_1906371736249227_6326180412931521141_n.jpg","contentUrl":"https:\/\/futbolhoy.co\/wp-content\/uploads\/2018\/08\/17426380_1906371736249227_6326180412931521141_n.jpg","width":960,"height":960,"caption":"Futbolhoy.co"},"image":{"@id":"https:\/\/futbolhoy.co\/#\/schema\/logo\/image\/"},"sameAs":["https:\/\/www.facebook.com\/FutbolHoyCol\/","https:\/\/x.com\/FutbolHoyCol","https:\/\/www.instagram.com\/futbolhoycol\/"]},{"@type":"Person","@id":"https:\/\/futbolhoy.co\/#\/schema\/person\/c4a353a512b127643723a34bb1812f7d","name":"Laura Hern\u00e1ndez","image":{"@type":"ImageObject","inLanguage":"es","@id":"https:\/\/futbolhoy.co\/#\/schema\/person\/image\/","url":"https:\/\/secure.gravatar.com\/avatar\/d25959a15b9b293a743f99181c7cfd01?s=96&d=mm&r=g","contentUrl":"https:\/\/secure.gravatar.com\/avatar\/d25959a15b9b293a743f99181c7cfd01?s=96&d=mm&r=g","caption":"Laura Hern\u00e1ndez"}}]}},"publishpress_future_action":{"enabled":false,"date":"2026-05-03 18:31:25","action":"change-status","newStatus":"draft","terms":[],"taxonomy":"category","extraData":[]},"publishpress_future_workflow_manual_trigger":{"enabledWorkflows":[]},"_links":{"self":[{"href":"https:\/\/futbolhoy.co\/index.php\/wp-json\/wp\/v2\/posts\/42033","targetHints":{"allow":["GET"]}}],"collection":[{"href":"https:\/\/futbolhoy.co\/index.php\/wp-json\/wp\/v2\/posts"}],"about":[{"href":"https:\/\/futbolhoy.co\/index.php\/wp-json\/wp\/v2\/types\/post"}],"author":[{"embeddable":true,"href":"https:\/\/futbolhoy.co\/index.php\/wp-json\/wp\/v2\/users\/5"}],"replies":[{"embeddable":true,"href":"https:\/\/futbolhoy.co\/index.php\/wp-json\/wp\/v2\/comments?post=42033"}],"version-history":[{"count":2,"href":"https:\/\/futbolhoy.co\/index.php\/wp-json\/wp\/v2\/posts\/42033\/revisions"}],"predecessor-version":[{"id":42042,"href":"https:\/\/futbolhoy.co\/index.php\/wp-json\/wp\/v2\/posts\/42033\/revisions\/42042"}],"wp:featuredmedia":[{"embeddable":true,"href":"https:\/\/futbolhoy.co\/index.php\/wp-json\/wp\/v2\/media\/42035"}],"wp:attachment":[{"href":"https:\/\/futbolhoy.co\/index.php\/wp-json\/wp\/v2\/media?parent=42033"}],"wp:term":[{"taxonomy":"category","embeddable":true,"href":"https:\/\/futbolhoy.co\/index.php\/wp-json\/wp\/v2\/categories?post=42033"},{"taxonomy":"post_tag","embeddable":true,"href":"https:\/\/futbolhoy.co\/index.php\/wp-json\/wp\/v2\/tags?post=42033"}],"curies":[{"name":"wp","href":"https:\/\/api.w.org\/{rel}","templated":true}]}}