{"id":43067,"date":"2019-10-31T13:00:51","date_gmt":"2019-10-31T18:00:51","guid":{"rendered":"https:\/\/futbolhoy.co\/?p=43067"},"modified":"2019-10-31T13:10:46","modified_gmt":"2019-10-31T18:10:46","slug":"messi-vuelve-a-la-seleccion-argentina","status":"publish","type":"post","link":"https:\/\/futbolhoy.co\/index.php\/2019\/10\/31\/messi-vuelve-a-la-seleccion-argentina\/","title":{"rendered":"Messi vuelve a la Selecci\u00f3n Argentina"},"content":{"rendered":"<p style=\"text-align: justify;\"><span style=\"font-family: helvetica, arial, sans-serif;\"><strong>Lionel Messi<\/strong> fue convocado a la <strong>selecci\u00f3n argentina<\/strong> para los partidos amistosos de noviembre frente a <strong>Brasil<\/strong> y <strong>Uruguay,<\/strong> luego de cumplir la sanci\u00f3n de tres meses que le impuso <strong>Conmebol.<\/strong><\/span><\/p>\n<p style=\"text-align: justify;\"><span style=\"font-family: helvetica, arial, sans-serif;\">Messi, que fue suspendido por las cr\u00edticas que hizo a al m\u00e1ximo ente regulador del f\u00fatbol sudamericano durante la <strong>Copa Am\u00e9rica,<\/strong> fue incluido en la lista que llam\u00f3 <strong>Lionel Scaloni<\/strong> para los partidos que se disputar\u00e1n el 15 de noviembre en <strong>Ryad<\/strong> ante Brasil y el 19 de noviembre en <strong>Tel Aviv<\/strong> frente a Uruguay.<\/span><\/p>\n<p style=\"text-align: justify;\"><span style=\"font-family: helvetica, arial, sans-serif;\">En la convocatoria tambi\u00e9n fueron incluidas varias figuras, como <strong>Paulo Dybala, Lautaro Mart\u00ednez, Sergio Ag\u00fcero, Leandro Paredes, Germ\u00e1n Pezzella y Nicol\u00e1s Otamendi.<\/strong><\/span><\/p>\n<p style=\"text-align: justify;\"><span style=\"font-family: helvetica, arial, sans-serif;\">Los convocados:<\/span><\/p>\n<p style=\"text-align: justify;\"><span style=\"font-family: helvetica, arial, sans-serif;\"><strong>Porteros:<\/strong> Agust\u00edn Marches\u00edn (Oporto-POR), Juan Musso (Udinese-ITA), Emiliano Mart\u00ednez (Arsenal-ING) y Esteban Andrada (Boca Juniors).<\/span><\/p>\n<p style=\"text-align: justify;\"><span style=\"font-family: helvetica, arial, sans-serif;\"><strong>Defensas:<\/strong> Juan Foyth (Tottenham-ING), Renzo Saravia (Oporto-POR), Nicol\u00e1s Otamendi (Manchester City-ING), Germ\u00e1n Pezzella (Fiorentina-ITA), Marcos Rojo (Manchester United-ING), Walter Kannemann (Gremio-BRA), Nicol\u00e1s Tagliafico (Ajax-HOL) y Nahu\u00e9n P\u00e9rez (Famalicao-POR).<\/span><\/p>\n<p style=\"text-align: justify;\"><span style=\"font-family: helvetica, arial, sans-serif;\"><strong>Volantes:<\/strong> Guido Rodr\u00edguez (Am\u00e9rica-MEX), Giovani Lo Celso (Tottenham-ING), Leandro Paredes (PSG-FRA), Nicol\u00e1s Dom\u00ednguez (V\u00e9lez Sarsfield), Rodrigo de Paul (Udinese-ITA), Marcos Acu\u00f1a (Sporting-POR), Roberto Pereyra (Watford-ING) y Lucas Ocampos (Sevilla-ESP).<\/span><\/p>\n<p style=\"text-align: justify;\"><span style=\"font-family: helvetica, arial, sans-serif;\"><strong>Delanteros:<\/strong> Lionel Messi (Barcelona-ESP), Sergio Ag\u00fcero (Manchester City-ING), Nicol\u00e1s Gonz\u00e1lez (Stuttgart-ALE), Lucas Alario (Bayer Leverkusen-ALE), Lautaro Mart\u00ednez (Inter-ITA), Paulo Dybala (Juventus-ITA).<\/span><\/p>\n","protected":false},"excerpt":{"rendered":"<p>Lionel Messi fue convocado a la selecci\u00f3n argentina para los partidos amistosos de noviembre frente a Brasil y Uruguay, luego de cumplir la sanci\u00f3n de tres meses que le impuso Conmebol. Messi, que fue suspendido por las cr\u00edticas que hizo a al m\u00e1ximo ente regulador del f\u00fatbol sudamericano durante la Copa Am\u00e9rica, fue incluido en [&hellip;]<\/p>\n","protected":false},"author":5,"featured_media":38480,"comment_status":"open","ping_status":"open","sticky":false,"template":"","format":"standard","meta":{"_acf_changed":false,"footnotes":""},"categories":[5],"tags":[113,82],"class_list":{"0":"post-43067","1":"post","2":"type-post","3":"status-publish","4":"format-standard","5":"has-post-thumbnail","7":"category-destacados","8":"tag-argentina","9":"tag-lionel-messi"},"acf":[],"yoast_head":"<!-- This site is optimized with the Yoast SEO plugin v26.8 - https:\/\/yoast.com\/product\/yoast-seo-wordpress\/ -->\n<title>Messi vuelve a la Selecci\u00f3n Argentina -<\/title>\n<meta name=\"robots\" content=\"index, follow, max-snippet:-1, max-image-preview:large, max-video-preview:-1\" \/>\n<link rel=\"canonical\" href=\"https:\/\/futbolhoy.co\/index.php\/2019\/10\/31\/messi-vuelve-a-la-seleccion-argentina\/\" \/>\n<meta property=\"og:locale\" content=\"es_ES\" \/>\n<meta property=\"og:type\" content=\"article\" \/>\n<meta property=\"og:title\" content=\"Messi vuelve a la Selecci\u00f3n Argentina -\" \/>\n<meta property=\"og:description\" content=\"Lionel Messi fue convocado a la selecci\u00f3n argentina para los partidos amistosos de noviembre frente a Brasil y Uruguay, luego de cumplir la sanci\u00f3n de tres meses que le impuso Conmebol. Messi, que fue suspendido por las cr\u00edticas que hizo a al m\u00e1ximo ente regulador del f\u00fatbol sudamericano durante la Copa Am\u00e9rica, fue incluido en [&hellip;]\" \/>\n<meta property=\"og:url\" content=\"https:\/\/futbolhoy.co\/index.php\/2019\/10\/31\/messi-vuelve-a-la-seleccion-argentina\/\" \/>\n<meta property=\"article:publisher\" content=\"https:\/\/www.facebook.com\/FutbolHoyCol\/\" \/>\n<meta property=\"article:published_time\" content=\"2019-10-31T18:00:51+00:00\" \/>\n<meta property=\"article:modified_time\" content=\"2019-10-31T18:10:46+00:00\" \/>\n<meta property=\"og:image\" content=\"https:\/\/futbolhoy.co\/wp-content\/uploads\/2019\/07\/D-uSyUYW4AIZ-HL-1.jpg\" \/>\n\t<meta property=\"og:image:width\" content=\"2131\" \/>\n\t<meta property=\"og:image:height\" content=\"1510\" \/>\n\t<meta property=\"og:image:type\" content=\"image\/jpeg\" \/>\n<meta name=\"author\" content=\"Laura Hern\u00e1ndez\" \/>\n<meta name=\"twitter:card\" content=\"summary_large_image\" \/>\n<meta name=\"twitter:creator\" content=\"@FutbolHoyCol\" \/>\n<meta name=\"twitter:site\" content=\"@FutbolHoyCol\" \/>\n<meta name=\"twitter:label1\" content=\"Escrito por\" \/>\n\t<meta name=\"twitter:data1\" content=\"Laura Hern\u00e1ndez\" \/>\n\t<meta name=\"twitter:label2\" content=\"Tiempo de lectura\" \/>\n\t<meta name=\"twitter:data2\" content=\"1 minuto\" \/>\n<script type=\"application\/ld+json\" class=\"yoast-schema-graph\">{\"@context\":\"https:\/\/schema.org\",\"@graph\":[{\"@type\":\"Article\",\"@id\":\"https:\/\/futbolhoy.co\/index.php\/2019\/10\/31\/messi-vuelve-a-la-seleccion-argentina\/#article\",\"isPartOf\":{\"@id\":\"https:\/\/futbolhoy.co\/index.php\/2019\/10\/31\/messi-vuelve-a-la-seleccion-argentina\/\"},\"author\":{\"name\":\"Laura Hern\u00e1ndez\",\"@id\":\"https:\/\/futbolhoy.co\/#\/schema\/person\/c4a353a512b127643723a34bb1812f7d\"},\"headline\":\"Messi vuelve a la Selecci\u00f3n Argentina\",\"datePublished\":\"2019-10-31T18:00:51+00:00\",\"dateModified\":\"2019-10-31T18:10:46+00:00\",\"mainEntityOfPage\":{\"@id\":\"https:\/\/futbolhoy.co\/index.php\/2019\/10\/31\/messi-vuelve-a-la-seleccion-argentina\/\"},\"wordCount\":238,\"commentCount\":0,\"publisher\":{\"@id\":\"https:\/\/futbolhoy.co\/#organization\"},\"image\":{\"@id\":\"https:\/\/futbolhoy.co\/index.php\/2019\/10\/31\/messi-vuelve-a-la-seleccion-argentina\/#primaryimage\"},\"thumbnailUrl\":\"https:\/\/futbolhoy.co\/wp-content\/uploads\/2019\/07\/D-uSyUYW4AIZ-HL-1.jpg\",\"keywords\":[\"Argentina\",\"Lionel Messi\"],\"articleSection\":[\"Destacados\"],\"inLanguage\":\"es\",\"potentialAction\":[{\"@type\":\"CommentAction\",\"name\":\"Comment\",\"target\":[\"https:\/\/futbolhoy.co\/index.php\/2019\/10\/31\/messi-vuelve-a-la-seleccion-argentina\/#respond\"]}]},{\"@type\":\"WebPage\",\"@id\":\"https:\/\/futbolhoy.co\/index.php\/2019\/10\/31\/messi-vuelve-a-la-seleccion-argentina\/\",\"url\":\"https:\/\/futbolhoy.co\/index.php\/2019\/10\/31\/messi-vuelve-a-la-seleccion-argentina\/\",\"name\":\"Messi vuelve a la Selecci\u00f3n Argentina -\",\"isPartOf\":{\"@id\":\"https:\/\/futbolhoy.co\/#website\"},\"primaryImageOfPage\":{\"@id\":\"https:\/\/futbolhoy.co\/index.php\/2019\/10\/31\/messi-vuelve-a-la-seleccion-argentina\/#primaryimage\"},\"image\":{\"@id\":\"https:\/\/futbolhoy.co\/index.php\/2019\/10\/31\/messi-vuelve-a-la-seleccion-argentina\/#primaryimage\"},\"thumbnailUrl\":\"https:\/\/futbolhoy.co\/wp-content\/uploads\/2019\/07\/D-uSyUYW4AIZ-HL-1.jpg\",\"datePublished\":\"2019-10-31T18:00:51+00:00\",\"dateModified\":\"2019-10-31T18:10:46+00:00\",\"breadcrumb\":{\"@id\":\"https:\/\/futbolhoy.co\/index.php\/2019\/10\/31\/messi-vuelve-a-la-seleccion-argentina\/#breadcrumb\"},\"inLanguage\":\"es\",\"potentialAction\":[{\"@type\":\"ReadAction\",\"target\":[\"https:\/\/futbolhoy.co\/index.php\/2019\/10\/31\/messi-vuelve-a-la-seleccion-argentina\/\"]}]},{\"@type\":\"ImageObject\",\"inLanguage\":\"es\",\"@id\":\"https:\/\/futbolhoy.co\/index.php\/2019\/10\/31\/messi-vuelve-a-la-seleccion-argentina\/#primaryimage\",\"url\":\"https:\/\/futbolhoy.co\/wp-content\/uploads\/2019\/07\/D-uSyUYW4AIZ-HL-1.jpg\",\"contentUrl\":\"https:\/\/futbolhoy.co\/wp-content\/uploads\/2019\/07\/D-uSyUYW4AIZ-HL-1.jpg\",\"width\":2131,\"height\":1510,\"caption\":\"Twitter @Argentina\"},{\"@type\":\"BreadcrumbList\",\"@id\":\"https:\/\/futbolhoy.co\/index.php\/2019\/10\/31\/messi-vuelve-a-la-seleccion-argentina\/#breadcrumb\",\"itemListElement\":[{\"@type\":\"ListItem\",\"position\":1,\"name\":\"Portada\",\"item\":\"https:\/\/futbolhoy.co\/\"},{\"@type\":\"ListItem\",\"position\":2,\"name\":\"Messi vuelve a la Selecci\u00f3n Argentina\"}]},{\"@type\":\"WebSite\",\"@id\":\"https:\/\/futbolhoy.co\/#website\",\"url\":\"https:\/\/futbolhoy.co\/\",\"name\":\"FutbolHoy\",\"description\":\"\",\"publisher\":{\"@id\":\"https:\/\/futbolhoy.co\/#organization\"},\"potentialAction\":[{\"@type\":\"SearchAction\",\"target\":{\"@type\":\"EntryPoint\",\"urlTemplate\":\"https:\/\/futbolhoy.co\/?s={search_term_string}\"},\"query-input\":{\"@type\":\"PropertyValueSpecification\",\"valueRequired\":true,\"valueName\":\"search_term_string\"}}],\"inLanguage\":\"es\"},{\"@type\":\"Organization\",\"@id\":\"https:\/\/futbolhoy.co\/#organization\",\"name\":\"Futbolhoy.co\",\"url\":\"https:\/\/futbolhoy.co\/\",\"logo\":{\"@type\":\"ImageObject\",\"inLanguage\":\"es\",\"@id\":\"https:\/\/futbolhoy.co\/#\/schema\/logo\/image\/\",\"url\":\"https:\/\/futbolhoy.co\/wp-content\/uploads\/2018\/08\/17426380_1906371736249227_6326180412931521141_n.jpg\",\"contentUrl\":\"https:\/\/futbolhoy.co\/wp-content\/uploads\/2018\/08\/17426380_1906371736249227_6326180412931521141_n.jpg\",\"width\":960,\"height\":960,\"caption\":\"Futbolhoy.co\"},\"image\":{\"@id\":\"https:\/\/futbolhoy.co\/#\/schema\/logo\/image\/\"},\"sameAs\":[\"https:\/\/www.facebook.com\/FutbolHoyCol\/\",\"https:\/\/x.com\/FutbolHoyCol\",\"https:\/\/www.instagram.com\/futbolhoycol\/\"]},{\"@type\":\"Person\",\"@id\":\"https:\/\/futbolhoy.co\/#\/schema\/person\/c4a353a512b127643723a34bb1812f7d\",\"name\":\"Laura Hern\u00e1ndez\",\"image\":{\"@type\":\"ImageObject\",\"inLanguage\":\"es\",\"@id\":\"https:\/\/futbolhoy.co\/#\/schema\/person\/image\/\",\"url\":\"https:\/\/secure.gravatar.com\/avatar\/d25959a15b9b293a743f99181c7cfd01?s=96&d=mm&r=g\",\"contentUrl\":\"https:\/\/secure.gravatar.com\/avatar\/d25959a15b9b293a743f99181c7cfd01?s=96&d=mm&r=g\",\"caption\":\"Laura Hern\u00e1ndez\"}}]}<\/script>\n<!-- \/ Yoast SEO plugin. -->","yoast_head_json":{"title":"Messi vuelve a la Selecci\u00f3n Argentina -","robots":{"index":"index","follow":"follow","max-snippet":"max-snippet:-1","max-image-preview":"max-image-preview:large","max-video-preview":"max-video-preview:-1"},"canonical":"https:\/\/futbolhoy.co\/index.php\/2019\/10\/31\/messi-vuelve-a-la-seleccion-argentina\/","og_locale":"es_ES","og_type":"article","og_title":"Messi vuelve a la Selecci\u00f3n Argentina -","og_description":"Lionel Messi fue convocado a la selecci\u00f3n argentina para los partidos amistosos de noviembre frente a Brasil y Uruguay, luego de cumplir la sanci\u00f3n de tres meses que le impuso Conmebol. Messi, que fue suspendido por las cr\u00edticas que hizo a al m\u00e1ximo ente regulador del f\u00fatbol sudamericano durante la Copa Am\u00e9rica, fue incluido en [&hellip;]","og_url":"https:\/\/futbolhoy.co\/index.php\/2019\/10\/31\/messi-vuelve-a-la-seleccion-argentina\/","article_publisher":"https:\/\/www.facebook.com\/FutbolHoyCol\/","article_published_time":"2019-10-31T18:00:51+00:00","article_modified_time":"2019-10-31T18:10:46+00:00","og_image":[{"width":2131,"height":1510,"url":"https:\/\/futbolhoy.co\/wp-content\/uploads\/2019\/07\/D-uSyUYW4AIZ-HL-1.jpg","type":"image\/jpeg"}],"author":"Laura Hern\u00e1ndez","twitter_card":"summary_large_image","twitter_creator":"@FutbolHoyCol","twitter_site":"@FutbolHoyCol","twitter_misc":{"Escrito por":"Laura Hern\u00e1ndez","Tiempo de lectura":"1 minuto"},"schema":{"@context":"https:\/\/schema.org","@graph":[{"@type":"Article","@id":"https:\/\/futbolhoy.co\/index.php\/2019\/10\/31\/messi-vuelve-a-la-seleccion-argentina\/#article","isPartOf":{"@id":"https:\/\/futbolhoy.co\/index.php\/2019\/10\/31\/messi-vuelve-a-la-seleccion-argentina\/"},"author":{"name":"Laura Hern\u00e1ndez","@id":"https:\/\/futbolhoy.co\/#\/schema\/person\/c4a353a512b127643723a34bb1812f7d"},"headline":"Messi vuelve a la Selecci\u00f3n Argentina","datePublished":"2019-10-31T18:00:51+00:00","dateModified":"2019-10-31T18:10:46+00:00","mainEntityOfPage":{"@id":"https:\/\/futbolhoy.co\/index.php\/2019\/10\/31\/messi-vuelve-a-la-seleccion-argentina\/"},"wordCount":238,"commentCount":0,"publisher":{"@id":"https:\/\/futbolhoy.co\/#organization"},"image":{"@id":"https:\/\/futbolhoy.co\/index.php\/2019\/10\/31\/messi-vuelve-a-la-seleccion-argentina\/#primaryimage"},"thumbnailUrl":"https:\/\/futbolhoy.co\/wp-content\/uploads\/2019\/07\/D-uSyUYW4AIZ-HL-1.jpg","keywords":["Argentina","Lionel Messi"],"articleSection":["Destacados"],"inLanguage":"es","potentialAction":[{"@type":"CommentAction","name":"Comment","target":["https:\/\/futbolhoy.co\/index.php\/2019\/10\/31\/messi-vuelve-a-la-seleccion-argentina\/#respond"]}]},{"@type":"WebPage","@id":"https:\/\/futbolhoy.co\/index.php\/2019\/10\/31\/messi-vuelve-a-la-seleccion-argentina\/","url":"https:\/\/futbolhoy.co\/index.php\/2019\/10\/31\/messi-vuelve-a-la-seleccion-argentina\/","name":"Messi vuelve a la Selecci\u00f3n Argentina -","isPartOf":{"@id":"https:\/\/futbolhoy.co\/#website"},"primaryImageOfPage":{"@id":"https:\/\/futbolhoy.co\/index.php\/2019\/10\/31\/messi-vuelve-a-la-seleccion-argentina\/#primaryimage"},"image":{"@id":"https:\/\/futbolhoy.co\/index.php\/2019\/10\/31\/messi-vuelve-a-la-seleccion-argentina\/#primaryimage"},"thumbnailUrl":"https:\/\/futbolhoy.co\/wp-content\/uploads\/2019\/07\/D-uSyUYW4AIZ-HL-1.jpg","datePublished":"2019-10-31T18:00:51+00:00","dateModified":"2019-10-31T18:10:46+00:00","breadcrumb":{"@id":"https:\/\/futbolhoy.co\/index.php\/2019\/10\/31\/messi-vuelve-a-la-seleccion-argentina\/#breadcrumb"},"inLanguage":"es","potentialAction":[{"@type":"ReadAction","target":["https:\/\/futbolhoy.co\/index.php\/2019\/10\/31\/messi-vuelve-a-la-seleccion-argentina\/"]}]},{"@type":"ImageObject","inLanguage":"es","@id":"https:\/\/futbolhoy.co\/index.php\/2019\/10\/31\/messi-vuelve-a-la-seleccion-argentina\/#primaryimage","url":"https:\/\/futbolhoy.co\/wp-content\/uploads\/2019\/07\/D-uSyUYW4AIZ-HL-1.jpg","contentUrl":"https:\/\/futbolhoy.co\/wp-content\/uploads\/2019\/07\/D-uSyUYW4AIZ-HL-1.jpg","width":2131,"height":1510,"caption":"Twitter @Argentina"},{"@type":"BreadcrumbList","@id":"https:\/\/futbolhoy.co\/index.php\/2019\/10\/31\/messi-vuelve-a-la-seleccion-argentina\/#breadcrumb","itemListElement":[{"@type":"ListItem","position":1,"name":"Portada","item":"https:\/\/futbolhoy.co\/"},{"@type":"ListItem","position":2,"name":"Messi vuelve a la Selecci\u00f3n Argentina"}]},{"@type":"WebSite","@id":"https:\/\/futbolhoy.co\/#website","url":"https:\/\/futbolhoy.co\/","name":"FutbolHoy","description":"","publisher":{"@id":"https:\/\/futbolhoy.co\/#organization"},"potentialAction":[{"@type":"SearchAction","target":{"@type":"EntryPoint","urlTemplate":"https:\/\/futbolhoy.co\/?s={search_term_string}"},"query-input":{"@type":"PropertyValueSpecification","valueRequired":true,"valueName":"search_term_string"}}],"inLanguage":"es"},{"@type":"Organization","@id":"https:\/\/futbolhoy.co\/#organization","name":"Futbolhoy.co","url":"https:\/\/futbolhoy.co\/","logo":{"@type":"ImageObject","inLanguage":"es","@id":"https:\/\/futbolhoy.co\/#\/schema\/logo\/image\/","url":"https:\/\/futbolhoy.co\/wp-content\/uploads\/2018\/08\/17426380_1906371736249227_6326180412931521141_n.jpg","contentUrl":"https:\/\/futbolhoy.co\/wp-content\/uploads\/2018\/08\/17426380_1906371736249227_6326180412931521141_n.jpg","width":960,"height":960,"caption":"Futbolhoy.co"},"image":{"@id":"https:\/\/futbolhoy.co\/#\/schema\/logo\/image\/"},"sameAs":["https:\/\/www.facebook.com\/FutbolHoyCol\/","https:\/\/x.com\/FutbolHoyCol","https:\/\/www.instagram.com\/futbolhoycol\/"]},{"@type":"Person","@id":"https:\/\/futbolhoy.co\/#\/schema\/person\/c4a353a512b127643723a34bb1812f7d","name":"Laura Hern\u00e1ndez","image":{"@type":"ImageObject","inLanguage":"es","@id":"https:\/\/futbolhoy.co\/#\/schema\/person\/image\/","url":"https:\/\/secure.gravatar.com\/avatar\/d25959a15b9b293a743f99181c7cfd01?s=96&d=mm&r=g","contentUrl":"https:\/\/secure.gravatar.com\/avatar\/d25959a15b9b293a743f99181c7cfd01?s=96&d=mm&r=g","caption":"Laura Hern\u00e1ndez"}}]}},"publishpress_future_action":{"enabled":false,"date":"2026-05-03 07:12:18","action":"change-status","newStatus":"draft","terms":[],"taxonomy":"category","extraData":[]},"publishpress_future_workflow_manual_trigger":{"enabledWorkflows":[]},"_links":{"self":[{"href":"https:\/\/futbolhoy.co\/index.php\/wp-json\/wp\/v2\/posts\/43067","targetHints":{"allow":["GET"]}}],"collection":[{"href":"https:\/\/futbolhoy.co\/index.php\/wp-json\/wp\/v2\/posts"}],"about":[{"href":"https:\/\/futbolhoy.co\/index.php\/wp-json\/wp\/v2\/types\/post"}],"author":[{"embeddable":true,"href":"https:\/\/futbolhoy.co\/index.php\/wp-json\/wp\/v2\/users\/5"}],"replies":[{"embeddable":true,"href":"https:\/\/futbolhoy.co\/index.php\/wp-json\/wp\/v2\/comments?post=43067"}],"version-history":[{"count":4,"href":"https:\/\/futbolhoy.co\/index.php\/wp-json\/wp\/v2\/posts\/43067\/revisions"}],"predecessor-version":[{"id":43071,"href":"https:\/\/futbolhoy.co\/index.php\/wp-json\/wp\/v2\/posts\/43067\/revisions\/43071"}],"wp:featuredmedia":[{"embeddable":true,"href":"https:\/\/futbolhoy.co\/index.php\/wp-json\/wp\/v2\/media\/38480"}],"wp:attachment":[{"href":"https:\/\/futbolhoy.co\/index.php\/wp-json\/wp\/v2\/media?parent=43067"}],"wp:term":[{"taxonomy":"category","embeddable":true,"href":"https:\/\/futbolhoy.co\/index.php\/wp-json\/wp\/v2\/categories?post=43067"},{"taxonomy":"post_tag","embeddable":true,"href":"https:\/\/futbolhoy.co\/index.php\/wp-json\/wp\/v2\/tags?post=43067"}],"curies":[{"name":"wp","href":"https:\/\/api.w.org\/{rel}","templated":true}]}}