{"id":43921,"date":"2019-11-18T06:00:20","date_gmt":"2019-11-18T11:00:20","guid":{"rendered":"https:\/\/futbolhoy.co\/?p=43921"},"modified":"2019-11-18T12:17:17","modified_gmt":"2019-11-18T17:17:17","slug":"brasil-campeon-mundial-sub-17","status":"publish","type":"post","link":"https:\/\/futbolhoy.co\/index.php\/2019\/11\/18\/brasil-campeon-mundial-sub-17\/","title":{"rendered":"Brasil, campe\u00f3n mundial sub-17"},"content":{"rendered":"<p style=\"text-align: justify;\"><span style=\"font-family: helvetica, arial, sans-serif;\">La <strong>selecci\u00f3n brasile\u00f1a<\/strong> se proclam\u00f3 campeona por cuarta vez del Mundial Sub-17 al ganar en la final de la edici\u00f3n de 2019 a <strong>M\u00e9xico<\/strong> por 2-1, con un gol en el tiempo de descuento de <strong>L\u00e1zaro.<\/strong><\/span><\/p>\n<p style=\"text-align: justify;\"><span style=\"font-family: helvetica, arial, sans-serif;\">El jugador del <strong>Flamengo,<\/strong> que le dio la victoria a <strong>Brasil<\/strong> en semifinales contra <strong>Francia<\/strong> saliendo desde el banco, repiti\u00f3 su papel y marc\u00f3 el gol del t\u00edtulo con un remate en el minuto 90+3, poco despu\u00e9s de haber saltado al c\u00e9sped.<\/span><\/p>\n<p style=\"text-align: justify;\"><span style=\"font-family: helvetica, arial, sans-serif;\">La selecci\u00f3n local tuvo que remar a fondo en la final para darle la vuelta al gol con el que <strong>M\u00e9xico<\/strong> abri\u00f3 el marcador, a los 66 minutos, con un cabezazo de <strong>Bryan Gonz\u00e1lez.<\/strong><\/span><\/p>\n<p style=\"text-align: justify;\"><span style=\"font-family: helvetica, arial, sans-serif;\">Con m\u00e1s fe que buen juego, <strong>Brasil<\/strong> se fue en busca del empate y lo logr\u00f3 en el minuto 84, cuando el delantero <strong>Kaio Jorge<\/strong> transform\u00f3 un claro penal dentro del \u00e1rea sobre <strong>Gabriel Ver\u00f3n.<\/strong><\/span><\/p>\n<p style=\"text-align: justify;\"><span style=\"font-family: helvetica, arial, sans-serif;\">Con esta victoria, <strong>Brasil<\/strong> puso fin a 16 a\u00f1os sin t\u00edtulos mundiales en la categor\u00eda, que ya hab\u00eda ganado en 1997, 1999 y 2003.<\/span><\/p>\n","protected":false},"excerpt":{"rendered":"<p>La selecci\u00f3n brasile\u00f1a se proclam\u00f3 campeona por cuarta vez del Mundial Sub-17 al ganar en la final de la edici\u00f3n de 2019 a M\u00e9xico por 2-1, con un gol en el tiempo de descuento de L\u00e1zaro. El jugador del Flamengo, que le dio la victoria a Brasil en semifinales contra Francia saliendo desde el banco, [&hellip;]<\/p>\n","protected":false},"author":5,"featured_media":43927,"comment_status":"open","ping_status":"closed","sticky":false,"template":"","format":"standard","meta":{"_acf_changed":false,"footnotes":""},"categories":[152],"tags":[],"class_list":{"0":"post-43921","1":"post","2":"type-post","3":"status-publish","4":"format-standard","5":"has-post-thumbnail","7":"category-mundo-futbol"},"acf":[],"_links":{"self":[{"href":"https:\/\/futbolhoy.co\/index.php\/wp-json\/wp\/v2\/posts\/43921","targetHints":{"allow":["GET"]}}],"collection":[{"href":"https:\/\/futbolhoy.co\/index.php\/wp-json\/wp\/v2\/posts"}],"about":[{"href":"https:\/\/futbolhoy.co\/index.php\/wp-json\/wp\/v2\/types\/post"}],"author":[{"embeddable":true,"href":"https:\/\/futbolhoy.co\/index.php\/wp-json\/wp\/v2\/users\/5"}],"replies":[{"embeddable":true,"href":"https:\/\/futbolhoy.co\/index.php\/wp-json\/wp\/v2\/comments?post=43921"}],"version-history":[{"count":1,"href":"https:\/\/futbolhoy.co\/index.php\/wp-json\/wp\/v2\/posts\/43921\/revisions"}],"predecessor-version":[{"id":43928,"href":"https:\/\/futbolhoy.co\/index.php\/wp-json\/wp\/v2\/posts\/43921\/revisions\/43928"}],"wp:featuredmedia":[{"embeddable":true,"href":"https:\/\/futbolhoy.co\/index.php\/wp-json\/wp\/v2\/media\/43927"}],"wp:attachment":[{"href":"https:\/\/futbolhoy.co\/index.php\/wp-json\/wp\/v2\/media?parent=43921"}],"wp:term":[{"taxonomy":"category","embeddable":true,"href":"https:\/\/futbolhoy.co\/index.php\/wp-json\/wp\/v2\/categories?post=43921"},{"taxonomy":"post_tag","embeddable":true,"href":"https:\/\/futbolhoy.co\/index.php\/wp-json\/wp\/v2\/tags?post=43921"}],"curies":[{"name":"wp","href":"https:\/\/api.w.org\/{rel}","templated":true}]}}