{"id":44197,"date":"2019-11-23T20:00:14","date_gmt":"2019-11-24T01:00:14","guid":{"rendered":"https:\/\/futbolhoy.co\/?p=44197"},"modified":"2019-11-24T17:58:17","modified_gmt":"2019-11-24T22:58:17","slug":"gabigol-la-libertadores-de-flamengo","status":"publish","type":"post","link":"https:\/\/futbolhoy.co\/index.php\/2019\/11\/23\/gabigol-la-libertadores-de-flamengo\/","title":{"rendered":"\u2018Gabigol\u2019: la Libertadores de Flamengo"},"content":{"rendered":"<p style=\"text-align: justify;\"><span style=\"font-family: helvetica, arial, sans-serif;\"><strong>Flamengo,<\/strong> despu\u00e9s de 38 a\u00f1os de su \u00fanico t\u00edtulo continental,\u00a0\u00a0volvi\u00f3 a proclamarse campe\u00f3n de la <strong>Copa Libertadores<\/strong> de Am\u00e9rica al vencer 2-1 a <strong>River Plate<\/strong> este s\u00e1bado en Lima, en la primera final \u00fanica en 60 a\u00f1os de historia del torneo de clubes de la <strong>Conmebol.<\/strong><\/span><\/p>\n<p style=\"text-align: justify;\"><span style=\"font-family: helvetica, arial, sans-serif;\"><strong>Gabriel Barbosa \"Gabigol<\/strong>\", a los 89 y 90+2 minutos, fue el h\u00e9roe del t\u00edtulo con dos goles.<\/span><\/p>\n<p style=\"text-align: justify;\"><span style=\"font-family: helvetica, arial, sans-serif;\">Sin embargo, <strong>Barbosa<\/strong> fue expulsado poco despu\u00e9s del segundo gol y luego de una tarjeta roja que fue mostrada a Exequiel Palacios, de <strong>River Plate<\/strong>.<\/span><\/p>\n<p style=\"text-align: justify;\"><span style=\"font-family: helvetica, arial, sans-serif;\">Las dos expulsiones fueron en diferentes acciones de juego.<\/span><\/p>\n<p style=\"text-align: justify;\"><span style=\"font-family: helvetica, arial, sans-serif;\"><strong>River,<\/strong> que defend\u00eda el t\u00edtulo que logr\u00f3 el a\u00f1o pasado en Madrid tras vencer a su principal rival <strong>Boca Juniors<\/strong>, estuvo cerca de retenerlo tras el gol que marc\u00f3 el barranquillero <strong>Rafael Santos Borr\u00e9<\/strong>, a los 14 minutos.<\/span><\/p>\n<p style=\"text-align: justify;\"><span style=\"font-family: helvetica, arial, sans-serif;\">Con la victoria, <strong>Flamengo<\/strong> recibir\u00e1 un premio de 12 millones de d\u00f3lares y confirm\u00f3 su presencia en los Mundiales de Clubes de la FIFA Catar-2019, previsto para diciembre, y China-2021, en el que competir\u00e1n 24 equipos por primera vez.<\/span><\/p>\n<p style=\"text-align: justify;\"><span style=\"font-family: helvetica, arial, sans-serif;\">Asimismo, defender\u00e1 el t\u00edtulo de la <strong>Libertadores<\/strong> en la edici\u00f3n del 2020 desde la fase de grupos y disputar\u00e1 la <strong>Recopa Sudamericana<\/strong> contra <strong>Independiente del Valle<\/strong> de Ecuador, que conquist\u00f3 la <strong>Copa Sudamericana 2019.<\/strong><\/span><\/p>\n<p style=\"text-align: justify;\"><span style=\"font-family: helvetica, arial, sans-serif;\"><strong>Flamengo<\/strong> hab\u00eda ganado su \u00fanica <strong>Copa Libertadores<\/strong> en 1981 y desde entonces no hab\u00eda llegado a la final del certamen. Brasil sum\u00f3 su t\u00edtulo 19 en el torneo continental.<\/span><\/p>\n<p style=\"text-align: justify;\"><strong><span style=\"font-family: helvetica, arial, sans-serif;\">Formaciones:<\/span><\/strong><\/p>\n<p style=\"text-align: justify;\"><span style=\"font-family: helvetica, arial, sans-serif;\"><strong>Flamengo:<\/strong> Diego Alves; Rafinha, Rodrigo Caio, Pablo Mari, Filipe Luis; Everton Ribeiro, Willian Ar\u00e3o (Vitinho, 86\u2019), Giorgian De Arrascaeta, Gerson (Diego Ribas, 66\u2019); Bruno Henrique y Gabigol.<\/span><\/p>\n<p style=\"text-align: justify;\"><span style=\"font-family: helvetica, arial, sans-serif;\"><strong>River Plate<\/strong>: Franco Armani; Gonzalo Montiel, Lucas Mart\u00ednez Quarta, Javier Pinola, Milton Casco (Paulo D\u00edaz, 76\u2019); Ignacio Fern\u00e1ndez (Juli\u00e1n \u00c1lvarez, 69\u2019), Enzo P\u00e9rez, Exequiel Palacios; Nicol\u00e1s De La Cruz - Rafael Santos Borr\u00e9 (Lucas Pratto, 74\u2019), Mat\u00edas Suarez.<\/span><\/p>\n<p style=\"text-align: justify;\">\n","protected":false},"excerpt":{"rendered":"<p>Flamengo, despu\u00e9s de 38 a\u00f1os de su \u00fanico t\u00edtulo continental,\u00a0\u00a0volvi\u00f3 a proclamarse campe\u00f3n de la Copa Libertadores de Am\u00e9rica al vencer 2-1 a River Plate este s\u00e1bado en Lima, en la primera final \u00fanica en 60 a\u00f1os de historia del torneo de clubes de la Conmebol. Gabriel Barbosa \"Gabigol\", a los 89 y 90+2 minutos, [&hellip;]<\/p>\n","protected":false},"author":5,"featured_media":44198,"comment_status":"open","ping_status":"open","sticky":false,"template":"","format":"standard","meta":{"_acf_changed":false,"footnotes":""},"categories":[653],"tags":[],"class_list":{"0":"post-44197","1":"post","2":"type-post","3":"status-publish","4":"format-standard","5":"has-post-thumbnail","7":"category-copa-libertadores"},"acf":[],"yoast_head":"<!-- This site is optimized with the Yoast SEO plugin v26.8 - https:\/\/yoast.com\/product\/yoast-seo-wordpress\/ -->\n<title>\u2018Gabigol\u2019: la Libertadores de Flamengo -<\/title>\n<meta name=\"robots\" content=\"index, follow, max-snippet:-1, max-image-preview:large, max-video-preview:-1\" \/>\n<link rel=\"canonical\" href=\"https:\/\/futbolhoy.co\/index.php\/2019\/11\/23\/gabigol-la-libertadores-de-flamengo\/\" \/>\n<meta property=\"og:locale\" content=\"es_ES\" \/>\n<meta property=\"og:type\" content=\"article\" \/>\n<meta property=\"og:title\" content=\"\u2018Gabigol\u2019: la Libertadores de Flamengo -\" \/>\n<meta property=\"og:description\" content=\"Flamengo, despu\u00e9s de 38 a\u00f1os de su \u00fanico t\u00edtulo continental,\u00a0\u00a0volvi\u00f3 a proclamarse campe\u00f3n de la Copa Libertadores de Am\u00e9rica al vencer 2-1 a River Plate este s\u00e1bado en Lima, en la primera final \u00fanica en 60 a\u00f1os de historia del torneo de clubes de la Conmebol. Gabriel Barbosa &quot;Gabigol&quot;, a los 89 y 90+2 minutos, [&hellip;]\" \/>\n<meta property=\"og:url\" content=\"https:\/\/futbolhoy.co\/index.php\/2019\/11\/23\/gabigol-la-libertadores-de-flamengo\/\" \/>\n<meta property=\"article:publisher\" content=\"https:\/\/www.facebook.com\/FutbolHoyCol\/\" \/>\n<meta property=\"article:published_time\" content=\"2019-11-24T01:00:14+00:00\" \/>\n<meta property=\"article:modified_time\" content=\"2019-11-24T22:58:17+00:00\" \/>\n<meta property=\"og:image\" content=\"https:\/\/futbolhoy.co\/wp-content\/uploads\/2019\/11\/IMG-20191123-WA0050.jpg\" \/>\n\t<meta property=\"og:image:width\" content=\"1252\" \/>\n\t<meta property=\"og:image:height\" content=\"1058\" \/>\n\t<meta property=\"og:image:type\" content=\"image\/jpeg\" \/>\n<meta name=\"author\" content=\"Laura Hern\u00e1ndez\" \/>\n<meta name=\"twitter:card\" content=\"summary_large_image\" \/>\n<meta name=\"twitter:creator\" content=\"@FutbolHoyCol\" \/>\n<meta name=\"twitter:site\" content=\"@FutbolHoyCol\" \/>\n<meta name=\"twitter:label1\" content=\"Escrito por\" \/>\n\t<meta name=\"twitter:data1\" content=\"Laura Hern\u00e1ndez\" \/>\n\t<meta name=\"twitter:label2\" content=\"Tiempo de lectura\" \/>\n\t<meta name=\"twitter:data2\" content=\"2 minutos\" \/>\n<script type=\"application\/ld+json\" class=\"yoast-schema-graph\">{\"@context\":\"https:\/\/schema.org\",\"@graph\":[{\"@type\":\"Article\",\"@id\":\"https:\/\/futbolhoy.co\/index.php\/2019\/11\/23\/gabigol-la-libertadores-de-flamengo\/#article\",\"isPartOf\":{\"@id\":\"https:\/\/futbolhoy.co\/index.php\/2019\/11\/23\/gabigol-la-libertadores-de-flamengo\/\"},\"author\":{\"name\":\"Laura Hern\u00e1ndez\",\"@id\":\"https:\/\/futbolhoy.co\/#\/schema\/person\/c4a353a512b127643723a34bb1812f7d\"},\"headline\":\"\u2018Gabigol\u2019: la Libertadores de Flamengo\",\"datePublished\":\"2019-11-24T01:00:14+00:00\",\"dateModified\":\"2019-11-24T22:58:17+00:00\",\"mainEntityOfPage\":{\"@id\":\"https:\/\/futbolhoy.co\/index.php\/2019\/11\/23\/gabigol-la-libertadores-de-flamengo\/\"},\"wordCount\":321,\"commentCount\":0,\"publisher\":{\"@id\":\"https:\/\/futbolhoy.co\/#organization\"},\"image\":{\"@id\":\"https:\/\/futbolhoy.co\/index.php\/2019\/11\/23\/gabigol-la-libertadores-de-flamengo\/#primaryimage\"},\"thumbnailUrl\":\"https:\/\/futbolhoy.co\/wp-content\/uploads\/2019\/11\/IMG-20191123-WA0050.jpg\",\"articleSection\":[\"Libertadores\"],\"inLanguage\":\"es\",\"potentialAction\":[{\"@type\":\"CommentAction\",\"name\":\"Comment\",\"target\":[\"https:\/\/futbolhoy.co\/index.php\/2019\/11\/23\/gabigol-la-libertadores-de-flamengo\/#respond\"]}]},{\"@type\":\"WebPage\",\"@id\":\"https:\/\/futbolhoy.co\/index.php\/2019\/11\/23\/gabigol-la-libertadores-de-flamengo\/\",\"url\":\"https:\/\/futbolhoy.co\/index.php\/2019\/11\/23\/gabigol-la-libertadores-de-flamengo\/\",\"name\":\"\u2018Gabigol\u2019: la Libertadores de Flamengo -\",\"isPartOf\":{\"@id\":\"https:\/\/futbolhoy.co\/#website\"},\"primaryImageOfPage\":{\"@id\":\"https:\/\/futbolhoy.co\/index.php\/2019\/11\/23\/gabigol-la-libertadores-de-flamengo\/#primaryimage\"},\"image\":{\"@id\":\"https:\/\/futbolhoy.co\/index.php\/2019\/11\/23\/gabigol-la-libertadores-de-flamengo\/#primaryimage\"},\"thumbnailUrl\":\"https:\/\/futbolhoy.co\/wp-content\/uploads\/2019\/11\/IMG-20191123-WA0050.jpg\",\"datePublished\":\"2019-11-24T01:00:14+00:00\",\"dateModified\":\"2019-11-24T22:58:17+00:00\",\"breadcrumb\":{\"@id\":\"https:\/\/futbolhoy.co\/index.php\/2019\/11\/23\/gabigol-la-libertadores-de-flamengo\/#breadcrumb\"},\"inLanguage\":\"es\",\"potentialAction\":[{\"@type\":\"ReadAction\",\"target\":[\"https:\/\/futbolhoy.co\/index.php\/2019\/11\/23\/gabigol-la-libertadores-de-flamengo\/\"]}]},{\"@type\":\"ImageObject\",\"inLanguage\":\"es\",\"@id\":\"https:\/\/futbolhoy.co\/index.php\/2019\/11\/23\/gabigol-la-libertadores-de-flamengo\/#primaryimage\",\"url\":\"https:\/\/futbolhoy.co\/wp-content\/uploads\/2019\/11\/IMG-20191123-WA0050.jpg\",\"contentUrl\":\"https:\/\/futbolhoy.co\/wp-content\/uploads\/2019\/11\/IMG-20191123-WA0050.jpg\",\"width\":1252,\"height\":1058},{\"@type\":\"BreadcrumbList\",\"@id\":\"https:\/\/futbolhoy.co\/index.php\/2019\/11\/23\/gabigol-la-libertadores-de-flamengo\/#breadcrumb\",\"itemListElement\":[{\"@type\":\"ListItem\",\"position\":1,\"name\":\"Portada\",\"item\":\"https:\/\/futbolhoy.co\/\"},{\"@type\":\"ListItem\",\"position\":2,\"name\":\"\u2018Gabigol\u2019: la Libertadores de Flamengo\"}]},{\"@type\":\"WebSite\",\"@id\":\"https:\/\/futbolhoy.co\/#website\",\"url\":\"https:\/\/futbolhoy.co\/\",\"name\":\"FutbolHoy\",\"description\":\"\",\"publisher\":{\"@id\":\"https:\/\/futbolhoy.co\/#organization\"},\"potentialAction\":[{\"@type\":\"SearchAction\",\"target\":{\"@type\":\"EntryPoint\",\"urlTemplate\":\"https:\/\/futbolhoy.co\/?s={search_term_string}\"},\"query-input\":{\"@type\":\"PropertyValueSpecification\",\"valueRequired\":true,\"valueName\":\"search_term_string\"}}],\"inLanguage\":\"es\"},{\"@type\":\"Organization\",\"@id\":\"https:\/\/futbolhoy.co\/#organization\",\"name\":\"Futbolhoy.co\",\"url\":\"https:\/\/futbolhoy.co\/\",\"logo\":{\"@type\":\"ImageObject\",\"inLanguage\":\"es\",\"@id\":\"https:\/\/futbolhoy.co\/#\/schema\/logo\/image\/\",\"url\":\"https:\/\/futbolhoy.co\/wp-content\/uploads\/2018\/08\/17426380_1906371736249227_6326180412931521141_n.jpg\",\"contentUrl\":\"https:\/\/futbolhoy.co\/wp-content\/uploads\/2018\/08\/17426380_1906371736249227_6326180412931521141_n.jpg\",\"width\":960,\"height\":960,\"caption\":\"Futbolhoy.co\"},\"image\":{\"@id\":\"https:\/\/futbolhoy.co\/#\/schema\/logo\/image\/\"},\"sameAs\":[\"https:\/\/www.facebook.com\/FutbolHoyCol\/\",\"https:\/\/x.com\/FutbolHoyCol\",\"https:\/\/www.instagram.com\/futbolhoycol\/\"]},{\"@type\":\"Person\",\"@id\":\"https:\/\/futbolhoy.co\/#\/schema\/person\/c4a353a512b127643723a34bb1812f7d\",\"name\":\"Laura Hern\u00e1ndez\",\"image\":{\"@type\":\"ImageObject\",\"inLanguage\":\"es\",\"@id\":\"https:\/\/futbolhoy.co\/#\/schema\/person\/image\/\",\"url\":\"https:\/\/secure.gravatar.com\/avatar\/d25959a15b9b293a743f99181c7cfd01?s=96&d=mm&r=g\",\"contentUrl\":\"https:\/\/secure.gravatar.com\/avatar\/d25959a15b9b293a743f99181c7cfd01?s=96&d=mm&r=g\",\"caption\":\"Laura Hern\u00e1ndez\"}}]}<\/script>\n<!-- \/ Yoast SEO plugin. -->","yoast_head_json":{"title":"\u2018Gabigol\u2019: la Libertadores de Flamengo -","robots":{"index":"index","follow":"follow","max-snippet":"max-snippet:-1","max-image-preview":"max-image-preview:large","max-video-preview":"max-video-preview:-1"},"canonical":"https:\/\/futbolhoy.co\/index.php\/2019\/11\/23\/gabigol-la-libertadores-de-flamengo\/","og_locale":"es_ES","og_type":"article","og_title":"\u2018Gabigol\u2019: la Libertadores de Flamengo -","og_description":"Flamengo, despu\u00e9s de 38 a\u00f1os de su \u00fanico t\u00edtulo continental,\u00a0\u00a0volvi\u00f3 a proclamarse campe\u00f3n de la Copa Libertadores de Am\u00e9rica al vencer 2-1 a River Plate este s\u00e1bado en Lima, en la primera final \u00fanica en 60 a\u00f1os de historia del torneo de clubes de la Conmebol. Gabriel Barbosa \"Gabigol\", a los 89 y 90+2 minutos, [&hellip;]","og_url":"https:\/\/futbolhoy.co\/index.php\/2019\/11\/23\/gabigol-la-libertadores-de-flamengo\/","article_publisher":"https:\/\/www.facebook.com\/FutbolHoyCol\/","article_published_time":"2019-11-24T01:00:14+00:00","article_modified_time":"2019-11-24T22:58:17+00:00","og_image":[{"width":1252,"height":1058,"url":"https:\/\/futbolhoy.co\/wp-content\/uploads\/2019\/11\/IMG-20191123-WA0050.jpg","type":"image\/jpeg"}],"author":"Laura Hern\u00e1ndez","twitter_card":"summary_large_image","twitter_creator":"@FutbolHoyCol","twitter_site":"@FutbolHoyCol","twitter_misc":{"Escrito por":"Laura Hern\u00e1ndez","Tiempo de lectura":"2 minutos"},"schema":{"@context":"https:\/\/schema.org","@graph":[{"@type":"Article","@id":"https:\/\/futbolhoy.co\/index.php\/2019\/11\/23\/gabigol-la-libertadores-de-flamengo\/#article","isPartOf":{"@id":"https:\/\/futbolhoy.co\/index.php\/2019\/11\/23\/gabigol-la-libertadores-de-flamengo\/"},"author":{"name":"Laura Hern\u00e1ndez","@id":"https:\/\/futbolhoy.co\/#\/schema\/person\/c4a353a512b127643723a34bb1812f7d"},"headline":"\u2018Gabigol\u2019: la Libertadores de Flamengo","datePublished":"2019-11-24T01:00:14+00:00","dateModified":"2019-11-24T22:58:17+00:00","mainEntityOfPage":{"@id":"https:\/\/futbolhoy.co\/index.php\/2019\/11\/23\/gabigol-la-libertadores-de-flamengo\/"},"wordCount":321,"commentCount":0,"publisher":{"@id":"https:\/\/futbolhoy.co\/#organization"},"image":{"@id":"https:\/\/futbolhoy.co\/index.php\/2019\/11\/23\/gabigol-la-libertadores-de-flamengo\/#primaryimage"},"thumbnailUrl":"https:\/\/futbolhoy.co\/wp-content\/uploads\/2019\/11\/IMG-20191123-WA0050.jpg","articleSection":["Libertadores"],"inLanguage":"es","potentialAction":[{"@type":"CommentAction","name":"Comment","target":["https:\/\/futbolhoy.co\/index.php\/2019\/11\/23\/gabigol-la-libertadores-de-flamengo\/#respond"]}]},{"@type":"WebPage","@id":"https:\/\/futbolhoy.co\/index.php\/2019\/11\/23\/gabigol-la-libertadores-de-flamengo\/","url":"https:\/\/futbolhoy.co\/index.php\/2019\/11\/23\/gabigol-la-libertadores-de-flamengo\/","name":"\u2018Gabigol\u2019: la Libertadores de Flamengo -","isPartOf":{"@id":"https:\/\/futbolhoy.co\/#website"},"primaryImageOfPage":{"@id":"https:\/\/futbolhoy.co\/index.php\/2019\/11\/23\/gabigol-la-libertadores-de-flamengo\/#primaryimage"},"image":{"@id":"https:\/\/futbolhoy.co\/index.php\/2019\/11\/23\/gabigol-la-libertadores-de-flamengo\/#primaryimage"},"thumbnailUrl":"https:\/\/futbolhoy.co\/wp-content\/uploads\/2019\/11\/IMG-20191123-WA0050.jpg","datePublished":"2019-11-24T01:00:14+00:00","dateModified":"2019-11-24T22:58:17+00:00","breadcrumb":{"@id":"https:\/\/futbolhoy.co\/index.php\/2019\/11\/23\/gabigol-la-libertadores-de-flamengo\/#breadcrumb"},"inLanguage":"es","potentialAction":[{"@type":"ReadAction","target":["https:\/\/futbolhoy.co\/index.php\/2019\/11\/23\/gabigol-la-libertadores-de-flamengo\/"]}]},{"@type":"ImageObject","inLanguage":"es","@id":"https:\/\/futbolhoy.co\/index.php\/2019\/11\/23\/gabigol-la-libertadores-de-flamengo\/#primaryimage","url":"https:\/\/futbolhoy.co\/wp-content\/uploads\/2019\/11\/IMG-20191123-WA0050.jpg","contentUrl":"https:\/\/futbolhoy.co\/wp-content\/uploads\/2019\/11\/IMG-20191123-WA0050.jpg","width":1252,"height":1058},{"@type":"BreadcrumbList","@id":"https:\/\/futbolhoy.co\/index.php\/2019\/11\/23\/gabigol-la-libertadores-de-flamengo\/#breadcrumb","itemListElement":[{"@type":"ListItem","position":1,"name":"Portada","item":"https:\/\/futbolhoy.co\/"},{"@type":"ListItem","position":2,"name":"\u2018Gabigol\u2019: la Libertadores de Flamengo"}]},{"@type":"WebSite","@id":"https:\/\/futbolhoy.co\/#website","url":"https:\/\/futbolhoy.co\/","name":"FutbolHoy","description":"","publisher":{"@id":"https:\/\/futbolhoy.co\/#organization"},"potentialAction":[{"@type":"SearchAction","target":{"@type":"EntryPoint","urlTemplate":"https:\/\/futbolhoy.co\/?s={search_term_string}"},"query-input":{"@type":"PropertyValueSpecification","valueRequired":true,"valueName":"search_term_string"}}],"inLanguage":"es"},{"@type":"Organization","@id":"https:\/\/futbolhoy.co\/#organization","name":"Futbolhoy.co","url":"https:\/\/futbolhoy.co\/","logo":{"@type":"ImageObject","inLanguage":"es","@id":"https:\/\/futbolhoy.co\/#\/schema\/logo\/image\/","url":"https:\/\/futbolhoy.co\/wp-content\/uploads\/2018\/08\/17426380_1906371736249227_6326180412931521141_n.jpg","contentUrl":"https:\/\/futbolhoy.co\/wp-content\/uploads\/2018\/08\/17426380_1906371736249227_6326180412931521141_n.jpg","width":960,"height":960,"caption":"Futbolhoy.co"},"image":{"@id":"https:\/\/futbolhoy.co\/#\/schema\/logo\/image\/"},"sameAs":["https:\/\/www.facebook.com\/FutbolHoyCol\/","https:\/\/x.com\/FutbolHoyCol","https:\/\/www.instagram.com\/futbolhoycol\/"]},{"@type":"Person","@id":"https:\/\/futbolhoy.co\/#\/schema\/person\/c4a353a512b127643723a34bb1812f7d","name":"Laura Hern\u00e1ndez","image":{"@type":"ImageObject","inLanguage":"es","@id":"https:\/\/futbolhoy.co\/#\/schema\/person\/image\/","url":"https:\/\/secure.gravatar.com\/avatar\/d25959a15b9b293a743f99181c7cfd01?s=96&d=mm&r=g","contentUrl":"https:\/\/secure.gravatar.com\/avatar\/d25959a15b9b293a743f99181c7cfd01?s=96&d=mm&r=g","caption":"Laura Hern\u00e1ndez"}}]}},"publishpress_future_action":{"enabled":false,"date":"2026-05-02 03:31:57","action":"change-status","newStatus":"draft","terms":[],"taxonomy":"category","extraData":[]},"publishpress_future_workflow_manual_trigger":{"enabledWorkflows":[]},"_links":{"self":[{"href":"https:\/\/futbolhoy.co\/index.php\/wp-json\/wp\/v2\/posts\/44197","targetHints":{"allow":["GET"]}}],"collection":[{"href":"https:\/\/futbolhoy.co\/index.php\/wp-json\/wp\/v2\/posts"}],"about":[{"href":"https:\/\/futbolhoy.co\/index.php\/wp-json\/wp\/v2\/types\/post"}],"author":[{"embeddable":true,"href":"https:\/\/futbolhoy.co\/index.php\/wp-json\/wp\/v2\/users\/5"}],"replies":[{"embeddable":true,"href":"https:\/\/futbolhoy.co\/index.php\/wp-json\/wp\/v2\/comments?post=44197"}],"version-history":[{"count":3,"href":"https:\/\/futbolhoy.co\/index.php\/wp-json\/wp\/v2\/posts\/44197\/revisions"}],"predecessor-version":[{"id":44229,"href":"https:\/\/futbolhoy.co\/index.php\/wp-json\/wp\/v2\/posts\/44197\/revisions\/44229"}],"wp:featuredmedia":[{"embeddable":true,"href":"https:\/\/futbolhoy.co\/index.php\/wp-json\/wp\/v2\/media\/44198"}],"wp:attachment":[{"href":"https:\/\/futbolhoy.co\/index.php\/wp-json\/wp\/v2\/media?parent=44197"}],"wp:term":[{"taxonomy":"category","embeddable":true,"href":"https:\/\/futbolhoy.co\/index.php\/wp-json\/wp\/v2\/categories?post=44197"},{"taxonomy":"post_tag","embeddable":true,"href":"https:\/\/futbolhoy.co\/index.php\/wp-json\/wp\/v2\/tags?post=44197"}],"curies":[{"name":"wp","href":"https:\/\/api.w.org\/{rel}","templated":true}]}}