{"id":44312,"date":"2019-11-26T18:07:34","date_gmt":"2019-11-26T23:07:34","guid":{"rendered":"https:\/\/futbolhoy.co\/?p=44312"},"modified":"2019-11-28T18:02:45","modified_gmt":"2019-11-28T23:02:45","slug":"real-tottenham-y-city-en-octavos-de-champions","status":"publish","type":"post","link":"https:\/\/futbolhoy.co\/index.php\/2019\/11\/26\/real-tottenham-y-city-en-octavos-de-champions\/","title":{"rendered":"Real, Tottenham y City en octavos de Champions"},"content":{"rendered":"<p style=\"text-align: justify;\"><span style=\"font-family: helvetica, arial, sans-serif;\">El <strong>Real Madrid<\/strong> se clasific\u00f3 a octavos de final de la <strong>Liga de Campeones<\/strong> pese a empatar 2-2 con <strong>Paris Saint-Germain<\/strong> en el estadio <strong>Santiago Bernab\u00e9u,<\/strong> con doblete de <strong>Karim Benzema<\/strong>, desquit\u00e1ndose de la dura derrota 3-0 sufrida en Par\u00eds en septiembre.<\/span><\/p>\n<p style=\"text-align: justify;\"><span style=\"font-family: helvetica, arial, sans-serif;\"><strong>Benzema<\/strong> abri\u00f3 el marcador aprovechando un rebote en el palo, a los 17 minutos, y repiti\u00f3 de cabeza, a los 79.<\/span><\/p>\n<p style=\"text-align: justify;\"><span style=\"font-family: helvetica, arial, sans-serif;\"><strong>Kylian Mbapp\u00e9<\/strong> descont\u00f3 en un error defensivo blanco a los 81 minutos, antes que Pablo Sarabia lograra la paridad a los 83, resultado que le asegur\u00f3 el primer lugar del grupo A, al <strong>PSG.<\/strong><\/span><\/p>\n<p style=\"text-align: justify;\"><span style=\"font-family: helvetica, arial, sans-serif;\">Entretanto, <strong>Manchester City,<\/strong> que empat\u00f3 1-1 en su estadio con el <strong>Shakhtar Donetsk<\/strong>, y el <strong>Tottenham,<\/strong> que remont\u00f3 un 2-0 adverso para ganar 4-2 en su cancha al <strong>Olympiakos,<\/strong> tambi\u00e9n avanzaron.<\/span><\/p>\n<p style=\"text-align: justify;\"><span style=\"font-family: helvetica, arial, sans-serif;\">La nota preocupante estuvo a cargo del colombiano <strong>Luis Fernando Muriel<\/strong>, que marc\u00f3 un gol en la victoria de <strong>Atalanta<\/strong> 2-0 sobre <strong>Dinamo Zagreb,<\/strong> pero termin\u00f3 lesionado en su rodilla izquierda, a los 61 minutos.<\/span><\/p>\n<p style=\"text-align: justify;\"><span style=\"font-family: helvetica, arial, sans-serif;\">Resultados en la jornada:<\/span><\/p>\n<p style=\"text-align: justify;\"><span style=\"font-family: helvetica, arial, sans-serif;\">Galatasaray\u00a0 1 \u2013 1 \u00a0Brujas (Eder Alvarez Balanta 90m)<\/span><\/p>\n<p style=\"text-align: justify;\"><span lang=\"EN-US\" style=\"font-family: helvetica, arial, sans-serif;\">Tottenham\u00a0 (Davinson S\u00e1nchez 90m)\u00a0 4 \u2013 2 \u00a0Olympiacos<\/span><\/p>\n<p style=\"text-align: justify;\"><span style=\"font-family: helvetica, arial, sans-serif;\">Atalanta (Luis F. Muriel 61m y gol)\u00a0 2 \u2013 0 Dinamo Zagreb<\/span><\/p>\n<p style=\"text-align: justify;\"><span style=\"font-family: helvetica, arial, sans-serif;\">Juventus\u00a0 (Juan G. Cuadrado emergente)\u00a0 1 \u2013 0 \u00a0Atl\u00e9tico de Madrid (Santiago Arias emergente)<\/span><\/p>\n<p style=\"text-align: justify;\"><span style=\"font-family: helvetica, arial, sans-serif;\">Lokomotiv\u00a0 0 - 2\u00a0 Bayer Leverkusen<\/span><\/p>\n<p style=\"text-align: justify;\"><span style=\"font-family: helvetica, arial, sans-serif;\">Real Madrid\u00a0 2 - 2\u00a0 PSG<\/span><\/p>\n<p style=\"text-align: justify;\"><span style=\"font-family: helvetica, arial, sans-serif;\">Estrella Roja\u00a0 0 - 6 \u00a0Bayern M\u00fanich<\/span><\/p>\n<p style=\"text-align: justify;\"><span lang=\"EN-US\" style=\"font-family: helvetica, arial, sans-serif;\">Manchester City\u00a0 1 - 1\u00a0 Shakhtar Donetsk<\/span><\/p>\n","protected":false},"excerpt":{"rendered":"<p>El Real Madrid se clasific\u00f3 a octavos de final de la Liga de Campeones pese a empatar 2-2 con Paris Saint-Germain en el estadio Santiago Bernab\u00e9u, con doblete de Karim Benzema, desquit\u00e1ndose de la dura derrota 3-0 sufrida en Par\u00eds en septiembre. Benzema abri\u00f3 el marcador aprovechando un rebote en el palo, a los 17 [&hellip;]<\/p>\n","protected":false},"author":5,"featured_media":44317,"comment_status":"open","ping_status":"open","sticky":false,"template":"","format":"standard","meta":{"_acf_changed":false,"footnotes":""},"categories":[4],"tags":[],"class_list":{"0":"post-44312","1":"post","2":"type-post","3":"status-publish","4":"format-standard","5":"has-post-thumbnail","7":"category-champions-league"},"acf":[],"yoast_head":"<!-- This site is optimized with the Yoast SEO plugin v26.8 - https:\/\/yoast.com\/product\/yoast-seo-wordpress\/ -->\n<title>Real, Tottenham y City en octavos de Champions -<\/title>\n<meta name=\"robots\" content=\"index, follow, max-snippet:-1, max-image-preview:large, max-video-preview:-1\" \/>\n<link rel=\"canonical\" href=\"https:\/\/futbolhoy.co\/index.php\/2019\/11\/26\/real-tottenham-y-city-en-octavos-de-champions\/\" \/>\n<meta property=\"og:locale\" content=\"es_ES\" \/>\n<meta property=\"og:type\" content=\"article\" \/>\n<meta property=\"og:title\" content=\"Real, Tottenham y City en octavos de Champions -\" \/>\n<meta property=\"og:description\" content=\"El Real Madrid se clasific\u00f3 a octavos de final de la Liga de Campeones pese a empatar 2-2 con Paris Saint-Germain en el estadio Santiago Bernab\u00e9u, con doblete de Karim Benzema, desquit\u00e1ndose de la dura derrota 3-0 sufrida en Par\u00eds en septiembre. Benzema abri\u00f3 el marcador aprovechando un rebote en el palo, a los 17 [&hellip;]\" \/>\n<meta property=\"og:url\" content=\"https:\/\/futbolhoy.co\/index.php\/2019\/11\/26\/real-tottenham-y-city-en-octavos-de-champions\/\" \/>\n<meta property=\"article:publisher\" content=\"https:\/\/www.facebook.com\/FutbolHoyCol\/\" \/>\n<meta property=\"article:published_time\" content=\"2019-11-26T23:07:34+00:00\" \/>\n<meta property=\"article:modified_time\" content=\"2019-11-28T23:02:45+00:00\" \/>\n<meta property=\"og:image\" content=\"https:\/\/futbolhoy.co\/wp-content\/uploads\/2019\/11\/IMG_20191126_174859.jpg\" \/>\n\t<meta property=\"og:image:width\" content=\"3902\" \/>\n\t<meta property=\"og:image:height\" content=\"2830\" \/>\n\t<meta property=\"og:image:type\" content=\"image\/jpeg\" \/>\n<meta name=\"author\" content=\"Laura Hern\u00e1ndez\" \/>\n<meta name=\"twitter:card\" content=\"summary_large_image\" \/>\n<meta name=\"twitter:creator\" content=\"@FutbolHoyCol\" \/>\n<meta name=\"twitter:site\" content=\"@FutbolHoyCol\" \/>\n<meta name=\"twitter:label1\" content=\"Escrito por\" \/>\n\t<meta name=\"twitter:data1\" content=\"Laura Hern\u00e1ndez\" \/>\n\t<meta name=\"twitter:label2\" content=\"Tiempo de lectura\" \/>\n\t<meta name=\"twitter:data2\" content=\"1 minuto\" \/>\n<script type=\"application\/ld+json\" class=\"yoast-schema-graph\">{\"@context\":\"https:\/\/schema.org\",\"@graph\":[{\"@type\":\"Article\",\"@id\":\"https:\/\/futbolhoy.co\/index.php\/2019\/11\/26\/real-tottenham-y-city-en-octavos-de-champions\/#article\",\"isPartOf\":{\"@id\":\"https:\/\/futbolhoy.co\/index.php\/2019\/11\/26\/real-tottenham-y-city-en-octavos-de-champions\/\"},\"author\":{\"name\":\"Laura Hern\u00e1ndez\",\"@id\":\"https:\/\/futbolhoy.co\/#\/schema\/person\/c4a353a512b127643723a34bb1812f7d\"},\"headline\":\"Real, Tottenham y City en octavos de Champions\",\"datePublished\":\"2019-11-26T23:07:34+00:00\",\"dateModified\":\"2019-11-28T23:02:45+00:00\",\"mainEntityOfPage\":{\"@id\":\"https:\/\/futbolhoy.co\/index.php\/2019\/11\/26\/real-tottenham-y-city-en-octavos-de-champions\/\"},\"wordCount\":226,\"commentCount\":0,\"publisher\":{\"@id\":\"https:\/\/futbolhoy.co\/#organization\"},\"image\":{\"@id\":\"https:\/\/futbolhoy.co\/index.php\/2019\/11\/26\/real-tottenham-y-city-en-octavos-de-champions\/#primaryimage\"},\"thumbnailUrl\":\"https:\/\/futbolhoy.co\/wp-content\/uploads\/2019\/11\/IMG_20191126_174859.jpg\",\"articleSection\":[\"Champions League\"],\"inLanguage\":\"es\",\"potentialAction\":[{\"@type\":\"CommentAction\",\"name\":\"Comment\",\"target\":[\"https:\/\/futbolhoy.co\/index.php\/2019\/11\/26\/real-tottenham-y-city-en-octavos-de-champions\/#respond\"]}]},{\"@type\":\"WebPage\",\"@id\":\"https:\/\/futbolhoy.co\/index.php\/2019\/11\/26\/real-tottenham-y-city-en-octavos-de-champions\/\",\"url\":\"https:\/\/futbolhoy.co\/index.php\/2019\/11\/26\/real-tottenham-y-city-en-octavos-de-champions\/\",\"name\":\"Real, Tottenham y City en octavos de Champions -\",\"isPartOf\":{\"@id\":\"https:\/\/futbolhoy.co\/#website\"},\"primaryImageOfPage\":{\"@id\":\"https:\/\/futbolhoy.co\/index.php\/2019\/11\/26\/real-tottenham-y-city-en-octavos-de-champions\/#primaryimage\"},\"image\":{\"@id\":\"https:\/\/futbolhoy.co\/index.php\/2019\/11\/26\/real-tottenham-y-city-en-octavos-de-champions\/#primaryimage\"},\"thumbnailUrl\":\"https:\/\/futbolhoy.co\/wp-content\/uploads\/2019\/11\/IMG_20191126_174859.jpg\",\"datePublished\":\"2019-11-26T23:07:34+00:00\",\"dateModified\":\"2019-11-28T23:02:45+00:00\",\"breadcrumb\":{\"@id\":\"https:\/\/futbolhoy.co\/index.php\/2019\/11\/26\/real-tottenham-y-city-en-octavos-de-champions\/#breadcrumb\"},\"inLanguage\":\"es\",\"potentialAction\":[{\"@type\":\"ReadAction\",\"target\":[\"https:\/\/futbolhoy.co\/index.php\/2019\/11\/26\/real-tottenham-y-city-en-octavos-de-champions\/\"]}]},{\"@type\":\"ImageObject\",\"inLanguage\":\"es\",\"@id\":\"https:\/\/futbolhoy.co\/index.php\/2019\/11\/26\/real-tottenham-y-city-en-octavos-de-champions\/#primaryimage\",\"url\":\"https:\/\/futbolhoy.co\/wp-content\/uploads\/2019\/11\/IMG_20191126_174859.jpg\",\"contentUrl\":\"https:\/\/futbolhoy.co\/wp-content\/uploads\/2019\/11\/IMG_20191126_174859.jpg\",\"width\":3902,\"height\":2830},{\"@type\":\"BreadcrumbList\",\"@id\":\"https:\/\/futbolhoy.co\/index.php\/2019\/11\/26\/real-tottenham-y-city-en-octavos-de-champions\/#breadcrumb\",\"itemListElement\":[{\"@type\":\"ListItem\",\"position\":1,\"name\":\"Portada\",\"item\":\"https:\/\/futbolhoy.co\/\"},{\"@type\":\"ListItem\",\"position\":2,\"name\":\"Real, Tottenham y City en octavos de Champions\"}]},{\"@type\":\"WebSite\",\"@id\":\"https:\/\/futbolhoy.co\/#website\",\"url\":\"https:\/\/futbolhoy.co\/\",\"name\":\"FutbolHoy\",\"description\":\"\",\"publisher\":{\"@id\":\"https:\/\/futbolhoy.co\/#organization\"},\"potentialAction\":[{\"@type\":\"SearchAction\",\"target\":{\"@type\":\"EntryPoint\",\"urlTemplate\":\"https:\/\/futbolhoy.co\/?s={search_term_string}\"},\"query-input\":{\"@type\":\"PropertyValueSpecification\",\"valueRequired\":true,\"valueName\":\"search_term_string\"}}],\"inLanguage\":\"es\"},{\"@type\":\"Organization\",\"@id\":\"https:\/\/futbolhoy.co\/#organization\",\"name\":\"Futbolhoy.co\",\"url\":\"https:\/\/futbolhoy.co\/\",\"logo\":{\"@type\":\"ImageObject\",\"inLanguage\":\"es\",\"@id\":\"https:\/\/futbolhoy.co\/#\/schema\/logo\/image\/\",\"url\":\"https:\/\/futbolhoy.co\/wp-content\/uploads\/2018\/08\/17426380_1906371736249227_6326180412931521141_n.jpg\",\"contentUrl\":\"https:\/\/futbolhoy.co\/wp-content\/uploads\/2018\/08\/17426380_1906371736249227_6326180412931521141_n.jpg\",\"width\":960,\"height\":960,\"caption\":\"Futbolhoy.co\"},\"image\":{\"@id\":\"https:\/\/futbolhoy.co\/#\/schema\/logo\/image\/\"},\"sameAs\":[\"https:\/\/www.facebook.com\/FutbolHoyCol\/\",\"https:\/\/x.com\/FutbolHoyCol\",\"https:\/\/www.instagram.com\/futbolhoycol\/\"]},{\"@type\":\"Person\",\"@id\":\"https:\/\/futbolhoy.co\/#\/schema\/person\/c4a353a512b127643723a34bb1812f7d\",\"name\":\"Laura Hern\u00e1ndez\",\"image\":{\"@type\":\"ImageObject\",\"inLanguage\":\"es\",\"@id\":\"https:\/\/futbolhoy.co\/#\/schema\/person\/image\/\",\"url\":\"https:\/\/secure.gravatar.com\/avatar\/d25959a15b9b293a743f99181c7cfd01?s=96&d=mm&r=g\",\"contentUrl\":\"https:\/\/secure.gravatar.com\/avatar\/d25959a15b9b293a743f99181c7cfd01?s=96&d=mm&r=g\",\"caption\":\"Laura Hern\u00e1ndez\"}}]}<\/script>\n<!-- \/ Yoast SEO plugin. -->","yoast_head_json":{"title":"Real, Tottenham y City en octavos de Champions -","robots":{"index":"index","follow":"follow","max-snippet":"max-snippet:-1","max-image-preview":"max-image-preview:large","max-video-preview":"max-video-preview:-1"},"canonical":"https:\/\/futbolhoy.co\/index.php\/2019\/11\/26\/real-tottenham-y-city-en-octavos-de-champions\/","og_locale":"es_ES","og_type":"article","og_title":"Real, Tottenham y City en octavos de Champions -","og_description":"El Real Madrid se clasific\u00f3 a octavos de final de la Liga de Campeones pese a empatar 2-2 con Paris Saint-Germain en el estadio Santiago Bernab\u00e9u, con doblete de Karim Benzema, desquit\u00e1ndose de la dura derrota 3-0 sufrida en Par\u00eds en septiembre. Benzema abri\u00f3 el marcador aprovechando un rebote en el palo, a los 17 [&hellip;]","og_url":"https:\/\/futbolhoy.co\/index.php\/2019\/11\/26\/real-tottenham-y-city-en-octavos-de-champions\/","article_publisher":"https:\/\/www.facebook.com\/FutbolHoyCol\/","article_published_time":"2019-11-26T23:07:34+00:00","article_modified_time":"2019-11-28T23:02:45+00:00","og_image":[{"width":3902,"height":2830,"url":"https:\/\/futbolhoy.co\/wp-content\/uploads\/2019\/11\/IMG_20191126_174859.jpg","type":"image\/jpeg"}],"author":"Laura Hern\u00e1ndez","twitter_card":"summary_large_image","twitter_creator":"@FutbolHoyCol","twitter_site":"@FutbolHoyCol","twitter_misc":{"Escrito por":"Laura Hern\u00e1ndez","Tiempo de lectura":"1 minuto"},"schema":{"@context":"https:\/\/schema.org","@graph":[{"@type":"Article","@id":"https:\/\/futbolhoy.co\/index.php\/2019\/11\/26\/real-tottenham-y-city-en-octavos-de-champions\/#article","isPartOf":{"@id":"https:\/\/futbolhoy.co\/index.php\/2019\/11\/26\/real-tottenham-y-city-en-octavos-de-champions\/"},"author":{"name":"Laura Hern\u00e1ndez","@id":"https:\/\/futbolhoy.co\/#\/schema\/person\/c4a353a512b127643723a34bb1812f7d"},"headline":"Real, Tottenham y City en octavos de Champions","datePublished":"2019-11-26T23:07:34+00:00","dateModified":"2019-11-28T23:02:45+00:00","mainEntityOfPage":{"@id":"https:\/\/futbolhoy.co\/index.php\/2019\/11\/26\/real-tottenham-y-city-en-octavos-de-champions\/"},"wordCount":226,"commentCount":0,"publisher":{"@id":"https:\/\/futbolhoy.co\/#organization"},"image":{"@id":"https:\/\/futbolhoy.co\/index.php\/2019\/11\/26\/real-tottenham-y-city-en-octavos-de-champions\/#primaryimage"},"thumbnailUrl":"https:\/\/futbolhoy.co\/wp-content\/uploads\/2019\/11\/IMG_20191126_174859.jpg","articleSection":["Champions League"],"inLanguage":"es","potentialAction":[{"@type":"CommentAction","name":"Comment","target":["https:\/\/futbolhoy.co\/index.php\/2019\/11\/26\/real-tottenham-y-city-en-octavos-de-champions\/#respond"]}]},{"@type":"WebPage","@id":"https:\/\/futbolhoy.co\/index.php\/2019\/11\/26\/real-tottenham-y-city-en-octavos-de-champions\/","url":"https:\/\/futbolhoy.co\/index.php\/2019\/11\/26\/real-tottenham-y-city-en-octavos-de-champions\/","name":"Real, Tottenham y City en octavos de Champions -","isPartOf":{"@id":"https:\/\/futbolhoy.co\/#website"},"primaryImageOfPage":{"@id":"https:\/\/futbolhoy.co\/index.php\/2019\/11\/26\/real-tottenham-y-city-en-octavos-de-champions\/#primaryimage"},"image":{"@id":"https:\/\/futbolhoy.co\/index.php\/2019\/11\/26\/real-tottenham-y-city-en-octavos-de-champions\/#primaryimage"},"thumbnailUrl":"https:\/\/futbolhoy.co\/wp-content\/uploads\/2019\/11\/IMG_20191126_174859.jpg","datePublished":"2019-11-26T23:07:34+00:00","dateModified":"2019-11-28T23:02:45+00:00","breadcrumb":{"@id":"https:\/\/futbolhoy.co\/index.php\/2019\/11\/26\/real-tottenham-y-city-en-octavos-de-champions\/#breadcrumb"},"inLanguage":"es","potentialAction":[{"@type":"ReadAction","target":["https:\/\/futbolhoy.co\/index.php\/2019\/11\/26\/real-tottenham-y-city-en-octavos-de-champions\/"]}]},{"@type":"ImageObject","inLanguage":"es","@id":"https:\/\/futbolhoy.co\/index.php\/2019\/11\/26\/real-tottenham-y-city-en-octavos-de-champions\/#primaryimage","url":"https:\/\/futbolhoy.co\/wp-content\/uploads\/2019\/11\/IMG_20191126_174859.jpg","contentUrl":"https:\/\/futbolhoy.co\/wp-content\/uploads\/2019\/11\/IMG_20191126_174859.jpg","width":3902,"height":2830},{"@type":"BreadcrumbList","@id":"https:\/\/futbolhoy.co\/index.php\/2019\/11\/26\/real-tottenham-y-city-en-octavos-de-champions\/#breadcrumb","itemListElement":[{"@type":"ListItem","position":1,"name":"Portada","item":"https:\/\/futbolhoy.co\/"},{"@type":"ListItem","position":2,"name":"Real, Tottenham y City en octavos de Champions"}]},{"@type":"WebSite","@id":"https:\/\/futbolhoy.co\/#website","url":"https:\/\/futbolhoy.co\/","name":"FutbolHoy","description":"","publisher":{"@id":"https:\/\/futbolhoy.co\/#organization"},"potentialAction":[{"@type":"SearchAction","target":{"@type":"EntryPoint","urlTemplate":"https:\/\/futbolhoy.co\/?s={search_term_string}"},"query-input":{"@type":"PropertyValueSpecification","valueRequired":true,"valueName":"search_term_string"}}],"inLanguage":"es"},{"@type":"Organization","@id":"https:\/\/futbolhoy.co\/#organization","name":"Futbolhoy.co","url":"https:\/\/futbolhoy.co\/","logo":{"@type":"ImageObject","inLanguage":"es","@id":"https:\/\/futbolhoy.co\/#\/schema\/logo\/image\/","url":"https:\/\/futbolhoy.co\/wp-content\/uploads\/2018\/08\/17426380_1906371736249227_6326180412931521141_n.jpg","contentUrl":"https:\/\/futbolhoy.co\/wp-content\/uploads\/2018\/08\/17426380_1906371736249227_6326180412931521141_n.jpg","width":960,"height":960,"caption":"Futbolhoy.co"},"image":{"@id":"https:\/\/futbolhoy.co\/#\/schema\/logo\/image\/"},"sameAs":["https:\/\/www.facebook.com\/FutbolHoyCol\/","https:\/\/x.com\/FutbolHoyCol","https:\/\/www.instagram.com\/futbolhoycol\/"]},{"@type":"Person","@id":"https:\/\/futbolhoy.co\/#\/schema\/person\/c4a353a512b127643723a34bb1812f7d","name":"Laura Hern\u00e1ndez","image":{"@type":"ImageObject","inLanguage":"es","@id":"https:\/\/futbolhoy.co\/#\/schema\/person\/image\/","url":"https:\/\/secure.gravatar.com\/avatar\/d25959a15b9b293a743f99181c7cfd01?s=96&d=mm&r=g","contentUrl":"https:\/\/secure.gravatar.com\/avatar\/d25959a15b9b293a743f99181c7cfd01?s=96&d=mm&r=g","caption":"Laura Hern\u00e1ndez"}}]}},"publishpress_future_action":{"enabled":false,"date":"2026-05-02 00:45:20","action":"change-status","newStatus":"draft","terms":[],"taxonomy":"category","extraData":[]},"publishpress_future_workflow_manual_trigger":{"enabledWorkflows":[]},"_links":{"self":[{"href":"https:\/\/futbolhoy.co\/index.php\/wp-json\/wp\/v2\/posts\/44312","targetHints":{"allow":["GET"]}}],"collection":[{"href":"https:\/\/futbolhoy.co\/index.php\/wp-json\/wp\/v2\/posts"}],"about":[{"href":"https:\/\/futbolhoy.co\/index.php\/wp-json\/wp\/v2\/types\/post"}],"author":[{"embeddable":true,"href":"https:\/\/futbolhoy.co\/index.php\/wp-json\/wp\/v2\/users\/5"}],"replies":[{"embeddable":true,"href":"https:\/\/futbolhoy.co\/index.php\/wp-json\/wp\/v2\/comments?post=44312"}],"version-history":[{"count":1,"href":"https:\/\/futbolhoy.co\/index.php\/wp-json\/wp\/v2\/posts\/44312\/revisions"}],"predecessor-version":[{"id":44321,"href":"https:\/\/futbolhoy.co\/index.php\/wp-json\/wp\/v2\/posts\/44312\/revisions\/44321"}],"wp:featuredmedia":[{"embeddable":true,"href":"https:\/\/futbolhoy.co\/index.php\/wp-json\/wp\/v2\/media\/44317"}],"wp:attachment":[{"href":"https:\/\/futbolhoy.co\/index.php\/wp-json\/wp\/v2\/media?parent=44312"}],"wp:term":[{"taxonomy":"category","embeddable":true,"href":"https:\/\/futbolhoy.co\/index.php\/wp-json\/wp\/v2\/categories?post=44312"},{"taxonomy":"post_tag","embeddable":true,"href":"https:\/\/futbolhoy.co\/index.php\/wp-json\/wp\/v2\/tags?post=44312"}],"curies":[{"name":"wp","href":"https:\/\/api.w.org\/{rel}","templated":true}]}}