{"id":45040,"date":"2019-12-20T18:09:29","date_gmt":"2019-12-20T23:09:29","guid":{"rendered":"https:\/\/futbolhoy.co\/?p=45040"},"modified":"2019-12-21T17:00:58","modified_gmt":"2019-12-21T22:00:58","slug":"nacional-refuerza-su-ataque-para-2020","status":"publish","type":"post","link":"https:\/\/futbolhoy.co\/index.php\/2019\/12\/20\/nacional-refuerza-su-ataque-para-2020\/","title":{"rendered":"Nacional refuerza su ataque para 2020"},"content":{"rendered":"<p style=\"text-align: justify;\"><span style=\"font-family: helvetica, arial, sans-serif;\"><b>Atl\u00e9tico Nacional<\/b>\u00a0vincular\u00e1 tres delanteros como refuerzos para la temporada 2020,\u00a0<b>Jefferson Duque<\/b>\u00a0y\u00a0<b>Fabi\u00e1n Gonz\u00e1lez Lasso<\/b>; as\u00ed como los volantes\u00a0<b>D\u00e9inner Qui\u00f1ones<\/b>\u00a0y\u00a0<b>Gustavo Torres<\/b>, seg\u00fan anunci\u00f3 el propio t\u00e9cnico Juan Carlos Osorio.<\/span><\/p>\n<p style=\"text-align: justify;\"><span style=\"font-family: helvetica, arial, sans-serif;\">Duque de\u00a0<b>Santa Fe<\/b>, Gonz\u00e1lez Lasso de\u00a0<b>Millonarios<\/b>, Qui\u00f1ones de\u00a0<b>Santos Laguna de M\u00e9xico<\/b>\u00a0y Torres de\u00a0<b>Rionegro<\/b>\u00a0se unir\u00e1n a los trabajos del \u2018verde antioque\u00f1o\u2019 el 2 de enero.<\/span><\/p>\n<p style=\"text-align: justify;\"><span style=\"font-family: helvetica, arial, sans-serif;\">Duque disput\u00f3 13 partidos con el \u2018cardenal\u2019 y convirti\u00f3 6 anotaciones; Gonz\u00e1lez Lasso jug\u00f3 38 encuentros e hizo 9 goles; Qui\u00f1ones actu\u00f3 24 partidos y marc\u00f3 un gol en territorio \u2018azteca\u2019; y Torres estuvo dos partidos el segundo semestre de 2019 sin goles.<\/span><\/p>\n<p style=\"text-align: justify;\"><span style=\"font-family: helvetica, arial, sans-serif;\">Nacional, que no alcanz\u00f3 ning\u00fan t\u00edtulo en la temporada 2019, tiene como sus objetivos centrales para el pr\u00f3ximo a\u00f1o, la\u00a0<b>Copa Sudamericana<\/b>, donde enfrentar\u00e1 en primera ronda a\u00a0<b>Hurac\u00e1n de Argentina<\/b>\u00a0y la Liga colombiana.<\/span><\/p>\n","protected":false},"excerpt":{"rendered":"<p>Atl\u00e9tico Nacional\u00a0vincular\u00e1 tres delanteros como refuerzos para la temporada 2020,\u00a0Jefferson Duque\u00a0y\u00a0Fabi\u00e1n Gonz\u00e1lez Lasso; as\u00ed como los volantes\u00a0D\u00e9inner Qui\u00f1ones\u00a0y\u00a0Gustavo Torres, seg\u00fan anunci\u00f3 el propio t\u00e9cnico Juan Carlos Osorio. Duque de\u00a0Santa Fe, Gonz\u00e1lez Lasso de\u00a0Millonarios, Qui\u00f1ones de\u00a0Santos Laguna de M\u00e9xico\u00a0y Torres de\u00a0Rionegro\u00a0se unir\u00e1n a los trabajos del \u2018verde antioque\u00f1o\u2019 el 2 de enero. Duque disput\u00f3 13 partidos [&hellip;]<\/p>\n","protected":false},"author":5,"featured_media":45041,"comment_status":"open","ping_status":"open","sticky":false,"template":"","format":"standard","meta":{"_acf_changed":false,"footnotes":""},"categories":[7],"tags":[],"class_list":{"0":"post-45040","1":"post","2":"type-post","3":"status-publish","4":"format-standard","5":"has-post-thumbnail","7":"category-liga-betplay"},"acf":[],"yoast_head":"<!-- This site is optimized with the Yoast SEO plugin v26.8 - https:\/\/yoast.com\/product\/yoast-seo-wordpress\/ -->\n<title>Nacional refuerza su ataque para 2020 -<\/title>\n<meta name=\"robots\" content=\"index, follow, max-snippet:-1, max-image-preview:large, max-video-preview:-1\" \/>\n<link rel=\"canonical\" href=\"https:\/\/futbolhoy.co\/index.php\/2019\/12\/20\/nacional-refuerza-su-ataque-para-2020\/\" \/>\n<meta property=\"og:locale\" content=\"es_ES\" \/>\n<meta property=\"og:type\" content=\"article\" \/>\n<meta property=\"og:title\" content=\"Nacional refuerza su ataque para 2020 -\" \/>\n<meta property=\"og:description\" content=\"Atl\u00e9tico Nacional\u00a0vincular\u00e1 tres delanteros como refuerzos para la temporada 2020,\u00a0Jefferson Duque\u00a0y\u00a0Fabi\u00e1n Gonz\u00e1lez Lasso; as\u00ed como los volantes\u00a0D\u00e9inner Qui\u00f1ones\u00a0y\u00a0Gustavo Torres, seg\u00fan anunci\u00f3 el propio t\u00e9cnico Juan Carlos Osorio. Duque de\u00a0Santa Fe, Gonz\u00e1lez Lasso de\u00a0Millonarios, Qui\u00f1ones de\u00a0Santos Laguna de M\u00e9xico\u00a0y Torres de\u00a0Rionegro\u00a0se unir\u00e1n a los trabajos del \u2018verde antioque\u00f1o\u2019 el 2 de enero. Duque disput\u00f3 13 partidos [&hellip;]\" \/>\n<meta property=\"og:url\" content=\"https:\/\/futbolhoy.co\/index.php\/2019\/12\/20\/nacional-refuerza-su-ataque-para-2020\/\" \/>\n<meta property=\"article:publisher\" content=\"https:\/\/www.facebook.com\/FutbolHoyCol\/\" \/>\n<meta property=\"article:published_time\" content=\"2019-12-20T23:09:29+00:00\" \/>\n<meta property=\"article:modified_time\" content=\"2019-12-21T22:00:58+00:00\" \/>\n<meta property=\"og:image\" content=\"https:\/\/futbolhoy.co\/wp-content\/uploads\/2019\/12\/IMG_20191220_180845.jpg\" \/>\n\t<meta property=\"og:image:width\" content=\"755\" \/>\n\t<meta property=\"og:image:height\" content=\"455\" \/>\n\t<meta property=\"og:image:type\" content=\"image\/jpeg\" \/>\n<meta name=\"author\" content=\"Laura Hern\u00e1ndez\" \/>\n<meta name=\"twitter:card\" content=\"summary_large_image\" \/>\n<meta name=\"twitter:creator\" content=\"@FutbolHoyCol\" \/>\n<meta name=\"twitter:site\" content=\"@FutbolHoyCol\" \/>\n<meta name=\"twitter:label1\" content=\"Escrito por\" \/>\n\t<meta name=\"twitter:data1\" content=\"Laura Hern\u00e1ndez\" \/>\n\t<meta name=\"twitter:label2\" content=\"Tiempo de lectura\" \/>\n\t<meta name=\"twitter:data2\" content=\"1 minuto\" \/>\n<script type=\"application\/ld+json\" class=\"yoast-schema-graph\">{\"@context\":\"https:\/\/schema.org\",\"@graph\":[{\"@type\":\"Article\",\"@id\":\"https:\/\/futbolhoy.co\/index.php\/2019\/12\/20\/nacional-refuerza-su-ataque-para-2020\/#article\",\"isPartOf\":{\"@id\":\"https:\/\/futbolhoy.co\/index.php\/2019\/12\/20\/nacional-refuerza-su-ataque-para-2020\/\"},\"author\":{\"name\":\"Laura Hern\u00e1ndez\",\"@id\":\"https:\/\/futbolhoy.co\/#\/schema\/person\/c4a353a512b127643723a34bb1812f7d\"},\"headline\":\"Nacional refuerza su ataque para 2020\",\"datePublished\":\"2019-12-20T23:09:29+00:00\",\"dateModified\":\"2019-12-21T22:00:58+00:00\",\"mainEntityOfPage\":{\"@id\":\"https:\/\/futbolhoy.co\/index.php\/2019\/12\/20\/nacional-refuerza-su-ataque-para-2020\/\"},\"wordCount\":157,\"commentCount\":0,\"publisher\":{\"@id\":\"https:\/\/futbolhoy.co\/#organization\"},\"image\":{\"@id\":\"https:\/\/futbolhoy.co\/index.php\/2019\/12\/20\/nacional-refuerza-su-ataque-para-2020\/#primaryimage\"},\"thumbnailUrl\":\"https:\/\/futbolhoy.co\/wp-content\/uploads\/2019\/12\/IMG_20191220_180845.jpg\",\"articleSection\":[\"Liga BetPlay\"],\"inLanguage\":\"es\",\"potentialAction\":[{\"@type\":\"CommentAction\",\"name\":\"Comment\",\"target\":[\"https:\/\/futbolhoy.co\/index.php\/2019\/12\/20\/nacional-refuerza-su-ataque-para-2020\/#respond\"]}]},{\"@type\":\"WebPage\",\"@id\":\"https:\/\/futbolhoy.co\/index.php\/2019\/12\/20\/nacional-refuerza-su-ataque-para-2020\/\",\"url\":\"https:\/\/futbolhoy.co\/index.php\/2019\/12\/20\/nacional-refuerza-su-ataque-para-2020\/\",\"name\":\"Nacional refuerza su ataque para 2020 -\",\"isPartOf\":{\"@id\":\"https:\/\/futbolhoy.co\/#website\"},\"primaryImageOfPage\":{\"@id\":\"https:\/\/futbolhoy.co\/index.php\/2019\/12\/20\/nacional-refuerza-su-ataque-para-2020\/#primaryimage\"},\"image\":{\"@id\":\"https:\/\/futbolhoy.co\/index.php\/2019\/12\/20\/nacional-refuerza-su-ataque-para-2020\/#primaryimage\"},\"thumbnailUrl\":\"https:\/\/futbolhoy.co\/wp-content\/uploads\/2019\/12\/IMG_20191220_180845.jpg\",\"datePublished\":\"2019-12-20T23:09:29+00:00\",\"dateModified\":\"2019-12-21T22:00:58+00:00\",\"breadcrumb\":{\"@id\":\"https:\/\/futbolhoy.co\/index.php\/2019\/12\/20\/nacional-refuerza-su-ataque-para-2020\/#breadcrumb\"},\"inLanguage\":\"es\",\"potentialAction\":[{\"@type\":\"ReadAction\",\"target\":[\"https:\/\/futbolhoy.co\/index.php\/2019\/12\/20\/nacional-refuerza-su-ataque-para-2020\/\"]}]},{\"@type\":\"ImageObject\",\"inLanguage\":\"es\",\"@id\":\"https:\/\/futbolhoy.co\/index.php\/2019\/12\/20\/nacional-refuerza-su-ataque-para-2020\/#primaryimage\",\"url\":\"https:\/\/futbolhoy.co\/wp-content\/uploads\/2019\/12\/IMG_20191220_180845.jpg\",\"contentUrl\":\"https:\/\/futbolhoy.co\/wp-content\/uploads\/2019\/12\/IMG_20191220_180845.jpg\",\"width\":755,\"height\":455},{\"@type\":\"BreadcrumbList\",\"@id\":\"https:\/\/futbolhoy.co\/index.php\/2019\/12\/20\/nacional-refuerza-su-ataque-para-2020\/#breadcrumb\",\"itemListElement\":[{\"@type\":\"ListItem\",\"position\":1,\"name\":\"Portada\",\"item\":\"https:\/\/futbolhoy.co\/\"},{\"@type\":\"ListItem\",\"position\":2,\"name\":\"Nacional refuerza su ataque para 2020\"}]},{\"@type\":\"WebSite\",\"@id\":\"https:\/\/futbolhoy.co\/#website\",\"url\":\"https:\/\/futbolhoy.co\/\",\"name\":\"FutbolHoy\",\"description\":\"\",\"publisher\":{\"@id\":\"https:\/\/futbolhoy.co\/#organization\"},\"potentialAction\":[{\"@type\":\"SearchAction\",\"target\":{\"@type\":\"EntryPoint\",\"urlTemplate\":\"https:\/\/futbolhoy.co\/?s={search_term_string}\"},\"query-input\":{\"@type\":\"PropertyValueSpecification\",\"valueRequired\":true,\"valueName\":\"search_term_string\"}}],\"inLanguage\":\"es\"},{\"@type\":\"Organization\",\"@id\":\"https:\/\/futbolhoy.co\/#organization\",\"name\":\"Futbolhoy.co\",\"url\":\"https:\/\/futbolhoy.co\/\",\"logo\":{\"@type\":\"ImageObject\",\"inLanguage\":\"es\",\"@id\":\"https:\/\/futbolhoy.co\/#\/schema\/logo\/image\/\",\"url\":\"https:\/\/futbolhoy.co\/wp-content\/uploads\/2018\/08\/17426380_1906371736249227_6326180412931521141_n.jpg\",\"contentUrl\":\"https:\/\/futbolhoy.co\/wp-content\/uploads\/2018\/08\/17426380_1906371736249227_6326180412931521141_n.jpg\",\"width\":960,\"height\":960,\"caption\":\"Futbolhoy.co\"},\"image\":{\"@id\":\"https:\/\/futbolhoy.co\/#\/schema\/logo\/image\/\"},\"sameAs\":[\"https:\/\/www.facebook.com\/FutbolHoyCol\/\",\"https:\/\/x.com\/FutbolHoyCol\",\"https:\/\/www.instagram.com\/futbolhoycol\/\"]},{\"@type\":\"Person\",\"@id\":\"https:\/\/futbolhoy.co\/#\/schema\/person\/c4a353a512b127643723a34bb1812f7d\",\"name\":\"Laura Hern\u00e1ndez\",\"image\":{\"@type\":\"ImageObject\",\"inLanguage\":\"es\",\"@id\":\"https:\/\/futbolhoy.co\/#\/schema\/person\/image\/\",\"url\":\"https:\/\/secure.gravatar.com\/avatar\/d25959a15b9b293a743f99181c7cfd01?s=96&d=mm&r=g\",\"contentUrl\":\"https:\/\/secure.gravatar.com\/avatar\/d25959a15b9b293a743f99181c7cfd01?s=96&d=mm&r=g\",\"caption\":\"Laura Hern\u00e1ndez\"}}]}<\/script>\n<!-- \/ Yoast SEO plugin. -->","yoast_head_json":{"title":"Nacional refuerza su ataque para 2020 -","robots":{"index":"index","follow":"follow","max-snippet":"max-snippet:-1","max-image-preview":"max-image-preview:large","max-video-preview":"max-video-preview:-1"},"canonical":"https:\/\/futbolhoy.co\/index.php\/2019\/12\/20\/nacional-refuerza-su-ataque-para-2020\/","og_locale":"es_ES","og_type":"article","og_title":"Nacional refuerza su ataque para 2020 -","og_description":"Atl\u00e9tico Nacional\u00a0vincular\u00e1 tres delanteros como refuerzos para la temporada 2020,\u00a0Jefferson Duque\u00a0y\u00a0Fabi\u00e1n Gonz\u00e1lez Lasso; as\u00ed como los volantes\u00a0D\u00e9inner Qui\u00f1ones\u00a0y\u00a0Gustavo Torres, seg\u00fan anunci\u00f3 el propio t\u00e9cnico Juan Carlos Osorio. Duque de\u00a0Santa Fe, Gonz\u00e1lez Lasso de\u00a0Millonarios, Qui\u00f1ones de\u00a0Santos Laguna de M\u00e9xico\u00a0y Torres de\u00a0Rionegro\u00a0se unir\u00e1n a los trabajos del \u2018verde antioque\u00f1o\u2019 el 2 de enero. Duque disput\u00f3 13 partidos [&hellip;]","og_url":"https:\/\/futbolhoy.co\/index.php\/2019\/12\/20\/nacional-refuerza-su-ataque-para-2020\/","article_publisher":"https:\/\/www.facebook.com\/FutbolHoyCol\/","article_published_time":"2019-12-20T23:09:29+00:00","article_modified_time":"2019-12-21T22:00:58+00:00","og_image":[{"width":755,"height":455,"url":"https:\/\/futbolhoy.co\/wp-content\/uploads\/2019\/12\/IMG_20191220_180845.jpg","type":"image\/jpeg"}],"author":"Laura Hern\u00e1ndez","twitter_card":"summary_large_image","twitter_creator":"@FutbolHoyCol","twitter_site":"@FutbolHoyCol","twitter_misc":{"Escrito por":"Laura Hern\u00e1ndez","Tiempo de lectura":"1 minuto"},"schema":{"@context":"https:\/\/schema.org","@graph":[{"@type":"Article","@id":"https:\/\/futbolhoy.co\/index.php\/2019\/12\/20\/nacional-refuerza-su-ataque-para-2020\/#article","isPartOf":{"@id":"https:\/\/futbolhoy.co\/index.php\/2019\/12\/20\/nacional-refuerza-su-ataque-para-2020\/"},"author":{"name":"Laura Hern\u00e1ndez","@id":"https:\/\/futbolhoy.co\/#\/schema\/person\/c4a353a512b127643723a34bb1812f7d"},"headline":"Nacional refuerza su ataque para 2020","datePublished":"2019-12-20T23:09:29+00:00","dateModified":"2019-12-21T22:00:58+00:00","mainEntityOfPage":{"@id":"https:\/\/futbolhoy.co\/index.php\/2019\/12\/20\/nacional-refuerza-su-ataque-para-2020\/"},"wordCount":157,"commentCount":0,"publisher":{"@id":"https:\/\/futbolhoy.co\/#organization"},"image":{"@id":"https:\/\/futbolhoy.co\/index.php\/2019\/12\/20\/nacional-refuerza-su-ataque-para-2020\/#primaryimage"},"thumbnailUrl":"https:\/\/futbolhoy.co\/wp-content\/uploads\/2019\/12\/IMG_20191220_180845.jpg","articleSection":["Liga BetPlay"],"inLanguage":"es","potentialAction":[{"@type":"CommentAction","name":"Comment","target":["https:\/\/futbolhoy.co\/index.php\/2019\/12\/20\/nacional-refuerza-su-ataque-para-2020\/#respond"]}]},{"@type":"WebPage","@id":"https:\/\/futbolhoy.co\/index.php\/2019\/12\/20\/nacional-refuerza-su-ataque-para-2020\/","url":"https:\/\/futbolhoy.co\/index.php\/2019\/12\/20\/nacional-refuerza-su-ataque-para-2020\/","name":"Nacional refuerza su ataque para 2020 -","isPartOf":{"@id":"https:\/\/futbolhoy.co\/#website"},"primaryImageOfPage":{"@id":"https:\/\/futbolhoy.co\/index.php\/2019\/12\/20\/nacional-refuerza-su-ataque-para-2020\/#primaryimage"},"image":{"@id":"https:\/\/futbolhoy.co\/index.php\/2019\/12\/20\/nacional-refuerza-su-ataque-para-2020\/#primaryimage"},"thumbnailUrl":"https:\/\/futbolhoy.co\/wp-content\/uploads\/2019\/12\/IMG_20191220_180845.jpg","datePublished":"2019-12-20T23:09:29+00:00","dateModified":"2019-12-21T22:00:58+00:00","breadcrumb":{"@id":"https:\/\/futbolhoy.co\/index.php\/2019\/12\/20\/nacional-refuerza-su-ataque-para-2020\/#breadcrumb"},"inLanguage":"es","potentialAction":[{"@type":"ReadAction","target":["https:\/\/futbolhoy.co\/index.php\/2019\/12\/20\/nacional-refuerza-su-ataque-para-2020\/"]}]},{"@type":"ImageObject","inLanguage":"es","@id":"https:\/\/futbolhoy.co\/index.php\/2019\/12\/20\/nacional-refuerza-su-ataque-para-2020\/#primaryimage","url":"https:\/\/futbolhoy.co\/wp-content\/uploads\/2019\/12\/IMG_20191220_180845.jpg","contentUrl":"https:\/\/futbolhoy.co\/wp-content\/uploads\/2019\/12\/IMG_20191220_180845.jpg","width":755,"height":455},{"@type":"BreadcrumbList","@id":"https:\/\/futbolhoy.co\/index.php\/2019\/12\/20\/nacional-refuerza-su-ataque-para-2020\/#breadcrumb","itemListElement":[{"@type":"ListItem","position":1,"name":"Portada","item":"https:\/\/futbolhoy.co\/"},{"@type":"ListItem","position":2,"name":"Nacional refuerza su ataque para 2020"}]},{"@type":"WebSite","@id":"https:\/\/futbolhoy.co\/#website","url":"https:\/\/futbolhoy.co\/","name":"FutbolHoy","description":"","publisher":{"@id":"https:\/\/futbolhoy.co\/#organization"},"potentialAction":[{"@type":"SearchAction","target":{"@type":"EntryPoint","urlTemplate":"https:\/\/futbolhoy.co\/?s={search_term_string}"},"query-input":{"@type":"PropertyValueSpecification","valueRequired":true,"valueName":"search_term_string"}}],"inLanguage":"es"},{"@type":"Organization","@id":"https:\/\/futbolhoy.co\/#organization","name":"Futbolhoy.co","url":"https:\/\/futbolhoy.co\/","logo":{"@type":"ImageObject","inLanguage":"es","@id":"https:\/\/futbolhoy.co\/#\/schema\/logo\/image\/","url":"https:\/\/futbolhoy.co\/wp-content\/uploads\/2018\/08\/17426380_1906371736249227_6326180412931521141_n.jpg","contentUrl":"https:\/\/futbolhoy.co\/wp-content\/uploads\/2018\/08\/17426380_1906371736249227_6326180412931521141_n.jpg","width":960,"height":960,"caption":"Futbolhoy.co"},"image":{"@id":"https:\/\/futbolhoy.co\/#\/schema\/logo\/image\/"},"sameAs":["https:\/\/www.facebook.com\/FutbolHoyCol\/","https:\/\/x.com\/FutbolHoyCol","https:\/\/www.instagram.com\/futbolhoycol\/"]},{"@type":"Person","@id":"https:\/\/futbolhoy.co\/#\/schema\/person\/c4a353a512b127643723a34bb1812f7d","name":"Laura Hern\u00e1ndez","image":{"@type":"ImageObject","inLanguage":"es","@id":"https:\/\/futbolhoy.co\/#\/schema\/person\/image\/","url":"https:\/\/secure.gravatar.com\/avatar\/d25959a15b9b293a743f99181c7cfd01?s=96&d=mm&r=g","contentUrl":"https:\/\/secure.gravatar.com\/avatar\/d25959a15b9b293a743f99181c7cfd01?s=96&d=mm&r=g","caption":"Laura Hern\u00e1ndez"}}]}},"publishpress_future_action":{"enabled":false,"date":"2026-05-02 02:25:25","action":"change-status","newStatus":"draft","terms":[],"taxonomy":"category","extraData":[]},"publishpress_future_workflow_manual_trigger":{"enabledWorkflows":[]},"_links":{"self":[{"href":"https:\/\/futbolhoy.co\/index.php\/wp-json\/wp\/v2\/posts\/45040","targetHints":{"allow":["GET"]}}],"collection":[{"href":"https:\/\/futbolhoy.co\/index.php\/wp-json\/wp\/v2\/posts"}],"about":[{"href":"https:\/\/futbolhoy.co\/index.php\/wp-json\/wp\/v2\/types\/post"}],"author":[{"embeddable":true,"href":"https:\/\/futbolhoy.co\/index.php\/wp-json\/wp\/v2\/users\/5"}],"replies":[{"embeddable":true,"href":"https:\/\/futbolhoy.co\/index.php\/wp-json\/wp\/v2\/comments?post=45040"}],"version-history":[{"count":1,"href":"https:\/\/futbolhoy.co\/index.php\/wp-json\/wp\/v2\/posts\/45040\/revisions"}],"predecessor-version":[{"id":45042,"href":"https:\/\/futbolhoy.co\/index.php\/wp-json\/wp\/v2\/posts\/45040\/revisions\/45042"}],"wp:featuredmedia":[{"embeddable":true,"href":"https:\/\/futbolhoy.co\/index.php\/wp-json\/wp\/v2\/media\/45041"}],"wp:attachment":[{"href":"https:\/\/futbolhoy.co\/index.php\/wp-json\/wp\/v2\/media?parent=45040"}],"wp:term":[{"taxonomy":"category","embeddable":true,"href":"https:\/\/futbolhoy.co\/index.php\/wp-json\/wp\/v2\/categories?post=45040"},{"taxonomy":"post_tag","embeddable":true,"href":"https:\/\/futbolhoy.co\/index.php\/wp-json\/wp\/v2\/tags?post=45040"}],"curies":[{"name":"wp","href":"https:\/\/api.w.org\/{rel}","templated":true}]}}