{"id":45163,"date":"2019-12-25T10:25:00","date_gmt":"2019-12-25T15:25:00","guid":{"rendered":"https:\/\/futbolhoy.co\/?p=45163"},"modified":"2019-12-26T08:26:54","modified_gmt":"2019-12-26T13:26:54","slug":"la-copa-america-es-mi-objetivo-del-2020-santos-borre","status":"publish","type":"post","link":"https:\/\/futbolhoy.co\/index.php\/2019\/12\/25\/la-copa-america-es-mi-objetivo-del-2020-santos-borre\/","title":{"rendered":"La Copa Am\u00e9rica es mi objetivo del 2020: Santos Borr\u00e9"},"content":{"rendered":"<div>\n<p class=\"x_ydp4927ee6cMsoNormal\" style=\"text-align: justify;\"><span style=\"font-family: helvetica, arial, sans-serif;\">El delantero barranquillero <strong>Rafael Santos Borre,<\/strong> quien cerr\u00f3 un gran a\u00f1o deportivo con <strong>River Plate<\/strong> de <strong>Argentina,<\/strong> asegur\u00f3 que uno de sus objetivos para el 2020 ser\u00e1 su participaci\u00f3n en la <strong>Copa<\/strong> <strong>Am\u00e9rica<\/strong>.<\/span><\/p>\n<p class=\"x_ydp4927ee6cMsoNormal\" style=\"text-align: justify;\"><span style=\"font-family: helvetica, arial, sans-serif;\"><i>\"Es un 2020 lindo, cargado de muchas cosas: el torneo local, la Selecci\u00f3n y la Copa Am\u00e9rica. Es un objetivo que tengo, s\u00e9 que la competencia es dura, pero s\u00e9 que si hago las cosas bien en mi club voy a tener opci\u00f3n para competir en la Selecci\u00f3n\"<\/i>, afirm\u00f3 Borr\u00e9.<\/span><\/p>\n<p class=\"x_ydp4927ee6cMsoNormal\" style=\"text-align: justify;\"><span style=\"font-family: helvetica, arial, sans-serif;\"><i>\"Fue una temporada positiva. En el equipo hemos estado peleando todos los campeonatos. Desde el principio de a\u00f1o fue lo que nos propusimos, creo que vamos por buen camino. Que mejor que cerrar el a\u00f1o ganando la <strong>Copa Argentina,<\/strong> que para nosotros era un t\u00edtulo que quer\u00edamos conseguir para irnos despu\u00e9s a vacaciones\"<\/i>, agreg\u00f3 el futbolista.<\/span><\/p>\n<p class=\"x_ydp4927ee6cMsoNormal\" style=\"text-align: justify;\"><span style=\"font-family: helvetica, arial, sans-serif;\">El colombiano, que anot\u00f3 12 goles en 24 partidos durante el 2019, logr\u00f3 el t\u00edtulo en la Copa Argentina y fue finalista de <strong>Copa Libertadores.<\/strong><\/span><\/p>\n<\/div>\n","protected":false},"excerpt":{"rendered":"<p>El delantero barranquillero Rafael Santos Borre, quien cerr\u00f3 un gran a\u00f1o deportivo con River Plate de Argentina, asegur\u00f3 que uno de sus objetivos para el 2020 ser\u00e1 su participaci\u00f3n en la Copa Am\u00e9rica. \"Es un 2020 lindo, cargado de muchas cosas: el torneo local, la Selecci\u00f3n y la Copa Am\u00e9rica. Es un objetivo que tengo, [&hellip;]<\/p>\n","protected":false},"author":5,"featured_media":44283,"comment_status":"open","ping_status":"open","sticky":false,"template":"","format":"standard","meta":{"_acf_changed":false,"footnotes":""},"categories":[418],"tags":[588,84],"class_list":{"0":"post-45163","1":"post","2":"type-post","3":"status-publish","4":"format-standard","5":"has-post-thumbnail","7":"category-colombia","8":"tag-rafael-santos-borre","9":"tag-river-plate"},"acf":[],"yoast_head":"<!-- This site is optimized with the Yoast SEO plugin v26.8 - https:\/\/yoast.com\/product\/yoast-seo-wordpress\/ -->\n<title>La Copa Am\u00e9rica es mi objetivo del 2020: Santos Borr\u00e9 -<\/title>\n<meta name=\"robots\" content=\"index, follow, max-snippet:-1, max-image-preview:large, max-video-preview:-1\" \/>\n<link rel=\"canonical\" href=\"https:\/\/futbolhoy.co\/index.php\/2019\/12\/25\/la-copa-america-es-mi-objetivo-del-2020-santos-borre\/\" \/>\n<meta property=\"og:locale\" content=\"es_ES\" \/>\n<meta property=\"og:type\" content=\"article\" \/>\n<meta property=\"og:title\" content=\"La Copa Am\u00e9rica es mi objetivo del 2020: Santos Borr\u00e9 -\" \/>\n<meta property=\"og:description\" content=\"El delantero barranquillero Rafael Santos Borre, quien cerr\u00f3 un gran a\u00f1o deportivo con River Plate de Argentina, asegur\u00f3 que uno de sus objetivos para el 2020 ser\u00e1 su participaci\u00f3n en la Copa Am\u00e9rica. &quot;Es un 2020 lindo, cargado de muchas cosas: el torneo local, la Selecci\u00f3n y la Copa Am\u00e9rica. Es un objetivo que tengo, [&hellip;]\" \/>\n<meta property=\"og:url\" content=\"https:\/\/futbolhoy.co\/index.php\/2019\/12\/25\/la-copa-america-es-mi-objetivo-del-2020-santos-borre\/\" \/>\n<meta property=\"article:publisher\" content=\"https:\/\/www.facebook.com\/FutbolHoyCol\/\" \/>\n<meta property=\"article:published_time\" content=\"2019-12-25T15:25:00+00:00\" \/>\n<meta property=\"article:modified_time\" content=\"2019-12-26T13:26:54+00:00\" \/>\n<meta property=\"og:image\" content=\"https:\/\/futbolhoy.co\/wp-content\/uploads\/2019\/11\/EKFfcdHXsAILOTq.jpg\" \/>\n\t<meta property=\"og:image:width\" content=\"680\" \/>\n\t<meta property=\"og:image:height\" content=\"426\" \/>\n\t<meta property=\"og:image:type\" content=\"image\/jpeg\" \/>\n<meta name=\"author\" content=\"Laura Hern\u00e1ndez\" \/>\n<meta name=\"twitter:card\" content=\"summary_large_image\" \/>\n<meta name=\"twitter:creator\" content=\"@FutbolHoyCol\" \/>\n<meta name=\"twitter:site\" content=\"@FutbolHoyCol\" \/>\n<meta name=\"twitter:label1\" content=\"Escrito por\" \/>\n\t<meta name=\"twitter:data1\" content=\"Laura Hern\u00e1ndez\" \/>\n\t<meta name=\"twitter:label2\" content=\"Tiempo de lectura\" \/>\n\t<meta name=\"twitter:data2\" content=\"1 minuto\" \/>\n<script type=\"application\/ld+json\" class=\"yoast-schema-graph\">{\"@context\":\"https:\/\/schema.org\",\"@graph\":[{\"@type\":\"Article\",\"@id\":\"https:\/\/futbolhoy.co\/index.php\/2019\/12\/25\/la-copa-america-es-mi-objetivo-del-2020-santos-borre\/#article\",\"isPartOf\":{\"@id\":\"https:\/\/futbolhoy.co\/index.php\/2019\/12\/25\/la-copa-america-es-mi-objetivo-del-2020-santos-borre\/\"},\"author\":{\"name\":\"Laura Hern\u00e1ndez\",\"@id\":\"https:\/\/futbolhoy.co\/#\/schema\/person\/c4a353a512b127643723a34bb1812f7d\"},\"headline\":\"La Copa Am\u00e9rica es mi objetivo del 2020: Santos Borr\u00e9\",\"datePublished\":\"2019-12-25T15:25:00+00:00\",\"dateModified\":\"2019-12-26T13:26:54+00:00\",\"mainEntityOfPage\":{\"@id\":\"https:\/\/futbolhoy.co\/index.php\/2019\/12\/25\/la-copa-america-es-mi-objetivo-del-2020-santos-borre\/\"},\"wordCount\":182,\"commentCount\":0,\"publisher\":{\"@id\":\"https:\/\/futbolhoy.co\/#organization\"},\"image\":{\"@id\":\"https:\/\/futbolhoy.co\/index.php\/2019\/12\/25\/la-copa-america-es-mi-objetivo-del-2020-santos-borre\/#primaryimage\"},\"thumbnailUrl\":\"https:\/\/futbolhoy.co\/wp-content\/uploads\/2019\/11\/EKFfcdHXsAILOTq.jpg\",\"keywords\":[\"Rafael Santos Borr\u00e9\",\"River Plate\"],\"articleSection\":[\"Colombia\"],\"inLanguage\":\"es\",\"potentialAction\":[{\"@type\":\"CommentAction\",\"name\":\"Comment\",\"target\":[\"https:\/\/futbolhoy.co\/index.php\/2019\/12\/25\/la-copa-america-es-mi-objetivo-del-2020-santos-borre\/#respond\"]}]},{\"@type\":\"WebPage\",\"@id\":\"https:\/\/futbolhoy.co\/index.php\/2019\/12\/25\/la-copa-america-es-mi-objetivo-del-2020-santos-borre\/\",\"url\":\"https:\/\/futbolhoy.co\/index.php\/2019\/12\/25\/la-copa-america-es-mi-objetivo-del-2020-santos-borre\/\",\"name\":\"La Copa Am\u00e9rica es mi objetivo del 2020: Santos Borr\u00e9 -\",\"isPartOf\":{\"@id\":\"https:\/\/futbolhoy.co\/#website\"},\"primaryImageOfPage\":{\"@id\":\"https:\/\/futbolhoy.co\/index.php\/2019\/12\/25\/la-copa-america-es-mi-objetivo-del-2020-santos-borre\/#primaryimage\"},\"image\":{\"@id\":\"https:\/\/futbolhoy.co\/index.php\/2019\/12\/25\/la-copa-america-es-mi-objetivo-del-2020-santos-borre\/#primaryimage\"},\"thumbnailUrl\":\"https:\/\/futbolhoy.co\/wp-content\/uploads\/2019\/11\/EKFfcdHXsAILOTq.jpg\",\"datePublished\":\"2019-12-25T15:25:00+00:00\",\"dateModified\":\"2019-12-26T13:26:54+00:00\",\"breadcrumb\":{\"@id\":\"https:\/\/futbolhoy.co\/index.php\/2019\/12\/25\/la-copa-america-es-mi-objetivo-del-2020-santos-borre\/#breadcrumb\"},\"inLanguage\":\"es\",\"potentialAction\":[{\"@type\":\"ReadAction\",\"target\":[\"https:\/\/futbolhoy.co\/index.php\/2019\/12\/25\/la-copa-america-es-mi-objetivo-del-2020-santos-borre\/\"]}]},{\"@type\":\"ImageObject\",\"inLanguage\":\"es\",\"@id\":\"https:\/\/futbolhoy.co\/index.php\/2019\/12\/25\/la-copa-america-es-mi-objetivo-del-2020-santos-borre\/#primaryimage\",\"url\":\"https:\/\/futbolhoy.co\/wp-content\/uploads\/2019\/11\/EKFfcdHXsAILOTq.jpg\",\"contentUrl\":\"https:\/\/futbolhoy.co\/wp-content\/uploads\/2019\/11\/EKFfcdHXsAILOTq.jpg\",\"width\":680,\"height\":426,\"caption\":\"Twitter @RiverPlate\"},{\"@type\":\"BreadcrumbList\",\"@id\":\"https:\/\/futbolhoy.co\/index.php\/2019\/12\/25\/la-copa-america-es-mi-objetivo-del-2020-santos-borre\/#breadcrumb\",\"itemListElement\":[{\"@type\":\"ListItem\",\"position\":1,\"name\":\"Portada\",\"item\":\"https:\/\/futbolhoy.co\/\"},{\"@type\":\"ListItem\",\"position\":2,\"name\":\"La Copa Am\u00e9rica es mi objetivo del 2020: Santos Borr\u00e9\"}]},{\"@type\":\"WebSite\",\"@id\":\"https:\/\/futbolhoy.co\/#website\",\"url\":\"https:\/\/futbolhoy.co\/\",\"name\":\"FutbolHoy\",\"description\":\"\",\"publisher\":{\"@id\":\"https:\/\/futbolhoy.co\/#organization\"},\"potentialAction\":[{\"@type\":\"SearchAction\",\"target\":{\"@type\":\"EntryPoint\",\"urlTemplate\":\"https:\/\/futbolhoy.co\/?s={search_term_string}\"},\"query-input\":{\"@type\":\"PropertyValueSpecification\",\"valueRequired\":true,\"valueName\":\"search_term_string\"}}],\"inLanguage\":\"es\"},{\"@type\":\"Organization\",\"@id\":\"https:\/\/futbolhoy.co\/#organization\",\"name\":\"Futbolhoy.co\",\"url\":\"https:\/\/futbolhoy.co\/\",\"logo\":{\"@type\":\"ImageObject\",\"inLanguage\":\"es\",\"@id\":\"https:\/\/futbolhoy.co\/#\/schema\/logo\/image\/\",\"url\":\"https:\/\/futbolhoy.co\/wp-content\/uploads\/2018\/08\/17426380_1906371736249227_6326180412931521141_n.jpg\",\"contentUrl\":\"https:\/\/futbolhoy.co\/wp-content\/uploads\/2018\/08\/17426380_1906371736249227_6326180412931521141_n.jpg\",\"width\":960,\"height\":960,\"caption\":\"Futbolhoy.co\"},\"image\":{\"@id\":\"https:\/\/futbolhoy.co\/#\/schema\/logo\/image\/\"},\"sameAs\":[\"https:\/\/www.facebook.com\/FutbolHoyCol\/\",\"https:\/\/x.com\/FutbolHoyCol\",\"https:\/\/www.instagram.com\/futbolhoycol\/\"]},{\"@type\":\"Person\",\"@id\":\"https:\/\/futbolhoy.co\/#\/schema\/person\/c4a353a512b127643723a34bb1812f7d\",\"name\":\"Laura Hern\u00e1ndez\",\"image\":{\"@type\":\"ImageObject\",\"inLanguage\":\"es\",\"@id\":\"https:\/\/futbolhoy.co\/#\/schema\/person\/image\/\",\"url\":\"https:\/\/secure.gravatar.com\/avatar\/d25959a15b9b293a743f99181c7cfd01?s=96&d=mm&r=g\",\"contentUrl\":\"https:\/\/secure.gravatar.com\/avatar\/d25959a15b9b293a743f99181c7cfd01?s=96&d=mm&r=g\",\"caption\":\"Laura Hern\u00e1ndez\"}}]}<\/script>\n<!-- \/ Yoast SEO plugin. -->","yoast_head_json":{"title":"La Copa Am\u00e9rica es mi objetivo del 2020: Santos Borr\u00e9 -","robots":{"index":"index","follow":"follow","max-snippet":"max-snippet:-1","max-image-preview":"max-image-preview:large","max-video-preview":"max-video-preview:-1"},"canonical":"https:\/\/futbolhoy.co\/index.php\/2019\/12\/25\/la-copa-america-es-mi-objetivo-del-2020-santos-borre\/","og_locale":"es_ES","og_type":"article","og_title":"La Copa Am\u00e9rica es mi objetivo del 2020: Santos Borr\u00e9 -","og_description":"El delantero barranquillero Rafael Santos Borre, quien cerr\u00f3 un gran a\u00f1o deportivo con River Plate de Argentina, asegur\u00f3 que uno de sus objetivos para el 2020 ser\u00e1 su participaci\u00f3n en la Copa Am\u00e9rica. \"Es un 2020 lindo, cargado de muchas cosas: el torneo local, la Selecci\u00f3n y la Copa Am\u00e9rica. Es un objetivo que tengo, [&hellip;]","og_url":"https:\/\/futbolhoy.co\/index.php\/2019\/12\/25\/la-copa-america-es-mi-objetivo-del-2020-santos-borre\/","article_publisher":"https:\/\/www.facebook.com\/FutbolHoyCol\/","article_published_time":"2019-12-25T15:25:00+00:00","article_modified_time":"2019-12-26T13:26:54+00:00","og_image":[{"width":680,"height":426,"url":"https:\/\/futbolhoy.co\/wp-content\/uploads\/2019\/11\/EKFfcdHXsAILOTq.jpg","type":"image\/jpeg"}],"author":"Laura Hern\u00e1ndez","twitter_card":"summary_large_image","twitter_creator":"@FutbolHoyCol","twitter_site":"@FutbolHoyCol","twitter_misc":{"Escrito por":"Laura Hern\u00e1ndez","Tiempo de lectura":"1 minuto"},"schema":{"@context":"https:\/\/schema.org","@graph":[{"@type":"Article","@id":"https:\/\/futbolhoy.co\/index.php\/2019\/12\/25\/la-copa-america-es-mi-objetivo-del-2020-santos-borre\/#article","isPartOf":{"@id":"https:\/\/futbolhoy.co\/index.php\/2019\/12\/25\/la-copa-america-es-mi-objetivo-del-2020-santos-borre\/"},"author":{"name":"Laura Hern\u00e1ndez","@id":"https:\/\/futbolhoy.co\/#\/schema\/person\/c4a353a512b127643723a34bb1812f7d"},"headline":"La Copa Am\u00e9rica es mi objetivo del 2020: Santos Borr\u00e9","datePublished":"2019-12-25T15:25:00+00:00","dateModified":"2019-12-26T13:26:54+00:00","mainEntityOfPage":{"@id":"https:\/\/futbolhoy.co\/index.php\/2019\/12\/25\/la-copa-america-es-mi-objetivo-del-2020-santos-borre\/"},"wordCount":182,"commentCount":0,"publisher":{"@id":"https:\/\/futbolhoy.co\/#organization"},"image":{"@id":"https:\/\/futbolhoy.co\/index.php\/2019\/12\/25\/la-copa-america-es-mi-objetivo-del-2020-santos-borre\/#primaryimage"},"thumbnailUrl":"https:\/\/futbolhoy.co\/wp-content\/uploads\/2019\/11\/EKFfcdHXsAILOTq.jpg","keywords":["Rafael Santos Borr\u00e9","River Plate"],"articleSection":["Colombia"],"inLanguage":"es","potentialAction":[{"@type":"CommentAction","name":"Comment","target":["https:\/\/futbolhoy.co\/index.php\/2019\/12\/25\/la-copa-america-es-mi-objetivo-del-2020-santos-borre\/#respond"]}]},{"@type":"WebPage","@id":"https:\/\/futbolhoy.co\/index.php\/2019\/12\/25\/la-copa-america-es-mi-objetivo-del-2020-santos-borre\/","url":"https:\/\/futbolhoy.co\/index.php\/2019\/12\/25\/la-copa-america-es-mi-objetivo-del-2020-santos-borre\/","name":"La Copa Am\u00e9rica es mi objetivo del 2020: Santos Borr\u00e9 -","isPartOf":{"@id":"https:\/\/futbolhoy.co\/#website"},"primaryImageOfPage":{"@id":"https:\/\/futbolhoy.co\/index.php\/2019\/12\/25\/la-copa-america-es-mi-objetivo-del-2020-santos-borre\/#primaryimage"},"image":{"@id":"https:\/\/futbolhoy.co\/index.php\/2019\/12\/25\/la-copa-america-es-mi-objetivo-del-2020-santos-borre\/#primaryimage"},"thumbnailUrl":"https:\/\/futbolhoy.co\/wp-content\/uploads\/2019\/11\/EKFfcdHXsAILOTq.jpg","datePublished":"2019-12-25T15:25:00+00:00","dateModified":"2019-12-26T13:26:54+00:00","breadcrumb":{"@id":"https:\/\/futbolhoy.co\/index.php\/2019\/12\/25\/la-copa-america-es-mi-objetivo-del-2020-santos-borre\/#breadcrumb"},"inLanguage":"es","potentialAction":[{"@type":"ReadAction","target":["https:\/\/futbolhoy.co\/index.php\/2019\/12\/25\/la-copa-america-es-mi-objetivo-del-2020-santos-borre\/"]}]},{"@type":"ImageObject","inLanguage":"es","@id":"https:\/\/futbolhoy.co\/index.php\/2019\/12\/25\/la-copa-america-es-mi-objetivo-del-2020-santos-borre\/#primaryimage","url":"https:\/\/futbolhoy.co\/wp-content\/uploads\/2019\/11\/EKFfcdHXsAILOTq.jpg","contentUrl":"https:\/\/futbolhoy.co\/wp-content\/uploads\/2019\/11\/EKFfcdHXsAILOTq.jpg","width":680,"height":426,"caption":"Twitter @RiverPlate"},{"@type":"BreadcrumbList","@id":"https:\/\/futbolhoy.co\/index.php\/2019\/12\/25\/la-copa-america-es-mi-objetivo-del-2020-santos-borre\/#breadcrumb","itemListElement":[{"@type":"ListItem","position":1,"name":"Portada","item":"https:\/\/futbolhoy.co\/"},{"@type":"ListItem","position":2,"name":"La Copa Am\u00e9rica es mi objetivo del 2020: Santos Borr\u00e9"}]},{"@type":"WebSite","@id":"https:\/\/futbolhoy.co\/#website","url":"https:\/\/futbolhoy.co\/","name":"FutbolHoy","description":"","publisher":{"@id":"https:\/\/futbolhoy.co\/#organization"},"potentialAction":[{"@type":"SearchAction","target":{"@type":"EntryPoint","urlTemplate":"https:\/\/futbolhoy.co\/?s={search_term_string}"},"query-input":{"@type":"PropertyValueSpecification","valueRequired":true,"valueName":"search_term_string"}}],"inLanguage":"es"},{"@type":"Organization","@id":"https:\/\/futbolhoy.co\/#organization","name":"Futbolhoy.co","url":"https:\/\/futbolhoy.co\/","logo":{"@type":"ImageObject","inLanguage":"es","@id":"https:\/\/futbolhoy.co\/#\/schema\/logo\/image\/","url":"https:\/\/futbolhoy.co\/wp-content\/uploads\/2018\/08\/17426380_1906371736249227_6326180412931521141_n.jpg","contentUrl":"https:\/\/futbolhoy.co\/wp-content\/uploads\/2018\/08\/17426380_1906371736249227_6326180412931521141_n.jpg","width":960,"height":960,"caption":"Futbolhoy.co"},"image":{"@id":"https:\/\/futbolhoy.co\/#\/schema\/logo\/image\/"},"sameAs":["https:\/\/www.facebook.com\/FutbolHoyCol\/","https:\/\/x.com\/FutbolHoyCol","https:\/\/www.instagram.com\/futbolhoycol\/"]},{"@type":"Person","@id":"https:\/\/futbolhoy.co\/#\/schema\/person\/c4a353a512b127643723a34bb1812f7d","name":"Laura Hern\u00e1ndez","image":{"@type":"ImageObject","inLanguage":"es","@id":"https:\/\/futbolhoy.co\/#\/schema\/person\/image\/","url":"https:\/\/secure.gravatar.com\/avatar\/d25959a15b9b293a743f99181c7cfd01?s=96&d=mm&r=g","contentUrl":"https:\/\/secure.gravatar.com\/avatar\/d25959a15b9b293a743f99181c7cfd01?s=96&d=mm&r=g","caption":"Laura Hern\u00e1ndez"}}]}},"publishpress_future_action":{"enabled":false,"date":"2026-05-01 23:31:04","action":"change-status","newStatus":"draft","terms":[],"taxonomy":"category","extraData":[]},"publishpress_future_workflow_manual_trigger":{"enabledWorkflows":[]},"_links":{"self":[{"href":"https:\/\/futbolhoy.co\/index.php\/wp-json\/wp\/v2\/posts\/45163","targetHints":{"allow":["GET"]}}],"collection":[{"href":"https:\/\/futbolhoy.co\/index.php\/wp-json\/wp\/v2\/posts"}],"about":[{"href":"https:\/\/futbolhoy.co\/index.php\/wp-json\/wp\/v2\/types\/post"}],"author":[{"embeddable":true,"href":"https:\/\/futbolhoy.co\/index.php\/wp-json\/wp\/v2\/users\/5"}],"replies":[{"embeddable":true,"href":"https:\/\/futbolhoy.co\/index.php\/wp-json\/wp\/v2\/comments?post=45163"}],"version-history":[{"count":1,"href":"https:\/\/futbolhoy.co\/index.php\/wp-json\/wp\/v2\/posts\/45163\/revisions"}],"predecessor-version":[{"id":45164,"href":"https:\/\/futbolhoy.co\/index.php\/wp-json\/wp\/v2\/posts\/45163\/revisions\/45164"}],"wp:featuredmedia":[{"embeddable":true,"href":"https:\/\/futbolhoy.co\/index.php\/wp-json\/wp\/v2\/media\/44283"}],"wp:attachment":[{"href":"https:\/\/futbolhoy.co\/index.php\/wp-json\/wp\/v2\/media?parent=45163"}],"wp:term":[{"taxonomy":"category","embeddable":true,"href":"https:\/\/futbolhoy.co\/index.php\/wp-json\/wp\/v2\/categories?post=45163"},{"taxonomy":"post_tag","embeddable":true,"href":"https:\/\/futbolhoy.co\/index.php\/wp-json\/wp\/v2\/tags?post=45163"}],"curies":[{"name":"wp","href":"https:\/\/api.w.org\/{rel}","templated":true}]}}