{"id":45165,"date":"2019-12-25T15:00:22","date_gmt":"2019-12-25T20:00:22","guid":{"rendered":"https:\/\/futbolhoy.co\/?p=45165"},"modified":"2019-12-26T08:43:56","modified_gmt":"2019-12-26T13:43:56","slug":"morelos-en-el-once-ideal-de-rangers","status":"publish","type":"post","link":"https:\/\/futbolhoy.co\/index.php\/2019\/12\/25\/morelos-en-el-once-ideal-de-rangers\/","title":{"rendered":"Morelos, en el Once Ideal de Rangers"},"content":{"rendered":"<p style=\"text-align: justify;\"><span style=\"font-family: helvetica, arial, sans-serif;\">El goleador cordob\u00e9s <strong>Alfredo Morelos<\/strong> fue incluido en el \u2018Once Ideal\u2019 de la d\u00e9cada del <strong>Rangers,<\/strong> que elabor\u00f3 el diario escoc\u00e9s 'Daily Record'.<\/span><\/p>\n<p style=\"text-align: justify;\"><span style=\"font-family: helvetica, arial, sans-serif;\">\"Podr\u00eda decirse que lo m\u00e1s sorprendente de Alfredo Morelos es la forma en que mejora cada temporada y ha sido una figura mucho m\u00e1s confiable esta temporada. El colombiano no es solo un cazador furtivo\", escribi\u00f3 el medio.<\/span><\/p>\n<p style=\"text-align: justify;\"><span style=\"font-family: helvetica, arial, sans-serif;\">En este periodo, el colombiano lleva 75 goles marcados en 124 partidos disputados, lo que le da un promedio de 0.61 por juegos.<\/span><\/p>\n<p style=\"text-align: justify;\"><span style=\"font-family: helvetica, arial, sans-serif;\">En la presente temporada, <strong>Morelos<\/strong> se convirti\u00f3 en el primer jugador en anotar 14 goles antes de Navidad en un torneo de la <strong>UEFA<\/strong> y ascendi\u00f3 a la segunda posici\u00f3n de los goleadores hist\u00f3ricos de su equipo en torneos internacionales.<\/span><\/p>\n<p style=\"text-align: justify;\"><span style=\"font-family: helvetica, arial, sans-serif;\">El once ideal lo integran:<\/span><\/p>\n<div style=\"text-align: justify;\"><span style=\"font-family: helvetica, arial, sans-serif;\">Allan McGregor; James Tavernier, David Weir, Madjid Bougherra, Lee Wallace; Steven Naismith, Ryan Jack, Steven Davis, Ryan Kent; Alfredo Morelos y Nikica Jelavic.<\/span><\/div>\n","protected":false},"excerpt":{"rendered":"<p>El goleador cordob\u00e9s Alfredo Morelos fue incluido en el \u2018Once Ideal\u2019 de la d\u00e9cada del Rangers, que elabor\u00f3 el diario escoc\u00e9s 'Daily Record'. \"Podr\u00eda decirse que lo m\u00e1s sorprendente de Alfredo Morelos es la forma en que mejora cada temporada y ha sido una figura mucho m\u00e1s confiable esta temporada. El colombiano no es solo [&hellip;]<\/p>\n","protected":false},"author":5,"featured_media":45170,"comment_status":"open","ping_status":"open","sticky":false,"template":"","format":"standard","meta":{"_acf_changed":false,"footnotes":""},"categories":[418],"tags":[],"class_list":{"0":"post-45165","1":"post","2":"type-post","3":"status-publish","4":"format-standard","5":"has-post-thumbnail","7":"category-colombia"},"acf":[],"yoast_head":"<!-- This site is optimized with the Yoast SEO plugin v26.8 - https:\/\/yoast.com\/product\/yoast-seo-wordpress\/ -->\n<title>Morelos, en el Once Ideal de Rangers -<\/title>\n<meta name=\"robots\" content=\"index, follow, max-snippet:-1, max-image-preview:large, max-video-preview:-1\" \/>\n<link rel=\"canonical\" href=\"https:\/\/futbolhoy.co\/index.php\/2019\/12\/25\/morelos-en-el-once-ideal-de-rangers\/\" \/>\n<meta property=\"og:locale\" content=\"es_ES\" \/>\n<meta property=\"og:type\" content=\"article\" \/>\n<meta property=\"og:title\" content=\"Morelos, en el Once Ideal de Rangers -\" \/>\n<meta property=\"og:description\" content=\"El goleador cordob\u00e9s Alfredo Morelos fue incluido en el \u2018Once Ideal\u2019 de la d\u00e9cada del Rangers, que elabor\u00f3 el diario escoc\u00e9s &#039;Daily Record&#039;. &quot;Podr\u00eda decirse que lo m\u00e1s sorprendente de Alfredo Morelos es la forma en que mejora cada temporada y ha sido una figura mucho m\u00e1s confiable esta temporada. El colombiano no es solo [&hellip;]\" \/>\n<meta property=\"og:url\" content=\"https:\/\/futbolhoy.co\/index.php\/2019\/12\/25\/morelos-en-el-once-ideal-de-rangers\/\" \/>\n<meta property=\"article:publisher\" content=\"https:\/\/www.facebook.com\/FutbolHoyCol\/\" \/>\n<meta property=\"article:published_time\" content=\"2019-12-25T20:00:22+00:00\" \/>\n<meta property=\"article:modified_time\" content=\"2019-12-26T13:43:56+00:00\" \/>\n<meta property=\"og:image\" content=\"https:\/\/futbolhoy.co\/wp-content\/uploads\/2019\/12\/IMG_20191225_152032.jpg\" \/>\n\t<meta property=\"og:image:width\" content=\"990\" \/>\n\t<meta property=\"og:image:height\" content=\"660\" \/>\n\t<meta property=\"og:image:type\" content=\"image\/jpeg\" \/>\n<meta name=\"author\" content=\"Laura Hern\u00e1ndez\" \/>\n<meta name=\"twitter:card\" content=\"summary_large_image\" \/>\n<meta name=\"twitter:creator\" content=\"@FutbolHoyCol\" \/>\n<meta name=\"twitter:site\" content=\"@FutbolHoyCol\" \/>\n<meta name=\"twitter:label1\" content=\"Escrito por\" \/>\n\t<meta name=\"twitter:data1\" content=\"Laura Hern\u00e1ndez\" \/>\n\t<meta name=\"twitter:label2\" content=\"Tiempo de lectura\" \/>\n\t<meta name=\"twitter:data2\" content=\"1 minuto\" \/>\n<script type=\"application\/ld+json\" class=\"yoast-schema-graph\">{\"@context\":\"https:\/\/schema.org\",\"@graph\":[{\"@type\":\"Article\",\"@id\":\"https:\/\/futbolhoy.co\/index.php\/2019\/12\/25\/morelos-en-el-once-ideal-de-rangers\/#article\",\"isPartOf\":{\"@id\":\"https:\/\/futbolhoy.co\/index.php\/2019\/12\/25\/morelos-en-el-once-ideal-de-rangers\/\"},\"author\":{\"name\":\"Laura Hern\u00e1ndez\",\"@id\":\"https:\/\/futbolhoy.co\/#\/schema\/person\/c4a353a512b127643723a34bb1812f7d\"},\"headline\":\"Morelos, en el Once Ideal de Rangers\",\"datePublished\":\"2019-12-25T20:00:22+00:00\",\"dateModified\":\"2019-12-26T13:43:56+00:00\",\"mainEntityOfPage\":{\"@id\":\"https:\/\/futbolhoy.co\/index.php\/2019\/12\/25\/morelos-en-el-once-ideal-de-rangers\/\"},\"wordCount\":163,\"commentCount\":0,\"publisher\":{\"@id\":\"https:\/\/futbolhoy.co\/#organization\"},\"image\":{\"@id\":\"https:\/\/futbolhoy.co\/index.php\/2019\/12\/25\/morelos-en-el-once-ideal-de-rangers\/#primaryimage\"},\"thumbnailUrl\":\"https:\/\/futbolhoy.co\/wp-content\/uploads\/2019\/12\/IMG_20191225_152032.jpg\",\"articleSection\":[\"Colombia\"],\"inLanguage\":\"es\",\"potentialAction\":[{\"@type\":\"CommentAction\",\"name\":\"Comment\",\"target\":[\"https:\/\/futbolhoy.co\/index.php\/2019\/12\/25\/morelos-en-el-once-ideal-de-rangers\/#respond\"]}]},{\"@type\":\"WebPage\",\"@id\":\"https:\/\/futbolhoy.co\/index.php\/2019\/12\/25\/morelos-en-el-once-ideal-de-rangers\/\",\"url\":\"https:\/\/futbolhoy.co\/index.php\/2019\/12\/25\/morelos-en-el-once-ideal-de-rangers\/\",\"name\":\"Morelos, en el Once Ideal de Rangers -\",\"isPartOf\":{\"@id\":\"https:\/\/futbolhoy.co\/#website\"},\"primaryImageOfPage\":{\"@id\":\"https:\/\/futbolhoy.co\/index.php\/2019\/12\/25\/morelos-en-el-once-ideal-de-rangers\/#primaryimage\"},\"image\":{\"@id\":\"https:\/\/futbolhoy.co\/index.php\/2019\/12\/25\/morelos-en-el-once-ideal-de-rangers\/#primaryimage\"},\"thumbnailUrl\":\"https:\/\/futbolhoy.co\/wp-content\/uploads\/2019\/12\/IMG_20191225_152032.jpg\",\"datePublished\":\"2019-12-25T20:00:22+00:00\",\"dateModified\":\"2019-12-26T13:43:56+00:00\",\"breadcrumb\":{\"@id\":\"https:\/\/futbolhoy.co\/index.php\/2019\/12\/25\/morelos-en-el-once-ideal-de-rangers\/#breadcrumb\"},\"inLanguage\":\"es\",\"potentialAction\":[{\"@type\":\"ReadAction\",\"target\":[\"https:\/\/futbolhoy.co\/index.php\/2019\/12\/25\/morelos-en-el-once-ideal-de-rangers\/\"]}]},{\"@type\":\"ImageObject\",\"inLanguage\":\"es\",\"@id\":\"https:\/\/futbolhoy.co\/index.php\/2019\/12\/25\/morelos-en-el-once-ideal-de-rangers\/#primaryimage\",\"url\":\"https:\/\/futbolhoy.co\/wp-content\/uploads\/2019\/12\/IMG_20191225_152032.jpg\",\"contentUrl\":\"https:\/\/futbolhoy.co\/wp-content\/uploads\/2019\/12\/IMG_20191225_152032.jpg\",\"width\":990,\"height\":660},{\"@type\":\"BreadcrumbList\",\"@id\":\"https:\/\/futbolhoy.co\/index.php\/2019\/12\/25\/morelos-en-el-once-ideal-de-rangers\/#breadcrumb\",\"itemListElement\":[{\"@type\":\"ListItem\",\"position\":1,\"name\":\"Portada\",\"item\":\"https:\/\/futbolhoy.co\/\"},{\"@type\":\"ListItem\",\"position\":2,\"name\":\"Morelos, en el Once Ideal de Rangers\"}]},{\"@type\":\"WebSite\",\"@id\":\"https:\/\/futbolhoy.co\/#website\",\"url\":\"https:\/\/futbolhoy.co\/\",\"name\":\"FutbolHoy\",\"description\":\"\",\"publisher\":{\"@id\":\"https:\/\/futbolhoy.co\/#organization\"},\"potentialAction\":[{\"@type\":\"SearchAction\",\"target\":{\"@type\":\"EntryPoint\",\"urlTemplate\":\"https:\/\/futbolhoy.co\/?s={search_term_string}\"},\"query-input\":{\"@type\":\"PropertyValueSpecification\",\"valueRequired\":true,\"valueName\":\"search_term_string\"}}],\"inLanguage\":\"es\"},{\"@type\":\"Organization\",\"@id\":\"https:\/\/futbolhoy.co\/#organization\",\"name\":\"Futbolhoy.co\",\"url\":\"https:\/\/futbolhoy.co\/\",\"logo\":{\"@type\":\"ImageObject\",\"inLanguage\":\"es\",\"@id\":\"https:\/\/futbolhoy.co\/#\/schema\/logo\/image\/\",\"url\":\"https:\/\/futbolhoy.co\/wp-content\/uploads\/2018\/08\/17426380_1906371736249227_6326180412931521141_n.jpg\",\"contentUrl\":\"https:\/\/futbolhoy.co\/wp-content\/uploads\/2018\/08\/17426380_1906371736249227_6326180412931521141_n.jpg\",\"width\":960,\"height\":960,\"caption\":\"Futbolhoy.co\"},\"image\":{\"@id\":\"https:\/\/futbolhoy.co\/#\/schema\/logo\/image\/\"},\"sameAs\":[\"https:\/\/www.facebook.com\/FutbolHoyCol\/\",\"https:\/\/x.com\/FutbolHoyCol\",\"https:\/\/www.instagram.com\/futbolhoycol\/\"]},{\"@type\":\"Person\",\"@id\":\"https:\/\/futbolhoy.co\/#\/schema\/person\/c4a353a512b127643723a34bb1812f7d\",\"name\":\"Laura Hern\u00e1ndez\",\"image\":{\"@type\":\"ImageObject\",\"inLanguage\":\"es\",\"@id\":\"https:\/\/futbolhoy.co\/#\/schema\/person\/image\/\",\"url\":\"https:\/\/secure.gravatar.com\/avatar\/d25959a15b9b293a743f99181c7cfd01?s=96&d=mm&r=g\",\"contentUrl\":\"https:\/\/secure.gravatar.com\/avatar\/d25959a15b9b293a743f99181c7cfd01?s=96&d=mm&r=g\",\"caption\":\"Laura Hern\u00e1ndez\"}}]}<\/script>\n<!-- \/ Yoast SEO plugin. -->","yoast_head_json":{"title":"Morelos, en el Once Ideal de Rangers -","robots":{"index":"index","follow":"follow","max-snippet":"max-snippet:-1","max-image-preview":"max-image-preview:large","max-video-preview":"max-video-preview:-1"},"canonical":"https:\/\/futbolhoy.co\/index.php\/2019\/12\/25\/morelos-en-el-once-ideal-de-rangers\/","og_locale":"es_ES","og_type":"article","og_title":"Morelos, en el Once Ideal de Rangers -","og_description":"El goleador cordob\u00e9s Alfredo Morelos fue incluido en el \u2018Once Ideal\u2019 de la d\u00e9cada del Rangers, que elabor\u00f3 el diario escoc\u00e9s 'Daily Record'. \"Podr\u00eda decirse que lo m\u00e1s sorprendente de Alfredo Morelos es la forma en que mejora cada temporada y ha sido una figura mucho m\u00e1s confiable esta temporada. El colombiano no es solo [&hellip;]","og_url":"https:\/\/futbolhoy.co\/index.php\/2019\/12\/25\/morelos-en-el-once-ideal-de-rangers\/","article_publisher":"https:\/\/www.facebook.com\/FutbolHoyCol\/","article_published_time":"2019-12-25T20:00:22+00:00","article_modified_time":"2019-12-26T13:43:56+00:00","og_image":[{"width":990,"height":660,"url":"https:\/\/futbolhoy.co\/wp-content\/uploads\/2019\/12\/IMG_20191225_152032.jpg","type":"image\/jpeg"}],"author":"Laura Hern\u00e1ndez","twitter_card":"summary_large_image","twitter_creator":"@FutbolHoyCol","twitter_site":"@FutbolHoyCol","twitter_misc":{"Escrito por":"Laura Hern\u00e1ndez","Tiempo de lectura":"1 minuto"},"schema":{"@context":"https:\/\/schema.org","@graph":[{"@type":"Article","@id":"https:\/\/futbolhoy.co\/index.php\/2019\/12\/25\/morelos-en-el-once-ideal-de-rangers\/#article","isPartOf":{"@id":"https:\/\/futbolhoy.co\/index.php\/2019\/12\/25\/morelos-en-el-once-ideal-de-rangers\/"},"author":{"name":"Laura Hern\u00e1ndez","@id":"https:\/\/futbolhoy.co\/#\/schema\/person\/c4a353a512b127643723a34bb1812f7d"},"headline":"Morelos, en el Once Ideal de Rangers","datePublished":"2019-12-25T20:00:22+00:00","dateModified":"2019-12-26T13:43:56+00:00","mainEntityOfPage":{"@id":"https:\/\/futbolhoy.co\/index.php\/2019\/12\/25\/morelos-en-el-once-ideal-de-rangers\/"},"wordCount":163,"commentCount":0,"publisher":{"@id":"https:\/\/futbolhoy.co\/#organization"},"image":{"@id":"https:\/\/futbolhoy.co\/index.php\/2019\/12\/25\/morelos-en-el-once-ideal-de-rangers\/#primaryimage"},"thumbnailUrl":"https:\/\/futbolhoy.co\/wp-content\/uploads\/2019\/12\/IMG_20191225_152032.jpg","articleSection":["Colombia"],"inLanguage":"es","potentialAction":[{"@type":"CommentAction","name":"Comment","target":["https:\/\/futbolhoy.co\/index.php\/2019\/12\/25\/morelos-en-el-once-ideal-de-rangers\/#respond"]}]},{"@type":"WebPage","@id":"https:\/\/futbolhoy.co\/index.php\/2019\/12\/25\/morelos-en-el-once-ideal-de-rangers\/","url":"https:\/\/futbolhoy.co\/index.php\/2019\/12\/25\/morelos-en-el-once-ideal-de-rangers\/","name":"Morelos, en el Once Ideal de Rangers -","isPartOf":{"@id":"https:\/\/futbolhoy.co\/#website"},"primaryImageOfPage":{"@id":"https:\/\/futbolhoy.co\/index.php\/2019\/12\/25\/morelos-en-el-once-ideal-de-rangers\/#primaryimage"},"image":{"@id":"https:\/\/futbolhoy.co\/index.php\/2019\/12\/25\/morelos-en-el-once-ideal-de-rangers\/#primaryimage"},"thumbnailUrl":"https:\/\/futbolhoy.co\/wp-content\/uploads\/2019\/12\/IMG_20191225_152032.jpg","datePublished":"2019-12-25T20:00:22+00:00","dateModified":"2019-12-26T13:43:56+00:00","breadcrumb":{"@id":"https:\/\/futbolhoy.co\/index.php\/2019\/12\/25\/morelos-en-el-once-ideal-de-rangers\/#breadcrumb"},"inLanguage":"es","potentialAction":[{"@type":"ReadAction","target":["https:\/\/futbolhoy.co\/index.php\/2019\/12\/25\/morelos-en-el-once-ideal-de-rangers\/"]}]},{"@type":"ImageObject","inLanguage":"es","@id":"https:\/\/futbolhoy.co\/index.php\/2019\/12\/25\/morelos-en-el-once-ideal-de-rangers\/#primaryimage","url":"https:\/\/futbolhoy.co\/wp-content\/uploads\/2019\/12\/IMG_20191225_152032.jpg","contentUrl":"https:\/\/futbolhoy.co\/wp-content\/uploads\/2019\/12\/IMG_20191225_152032.jpg","width":990,"height":660},{"@type":"BreadcrumbList","@id":"https:\/\/futbolhoy.co\/index.php\/2019\/12\/25\/morelos-en-el-once-ideal-de-rangers\/#breadcrumb","itemListElement":[{"@type":"ListItem","position":1,"name":"Portada","item":"https:\/\/futbolhoy.co\/"},{"@type":"ListItem","position":2,"name":"Morelos, en el Once Ideal de Rangers"}]},{"@type":"WebSite","@id":"https:\/\/futbolhoy.co\/#website","url":"https:\/\/futbolhoy.co\/","name":"FutbolHoy","description":"","publisher":{"@id":"https:\/\/futbolhoy.co\/#organization"},"potentialAction":[{"@type":"SearchAction","target":{"@type":"EntryPoint","urlTemplate":"https:\/\/futbolhoy.co\/?s={search_term_string}"},"query-input":{"@type":"PropertyValueSpecification","valueRequired":true,"valueName":"search_term_string"}}],"inLanguage":"es"},{"@type":"Organization","@id":"https:\/\/futbolhoy.co\/#organization","name":"Futbolhoy.co","url":"https:\/\/futbolhoy.co\/","logo":{"@type":"ImageObject","inLanguage":"es","@id":"https:\/\/futbolhoy.co\/#\/schema\/logo\/image\/","url":"https:\/\/futbolhoy.co\/wp-content\/uploads\/2018\/08\/17426380_1906371736249227_6326180412931521141_n.jpg","contentUrl":"https:\/\/futbolhoy.co\/wp-content\/uploads\/2018\/08\/17426380_1906371736249227_6326180412931521141_n.jpg","width":960,"height":960,"caption":"Futbolhoy.co"},"image":{"@id":"https:\/\/futbolhoy.co\/#\/schema\/logo\/image\/"},"sameAs":["https:\/\/www.facebook.com\/FutbolHoyCol\/","https:\/\/x.com\/FutbolHoyCol","https:\/\/www.instagram.com\/futbolhoycol\/"]},{"@type":"Person","@id":"https:\/\/futbolhoy.co\/#\/schema\/person\/c4a353a512b127643723a34bb1812f7d","name":"Laura Hern\u00e1ndez","image":{"@type":"ImageObject","inLanguage":"es","@id":"https:\/\/futbolhoy.co\/#\/schema\/person\/image\/","url":"https:\/\/secure.gravatar.com\/avatar\/d25959a15b9b293a743f99181c7cfd01?s=96&d=mm&r=g","contentUrl":"https:\/\/secure.gravatar.com\/avatar\/d25959a15b9b293a743f99181c7cfd01?s=96&d=mm&r=g","caption":"Laura Hern\u00e1ndez"}}]}},"publishpress_future_action":{"enabled":false,"date":"2026-05-02 01:40:54","action":"change-status","newStatus":"draft","terms":[],"taxonomy":"category","extraData":[]},"publishpress_future_workflow_manual_trigger":{"enabledWorkflows":[]},"_links":{"self":[{"href":"https:\/\/futbolhoy.co\/index.php\/wp-json\/wp\/v2\/posts\/45165","targetHints":{"allow":["GET"]}}],"collection":[{"href":"https:\/\/futbolhoy.co\/index.php\/wp-json\/wp\/v2\/posts"}],"about":[{"href":"https:\/\/futbolhoy.co\/index.php\/wp-json\/wp\/v2\/types\/post"}],"author":[{"embeddable":true,"href":"https:\/\/futbolhoy.co\/index.php\/wp-json\/wp\/v2\/users\/5"}],"replies":[{"embeddable":true,"href":"https:\/\/futbolhoy.co\/index.php\/wp-json\/wp\/v2\/comments?post=45165"}],"version-history":[{"count":3,"href":"https:\/\/futbolhoy.co\/index.php\/wp-json\/wp\/v2\/posts\/45165\/revisions"}],"predecessor-version":[{"id":45181,"href":"https:\/\/futbolhoy.co\/index.php\/wp-json\/wp\/v2\/posts\/45165\/revisions\/45181"}],"wp:featuredmedia":[{"embeddable":true,"href":"https:\/\/futbolhoy.co\/index.php\/wp-json\/wp\/v2\/media\/45170"}],"wp:attachment":[{"href":"https:\/\/futbolhoy.co\/index.php\/wp-json\/wp\/v2\/media?parent=45165"}],"wp:term":[{"taxonomy":"category","embeddable":true,"href":"https:\/\/futbolhoy.co\/index.php\/wp-json\/wp\/v2\/categories?post=45165"},{"taxonomy":"post_tag","embeddable":true,"href":"https:\/\/futbolhoy.co\/index.php\/wp-json\/wp\/v2\/tags?post=45165"}],"curies":[{"name":"wp","href":"https:\/\/api.w.org\/{rel}","templated":true}]}}