{"id":45226,"date":"2019-12-27T18:53:55","date_gmt":"2019-12-27T23:53:55","guid":{"rendered":"https:\/\/futbolhoy.co\/?p=45226"},"modified":"2019-12-28T14:26:00","modified_gmt":"2019-12-28T19:26:00","slug":"lista-la-convocatoria-de-la-seleccion-colombia-para-el-preolimpico","status":"publish","type":"post","link":"https:\/\/futbolhoy.co\/index.php\/2019\/12\/27\/lista-la-convocatoria-de-la-seleccion-colombia-para-el-preolimpico\/","title":{"rendered":"Lista la convocatoria de la Selecci\u00f3n Colombia para el preol\u00edmpico"},"content":{"rendered":"<p style=\"text-align: justify;\"><span style=\"font-family: helvetica, arial, sans-serif;\">Ocho jugadores que militan en el exterior hacen parte de la convocatoria sub 23 del Dt<strong> Arturo Reyes,<\/strong> para el torneo <strong>preol\u00edmpico<\/strong> que dar\u00e1 inicio el 18 de Enero.<\/span><\/p>\n<p style=\"text-align: justify;\"><span style=\"font-family: helvetica, arial, sans-serif;\">Los jugadores iniciar\u00e1n trabajos el 2 de enero en Barranquilla y se trasladar\u00e1n a Pereira el 14 del mismo mes, para dar inicio a la competencia.<\/span><\/p>\n<p style=\"text-align: justify;\"><span style=\"font-family: helvetica, arial, sans-serif;\">Listado de convocados\u00a0<\/span><\/p>\n<p style=\"text-align: justify;\"><strong><span style=\"font-family: helvetica, arial, sans-serif;\">Arqueros<\/span><\/strong><\/p>\n<ul>\n<li style=\"text-align: justify;\"><span style=\"font-family: helvetica, arial, sans-serif;\">Kevin Mier (Santa Fe)<\/span><\/li>\n<li style=\"text-align: justify;\"><span style=\"font-family: helvetica, arial, sans-serif;\">Sebast\u00edan Guerra Navarro (Nacional)<\/span><\/li>\n<li style=\"text-align: justify;\"><span style=\"font-family: helvetica, arial, sans-serif;\">Esteban Ru\u00edz (Medell\u00edn)<\/span><\/li>\n<\/ul>\n<p style=\"text-align: justify;\"><strong><span style=\"font-family: helvetica, arial, sans-serif;\">Defensas<\/span><\/strong><\/p>\n<ul>\n<li style=\"text-align: justify;\"><span style=\"font-family: helvetica, arial, sans-serif;\">Willer Ditta (Junior)<\/span><\/li>\n<li style=\"text-align: justify;\"><span style=\"font-family: helvetica, arial, sans-serif;\">Gabriel Fuentes (Junior)<\/span><\/li>\n<li style=\"text-align: justify;\"><span style=\"font-family: helvetica, arial, sans-serif;\">Carlos Ter\u00e1n D\u00edaz (Envigado)<\/span><\/li>\n<li style=\"text-align: justify;\"><span style=\"font-family: helvetica, arial, sans-serif;\">Andr\u00e9s Felipe Reyes (Nacional)<\/span><\/li>\n<li style=\"text-align: justify;\"><span style=\"font-family: helvetica, arial, sans-serif;\">\u00c1lvaro Angulo Mosquera (Rionegro \u00c1guilas)<\/span><\/li>\n<li style=\"text-align: justify;\"><span style=\"font-family: helvetica, arial, sans-serif;\">Eddie Segura (Los \u00c1ngeles Fc)<\/span><\/li>\n<li style=\"text-align: justify;\"><span style=\"font-family: helvetica, arial, sans-serif;\">Anderson Arroyo (Mlada Boleslav)<\/span><\/li>\n<\/ul>\n<p style=\"text-align: justify;\"><strong><span style=\"font-family: helvetica, arial, sans-serif;\">Volantes<\/span><\/strong><\/p>\n<ul>\n<li style=\"text-align: justify;\"><span style=\"font-family: helvetica, arial, sans-serif;\">Andr\u00e9s Balanta (Cali)<\/span><\/li>\n<li style=\"text-align: justify;\"><span style=\"font-family: helvetica, arial, sans-serif;\">Edwin Herrera (Santa Fe)<\/span><\/li>\n<li style=\"text-align: justify;\"><span style=\"font-family: helvetica, arial, sans-serif;\">Juan Pablo Ram\u00edrez (Nacional)<\/span><\/li>\n<li style=\"text-align: justify;\"><span style=\"font-family: helvetica, arial, sans-serif;\">Iv\u00e1n Angulo Cort\u00e9s (Palmeiras)<\/span><\/li>\n<li style=\"text-align: justify;\"><span style=\"font-family: helvetica, arial, sans-serif;\">Kevin Balanta (Tijuana)<\/span><\/li>\n<li style=\"text-align: justify;\"><span style=\"font-family: helvetica, arial, sans-serif;\">Eduard Atuesta (Los \u00c1ngeles Fc)<\/span><\/li>\n<li style=\"text-align: justify;\"><span style=\"font-family: helvetica, arial, sans-serif;\">Jorge Carrascal (River Plate)<\/span><\/li>\n<li style=\"text-align: justify;\"><span style=\"font-family: helvetica, arial, sans-serif;\">Nicol\u00e1s Benedetti (Am\u00e9rica de M\u00e9xico)<\/span><\/li>\n<li style=\"text-align: justify;\"><span style=\"font-family: helvetica, arial, sans-serif;\">Jaime Alvarado (H\u00e9rcules)<\/span><\/li>\n<\/ul>\n<p style=\"text-align: justify;\"><strong><span style=\"font-family: helvetica, arial, sans-serif;\">Delanteros\u00a0<\/span><\/strong><\/p>\n<ul>\n<li style=\"text-align: justify;\"><span style=\"font-family: helvetica, arial, sans-serif;\">Luis Fernando Sandoval (Junior)<\/span><\/li>\n<li style=\"text-align: justify;\"><span style=\"font-family: helvetica, arial, sans-serif;\">Edwuin Cetr\u00e9 (Junior)<\/span><\/li>\n<li style=\"text-align: justify;\"><span style=\"font-family: helvetica, arial, sans-serif;\">Mender Garc\u00eda (Once Caldas)<\/span><\/li>\n<li style=\"text-align: justify;\"><span style=\"font-family: helvetica, arial, sans-serif;\">Ricardo M\u00e1rquez (Uni\u00f3n Magdalena)<\/span><\/li>\n<\/ul>\n","protected":false},"excerpt":{"rendered":"<p>Ocho jugadores que militan en el exterior hacen parte de la convocatoria sub 23 del Dt Arturo Reyes, para el torneo preol\u00edmpico que dar\u00e1 inicio el 18 de Enero. Los jugadores iniciar\u00e1n trabajos el 2 de enero en Barranquilla y se trasladar\u00e1n a Pereira el 14 del mismo mes, para dar inicio a la competencia. [&hellip;]<\/p>\n","protected":false},"author":5,"featured_media":45228,"comment_status":"open","ping_status":"open","sticky":false,"template":"","format":"standard","meta":{"_acf_changed":false,"footnotes":""},"categories":[418],"tags":[],"class_list":{"0":"post-45226","1":"post","2":"type-post","3":"status-publish","4":"format-standard","5":"has-post-thumbnail","7":"category-colombia"},"acf":[],"yoast_head":"<!-- This site is optimized with the Yoast SEO plugin v26.8 - https:\/\/yoast.com\/product\/yoast-seo-wordpress\/ -->\n<title>Lista la convocatoria de la Selecci\u00f3n Colombia para el preol\u00edmpico -<\/title>\n<meta name=\"robots\" content=\"index, follow, max-snippet:-1, max-image-preview:large, max-video-preview:-1\" \/>\n<link rel=\"canonical\" href=\"https:\/\/futbolhoy.co\/index.php\/2019\/12\/27\/lista-la-convocatoria-de-la-seleccion-colombia-para-el-preolimpico\/\" \/>\n<meta property=\"og:locale\" content=\"es_ES\" \/>\n<meta property=\"og:type\" content=\"article\" \/>\n<meta property=\"og:title\" content=\"Lista la convocatoria de la Selecci\u00f3n Colombia para el preol\u00edmpico -\" \/>\n<meta property=\"og:description\" content=\"Ocho jugadores que militan en el exterior hacen parte de la convocatoria sub 23 del Dt Arturo Reyes, para el torneo preol\u00edmpico que dar\u00e1 inicio el 18 de Enero. Los jugadores iniciar\u00e1n trabajos el 2 de enero en Barranquilla y se trasladar\u00e1n a Pereira el 14 del mismo mes, para dar inicio a la competencia. [&hellip;]\" \/>\n<meta property=\"og:url\" content=\"https:\/\/futbolhoy.co\/index.php\/2019\/12\/27\/lista-la-convocatoria-de-la-seleccion-colombia-para-el-preolimpico\/\" \/>\n<meta property=\"article:publisher\" content=\"https:\/\/www.facebook.com\/FutbolHoyCol\/\" \/>\n<meta property=\"article:published_time\" content=\"2019-12-27T23:53:55+00:00\" \/>\n<meta property=\"article:modified_time\" content=\"2019-12-28T19:26:00+00:00\" \/>\n<meta property=\"og:image\" content=\"https:\/\/futbolhoy.co\/wp-content\/uploads\/2019\/12\/EM0iysuWwAAdZ2E.jpg\" \/>\n\t<meta property=\"og:image:width\" content=\"679\" \/>\n\t<meta property=\"og:image:height\" content=\"399\" \/>\n\t<meta property=\"og:image:type\" content=\"image\/jpeg\" \/>\n<meta name=\"author\" content=\"Laura Hern\u00e1ndez\" \/>\n<meta name=\"twitter:card\" content=\"summary_large_image\" \/>\n<meta name=\"twitter:creator\" content=\"@FutbolHoyCol\" \/>\n<meta name=\"twitter:site\" content=\"@FutbolHoyCol\" \/>\n<meta name=\"twitter:label1\" content=\"Escrito por\" \/>\n\t<meta name=\"twitter:data1\" content=\"Laura Hern\u00e1ndez\" \/>\n\t<meta name=\"twitter:label2\" content=\"Tiempo de lectura\" \/>\n\t<meta name=\"twitter:data2\" content=\"1 minuto\" \/>\n<script type=\"application\/ld+json\" class=\"yoast-schema-graph\">{\"@context\":\"https:\/\/schema.org\",\"@graph\":[{\"@type\":\"Article\",\"@id\":\"https:\/\/futbolhoy.co\/index.php\/2019\/12\/27\/lista-la-convocatoria-de-la-seleccion-colombia-para-el-preolimpico\/#article\",\"isPartOf\":{\"@id\":\"https:\/\/futbolhoy.co\/index.php\/2019\/12\/27\/lista-la-convocatoria-de-la-seleccion-colombia-para-el-preolimpico\/\"},\"author\":{\"name\":\"Laura Hern\u00e1ndez\",\"@id\":\"https:\/\/futbolhoy.co\/#\/schema\/person\/c4a353a512b127643723a34bb1812f7d\"},\"headline\":\"Lista la convocatoria de la Selecci\u00f3n Colombia para el preol\u00edmpico\",\"datePublished\":\"2019-12-27T23:53:55+00:00\",\"dateModified\":\"2019-12-28T19:26:00+00:00\",\"mainEntityOfPage\":{\"@id\":\"https:\/\/futbolhoy.co\/index.php\/2019\/12\/27\/lista-la-convocatoria-de-la-seleccion-colombia-para-el-preolimpico\/\"},\"wordCount\":179,\"commentCount\":0,\"publisher\":{\"@id\":\"https:\/\/futbolhoy.co\/#organization\"},\"image\":{\"@id\":\"https:\/\/futbolhoy.co\/index.php\/2019\/12\/27\/lista-la-convocatoria-de-la-seleccion-colombia-para-el-preolimpico\/#primaryimage\"},\"thumbnailUrl\":\"https:\/\/futbolhoy.co\/wp-content\/uploads\/2019\/12\/EM0iysuWwAAdZ2E.jpg\",\"articleSection\":[\"Colombia\"],\"inLanguage\":\"es\",\"potentialAction\":[{\"@type\":\"CommentAction\",\"name\":\"Comment\",\"target\":[\"https:\/\/futbolhoy.co\/index.php\/2019\/12\/27\/lista-la-convocatoria-de-la-seleccion-colombia-para-el-preolimpico\/#respond\"]}]},{\"@type\":\"WebPage\",\"@id\":\"https:\/\/futbolhoy.co\/index.php\/2019\/12\/27\/lista-la-convocatoria-de-la-seleccion-colombia-para-el-preolimpico\/\",\"url\":\"https:\/\/futbolhoy.co\/index.php\/2019\/12\/27\/lista-la-convocatoria-de-la-seleccion-colombia-para-el-preolimpico\/\",\"name\":\"Lista la convocatoria de la Selecci\u00f3n Colombia para el preol\u00edmpico -\",\"isPartOf\":{\"@id\":\"https:\/\/futbolhoy.co\/#website\"},\"primaryImageOfPage\":{\"@id\":\"https:\/\/futbolhoy.co\/index.php\/2019\/12\/27\/lista-la-convocatoria-de-la-seleccion-colombia-para-el-preolimpico\/#primaryimage\"},\"image\":{\"@id\":\"https:\/\/futbolhoy.co\/index.php\/2019\/12\/27\/lista-la-convocatoria-de-la-seleccion-colombia-para-el-preolimpico\/#primaryimage\"},\"thumbnailUrl\":\"https:\/\/futbolhoy.co\/wp-content\/uploads\/2019\/12\/EM0iysuWwAAdZ2E.jpg\",\"datePublished\":\"2019-12-27T23:53:55+00:00\",\"dateModified\":\"2019-12-28T19:26:00+00:00\",\"breadcrumb\":{\"@id\":\"https:\/\/futbolhoy.co\/index.php\/2019\/12\/27\/lista-la-convocatoria-de-la-seleccion-colombia-para-el-preolimpico\/#breadcrumb\"},\"inLanguage\":\"es\",\"potentialAction\":[{\"@type\":\"ReadAction\",\"target\":[\"https:\/\/futbolhoy.co\/index.php\/2019\/12\/27\/lista-la-convocatoria-de-la-seleccion-colombia-para-el-preolimpico\/\"]}]},{\"@type\":\"ImageObject\",\"inLanguage\":\"es\",\"@id\":\"https:\/\/futbolhoy.co\/index.php\/2019\/12\/27\/lista-la-convocatoria-de-la-seleccion-colombia-para-el-preolimpico\/#primaryimage\",\"url\":\"https:\/\/futbolhoy.co\/wp-content\/uploads\/2019\/12\/EM0iysuWwAAdZ2E.jpg\",\"contentUrl\":\"https:\/\/futbolhoy.co\/wp-content\/uploads\/2019\/12\/EM0iysuWwAAdZ2E.jpg\",\"width\":679,\"height\":399},{\"@type\":\"BreadcrumbList\",\"@id\":\"https:\/\/futbolhoy.co\/index.php\/2019\/12\/27\/lista-la-convocatoria-de-la-seleccion-colombia-para-el-preolimpico\/#breadcrumb\",\"itemListElement\":[{\"@type\":\"ListItem\",\"position\":1,\"name\":\"Portada\",\"item\":\"https:\/\/futbolhoy.co\/\"},{\"@type\":\"ListItem\",\"position\":2,\"name\":\"Lista la convocatoria de la Selecci\u00f3n Colombia para el preol\u00edmpico\"}]},{\"@type\":\"WebSite\",\"@id\":\"https:\/\/futbolhoy.co\/#website\",\"url\":\"https:\/\/futbolhoy.co\/\",\"name\":\"FutbolHoy\",\"description\":\"\",\"publisher\":{\"@id\":\"https:\/\/futbolhoy.co\/#organization\"},\"potentialAction\":[{\"@type\":\"SearchAction\",\"target\":{\"@type\":\"EntryPoint\",\"urlTemplate\":\"https:\/\/futbolhoy.co\/?s={search_term_string}\"},\"query-input\":{\"@type\":\"PropertyValueSpecification\",\"valueRequired\":true,\"valueName\":\"search_term_string\"}}],\"inLanguage\":\"es\"},{\"@type\":\"Organization\",\"@id\":\"https:\/\/futbolhoy.co\/#organization\",\"name\":\"Futbolhoy.co\",\"url\":\"https:\/\/futbolhoy.co\/\",\"logo\":{\"@type\":\"ImageObject\",\"inLanguage\":\"es\",\"@id\":\"https:\/\/futbolhoy.co\/#\/schema\/logo\/image\/\",\"url\":\"https:\/\/futbolhoy.co\/wp-content\/uploads\/2018\/08\/17426380_1906371736249227_6326180412931521141_n.jpg\",\"contentUrl\":\"https:\/\/futbolhoy.co\/wp-content\/uploads\/2018\/08\/17426380_1906371736249227_6326180412931521141_n.jpg\",\"width\":960,\"height\":960,\"caption\":\"Futbolhoy.co\"},\"image\":{\"@id\":\"https:\/\/futbolhoy.co\/#\/schema\/logo\/image\/\"},\"sameAs\":[\"https:\/\/www.facebook.com\/FutbolHoyCol\/\",\"https:\/\/x.com\/FutbolHoyCol\",\"https:\/\/www.instagram.com\/futbolhoycol\/\"]},{\"@type\":\"Person\",\"@id\":\"https:\/\/futbolhoy.co\/#\/schema\/person\/c4a353a512b127643723a34bb1812f7d\",\"name\":\"Laura Hern\u00e1ndez\",\"image\":{\"@type\":\"ImageObject\",\"inLanguage\":\"es\",\"@id\":\"https:\/\/futbolhoy.co\/#\/schema\/person\/image\/\",\"url\":\"https:\/\/secure.gravatar.com\/avatar\/d25959a15b9b293a743f99181c7cfd01?s=96&d=mm&r=g\",\"contentUrl\":\"https:\/\/secure.gravatar.com\/avatar\/d25959a15b9b293a743f99181c7cfd01?s=96&d=mm&r=g\",\"caption\":\"Laura Hern\u00e1ndez\"}}]}<\/script>\n<!-- \/ Yoast SEO plugin. -->","yoast_head_json":{"title":"Lista la convocatoria de la Selecci\u00f3n Colombia para el preol\u00edmpico -","robots":{"index":"index","follow":"follow","max-snippet":"max-snippet:-1","max-image-preview":"max-image-preview:large","max-video-preview":"max-video-preview:-1"},"canonical":"https:\/\/futbolhoy.co\/index.php\/2019\/12\/27\/lista-la-convocatoria-de-la-seleccion-colombia-para-el-preolimpico\/","og_locale":"es_ES","og_type":"article","og_title":"Lista la convocatoria de la Selecci\u00f3n Colombia para el preol\u00edmpico -","og_description":"Ocho jugadores que militan en el exterior hacen parte de la convocatoria sub 23 del Dt Arturo Reyes, para el torneo preol\u00edmpico que dar\u00e1 inicio el 18 de Enero. Los jugadores iniciar\u00e1n trabajos el 2 de enero en Barranquilla y se trasladar\u00e1n a Pereira el 14 del mismo mes, para dar inicio a la competencia. [&hellip;]","og_url":"https:\/\/futbolhoy.co\/index.php\/2019\/12\/27\/lista-la-convocatoria-de-la-seleccion-colombia-para-el-preolimpico\/","article_publisher":"https:\/\/www.facebook.com\/FutbolHoyCol\/","article_published_time":"2019-12-27T23:53:55+00:00","article_modified_time":"2019-12-28T19:26:00+00:00","og_image":[{"width":679,"height":399,"url":"https:\/\/futbolhoy.co\/wp-content\/uploads\/2019\/12\/EM0iysuWwAAdZ2E.jpg","type":"image\/jpeg"}],"author":"Laura Hern\u00e1ndez","twitter_card":"summary_large_image","twitter_creator":"@FutbolHoyCol","twitter_site":"@FutbolHoyCol","twitter_misc":{"Escrito por":"Laura Hern\u00e1ndez","Tiempo de lectura":"1 minuto"},"schema":{"@context":"https:\/\/schema.org","@graph":[{"@type":"Article","@id":"https:\/\/futbolhoy.co\/index.php\/2019\/12\/27\/lista-la-convocatoria-de-la-seleccion-colombia-para-el-preolimpico\/#article","isPartOf":{"@id":"https:\/\/futbolhoy.co\/index.php\/2019\/12\/27\/lista-la-convocatoria-de-la-seleccion-colombia-para-el-preolimpico\/"},"author":{"name":"Laura Hern\u00e1ndez","@id":"https:\/\/futbolhoy.co\/#\/schema\/person\/c4a353a512b127643723a34bb1812f7d"},"headline":"Lista la convocatoria de la Selecci\u00f3n Colombia para el preol\u00edmpico","datePublished":"2019-12-27T23:53:55+00:00","dateModified":"2019-12-28T19:26:00+00:00","mainEntityOfPage":{"@id":"https:\/\/futbolhoy.co\/index.php\/2019\/12\/27\/lista-la-convocatoria-de-la-seleccion-colombia-para-el-preolimpico\/"},"wordCount":179,"commentCount":0,"publisher":{"@id":"https:\/\/futbolhoy.co\/#organization"},"image":{"@id":"https:\/\/futbolhoy.co\/index.php\/2019\/12\/27\/lista-la-convocatoria-de-la-seleccion-colombia-para-el-preolimpico\/#primaryimage"},"thumbnailUrl":"https:\/\/futbolhoy.co\/wp-content\/uploads\/2019\/12\/EM0iysuWwAAdZ2E.jpg","articleSection":["Colombia"],"inLanguage":"es","potentialAction":[{"@type":"CommentAction","name":"Comment","target":["https:\/\/futbolhoy.co\/index.php\/2019\/12\/27\/lista-la-convocatoria-de-la-seleccion-colombia-para-el-preolimpico\/#respond"]}]},{"@type":"WebPage","@id":"https:\/\/futbolhoy.co\/index.php\/2019\/12\/27\/lista-la-convocatoria-de-la-seleccion-colombia-para-el-preolimpico\/","url":"https:\/\/futbolhoy.co\/index.php\/2019\/12\/27\/lista-la-convocatoria-de-la-seleccion-colombia-para-el-preolimpico\/","name":"Lista la convocatoria de la Selecci\u00f3n Colombia para el preol\u00edmpico -","isPartOf":{"@id":"https:\/\/futbolhoy.co\/#website"},"primaryImageOfPage":{"@id":"https:\/\/futbolhoy.co\/index.php\/2019\/12\/27\/lista-la-convocatoria-de-la-seleccion-colombia-para-el-preolimpico\/#primaryimage"},"image":{"@id":"https:\/\/futbolhoy.co\/index.php\/2019\/12\/27\/lista-la-convocatoria-de-la-seleccion-colombia-para-el-preolimpico\/#primaryimage"},"thumbnailUrl":"https:\/\/futbolhoy.co\/wp-content\/uploads\/2019\/12\/EM0iysuWwAAdZ2E.jpg","datePublished":"2019-12-27T23:53:55+00:00","dateModified":"2019-12-28T19:26:00+00:00","breadcrumb":{"@id":"https:\/\/futbolhoy.co\/index.php\/2019\/12\/27\/lista-la-convocatoria-de-la-seleccion-colombia-para-el-preolimpico\/#breadcrumb"},"inLanguage":"es","potentialAction":[{"@type":"ReadAction","target":["https:\/\/futbolhoy.co\/index.php\/2019\/12\/27\/lista-la-convocatoria-de-la-seleccion-colombia-para-el-preolimpico\/"]}]},{"@type":"ImageObject","inLanguage":"es","@id":"https:\/\/futbolhoy.co\/index.php\/2019\/12\/27\/lista-la-convocatoria-de-la-seleccion-colombia-para-el-preolimpico\/#primaryimage","url":"https:\/\/futbolhoy.co\/wp-content\/uploads\/2019\/12\/EM0iysuWwAAdZ2E.jpg","contentUrl":"https:\/\/futbolhoy.co\/wp-content\/uploads\/2019\/12\/EM0iysuWwAAdZ2E.jpg","width":679,"height":399},{"@type":"BreadcrumbList","@id":"https:\/\/futbolhoy.co\/index.php\/2019\/12\/27\/lista-la-convocatoria-de-la-seleccion-colombia-para-el-preolimpico\/#breadcrumb","itemListElement":[{"@type":"ListItem","position":1,"name":"Portada","item":"https:\/\/futbolhoy.co\/"},{"@type":"ListItem","position":2,"name":"Lista la convocatoria de la Selecci\u00f3n Colombia para el preol\u00edmpico"}]},{"@type":"WebSite","@id":"https:\/\/futbolhoy.co\/#website","url":"https:\/\/futbolhoy.co\/","name":"FutbolHoy","description":"","publisher":{"@id":"https:\/\/futbolhoy.co\/#organization"},"potentialAction":[{"@type":"SearchAction","target":{"@type":"EntryPoint","urlTemplate":"https:\/\/futbolhoy.co\/?s={search_term_string}"},"query-input":{"@type":"PropertyValueSpecification","valueRequired":true,"valueName":"search_term_string"}}],"inLanguage":"es"},{"@type":"Organization","@id":"https:\/\/futbolhoy.co\/#organization","name":"Futbolhoy.co","url":"https:\/\/futbolhoy.co\/","logo":{"@type":"ImageObject","inLanguage":"es","@id":"https:\/\/futbolhoy.co\/#\/schema\/logo\/image\/","url":"https:\/\/futbolhoy.co\/wp-content\/uploads\/2018\/08\/17426380_1906371736249227_6326180412931521141_n.jpg","contentUrl":"https:\/\/futbolhoy.co\/wp-content\/uploads\/2018\/08\/17426380_1906371736249227_6326180412931521141_n.jpg","width":960,"height":960,"caption":"Futbolhoy.co"},"image":{"@id":"https:\/\/futbolhoy.co\/#\/schema\/logo\/image\/"},"sameAs":["https:\/\/www.facebook.com\/FutbolHoyCol\/","https:\/\/x.com\/FutbolHoyCol","https:\/\/www.instagram.com\/futbolhoycol\/"]},{"@type":"Person","@id":"https:\/\/futbolhoy.co\/#\/schema\/person\/c4a353a512b127643723a34bb1812f7d","name":"Laura Hern\u00e1ndez","image":{"@type":"ImageObject","inLanguage":"es","@id":"https:\/\/futbolhoy.co\/#\/schema\/person\/image\/","url":"https:\/\/secure.gravatar.com\/avatar\/d25959a15b9b293a743f99181c7cfd01?s=96&d=mm&r=g","contentUrl":"https:\/\/secure.gravatar.com\/avatar\/d25959a15b9b293a743f99181c7cfd01?s=96&d=mm&r=g","caption":"Laura Hern\u00e1ndez"}}]}},"publishpress_future_action":{"enabled":false,"date":"2026-05-02 02:06:22","action":"change-status","newStatus":"draft","terms":[],"taxonomy":"category","extraData":[]},"publishpress_future_workflow_manual_trigger":{"enabledWorkflows":[]},"_links":{"self":[{"href":"https:\/\/futbolhoy.co\/index.php\/wp-json\/wp\/v2\/posts\/45226","targetHints":{"allow":["GET"]}}],"collection":[{"href":"https:\/\/futbolhoy.co\/index.php\/wp-json\/wp\/v2\/posts"}],"about":[{"href":"https:\/\/futbolhoy.co\/index.php\/wp-json\/wp\/v2\/types\/post"}],"author":[{"embeddable":true,"href":"https:\/\/futbolhoy.co\/index.php\/wp-json\/wp\/v2\/users\/5"}],"replies":[{"embeddable":true,"href":"https:\/\/futbolhoy.co\/index.php\/wp-json\/wp\/v2\/comments?post=45226"}],"version-history":[{"count":2,"href":"https:\/\/futbolhoy.co\/index.php\/wp-json\/wp\/v2\/posts\/45226\/revisions"}],"predecessor-version":[{"id":45229,"href":"https:\/\/futbolhoy.co\/index.php\/wp-json\/wp\/v2\/posts\/45226\/revisions\/45229"}],"wp:featuredmedia":[{"embeddable":true,"href":"https:\/\/futbolhoy.co\/index.php\/wp-json\/wp\/v2\/media\/45228"}],"wp:attachment":[{"href":"https:\/\/futbolhoy.co\/index.php\/wp-json\/wp\/v2\/media?parent=45226"}],"wp:term":[{"taxonomy":"category","embeddable":true,"href":"https:\/\/futbolhoy.co\/index.php\/wp-json\/wp\/v2\/categories?post=45226"},{"taxonomy":"post_tag","embeddable":true,"href":"https:\/\/futbolhoy.co\/index.php\/wp-json\/wp\/v2\/tags?post=45226"}],"curies":[{"name":"wp","href":"https:\/\/api.w.org\/{rel}","templated":true}]}}