{"id":45296,"date":"2019-12-29T18:20:49","date_gmt":"2019-12-29T23:20:49","guid":{"rendered":"https:\/\/futbolhoy.co\/?p=45296"},"modified":"2019-12-30T07:01:51","modified_gmt":"2019-12-30T12:01:51","slug":"west-ham-designo-nuevo-entrenador","status":"publish","type":"post","link":"https:\/\/futbolhoy.co\/index.php\/2019\/12\/29\/west-ham-designo-nuevo-entrenador\/","title":{"rendered":"West Ham design\u00f3 nuevo entrenador"},"content":{"rendered":"<p style=\"text-align: justify;\"><span style=\"font-family: helvetica, arial, sans-serif;\">El\u00a0<b>West Ham United<\/b>, donde milita el volante colombiano\u00a0<b>Carlos S\u00e1nchez<\/b>, anunci\u00f3 al escoc\u00e9s\u00a0<b>David Moyes<\/b>\u00a0como su nuevo director t\u00e9cnico, en sustituci\u00f3n del chileno\u00a0<b>Manuel Pellegrini<\/b>, destituido el s\u00e1bado anterior.<\/span><\/p>\n<p style=\"text-align: justify;\"><span style=\"font-family: helvetica, arial, sans-serif;\">Moyes, de 55 a\u00f1os, tendr\u00e1 una vinculaci\u00f3n inicial de 18 meses y debutar\u00e1 en el banquillo el primero de enero visitando al<b>Bournemouth<\/b>.<\/span><\/p>\n<p style=\"text-align: justify;\"><span style=\"font-family: helvetica, arial, sans-serif;\">\"Siento que tengo asuntos pendientes\", dijo Moyes, quien llev\u00f3 a los \u2018<i>Hammers<\/i>\u2019 a la permanencia en la\u00a0<b>Liga Premier<\/b>\u00a0en 2017, cuando estuvo al frente del club por un per\u00edodo de siete meses.<\/span><\/p>\n<p style=\"text-align: justify;\"><span style=\"font-family: helvetica, arial, sans-serif;\">Pellegrini llev\u00f3 al West Ham al d\u00e9cimo puesto la temporada pasada, pero fue despedido tras su cuarta derrota consecutiva en casa, dejando al equipo un punto por encima de la zona de descenso.<\/span><\/p>\n","protected":false},"excerpt":{"rendered":"<p>El\u00a0West Ham United, donde milita el volante colombiano\u00a0Carlos S\u00e1nchez, anunci\u00f3 al escoc\u00e9s\u00a0David Moyes\u00a0como su nuevo director t\u00e9cnico, en sustituci\u00f3n del chileno\u00a0Manuel Pellegrini, destituido el s\u00e1bado anterior. Moyes, de 55 a\u00f1os, tendr\u00e1 una vinculaci\u00f3n inicial de 18 meses y debutar\u00e1 en el banquillo el primero de enero visitando alBournemouth. \"Siento que tengo asuntos pendientes\", dijo Moyes, [&hellip;]<\/p>\n","protected":false},"author":5,"featured_media":45299,"comment_status":"open","ping_status":"open","sticky":false,"template":"","format":"standard","meta":{"_acf_changed":false,"footnotes":""},"categories":[152],"tags":[1337],"class_list":{"0":"post-45296","1":"post","2":"type-post","3":"status-publish","4":"format-standard","5":"has-post-thumbnail","7":"category-mundo-futbol","8":"tag-west-ham-united"},"acf":[],"yoast_head":"<!-- This site is optimized with the Yoast SEO plugin v26.8 - https:\/\/yoast.com\/product\/yoast-seo-wordpress\/ -->\n<title>West Ham design\u00f3 nuevo entrenador -<\/title>\n<meta name=\"robots\" content=\"index, follow, max-snippet:-1, max-image-preview:large, max-video-preview:-1\" \/>\n<link rel=\"canonical\" href=\"https:\/\/futbolhoy.co\/index.php\/2019\/12\/29\/west-ham-designo-nuevo-entrenador\/\" \/>\n<meta property=\"og:locale\" content=\"es_ES\" \/>\n<meta property=\"og:type\" content=\"article\" \/>\n<meta property=\"og:title\" content=\"West Ham design\u00f3 nuevo entrenador -\" \/>\n<meta property=\"og:description\" content=\"El\u00a0West Ham United, donde milita el volante colombiano\u00a0Carlos S\u00e1nchez, anunci\u00f3 al escoc\u00e9s\u00a0David Moyes\u00a0como su nuevo director t\u00e9cnico, en sustituci\u00f3n del chileno\u00a0Manuel Pellegrini, destituido el s\u00e1bado anterior. Moyes, de 55 a\u00f1os, tendr\u00e1 una vinculaci\u00f3n inicial de 18 meses y debutar\u00e1 en el banquillo el primero de enero visitando alBournemouth. &quot;Siento que tengo asuntos pendientes&quot;, dijo Moyes, [&hellip;]\" \/>\n<meta property=\"og:url\" content=\"https:\/\/futbolhoy.co\/index.php\/2019\/12\/29\/west-ham-designo-nuevo-entrenador\/\" \/>\n<meta property=\"article:publisher\" content=\"https:\/\/www.facebook.com\/FutbolHoyCol\/\" \/>\n<meta property=\"article:published_time\" content=\"2019-12-29T23:20:49+00:00\" \/>\n<meta property=\"article:modified_time\" content=\"2019-12-30T12:01:51+00:00\" \/>\n<meta property=\"og:image\" content=\"https:\/\/futbolhoy.co\/wp-content\/uploads\/2019\/12\/EM_BgjqWwAkFf2s.jpg\" \/>\n\t<meta property=\"og:image:width\" content=\"680\" \/>\n\t<meta property=\"og:image:height\" content=\"382\" \/>\n\t<meta property=\"og:image:type\" content=\"image\/jpeg\" \/>\n<meta name=\"author\" content=\"Laura Hern\u00e1ndez\" \/>\n<meta name=\"twitter:card\" content=\"summary_large_image\" \/>\n<meta name=\"twitter:creator\" content=\"@FutbolHoyCol\" \/>\n<meta name=\"twitter:site\" content=\"@FutbolHoyCol\" \/>\n<meta name=\"twitter:label1\" content=\"Escrito por\" \/>\n\t<meta name=\"twitter:data1\" content=\"Laura Hern\u00e1ndez\" \/>\n\t<meta name=\"twitter:label2\" content=\"Tiempo de lectura\" \/>\n\t<meta name=\"twitter:data2\" content=\"1 minuto\" \/>\n<script type=\"application\/ld+json\" class=\"yoast-schema-graph\">{\"@context\":\"https:\/\/schema.org\",\"@graph\":[{\"@type\":\"Article\",\"@id\":\"https:\/\/futbolhoy.co\/index.php\/2019\/12\/29\/west-ham-designo-nuevo-entrenador\/#article\",\"isPartOf\":{\"@id\":\"https:\/\/futbolhoy.co\/index.php\/2019\/12\/29\/west-ham-designo-nuevo-entrenador\/\"},\"author\":{\"name\":\"Laura Hern\u00e1ndez\",\"@id\":\"https:\/\/futbolhoy.co\/#\/schema\/person\/c4a353a512b127643723a34bb1812f7d\"},\"headline\":\"West Ham design\u00f3 nuevo entrenador\",\"datePublished\":\"2019-12-29T23:20:49+00:00\",\"dateModified\":\"2019-12-30T12:01:51+00:00\",\"mainEntityOfPage\":{\"@id\":\"https:\/\/futbolhoy.co\/index.php\/2019\/12\/29\/west-ham-designo-nuevo-entrenador\/\"},\"wordCount\":130,\"commentCount\":0,\"publisher\":{\"@id\":\"https:\/\/futbolhoy.co\/#organization\"},\"image\":{\"@id\":\"https:\/\/futbolhoy.co\/index.php\/2019\/12\/29\/west-ham-designo-nuevo-entrenador\/#primaryimage\"},\"thumbnailUrl\":\"https:\/\/futbolhoy.co\/wp-content\/uploads\/2019\/12\/EM_BgjqWwAkFf2s.jpg\",\"keywords\":[\"West Ham United\"],\"articleSection\":[\"Mundo Futbol\"],\"inLanguage\":\"es\",\"potentialAction\":[{\"@type\":\"CommentAction\",\"name\":\"Comment\",\"target\":[\"https:\/\/futbolhoy.co\/index.php\/2019\/12\/29\/west-ham-designo-nuevo-entrenador\/#respond\"]}]},{\"@type\":\"WebPage\",\"@id\":\"https:\/\/futbolhoy.co\/index.php\/2019\/12\/29\/west-ham-designo-nuevo-entrenador\/\",\"url\":\"https:\/\/futbolhoy.co\/index.php\/2019\/12\/29\/west-ham-designo-nuevo-entrenador\/\",\"name\":\"West Ham design\u00f3 nuevo entrenador -\",\"isPartOf\":{\"@id\":\"https:\/\/futbolhoy.co\/#website\"},\"primaryImageOfPage\":{\"@id\":\"https:\/\/futbolhoy.co\/index.php\/2019\/12\/29\/west-ham-designo-nuevo-entrenador\/#primaryimage\"},\"image\":{\"@id\":\"https:\/\/futbolhoy.co\/index.php\/2019\/12\/29\/west-ham-designo-nuevo-entrenador\/#primaryimage\"},\"thumbnailUrl\":\"https:\/\/futbolhoy.co\/wp-content\/uploads\/2019\/12\/EM_BgjqWwAkFf2s.jpg\",\"datePublished\":\"2019-12-29T23:20:49+00:00\",\"dateModified\":\"2019-12-30T12:01:51+00:00\",\"breadcrumb\":{\"@id\":\"https:\/\/futbolhoy.co\/index.php\/2019\/12\/29\/west-ham-designo-nuevo-entrenador\/#breadcrumb\"},\"inLanguage\":\"es\",\"potentialAction\":[{\"@type\":\"ReadAction\",\"target\":[\"https:\/\/futbolhoy.co\/index.php\/2019\/12\/29\/west-ham-designo-nuevo-entrenador\/\"]}]},{\"@type\":\"ImageObject\",\"inLanguage\":\"es\",\"@id\":\"https:\/\/futbolhoy.co\/index.php\/2019\/12\/29\/west-ham-designo-nuevo-entrenador\/#primaryimage\",\"url\":\"https:\/\/futbolhoy.co\/wp-content\/uploads\/2019\/12\/EM_BgjqWwAkFf2s.jpg\",\"contentUrl\":\"https:\/\/futbolhoy.co\/wp-content\/uploads\/2019\/12\/EM_BgjqWwAkFf2s.jpg\",\"width\":680,\"height\":382},{\"@type\":\"BreadcrumbList\",\"@id\":\"https:\/\/futbolhoy.co\/index.php\/2019\/12\/29\/west-ham-designo-nuevo-entrenador\/#breadcrumb\",\"itemListElement\":[{\"@type\":\"ListItem\",\"position\":1,\"name\":\"Portada\",\"item\":\"https:\/\/futbolhoy.co\/\"},{\"@type\":\"ListItem\",\"position\":2,\"name\":\"West Ham design\u00f3 nuevo entrenador\"}]},{\"@type\":\"WebSite\",\"@id\":\"https:\/\/futbolhoy.co\/#website\",\"url\":\"https:\/\/futbolhoy.co\/\",\"name\":\"FutbolHoy\",\"description\":\"\",\"publisher\":{\"@id\":\"https:\/\/futbolhoy.co\/#organization\"},\"potentialAction\":[{\"@type\":\"SearchAction\",\"target\":{\"@type\":\"EntryPoint\",\"urlTemplate\":\"https:\/\/futbolhoy.co\/?s={search_term_string}\"},\"query-input\":{\"@type\":\"PropertyValueSpecification\",\"valueRequired\":true,\"valueName\":\"search_term_string\"}}],\"inLanguage\":\"es\"},{\"@type\":\"Organization\",\"@id\":\"https:\/\/futbolhoy.co\/#organization\",\"name\":\"Futbolhoy.co\",\"url\":\"https:\/\/futbolhoy.co\/\",\"logo\":{\"@type\":\"ImageObject\",\"inLanguage\":\"es\",\"@id\":\"https:\/\/futbolhoy.co\/#\/schema\/logo\/image\/\",\"url\":\"https:\/\/futbolhoy.co\/wp-content\/uploads\/2018\/08\/17426380_1906371736249227_6326180412931521141_n.jpg\",\"contentUrl\":\"https:\/\/futbolhoy.co\/wp-content\/uploads\/2018\/08\/17426380_1906371736249227_6326180412931521141_n.jpg\",\"width\":960,\"height\":960,\"caption\":\"Futbolhoy.co\"},\"image\":{\"@id\":\"https:\/\/futbolhoy.co\/#\/schema\/logo\/image\/\"},\"sameAs\":[\"https:\/\/www.facebook.com\/FutbolHoyCol\/\",\"https:\/\/x.com\/FutbolHoyCol\",\"https:\/\/www.instagram.com\/futbolhoycol\/\"]},{\"@type\":\"Person\",\"@id\":\"https:\/\/futbolhoy.co\/#\/schema\/person\/c4a353a512b127643723a34bb1812f7d\",\"name\":\"Laura Hern\u00e1ndez\",\"image\":{\"@type\":\"ImageObject\",\"inLanguage\":\"es\",\"@id\":\"https:\/\/futbolhoy.co\/#\/schema\/person\/image\/\",\"url\":\"https:\/\/secure.gravatar.com\/avatar\/d25959a15b9b293a743f99181c7cfd01?s=96&d=mm&r=g\",\"contentUrl\":\"https:\/\/secure.gravatar.com\/avatar\/d25959a15b9b293a743f99181c7cfd01?s=96&d=mm&r=g\",\"caption\":\"Laura Hern\u00e1ndez\"}}]}<\/script>\n<!-- \/ Yoast SEO plugin. -->","yoast_head_json":{"title":"West Ham design\u00f3 nuevo entrenador -","robots":{"index":"index","follow":"follow","max-snippet":"max-snippet:-1","max-image-preview":"max-image-preview:large","max-video-preview":"max-video-preview:-1"},"canonical":"https:\/\/futbolhoy.co\/index.php\/2019\/12\/29\/west-ham-designo-nuevo-entrenador\/","og_locale":"es_ES","og_type":"article","og_title":"West Ham design\u00f3 nuevo entrenador -","og_description":"El\u00a0West Ham United, donde milita el volante colombiano\u00a0Carlos S\u00e1nchez, anunci\u00f3 al escoc\u00e9s\u00a0David Moyes\u00a0como su nuevo director t\u00e9cnico, en sustituci\u00f3n del chileno\u00a0Manuel Pellegrini, destituido el s\u00e1bado anterior. Moyes, de 55 a\u00f1os, tendr\u00e1 una vinculaci\u00f3n inicial de 18 meses y debutar\u00e1 en el banquillo el primero de enero visitando alBournemouth. \"Siento que tengo asuntos pendientes\", dijo Moyes, [&hellip;]","og_url":"https:\/\/futbolhoy.co\/index.php\/2019\/12\/29\/west-ham-designo-nuevo-entrenador\/","article_publisher":"https:\/\/www.facebook.com\/FutbolHoyCol\/","article_published_time":"2019-12-29T23:20:49+00:00","article_modified_time":"2019-12-30T12:01:51+00:00","og_image":[{"width":680,"height":382,"url":"https:\/\/futbolhoy.co\/wp-content\/uploads\/2019\/12\/EM_BgjqWwAkFf2s.jpg","type":"image\/jpeg"}],"author":"Laura Hern\u00e1ndez","twitter_card":"summary_large_image","twitter_creator":"@FutbolHoyCol","twitter_site":"@FutbolHoyCol","twitter_misc":{"Escrito por":"Laura Hern\u00e1ndez","Tiempo de lectura":"1 minuto"},"schema":{"@context":"https:\/\/schema.org","@graph":[{"@type":"Article","@id":"https:\/\/futbolhoy.co\/index.php\/2019\/12\/29\/west-ham-designo-nuevo-entrenador\/#article","isPartOf":{"@id":"https:\/\/futbolhoy.co\/index.php\/2019\/12\/29\/west-ham-designo-nuevo-entrenador\/"},"author":{"name":"Laura Hern\u00e1ndez","@id":"https:\/\/futbolhoy.co\/#\/schema\/person\/c4a353a512b127643723a34bb1812f7d"},"headline":"West Ham design\u00f3 nuevo entrenador","datePublished":"2019-12-29T23:20:49+00:00","dateModified":"2019-12-30T12:01:51+00:00","mainEntityOfPage":{"@id":"https:\/\/futbolhoy.co\/index.php\/2019\/12\/29\/west-ham-designo-nuevo-entrenador\/"},"wordCount":130,"commentCount":0,"publisher":{"@id":"https:\/\/futbolhoy.co\/#organization"},"image":{"@id":"https:\/\/futbolhoy.co\/index.php\/2019\/12\/29\/west-ham-designo-nuevo-entrenador\/#primaryimage"},"thumbnailUrl":"https:\/\/futbolhoy.co\/wp-content\/uploads\/2019\/12\/EM_BgjqWwAkFf2s.jpg","keywords":["West Ham United"],"articleSection":["Mundo Futbol"],"inLanguage":"es","potentialAction":[{"@type":"CommentAction","name":"Comment","target":["https:\/\/futbolhoy.co\/index.php\/2019\/12\/29\/west-ham-designo-nuevo-entrenador\/#respond"]}]},{"@type":"WebPage","@id":"https:\/\/futbolhoy.co\/index.php\/2019\/12\/29\/west-ham-designo-nuevo-entrenador\/","url":"https:\/\/futbolhoy.co\/index.php\/2019\/12\/29\/west-ham-designo-nuevo-entrenador\/","name":"West Ham design\u00f3 nuevo entrenador -","isPartOf":{"@id":"https:\/\/futbolhoy.co\/#website"},"primaryImageOfPage":{"@id":"https:\/\/futbolhoy.co\/index.php\/2019\/12\/29\/west-ham-designo-nuevo-entrenador\/#primaryimage"},"image":{"@id":"https:\/\/futbolhoy.co\/index.php\/2019\/12\/29\/west-ham-designo-nuevo-entrenador\/#primaryimage"},"thumbnailUrl":"https:\/\/futbolhoy.co\/wp-content\/uploads\/2019\/12\/EM_BgjqWwAkFf2s.jpg","datePublished":"2019-12-29T23:20:49+00:00","dateModified":"2019-12-30T12:01:51+00:00","breadcrumb":{"@id":"https:\/\/futbolhoy.co\/index.php\/2019\/12\/29\/west-ham-designo-nuevo-entrenador\/#breadcrumb"},"inLanguage":"es","potentialAction":[{"@type":"ReadAction","target":["https:\/\/futbolhoy.co\/index.php\/2019\/12\/29\/west-ham-designo-nuevo-entrenador\/"]}]},{"@type":"ImageObject","inLanguage":"es","@id":"https:\/\/futbolhoy.co\/index.php\/2019\/12\/29\/west-ham-designo-nuevo-entrenador\/#primaryimage","url":"https:\/\/futbolhoy.co\/wp-content\/uploads\/2019\/12\/EM_BgjqWwAkFf2s.jpg","contentUrl":"https:\/\/futbolhoy.co\/wp-content\/uploads\/2019\/12\/EM_BgjqWwAkFf2s.jpg","width":680,"height":382},{"@type":"BreadcrumbList","@id":"https:\/\/futbolhoy.co\/index.php\/2019\/12\/29\/west-ham-designo-nuevo-entrenador\/#breadcrumb","itemListElement":[{"@type":"ListItem","position":1,"name":"Portada","item":"https:\/\/futbolhoy.co\/"},{"@type":"ListItem","position":2,"name":"West Ham design\u00f3 nuevo entrenador"}]},{"@type":"WebSite","@id":"https:\/\/futbolhoy.co\/#website","url":"https:\/\/futbolhoy.co\/","name":"FutbolHoy","description":"","publisher":{"@id":"https:\/\/futbolhoy.co\/#organization"},"potentialAction":[{"@type":"SearchAction","target":{"@type":"EntryPoint","urlTemplate":"https:\/\/futbolhoy.co\/?s={search_term_string}"},"query-input":{"@type":"PropertyValueSpecification","valueRequired":true,"valueName":"search_term_string"}}],"inLanguage":"es"},{"@type":"Organization","@id":"https:\/\/futbolhoy.co\/#organization","name":"Futbolhoy.co","url":"https:\/\/futbolhoy.co\/","logo":{"@type":"ImageObject","inLanguage":"es","@id":"https:\/\/futbolhoy.co\/#\/schema\/logo\/image\/","url":"https:\/\/futbolhoy.co\/wp-content\/uploads\/2018\/08\/17426380_1906371736249227_6326180412931521141_n.jpg","contentUrl":"https:\/\/futbolhoy.co\/wp-content\/uploads\/2018\/08\/17426380_1906371736249227_6326180412931521141_n.jpg","width":960,"height":960,"caption":"Futbolhoy.co"},"image":{"@id":"https:\/\/futbolhoy.co\/#\/schema\/logo\/image\/"},"sameAs":["https:\/\/www.facebook.com\/FutbolHoyCol\/","https:\/\/x.com\/FutbolHoyCol","https:\/\/www.instagram.com\/futbolhoycol\/"]},{"@type":"Person","@id":"https:\/\/futbolhoy.co\/#\/schema\/person\/c4a353a512b127643723a34bb1812f7d","name":"Laura Hern\u00e1ndez","image":{"@type":"ImageObject","inLanguage":"es","@id":"https:\/\/futbolhoy.co\/#\/schema\/person\/image\/","url":"https:\/\/secure.gravatar.com\/avatar\/d25959a15b9b293a743f99181c7cfd01?s=96&d=mm&r=g","contentUrl":"https:\/\/secure.gravatar.com\/avatar\/d25959a15b9b293a743f99181c7cfd01?s=96&d=mm&r=g","caption":"Laura Hern\u00e1ndez"}}]}},"publishpress_future_action":{"enabled":false,"date":"2026-05-02 04:46:32","action":"change-status","newStatus":"draft","terms":[],"taxonomy":"category","extraData":[]},"publishpress_future_workflow_manual_trigger":{"enabledWorkflows":[]},"_links":{"self":[{"href":"https:\/\/futbolhoy.co\/index.php\/wp-json\/wp\/v2\/posts\/45296","targetHints":{"allow":["GET"]}}],"collection":[{"href":"https:\/\/futbolhoy.co\/index.php\/wp-json\/wp\/v2\/posts"}],"about":[{"href":"https:\/\/futbolhoy.co\/index.php\/wp-json\/wp\/v2\/types\/post"}],"author":[{"embeddable":true,"href":"https:\/\/futbolhoy.co\/index.php\/wp-json\/wp\/v2\/users\/5"}],"replies":[{"embeddable":true,"href":"https:\/\/futbolhoy.co\/index.php\/wp-json\/wp\/v2\/comments?post=45296"}],"version-history":[{"count":1,"href":"https:\/\/futbolhoy.co\/index.php\/wp-json\/wp\/v2\/posts\/45296\/revisions"}],"predecessor-version":[{"id":45302,"href":"https:\/\/futbolhoy.co\/index.php\/wp-json\/wp\/v2\/posts\/45296\/revisions\/45302"}],"wp:featuredmedia":[{"embeddable":true,"href":"https:\/\/futbolhoy.co\/index.php\/wp-json\/wp\/v2\/media\/45299"}],"wp:attachment":[{"href":"https:\/\/futbolhoy.co\/index.php\/wp-json\/wp\/v2\/media?parent=45296"}],"wp:term":[{"taxonomy":"category","embeddable":true,"href":"https:\/\/futbolhoy.co\/index.php\/wp-json\/wp\/v2\/categories?post=45296"},{"taxonomy":"post_tag","embeddable":true,"href":"https:\/\/futbolhoy.co\/index.php\/wp-json\/wp\/v2\/tags?post=45296"}],"curies":[{"name":"wp","href":"https:\/\/api.w.org\/{rel}","templated":true}]}}