{"id":46271,"date":"2020-01-22T09:02:52","date_gmt":"2020-01-22T14:02:52","guid":{"rendered":"https:\/\/futbolhoy.co\/?p=46271"},"modified":"2020-01-23T07:42:24","modified_gmt":"2020-01-23T12:42:24","slug":"atletico-de-madrid-tiene-nuevo-refuerzo-colombiana","status":"publish","type":"post","link":"https:\/\/futbolhoy.co\/index.php\/2020\/01\/22\/atletico-de-madrid-tiene-nuevo-refuerzo-colombiana\/","title":{"rendered":"Atl\u00e9tico de Madrid tiene nuevo refuerzo colombiana"},"content":{"rendered":"<p style=\"text-align: justify;\"><span style=\"font-family: helvetica, arial, sans-serif;\">La defensa cale\u00f1a <strong>Carolina Arias<\/strong> fue presentada como nueva jugadora del<strong> Atl\u00e9tico de Madrid<\/strong>, donde compartir\u00e1 con la cordobesa <strong>Leicy Santos.<\/strong><\/span><\/p>\n<p style=\"text-align: justify;\"><span style=\"font-family: helvetica, arial, sans-serif;\">Carolina, de 29 a\u00f1os, tiene un largo recorrido profesional luego de jugar con <strong>Atl\u00e9tico<\/strong> <strong>Nacional<\/strong> y <strong>Atl\u00e9tico Huila<\/strong> en el pa\u00eds.<\/span><\/p>\n<p style=\"text-align: justify;\"><span style=\"font-family: helvetica, arial, sans-serif;\">La jugadora, que ya entrena en <strong>Espa\u00f1a<\/strong>, podr\u00eda debutar este fin de semana en el partido ante el <strong>Barcelona<\/strong>, programado para el pr\u00f3ximo s\u00e1bado a las 12 del d\u00eda, hora colombiana.<\/span><\/p>\n<p style=\"text-align: justify;\"><span style=\"font-family: helvetica, arial, sans-serif;\">La lateral tambi\u00e9n ha hecho parte de la <strong>Selecci\u00f3n Colombia.<\/strong><\/span><\/p>\n<p style=\"text-align: justify;\"><span style=\"font-family: helvetica, arial, sans-serif;\">Leicy lleg\u00f3 al equipo \u2018colchonero\u2019 en agosto del 2019.<\/span><\/p>\n<p style=\"text-align: justify;\"><span style=\"font-family: helvetica, arial, sans-serif;\">Entretanto, el equipo femenino del <strong>Espanyol<\/strong> de <strong>Barcelona<\/strong> oficializ\u00f3 la llegada de la defensa antioque\u00f1a Manuela Vanegas, de 19 a\u00f1os, quien fue campeona con Colombia en los Panamericanos en Lima 2019.<\/span><\/p>\n<p style=\"text-align: justify;\"><span style=\"font-family: helvetica, arial, sans-serif;\">La <strong>Liga de Espa\u00f1a<\/strong> cuenta adem\u00e1s con la colombianas, <strong>Carolina Arbel\u00e1ez (Deportivo), Isabella Echeverri (Sevilla) y Natalia Gait\u00e1n (Valencia),<\/strong> entre otras.<\/span><\/p>\n","protected":false},"excerpt":{"rendered":"<p>La defensa cale\u00f1a Carolina Arias fue presentada como nueva jugadora del Atl\u00e9tico de Madrid, donde compartir\u00e1 con la cordobesa Leicy Santos. Carolina, de 29 a\u00f1os, tiene un largo recorrido profesional luego de jugar con Atl\u00e9tico Nacional y Atl\u00e9tico Huila en el pa\u00eds. La jugadora, que ya entrena en Espa\u00f1a, podr\u00eda debutar este fin de semana [&hellip;]<\/p>\n","protected":false},"author":5,"featured_media":46272,"comment_status":"open","ping_status":"open","sticky":false,"template":"","format":"standard","meta":{"_acf_changed":false,"footnotes":""},"categories":[418],"tags":[905,1744],"class_list":{"0":"post-46271","1":"post","2":"type-post","3":"status-publish","4":"format-standard","5":"has-post-thumbnail","7":"category-colombia","8":"tag-atletico-madrid","9":"tag-carolina-arias"},"acf":[],"yoast_head":"<!-- This site is optimized with the Yoast SEO plugin v26.8 - https:\/\/yoast.com\/product\/yoast-seo-wordpress\/ -->\n<title>Atl\u00e9tico de Madrid tiene nuevo refuerzo colombiana -<\/title>\n<meta name=\"robots\" content=\"index, follow, max-snippet:-1, max-image-preview:large, max-video-preview:-1\" \/>\n<link rel=\"canonical\" href=\"https:\/\/futbolhoy.co\/index.php\/2020\/01\/22\/atletico-de-madrid-tiene-nuevo-refuerzo-colombiana\/\" \/>\n<meta property=\"og:locale\" content=\"es_ES\" \/>\n<meta property=\"og:type\" content=\"article\" \/>\n<meta property=\"og:title\" content=\"Atl\u00e9tico de Madrid tiene nuevo refuerzo colombiana -\" \/>\n<meta property=\"og:description\" content=\"La defensa cale\u00f1a Carolina Arias fue presentada como nueva jugadora del Atl\u00e9tico de Madrid, donde compartir\u00e1 con la cordobesa Leicy Santos. Carolina, de 29 a\u00f1os, tiene un largo recorrido profesional luego de jugar con Atl\u00e9tico Nacional y Atl\u00e9tico Huila en el pa\u00eds. La jugadora, que ya entrena en Espa\u00f1a, podr\u00eda debutar este fin de semana [&hellip;]\" \/>\n<meta property=\"og:url\" content=\"https:\/\/futbolhoy.co\/index.php\/2020\/01\/22\/atletico-de-madrid-tiene-nuevo-refuerzo-colombiana\/\" \/>\n<meta property=\"article:publisher\" content=\"https:\/\/www.facebook.com\/FutbolHoyCol\/\" \/>\n<meta property=\"article:published_time\" content=\"2020-01-22T14:02:52+00:00\" \/>\n<meta property=\"article:modified_time\" content=\"2020-01-23T12:42:24+00:00\" \/>\n<meta property=\"og:image\" content=\"https:\/\/futbolhoy.co\/wp-content\/uploads\/2020\/01\/Carolina-Arias.jpg\" \/>\n\t<meta property=\"og:image:width\" content=\"998\" \/>\n\t<meta property=\"og:image:height\" content=\"601\" \/>\n\t<meta property=\"og:image:type\" content=\"image\/jpeg\" \/>\n<meta name=\"author\" content=\"Laura Hern\u00e1ndez\" \/>\n<meta name=\"twitter:card\" content=\"summary_large_image\" \/>\n<meta name=\"twitter:creator\" content=\"@FutbolHoyCol\" \/>\n<meta name=\"twitter:site\" content=\"@FutbolHoyCol\" \/>\n<meta name=\"twitter:label1\" content=\"Escrito por\" \/>\n\t<meta name=\"twitter:data1\" content=\"Laura Hern\u00e1ndez\" \/>\n\t<meta name=\"twitter:label2\" content=\"Tiempo de lectura\" \/>\n\t<meta name=\"twitter:data2\" content=\"1 minuto\" \/>\n<script type=\"application\/ld+json\" class=\"yoast-schema-graph\">{\"@context\":\"https:\/\/schema.org\",\"@graph\":[{\"@type\":\"Article\",\"@id\":\"https:\/\/futbolhoy.co\/index.php\/2020\/01\/22\/atletico-de-madrid-tiene-nuevo-refuerzo-colombiana\/#article\",\"isPartOf\":{\"@id\":\"https:\/\/futbolhoy.co\/index.php\/2020\/01\/22\/atletico-de-madrid-tiene-nuevo-refuerzo-colombiana\/\"},\"author\":{\"name\":\"Laura Hern\u00e1ndez\",\"@id\":\"https:\/\/futbolhoy.co\/#\/schema\/person\/c4a353a512b127643723a34bb1812f7d\"},\"headline\":\"Atl\u00e9tico de Madrid tiene nuevo refuerzo colombiana\",\"datePublished\":\"2020-01-22T14:02:52+00:00\",\"dateModified\":\"2020-01-23T12:42:24+00:00\",\"mainEntityOfPage\":{\"@id\":\"https:\/\/futbolhoy.co\/index.php\/2020\/01\/22\/atletico-de-madrid-tiene-nuevo-refuerzo-colombiana\/\"},\"wordCount\":166,\"commentCount\":0,\"publisher\":{\"@id\":\"https:\/\/futbolhoy.co\/#organization\"},\"image\":{\"@id\":\"https:\/\/futbolhoy.co\/index.php\/2020\/01\/22\/atletico-de-madrid-tiene-nuevo-refuerzo-colombiana\/#primaryimage\"},\"thumbnailUrl\":\"https:\/\/futbolhoy.co\/wp-content\/uploads\/2020\/01\/Carolina-Arias.jpg\",\"keywords\":[\"Atl\u00e9tico Madrid\",\"Carolina Arias\"],\"articleSection\":[\"Colombia\"],\"inLanguage\":\"es\",\"potentialAction\":[{\"@type\":\"CommentAction\",\"name\":\"Comment\",\"target\":[\"https:\/\/futbolhoy.co\/index.php\/2020\/01\/22\/atletico-de-madrid-tiene-nuevo-refuerzo-colombiana\/#respond\"]}]},{\"@type\":\"WebPage\",\"@id\":\"https:\/\/futbolhoy.co\/index.php\/2020\/01\/22\/atletico-de-madrid-tiene-nuevo-refuerzo-colombiana\/\",\"url\":\"https:\/\/futbolhoy.co\/index.php\/2020\/01\/22\/atletico-de-madrid-tiene-nuevo-refuerzo-colombiana\/\",\"name\":\"Atl\u00e9tico de Madrid tiene nuevo refuerzo colombiana -\",\"isPartOf\":{\"@id\":\"https:\/\/futbolhoy.co\/#website\"},\"primaryImageOfPage\":{\"@id\":\"https:\/\/futbolhoy.co\/index.php\/2020\/01\/22\/atletico-de-madrid-tiene-nuevo-refuerzo-colombiana\/#primaryimage\"},\"image\":{\"@id\":\"https:\/\/futbolhoy.co\/index.php\/2020\/01\/22\/atletico-de-madrid-tiene-nuevo-refuerzo-colombiana\/#primaryimage\"},\"thumbnailUrl\":\"https:\/\/futbolhoy.co\/wp-content\/uploads\/2020\/01\/Carolina-Arias.jpg\",\"datePublished\":\"2020-01-22T14:02:52+00:00\",\"dateModified\":\"2020-01-23T12:42:24+00:00\",\"breadcrumb\":{\"@id\":\"https:\/\/futbolhoy.co\/index.php\/2020\/01\/22\/atletico-de-madrid-tiene-nuevo-refuerzo-colombiana\/#breadcrumb\"},\"inLanguage\":\"es\",\"potentialAction\":[{\"@type\":\"ReadAction\",\"target\":[\"https:\/\/futbolhoy.co\/index.php\/2020\/01\/22\/atletico-de-madrid-tiene-nuevo-refuerzo-colombiana\/\"]}]},{\"@type\":\"ImageObject\",\"inLanguage\":\"es\",\"@id\":\"https:\/\/futbolhoy.co\/index.php\/2020\/01\/22\/atletico-de-madrid-tiene-nuevo-refuerzo-colombiana\/#primaryimage\",\"url\":\"https:\/\/futbolhoy.co\/wp-content\/uploads\/2020\/01\/Carolina-Arias.jpg\",\"contentUrl\":\"https:\/\/futbolhoy.co\/wp-content\/uploads\/2020\/01\/Carolina-Arias.jpg\",\"width\":998,\"height\":601,\"caption\":\"@AtletiFemenino\"},{\"@type\":\"BreadcrumbList\",\"@id\":\"https:\/\/futbolhoy.co\/index.php\/2020\/01\/22\/atletico-de-madrid-tiene-nuevo-refuerzo-colombiana\/#breadcrumb\",\"itemListElement\":[{\"@type\":\"ListItem\",\"position\":1,\"name\":\"Portada\",\"item\":\"https:\/\/futbolhoy.co\/\"},{\"@type\":\"ListItem\",\"position\":2,\"name\":\"Atl\u00e9tico de Madrid tiene nuevo refuerzo colombiana\"}]},{\"@type\":\"WebSite\",\"@id\":\"https:\/\/futbolhoy.co\/#website\",\"url\":\"https:\/\/futbolhoy.co\/\",\"name\":\"FutbolHoy\",\"description\":\"\",\"publisher\":{\"@id\":\"https:\/\/futbolhoy.co\/#organization\"},\"potentialAction\":[{\"@type\":\"SearchAction\",\"target\":{\"@type\":\"EntryPoint\",\"urlTemplate\":\"https:\/\/futbolhoy.co\/?s={search_term_string}\"},\"query-input\":{\"@type\":\"PropertyValueSpecification\",\"valueRequired\":true,\"valueName\":\"search_term_string\"}}],\"inLanguage\":\"es\"},{\"@type\":\"Organization\",\"@id\":\"https:\/\/futbolhoy.co\/#organization\",\"name\":\"Futbolhoy.co\",\"url\":\"https:\/\/futbolhoy.co\/\",\"logo\":{\"@type\":\"ImageObject\",\"inLanguage\":\"es\",\"@id\":\"https:\/\/futbolhoy.co\/#\/schema\/logo\/image\/\",\"url\":\"https:\/\/futbolhoy.co\/wp-content\/uploads\/2018\/08\/17426380_1906371736249227_6326180412931521141_n.jpg\",\"contentUrl\":\"https:\/\/futbolhoy.co\/wp-content\/uploads\/2018\/08\/17426380_1906371736249227_6326180412931521141_n.jpg\",\"width\":960,\"height\":960,\"caption\":\"Futbolhoy.co\"},\"image\":{\"@id\":\"https:\/\/futbolhoy.co\/#\/schema\/logo\/image\/\"},\"sameAs\":[\"https:\/\/www.facebook.com\/FutbolHoyCol\/\",\"https:\/\/x.com\/FutbolHoyCol\",\"https:\/\/www.instagram.com\/futbolhoycol\/\"]},{\"@type\":\"Person\",\"@id\":\"https:\/\/futbolhoy.co\/#\/schema\/person\/c4a353a512b127643723a34bb1812f7d\",\"name\":\"Laura Hern\u00e1ndez\",\"image\":{\"@type\":\"ImageObject\",\"inLanguage\":\"es\",\"@id\":\"https:\/\/futbolhoy.co\/#\/schema\/person\/image\/\",\"url\":\"https:\/\/secure.gravatar.com\/avatar\/d25959a15b9b293a743f99181c7cfd01?s=96&d=mm&r=g\",\"contentUrl\":\"https:\/\/secure.gravatar.com\/avatar\/d25959a15b9b293a743f99181c7cfd01?s=96&d=mm&r=g\",\"caption\":\"Laura Hern\u00e1ndez\"}}]}<\/script>\n<!-- \/ Yoast SEO plugin. -->","yoast_head_json":{"title":"Atl\u00e9tico de Madrid tiene nuevo refuerzo colombiana -","robots":{"index":"index","follow":"follow","max-snippet":"max-snippet:-1","max-image-preview":"max-image-preview:large","max-video-preview":"max-video-preview:-1"},"canonical":"https:\/\/futbolhoy.co\/index.php\/2020\/01\/22\/atletico-de-madrid-tiene-nuevo-refuerzo-colombiana\/","og_locale":"es_ES","og_type":"article","og_title":"Atl\u00e9tico de Madrid tiene nuevo refuerzo colombiana -","og_description":"La defensa cale\u00f1a Carolina Arias fue presentada como nueva jugadora del Atl\u00e9tico de Madrid, donde compartir\u00e1 con la cordobesa Leicy Santos. Carolina, de 29 a\u00f1os, tiene un largo recorrido profesional luego de jugar con Atl\u00e9tico Nacional y Atl\u00e9tico Huila en el pa\u00eds. La jugadora, que ya entrena en Espa\u00f1a, podr\u00eda debutar este fin de semana [&hellip;]","og_url":"https:\/\/futbolhoy.co\/index.php\/2020\/01\/22\/atletico-de-madrid-tiene-nuevo-refuerzo-colombiana\/","article_publisher":"https:\/\/www.facebook.com\/FutbolHoyCol\/","article_published_time":"2020-01-22T14:02:52+00:00","article_modified_time":"2020-01-23T12:42:24+00:00","og_image":[{"width":998,"height":601,"url":"https:\/\/futbolhoy.co\/wp-content\/uploads\/2020\/01\/Carolina-Arias.jpg","type":"image\/jpeg"}],"author":"Laura Hern\u00e1ndez","twitter_card":"summary_large_image","twitter_creator":"@FutbolHoyCol","twitter_site":"@FutbolHoyCol","twitter_misc":{"Escrito por":"Laura Hern\u00e1ndez","Tiempo de lectura":"1 minuto"},"schema":{"@context":"https:\/\/schema.org","@graph":[{"@type":"Article","@id":"https:\/\/futbolhoy.co\/index.php\/2020\/01\/22\/atletico-de-madrid-tiene-nuevo-refuerzo-colombiana\/#article","isPartOf":{"@id":"https:\/\/futbolhoy.co\/index.php\/2020\/01\/22\/atletico-de-madrid-tiene-nuevo-refuerzo-colombiana\/"},"author":{"name":"Laura Hern\u00e1ndez","@id":"https:\/\/futbolhoy.co\/#\/schema\/person\/c4a353a512b127643723a34bb1812f7d"},"headline":"Atl\u00e9tico de Madrid tiene nuevo refuerzo colombiana","datePublished":"2020-01-22T14:02:52+00:00","dateModified":"2020-01-23T12:42:24+00:00","mainEntityOfPage":{"@id":"https:\/\/futbolhoy.co\/index.php\/2020\/01\/22\/atletico-de-madrid-tiene-nuevo-refuerzo-colombiana\/"},"wordCount":166,"commentCount":0,"publisher":{"@id":"https:\/\/futbolhoy.co\/#organization"},"image":{"@id":"https:\/\/futbolhoy.co\/index.php\/2020\/01\/22\/atletico-de-madrid-tiene-nuevo-refuerzo-colombiana\/#primaryimage"},"thumbnailUrl":"https:\/\/futbolhoy.co\/wp-content\/uploads\/2020\/01\/Carolina-Arias.jpg","keywords":["Atl\u00e9tico Madrid","Carolina Arias"],"articleSection":["Colombia"],"inLanguage":"es","potentialAction":[{"@type":"CommentAction","name":"Comment","target":["https:\/\/futbolhoy.co\/index.php\/2020\/01\/22\/atletico-de-madrid-tiene-nuevo-refuerzo-colombiana\/#respond"]}]},{"@type":"WebPage","@id":"https:\/\/futbolhoy.co\/index.php\/2020\/01\/22\/atletico-de-madrid-tiene-nuevo-refuerzo-colombiana\/","url":"https:\/\/futbolhoy.co\/index.php\/2020\/01\/22\/atletico-de-madrid-tiene-nuevo-refuerzo-colombiana\/","name":"Atl\u00e9tico de Madrid tiene nuevo refuerzo colombiana -","isPartOf":{"@id":"https:\/\/futbolhoy.co\/#website"},"primaryImageOfPage":{"@id":"https:\/\/futbolhoy.co\/index.php\/2020\/01\/22\/atletico-de-madrid-tiene-nuevo-refuerzo-colombiana\/#primaryimage"},"image":{"@id":"https:\/\/futbolhoy.co\/index.php\/2020\/01\/22\/atletico-de-madrid-tiene-nuevo-refuerzo-colombiana\/#primaryimage"},"thumbnailUrl":"https:\/\/futbolhoy.co\/wp-content\/uploads\/2020\/01\/Carolina-Arias.jpg","datePublished":"2020-01-22T14:02:52+00:00","dateModified":"2020-01-23T12:42:24+00:00","breadcrumb":{"@id":"https:\/\/futbolhoy.co\/index.php\/2020\/01\/22\/atletico-de-madrid-tiene-nuevo-refuerzo-colombiana\/#breadcrumb"},"inLanguage":"es","potentialAction":[{"@type":"ReadAction","target":["https:\/\/futbolhoy.co\/index.php\/2020\/01\/22\/atletico-de-madrid-tiene-nuevo-refuerzo-colombiana\/"]}]},{"@type":"ImageObject","inLanguage":"es","@id":"https:\/\/futbolhoy.co\/index.php\/2020\/01\/22\/atletico-de-madrid-tiene-nuevo-refuerzo-colombiana\/#primaryimage","url":"https:\/\/futbolhoy.co\/wp-content\/uploads\/2020\/01\/Carolina-Arias.jpg","contentUrl":"https:\/\/futbolhoy.co\/wp-content\/uploads\/2020\/01\/Carolina-Arias.jpg","width":998,"height":601,"caption":"@AtletiFemenino"},{"@type":"BreadcrumbList","@id":"https:\/\/futbolhoy.co\/index.php\/2020\/01\/22\/atletico-de-madrid-tiene-nuevo-refuerzo-colombiana\/#breadcrumb","itemListElement":[{"@type":"ListItem","position":1,"name":"Portada","item":"https:\/\/futbolhoy.co\/"},{"@type":"ListItem","position":2,"name":"Atl\u00e9tico de Madrid tiene nuevo refuerzo colombiana"}]},{"@type":"WebSite","@id":"https:\/\/futbolhoy.co\/#website","url":"https:\/\/futbolhoy.co\/","name":"FutbolHoy","description":"","publisher":{"@id":"https:\/\/futbolhoy.co\/#organization"},"potentialAction":[{"@type":"SearchAction","target":{"@type":"EntryPoint","urlTemplate":"https:\/\/futbolhoy.co\/?s={search_term_string}"},"query-input":{"@type":"PropertyValueSpecification","valueRequired":true,"valueName":"search_term_string"}}],"inLanguage":"es"},{"@type":"Organization","@id":"https:\/\/futbolhoy.co\/#organization","name":"Futbolhoy.co","url":"https:\/\/futbolhoy.co\/","logo":{"@type":"ImageObject","inLanguage":"es","@id":"https:\/\/futbolhoy.co\/#\/schema\/logo\/image\/","url":"https:\/\/futbolhoy.co\/wp-content\/uploads\/2018\/08\/17426380_1906371736249227_6326180412931521141_n.jpg","contentUrl":"https:\/\/futbolhoy.co\/wp-content\/uploads\/2018\/08\/17426380_1906371736249227_6326180412931521141_n.jpg","width":960,"height":960,"caption":"Futbolhoy.co"},"image":{"@id":"https:\/\/futbolhoy.co\/#\/schema\/logo\/image\/"},"sameAs":["https:\/\/www.facebook.com\/FutbolHoyCol\/","https:\/\/x.com\/FutbolHoyCol","https:\/\/www.instagram.com\/futbolhoycol\/"]},{"@type":"Person","@id":"https:\/\/futbolhoy.co\/#\/schema\/person\/c4a353a512b127643723a34bb1812f7d","name":"Laura Hern\u00e1ndez","image":{"@type":"ImageObject","inLanguage":"es","@id":"https:\/\/futbolhoy.co\/#\/schema\/person\/image\/","url":"https:\/\/secure.gravatar.com\/avatar\/d25959a15b9b293a743f99181c7cfd01?s=96&d=mm&r=g","contentUrl":"https:\/\/secure.gravatar.com\/avatar\/d25959a15b9b293a743f99181c7cfd01?s=96&d=mm&r=g","caption":"Laura Hern\u00e1ndez"}}]}},"publishpress_future_action":{"enabled":false,"date":"2026-05-03 04:50:02","action":"change-status","newStatus":"draft","terms":[],"taxonomy":"category","extraData":[]},"publishpress_future_workflow_manual_trigger":{"enabledWorkflows":[]},"_links":{"self":[{"href":"https:\/\/futbolhoy.co\/index.php\/wp-json\/wp\/v2\/posts\/46271","targetHints":{"allow":["GET"]}}],"collection":[{"href":"https:\/\/futbolhoy.co\/index.php\/wp-json\/wp\/v2\/posts"}],"about":[{"href":"https:\/\/futbolhoy.co\/index.php\/wp-json\/wp\/v2\/types\/post"}],"author":[{"embeddable":true,"href":"https:\/\/futbolhoy.co\/index.php\/wp-json\/wp\/v2\/users\/5"}],"replies":[{"embeddable":true,"href":"https:\/\/futbolhoy.co\/index.php\/wp-json\/wp\/v2\/comments?post=46271"}],"version-history":[{"count":2,"href":"https:\/\/futbolhoy.co\/index.php\/wp-json\/wp\/v2\/posts\/46271\/revisions"}],"predecessor-version":[{"id":46276,"href":"https:\/\/futbolhoy.co\/index.php\/wp-json\/wp\/v2\/posts\/46271\/revisions\/46276"}],"wp:featuredmedia":[{"embeddable":true,"href":"https:\/\/futbolhoy.co\/index.php\/wp-json\/wp\/v2\/media\/46272"}],"wp:attachment":[{"href":"https:\/\/futbolhoy.co\/index.php\/wp-json\/wp\/v2\/media?parent=46271"}],"wp:term":[{"taxonomy":"category","embeddable":true,"href":"https:\/\/futbolhoy.co\/index.php\/wp-json\/wp\/v2\/categories?post=46271"},{"taxonomy":"post_tag","embeddable":true,"href":"https:\/\/futbolhoy.co\/index.php\/wp-json\/wp\/v2\/tags?post=46271"}],"curies":[{"name":"wp","href":"https:\/\/api.w.org\/{rel}","templated":true}]}}