{"id":46410,"date":"2020-01-23T10:32:13","date_gmt":"2020-01-23T15:32:13","guid":{"rendered":"https:\/\/futbolhoy.co\/?p=46410"},"modified":"2020-01-24T07:44:41","modified_gmt":"2020-01-24T12:44:41","slug":"roger-martinez-no-estara-con-america-en-2020-piojo-herrera","status":"publish","type":"post","link":"https:\/\/futbolhoy.co\/index.php\/2020\/01\/23\/roger-martinez-no-estara-con-america-en-2020-piojo-herrera\/","title":{"rendered":"Roger Mart\u00ednez no estar\u00e1 con Am\u00e9rica en 2020: \u2018Piojo\u2019 Herrera"},"content":{"rendered":"<p style=\"text-align: justify;\"><span style=\"font-family: helvetica, arial, sans-serif;\">El delantero cartagenero <strong>Roger Mart\u00ednez<\/strong> no est\u00e1 en los planes del <strong>Am\u00e9rica de M\u00e9xico<\/strong> para el 2020, confirm\u00f3 su t\u00e9cnico <strong>Miguel \u2018piojo\u2019 Herrera.<\/strong><\/span><\/p>\n<p style=\"text-align: justify;\"><span style=\"font-family: helvetica, arial, sans-serif;\">A\u00fan si el futbolista exprese su deseo de quedarse en el club, para Herrera no hay reversa en la decisi\u00f3n.<\/span><\/p>\n<p style=\"text-align: justify;\"><span style=\"font-family: helvetica, arial, sans-serif;\">\"Est\u00e1 entrenando a la par con nosotros, todo el tiempo, pero no va a ser tenido en cuenta porque en mi cabeza no est\u00e1 Roger. El que no quiere estar, no va a estar. Que se rompa el alma, que lo demuestre y si llegan por \u00e9l, le abrimos los brazos y que se vaya, como todos los que se han ido estos a\u00f1os\", dijo el entrenador al periodista mexicano <strong>Javier Alarc\u00f3n.<\/strong><\/span><\/p>\n<p style=\"text-align: justify;\"><span style=\"font-family: helvetica, arial, sans-serif;\">\"\u00c9l manifest\u00f3 que se quer\u00eda ir. No es un mal chavo, no est\u00e1 mal en el grupo. No tengo nada contra Roger, pero s\u00ed me molesta que alguien se quiera ir de una instituci\u00f3n buena. Lo agarr\u00e9 el torneo pasado y le dije 'est\u00e1 bien, puedo manifestar que tienes ganas de volver a Europa, pero r\u00f3mpela aqu\u00ed y despu\u00e9s va a venir todo el mundo, porque afortunadamente est\u00e1n viniendo a buscar jugadores del Am\u00e9rica'. Pero si \u00e9l manifiesta 'me quiero ir, me quiero ir y me quiero ir', entonces llega el momento que el Patr\u00f3n dice que se vaya\", puntualiz\u00f3.<\/span><\/p>\n","protected":false},"excerpt":{"rendered":"<p>El delantero cartagenero Roger Mart\u00ednez no est\u00e1 en los planes del Am\u00e9rica de M\u00e9xico para el 2020, confirm\u00f3 su t\u00e9cnico Miguel \u2018piojo\u2019 Herrera. A\u00fan si el futbolista exprese su deseo de quedarse en el club, para Herrera no hay reversa en la decisi\u00f3n. \"Est\u00e1 entrenando a la par con nosotros, todo el tiempo, pero no [&hellip;]<\/p>\n","protected":false},"author":5,"featured_media":21751,"comment_status":"open","ping_status":"open","sticky":false,"template":"","format":"standard","meta":{"_acf_changed":false,"footnotes":""},"categories":[418],"tags":[86,1748,554],"class_list":{"0":"post-46410","1":"post","2":"type-post","3":"status-publish","4":"format-standard","5":"has-post-thumbnail","7":"category-colombia","8":"tag-america-de-mexico","9":"tag-miguel-herrera","10":"tag-roger-martinez"},"acf":[],"yoast_head":"<!-- This site is optimized with the Yoast SEO plugin v26.8 - https:\/\/yoast.com\/product\/yoast-seo-wordpress\/ -->\n<title>Roger Mart\u00ednez no estar\u00e1 con Am\u00e9rica en 2020: \u2018Piojo\u2019 Herrera -<\/title>\n<meta name=\"robots\" content=\"index, follow, max-snippet:-1, max-image-preview:large, max-video-preview:-1\" \/>\n<link rel=\"canonical\" href=\"https:\/\/futbolhoy.co\/index.php\/2020\/01\/23\/roger-martinez-no-estara-con-america-en-2020-piojo-herrera\/\" \/>\n<meta property=\"og:locale\" content=\"es_ES\" \/>\n<meta property=\"og:type\" content=\"article\" \/>\n<meta property=\"og:title\" content=\"Roger Mart\u00ednez no estar\u00e1 con Am\u00e9rica en 2020: \u2018Piojo\u2019 Herrera -\" \/>\n<meta property=\"og:description\" content=\"El delantero cartagenero Roger Mart\u00ednez no est\u00e1 en los planes del Am\u00e9rica de M\u00e9xico para el 2020, confirm\u00f3 su t\u00e9cnico Miguel \u2018piojo\u2019 Herrera. A\u00fan si el futbolista exprese su deseo de quedarse en el club, para Herrera no hay reversa en la decisi\u00f3n. &quot;Est\u00e1 entrenando a la par con nosotros, todo el tiempo, pero no [&hellip;]\" \/>\n<meta property=\"og:url\" content=\"https:\/\/futbolhoy.co\/index.php\/2020\/01\/23\/roger-martinez-no-estara-con-america-en-2020-piojo-herrera\/\" \/>\n<meta property=\"article:publisher\" content=\"https:\/\/www.facebook.com\/FutbolHoyCol\/\" \/>\n<meta property=\"article:published_time\" content=\"2020-01-23T15:32:13+00:00\" \/>\n<meta property=\"article:modified_time\" content=\"2020-01-24T12:44:41+00:00\" \/>\n<meta property=\"og:image\" content=\"https:\/\/futbolhoy.co\/wp-content\/uploads\/2018\/07\/roger.jpg\" \/>\n\t<meta property=\"og:image:width\" content=\"603\" \/>\n\t<meta property=\"og:image:height\" content=\"450\" \/>\n\t<meta property=\"og:image:type\" content=\"image\/jpeg\" \/>\n<meta name=\"author\" content=\"Laura Hern\u00e1ndez\" \/>\n<meta name=\"twitter:card\" content=\"summary_large_image\" \/>\n<meta name=\"twitter:creator\" content=\"@FutbolHoyCol\" \/>\n<meta name=\"twitter:site\" content=\"@FutbolHoyCol\" \/>\n<meta name=\"twitter:label1\" content=\"Escrito por\" \/>\n\t<meta name=\"twitter:data1\" content=\"Laura Hern\u00e1ndez\" \/>\n\t<meta name=\"twitter:label2\" content=\"Tiempo de lectura\" \/>\n\t<meta name=\"twitter:data2\" content=\"1 minuto\" \/>\n<script type=\"application\/ld+json\" class=\"yoast-schema-graph\">{\"@context\":\"https:\/\/schema.org\",\"@graph\":[{\"@type\":\"Article\",\"@id\":\"https:\/\/futbolhoy.co\/index.php\/2020\/01\/23\/roger-martinez-no-estara-con-america-en-2020-piojo-herrera\/#article\",\"isPartOf\":{\"@id\":\"https:\/\/futbolhoy.co\/index.php\/2020\/01\/23\/roger-martinez-no-estara-con-america-en-2020-piojo-herrera\/\"},\"author\":{\"name\":\"Laura Hern\u00e1ndez\",\"@id\":\"https:\/\/futbolhoy.co\/#\/schema\/person\/c4a353a512b127643723a34bb1812f7d\"},\"headline\":\"Roger Mart\u00ednez no estar\u00e1 con Am\u00e9rica en 2020: \u2018Piojo\u2019 Herrera\",\"datePublished\":\"2020-01-23T15:32:13+00:00\",\"dateModified\":\"2020-01-24T12:44:41+00:00\",\"mainEntityOfPage\":{\"@id\":\"https:\/\/futbolhoy.co\/index.php\/2020\/01\/23\/roger-martinez-no-estara-con-america-en-2020-piojo-herrera\/\"},\"wordCount\":240,\"commentCount\":0,\"publisher\":{\"@id\":\"https:\/\/futbolhoy.co\/#organization\"},\"image\":{\"@id\":\"https:\/\/futbolhoy.co\/index.php\/2020\/01\/23\/roger-martinez-no-estara-con-america-en-2020-piojo-herrera\/#primaryimage\"},\"thumbnailUrl\":\"https:\/\/futbolhoy.co\/wp-content\/uploads\/2018\/07\/roger.jpg\",\"keywords\":[\"Am\u00e9rica de M\u00e9xico\",\"Miguel Herrera\",\"Roger Martinez\"],\"articleSection\":[\"Colombia\"],\"inLanguage\":\"es\",\"potentialAction\":[{\"@type\":\"CommentAction\",\"name\":\"Comment\",\"target\":[\"https:\/\/futbolhoy.co\/index.php\/2020\/01\/23\/roger-martinez-no-estara-con-america-en-2020-piojo-herrera\/#respond\"]}]},{\"@type\":\"WebPage\",\"@id\":\"https:\/\/futbolhoy.co\/index.php\/2020\/01\/23\/roger-martinez-no-estara-con-america-en-2020-piojo-herrera\/\",\"url\":\"https:\/\/futbolhoy.co\/index.php\/2020\/01\/23\/roger-martinez-no-estara-con-america-en-2020-piojo-herrera\/\",\"name\":\"Roger Mart\u00ednez no estar\u00e1 con Am\u00e9rica en 2020: \u2018Piojo\u2019 Herrera -\",\"isPartOf\":{\"@id\":\"https:\/\/futbolhoy.co\/#website\"},\"primaryImageOfPage\":{\"@id\":\"https:\/\/futbolhoy.co\/index.php\/2020\/01\/23\/roger-martinez-no-estara-con-america-en-2020-piojo-herrera\/#primaryimage\"},\"image\":{\"@id\":\"https:\/\/futbolhoy.co\/index.php\/2020\/01\/23\/roger-martinez-no-estara-con-america-en-2020-piojo-herrera\/#primaryimage\"},\"thumbnailUrl\":\"https:\/\/futbolhoy.co\/wp-content\/uploads\/2018\/07\/roger.jpg\",\"datePublished\":\"2020-01-23T15:32:13+00:00\",\"dateModified\":\"2020-01-24T12:44:41+00:00\",\"breadcrumb\":{\"@id\":\"https:\/\/futbolhoy.co\/index.php\/2020\/01\/23\/roger-martinez-no-estara-con-america-en-2020-piojo-herrera\/#breadcrumb\"},\"inLanguage\":\"es\",\"potentialAction\":[{\"@type\":\"ReadAction\",\"target\":[\"https:\/\/futbolhoy.co\/index.php\/2020\/01\/23\/roger-martinez-no-estara-con-america-en-2020-piojo-herrera\/\"]}]},{\"@type\":\"ImageObject\",\"inLanguage\":\"es\",\"@id\":\"https:\/\/futbolhoy.co\/index.php\/2020\/01\/23\/roger-martinez-no-estara-con-america-en-2020-piojo-herrera\/#primaryimage\",\"url\":\"https:\/\/futbolhoy.co\/wp-content\/uploads\/2018\/07\/roger.jpg\",\"contentUrl\":\"https:\/\/futbolhoy.co\/wp-content\/uploads\/2018\/07\/roger.jpg\",\"width\":603,\"height\":450,\"caption\":\"Twitter @rogermartinezt9\"},{\"@type\":\"BreadcrumbList\",\"@id\":\"https:\/\/futbolhoy.co\/index.php\/2020\/01\/23\/roger-martinez-no-estara-con-america-en-2020-piojo-herrera\/#breadcrumb\",\"itemListElement\":[{\"@type\":\"ListItem\",\"position\":1,\"name\":\"Portada\",\"item\":\"https:\/\/futbolhoy.co\/\"},{\"@type\":\"ListItem\",\"position\":2,\"name\":\"Roger Mart\u00ednez no estar\u00e1 con Am\u00e9rica en 2020: \u2018Piojo\u2019 Herrera\"}]},{\"@type\":\"WebSite\",\"@id\":\"https:\/\/futbolhoy.co\/#website\",\"url\":\"https:\/\/futbolhoy.co\/\",\"name\":\"FutbolHoy\",\"description\":\"\",\"publisher\":{\"@id\":\"https:\/\/futbolhoy.co\/#organization\"},\"potentialAction\":[{\"@type\":\"SearchAction\",\"target\":{\"@type\":\"EntryPoint\",\"urlTemplate\":\"https:\/\/futbolhoy.co\/?s={search_term_string}\"},\"query-input\":{\"@type\":\"PropertyValueSpecification\",\"valueRequired\":true,\"valueName\":\"search_term_string\"}}],\"inLanguage\":\"es\"},{\"@type\":\"Organization\",\"@id\":\"https:\/\/futbolhoy.co\/#organization\",\"name\":\"Futbolhoy.co\",\"url\":\"https:\/\/futbolhoy.co\/\",\"logo\":{\"@type\":\"ImageObject\",\"inLanguage\":\"es\",\"@id\":\"https:\/\/futbolhoy.co\/#\/schema\/logo\/image\/\",\"url\":\"https:\/\/futbolhoy.co\/wp-content\/uploads\/2018\/08\/17426380_1906371736249227_6326180412931521141_n.jpg\",\"contentUrl\":\"https:\/\/futbolhoy.co\/wp-content\/uploads\/2018\/08\/17426380_1906371736249227_6326180412931521141_n.jpg\",\"width\":960,\"height\":960,\"caption\":\"Futbolhoy.co\"},\"image\":{\"@id\":\"https:\/\/futbolhoy.co\/#\/schema\/logo\/image\/\"},\"sameAs\":[\"https:\/\/www.facebook.com\/FutbolHoyCol\/\",\"https:\/\/x.com\/FutbolHoyCol\",\"https:\/\/www.instagram.com\/futbolhoycol\/\"]},{\"@type\":\"Person\",\"@id\":\"https:\/\/futbolhoy.co\/#\/schema\/person\/c4a353a512b127643723a34bb1812f7d\",\"name\":\"Laura Hern\u00e1ndez\",\"image\":{\"@type\":\"ImageObject\",\"inLanguage\":\"es\",\"@id\":\"https:\/\/futbolhoy.co\/#\/schema\/person\/image\/\",\"url\":\"https:\/\/secure.gravatar.com\/avatar\/d25959a15b9b293a743f99181c7cfd01?s=96&d=mm&r=g\",\"contentUrl\":\"https:\/\/secure.gravatar.com\/avatar\/d25959a15b9b293a743f99181c7cfd01?s=96&d=mm&r=g\",\"caption\":\"Laura Hern\u00e1ndez\"}}]}<\/script>\n<!-- \/ Yoast SEO plugin. -->","yoast_head_json":{"title":"Roger Mart\u00ednez no estar\u00e1 con Am\u00e9rica en 2020: \u2018Piojo\u2019 Herrera -","robots":{"index":"index","follow":"follow","max-snippet":"max-snippet:-1","max-image-preview":"max-image-preview:large","max-video-preview":"max-video-preview:-1"},"canonical":"https:\/\/futbolhoy.co\/index.php\/2020\/01\/23\/roger-martinez-no-estara-con-america-en-2020-piojo-herrera\/","og_locale":"es_ES","og_type":"article","og_title":"Roger Mart\u00ednez no estar\u00e1 con Am\u00e9rica en 2020: \u2018Piojo\u2019 Herrera -","og_description":"El delantero cartagenero Roger Mart\u00ednez no est\u00e1 en los planes del Am\u00e9rica de M\u00e9xico para el 2020, confirm\u00f3 su t\u00e9cnico Miguel \u2018piojo\u2019 Herrera. A\u00fan si el futbolista exprese su deseo de quedarse en el club, para Herrera no hay reversa en la decisi\u00f3n. \"Est\u00e1 entrenando a la par con nosotros, todo el tiempo, pero no [&hellip;]","og_url":"https:\/\/futbolhoy.co\/index.php\/2020\/01\/23\/roger-martinez-no-estara-con-america-en-2020-piojo-herrera\/","article_publisher":"https:\/\/www.facebook.com\/FutbolHoyCol\/","article_published_time":"2020-01-23T15:32:13+00:00","article_modified_time":"2020-01-24T12:44:41+00:00","og_image":[{"width":603,"height":450,"url":"https:\/\/futbolhoy.co\/wp-content\/uploads\/2018\/07\/roger.jpg","type":"image\/jpeg"}],"author":"Laura Hern\u00e1ndez","twitter_card":"summary_large_image","twitter_creator":"@FutbolHoyCol","twitter_site":"@FutbolHoyCol","twitter_misc":{"Escrito por":"Laura Hern\u00e1ndez","Tiempo de lectura":"1 minuto"},"schema":{"@context":"https:\/\/schema.org","@graph":[{"@type":"Article","@id":"https:\/\/futbolhoy.co\/index.php\/2020\/01\/23\/roger-martinez-no-estara-con-america-en-2020-piojo-herrera\/#article","isPartOf":{"@id":"https:\/\/futbolhoy.co\/index.php\/2020\/01\/23\/roger-martinez-no-estara-con-america-en-2020-piojo-herrera\/"},"author":{"name":"Laura Hern\u00e1ndez","@id":"https:\/\/futbolhoy.co\/#\/schema\/person\/c4a353a512b127643723a34bb1812f7d"},"headline":"Roger Mart\u00ednez no estar\u00e1 con Am\u00e9rica en 2020: \u2018Piojo\u2019 Herrera","datePublished":"2020-01-23T15:32:13+00:00","dateModified":"2020-01-24T12:44:41+00:00","mainEntityOfPage":{"@id":"https:\/\/futbolhoy.co\/index.php\/2020\/01\/23\/roger-martinez-no-estara-con-america-en-2020-piojo-herrera\/"},"wordCount":240,"commentCount":0,"publisher":{"@id":"https:\/\/futbolhoy.co\/#organization"},"image":{"@id":"https:\/\/futbolhoy.co\/index.php\/2020\/01\/23\/roger-martinez-no-estara-con-america-en-2020-piojo-herrera\/#primaryimage"},"thumbnailUrl":"https:\/\/futbolhoy.co\/wp-content\/uploads\/2018\/07\/roger.jpg","keywords":["Am\u00e9rica de M\u00e9xico","Miguel Herrera","Roger Martinez"],"articleSection":["Colombia"],"inLanguage":"es","potentialAction":[{"@type":"CommentAction","name":"Comment","target":["https:\/\/futbolhoy.co\/index.php\/2020\/01\/23\/roger-martinez-no-estara-con-america-en-2020-piojo-herrera\/#respond"]}]},{"@type":"WebPage","@id":"https:\/\/futbolhoy.co\/index.php\/2020\/01\/23\/roger-martinez-no-estara-con-america-en-2020-piojo-herrera\/","url":"https:\/\/futbolhoy.co\/index.php\/2020\/01\/23\/roger-martinez-no-estara-con-america-en-2020-piojo-herrera\/","name":"Roger Mart\u00ednez no estar\u00e1 con Am\u00e9rica en 2020: \u2018Piojo\u2019 Herrera -","isPartOf":{"@id":"https:\/\/futbolhoy.co\/#website"},"primaryImageOfPage":{"@id":"https:\/\/futbolhoy.co\/index.php\/2020\/01\/23\/roger-martinez-no-estara-con-america-en-2020-piojo-herrera\/#primaryimage"},"image":{"@id":"https:\/\/futbolhoy.co\/index.php\/2020\/01\/23\/roger-martinez-no-estara-con-america-en-2020-piojo-herrera\/#primaryimage"},"thumbnailUrl":"https:\/\/futbolhoy.co\/wp-content\/uploads\/2018\/07\/roger.jpg","datePublished":"2020-01-23T15:32:13+00:00","dateModified":"2020-01-24T12:44:41+00:00","breadcrumb":{"@id":"https:\/\/futbolhoy.co\/index.php\/2020\/01\/23\/roger-martinez-no-estara-con-america-en-2020-piojo-herrera\/#breadcrumb"},"inLanguage":"es","potentialAction":[{"@type":"ReadAction","target":["https:\/\/futbolhoy.co\/index.php\/2020\/01\/23\/roger-martinez-no-estara-con-america-en-2020-piojo-herrera\/"]}]},{"@type":"ImageObject","inLanguage":"es","@id":"https:\/\/futbolhoy.co\/index.php\/2020\/01\/23\/roger-martinez-no-estara-con-america-en-2020-piojo-herrera\/#primaryimage","url":"https:\/\/futbolhoy.co\/wp-content\/uploads\/2018\/07\/roger.jpg","contentUrl":"https:\/\/futbolhoy.co\/wp-content\/uploads\/2018\/07\/roger.jpg","width":603,"height":450,"caption":"Twitter @rogermartinezt9"},{"@type":"BreadcrumbList","@id":"https:\/\/futbolhoy.co\/index.php\/2020\/01\/23\/roger-martinez-no-estara-con-america-en-2020-piojo-herrera\/#breadcrumb","itemListElement":[{"@type":"ListItem","position":1,"name":"Portada","item":"https:\/\/futbolhoy.co\/"},{"@type":"ListItem","position":2,"name":"Roger Mart\u00ednez no estar\u00e1 con Am\u00e9rica en 2020: \u2018Piojo\u2019 Herrera"}]},{"@type":"WebSite","@id":"https:\/\/futbolhoy.co\/#website","url":"https:\/\/futbolhoy.co\/","name":"FutbolHoy","description":"","publisher":{"@id":"https:\/\/futbolhoy.co\/#organization"},"potentialAction":[{"@type":"SearchAction","target":{"@type":"EntryPoint","urlTemplate":"https:\/\/futbolhoy.co\/?s={search_term_string}"},"query-input":{"@type":"PropertyValueSpecification","valueRequired":true,"valueName":"search_term_string"}}],"inLanguage":"es"},{"@type":"Organization","@id":"https:\/\/futbolhoy.co\/#organization","name":"Futbolhoy.co","url":"https:\/\/futbolhoy.co\/","logo":{"@type":"ImageObject","inLanguage":"es","@id":"https:\/\/futbolhoy.co\/#\/schema\/logo\/image\/","url":"https:\/\/futbolhoy.co\/wp-content\/uploads\/2018\/08\/17426380_1906371736249227_6326180412931521141_n.jpg","contentUrl":"https:\/\/futbolhoy.co\/wp-content\/uploads\/2018\/08\/17426380_1906371736249227_6326180412931521141_n.jpg","width":960,"height":960,"caption":"Futbolhoy.co"},"image":{"@id":"https:\/\/futbolhoy.co\/#\/schema\/logo\/image\/"},"sameAs":["https:\/\/www.facebook.com\/FutbolHoyCol\/","https:\/\/x.com\/FutbolHoyCol","https:\/\/www.instagram.com\/futbolhoycol\/"]},{"@type":"Person","@id":"https:\/\/futbolhoy.co\/#\/schema\/person\/c4a353a512b127643723a34bb1812f7d","name":"Laura Hern\u00e1ndez","image":{"@type":"ImageObject","inLanguage":"es","@id":"https:\/\/futbolhoy.co\/#\/schema\/person\/image\/","url":"https:\/\/secure.gravatar.com\/avatar\/d25959a15b9b293a743f99181c7cfd01?s=96&d=mm&r=g","contentUrl":"https:\/\/secure.gravatar.com\/avatar\/d25959a15b9b293a743f99181c7cfd01?s=96&d=mm&r=g","caption":"Laura Hern\u00e1ndez"}}]}},"publishpress_future_action":{"enabled":false,"date":"2026-05-03 00:52:41","action":"change-status","newStatus":"draft","terms":[],"taxonomy":"category","extraData":[]},"publishpress_future_workflow_manual_trigger":{"enabledWorkflows":[]},"_links":{"self":[{"href":"https:\/\/futbolhoy.co\/index.php\/wp-json\/wp\/v2\/posts\/46410","targetHints":{"allow":["GET"]}}],"collection":[{"href":"https:\/\/futbolhoy.co\/index.php\/wp-json\/wp\/v2\/posts"}],"about":[{"href":"https:\/\/futbolhoy.co\/index.php\/wp-json\/wp\/v2\/types\/post"}],"author":[{"embeddable":true,"href":"https:\/\/futbolhoy.co\/index.php\/wp-json\/wp\/v2\/users\/5"}],"replies":[{"embeddable":true,"href":"https:\/\/futbolhoy.co\/index.php\/wp-json\/wp\/v2\/comments?post=46410"}],"version-history":[{"count":1,"href":"https:\/\/futbolhoy.co\/index.php\/wp-json\/wp\/v2\/posts\/46410\/revisions"}],"predecessor-version":[{"id":46411,"href":"https:\/\/futbolhoy.co\/index.php\/wp-json\/wp\/v2\/posts\/46410\/revisions\/46411"}],"wp:featuredmedia":[{"embeddable":true,"href":"https:\/\/futbolhoy.co\/index.php\/wp-json\/wp\/v2\/media\/21751"}],"wp:attachment":[{"href":"https:\/\/futbolhoy.co\/index.php\/wp-json\/wp\/v2\/media?parent=46410"}],"wp:term":[{"taxonomy":"category","embeddable":true,"href":"https:\/\/futbolhoy.co\/index.php\/wp-json\/wp\/v2\/categories?post=46410"},{"taxonomy":"post_tag","embeddable":true,"href":"https:\/\/futbolhoy.co\/index.php\/wp-json\/wp\/v2\/tags?post=46410"}],"curies":[{"name":"wp","href":"https:\/\/api.w.org\/{rel}","templated":true}]}}