{"id":46685,"date":"2020-01-28T08:41:01","date_gmt":"2020-01-28T13:41:01","guid":{"rendered":"https:\/\/futbolhoy.co\/?p=46685"},"modified":"2020-01-29T11:46:29","modified_gmt":"2020-01-29T16:46:29","slug":"falcao-inicio-tratamiento","status":"publish","type":"post","link":"https:\/\/futbolhoy.co\/index.php\/2020\/01\/28\/falcao-inicio-tratamiento\/","title":{"rendered":"Falcao inici\u00f3 tratamiento"},"content":{"rendered":"<p style=\"text-align: justify;\"><span lang=\"ES\" style=\"font-family: helvetica, arial, sans-serif;\">El delantero colombiano\u00a0<b>Falcao Garc\u00eda<\/b>\u00a0inici\u00f3 el tratamiento de recuperaci\u00f3n para la molestia muscular que sufri\u00f3 durante el m\u00e1s reciente partido del Galatasaray en la\u00a0<b>Superliga<\/b>\u00a0turca en el que golearon 3-0 al\u00a0<b>Konyaspor<\/b>, donde el \u2018Tigre\u2019 marc\u00f3 la primera anotaci\u00f3n, pero debi\u00f3 abandonar el compromiso a los 58 minutos.<\/span><\/p>\n<p style=\"text-align: justify;\"><span lang=\"ES\" style=\"font-family: helvetica, arial, sans-serif;\">\u201cSe detect\u00f3 una tensi\u00f3n moderada y sangrado en el grupo muscular del muslo derecho de\u00a0<b>Marcelo Saracchi<\/b>\u00a0y\u00a0<b>Radamel Falcao<\/b>, que no pudo continuar disputando el partido de la Super Liga contra el Konyaspor y debi\u00f3 someterse a ex\u00e1menes en el Hospital\u00a0<b>Ulus Liv<\/b>\u201d, se\u00f1ala el escueto comunicado del club.<\/span><\/p>\n<p style=\"text-align: justify;\"><span style=\"font-family: helvetica, arial, sans-serif;\"><b><span lang=\"ES\">Falcao<\/span><\/b><span lang=\"ES\">\u00a0hab\u00eda se\u00f1alado, al t\u00e9rmino del compromiso, que hab\u00eda abandonado el terreno de juego por precauci\u00f3n al sentir una peque\u00f1a molestia; pero ahora se desconoce el tiempo que de inactividad que tendr\u00e1.<\/span><\/span><\/p>\n<p style=\"text-align: justify;\"><span lang=\"ES\" style=\"font-family: helvetica, arial, sans-serif;\">El atacante nacional ha marcado 7 goles en 17 partidos disputados con el\u00a0<b>Galatasaray<\/b>\u00a0desde su llegada en el mercado de verano 2019.<\/span><\/p>\n","protected":false},"excerpt":{"rendered":"<p>El delantero colombiano\u00a0Falcao Garc\u00eda\u00a0inici\u00f3 el tratamiento de recuperaci\u00f3n para la molestia muscular que sufri\u00f3 durante el m\u00e1s reciente partido del Galatasaray en la\u00a0Superliga\u00a0turca en el que golearon 3-0 al\u00a0Konyaspor, donde el \u2018Tigre\u2019 marc\u00f3 la primera anotaci\u00f3n, pero debi\u00f3 abandonar el compromiso a los 58 minutos. \u201cSe detect\u00f3 una tensi\u00f3n moderada y sangrado en el grupo [&hellip;]<\/p>\n","protected":false},"author":5,"featured_media":46687,"comment_status":"open","ping_status":"open","sticky":false,"template":"","format":"standard","meta":{"_acf_changed":false,"footnotes":""},"categories":[418],"tags":[141,1114],"class_list":{"0":"post-46685","1":"post","2":"type-post","3":"status-publish","4":"format-standard","5":"has-post-thumbnail","7":"category-colombia","8":"tag-falcao-garcia","9":"tag-galatasaray"},"acf":[],"yoast_head":"<!-- This site is optimized with the Yoast SEO plugin v26.8 - https:\/\/yoast.com\/product\/yoast-seo-wordpress\/ -->\n<title>Falcao inici\u00f3 tratamiento -<\/title>\n<meta name=\"robots\" content=\"index, follow, max-snippet:-1, max-image-preview:large, max-video-preview:-1\" \/>\n<link rel=\"canonical\" href=\"https:\/\/futbolhoy.co\/index.php\/2020\/01\/28\/falcao-inicio-tratamiento\/\" \/>\n<meta property=\"og:locale\" content=\"es_ES\" \/>\n<meta property=\"og:type\" content=\"article\" \/>\n<meta property=\"og:title\" content=\"Falcao inici\u00f3 tratamiento -\" \/>\n<meta property=\"og:description\" content=\"El delantero colombiano\u00a0Falcao Garc\u00eda\u00a0inici\u00f3 el tratamiento de recuperaci\u00f3n para la molestia muscular que sufri\u00f3 durante el m\u00e1s reciente partido del Galatasaray en la\u00a0Superliga\u00a0turca en el que golearon 3-0 al\u00a0Konyaspor, donde el \u2018Tigre\u2019 marc\u00f3 la primera anotaci\u00f3n, pero debi\u00f3 abandonar el compromiso a los 58 minutos. \u201cSe detect\u00f3 una tensi\u00f3n moderada y sangrado en el grupo [&hellip;]\" \/>\n<meta property=\"og:url\" content=\"https:\/\/futbolhoy.co\/index.php\/2020\/01\/28\/falcao-inicio-tratamiento\/\" \/>\n<meta property=\"article:publisher\" content=\"https:\/\/www.facebook.com\/FutbolHoyCol\/\" \/>\n<meta property=\"article:published_time\" content=\"2020-01-28T13:41:01+00:00\" \/>\n<meta property=\"article:modified_time\" content=\"2020-01-29T16:46:29+00:00\" \/>\n<meta property=\"og:image\" content=\"https:\/\/futbolhoy.co\/wp-content\/uploads\/2020\/01\/IMG_20200128_084005.jpg\" \/>\n\t<meta property=\"og:image:width\" content=\"1592\" \/>\n\t<meta property=\"og:image:height\" content=\"1600\" \/>\n\t<meta property=\"og:image:type\" content=\"image\/jpeg\" \/>\n<meta name=\"author\" content=\"Laura Hern\u00e1ndez\" \/>\n<meta name=\"twitter:card\" content=\"summary_large_image\" \/>\n<meta name=\"twitter:creator\" content=\"@FutbolHoyCol\" \/>\n<meta name=\"twitter:site\" content=\"@FutbolHoyCol\" \/>\n<meta name=\"twitter:label1\" content=\"Escrito por\" \/>\n\t<meta name=\"twitter:data1\" content=\"Laura Hern\u00e1ndez\" \/>\n\t<meta name=\"twitter:label2\" content=\"Tiempo de lectura\" \/>\n\t<meta name=\"twitter:data2\" content=\"1 minuto\" \/>\n<script type=\"application\/ld+json\" class=\"yoast-schema-graph\">{\"@context\":\"https:\/\/schema.org\",\"@graph\":[{\"@type\":\"Article\",\"@id\":\"https:\/\/futbolhoy.co\/index.php\/2020\/01\/28\/falcao-inicio-tratamiento\/#article\",\"isPartOf\":{\"@id\":\"https:\/\/futbolhoy.co\/index.php\/2020\/01\/28\/falcao-inicio-tratamiento\/\"},\"author\":{\"name\":\"Laura Hern\u00e1ndez\",\"@id\":\"https:\/\/futbolhoy.co\/#\/schema\/person\/c4a353a512b127643723a34bb1812f7d\"},\"headline\":\"Falcao inici\u00f3 tratamiento\",\"datePublished\":\"2020-01-28T13:41:01+00:00\",\"dateModified\":\"2020-01-29T16:46:29+00:00\",\"mainEntityOfPage\":{\"@id\":\"https:\/\/futbolhoy.co\/index.php\/2020\/01\/28\/falcao-inicio-tratamiento\/\"},\"wordCount\":167,\"commentCount\":0,\"publisher\":{\"@id\":\"https:\/\/futbolhoy.co\/#organization\"},\"image\":{\"@id\":\"https:\/\/futbolhoy.co\/index.php\/2020\/01\/28\/falcao-inicio-tratamiento\/#primaryimage\"},\"thumbnailUrl\":\"https:\/\/futbolhoy.co\/wp-content\/uploads\/2020\/01\/IMG_20200128_084005.jpg\",\"keywords\":[\"Falcao Garc\u00eda\",\"Galatasaray\"],\"articleSection\":[\"Colombia\"],\"inLanguage\":\"es\",\"potentialAction\":[{\"@type\":\"CommentAction\",\"name\":\"Comment\",\"target\":[\"https:\/\/futbolhoy.co\/index.php\/2020\/01\/28\/falcao-inicio-tratamiento\/#respond\"]}]},{\"@type\":\"WebPage\",\"@id\":\"https:\/\/futbolhoy.co\/index.php\/2020\/01\/28\/falcao-inicio-tratamiento\/\",\"url\":\"https:\/\/futbolhoy.co\/index.php\/2020\/01\/28\/falcao-inicio-tratamiento\/\",\"name\":\"Falcao inici\u00f3 tratamiento -\",\"isPartOf\":{\"@id\":\"https:\/\/futbolhoy.co\/#website\"},\"primaryImageOfPage\":{\"@id\":\"https:\/\/futbolhoy.co\/index.php\/2020\/01\/28\/falcao-inicio-tratamiento\/#primaryimage\"},\"image\":{\"@id\":\"https:\/\/futbolhoy.co\/index.php\/2020\/01\/28\/falcao-inicio-tratamiento\/#primaryimage\"},\"thumbnailUrl\":\"https:\/\/futbolhoy.co\/wp-content\/uploads\/2020\/01\/IMG_20200128_084005.jpg\",\"datePublished\":\"2020-01-28T13:41:01+00:00\",\"dateModified\":\"2020-01-29T16:46:29+00:00\",\"breadcrumb\":{\"@id\":\"https:\/\/futbolhoy.co\/index.php\/2020\/01\/28\/falcao-inicio-tratamiento\/#breadcrumb\"},\"inLanguage\":\"es\",\"potentialAction\":[{\"@type\":\"ReadAction\",\"target\":[\"https:\/\/futbolhoy.co\/index.php\/2020\/01\/28\/falcao-inicio-tratamiento\/\"]}]},{\"@type\":\"ImageObject\",\"inLanguage\":\"es\",\"@id\":\"https:\/\/futbolhoy.co\/index.php\/2020\/01\/28\/falcao-inicio-tratamiento\/#primaryimage\",\"url\":\"https:\/\/futbolhoy.co\/wp-content\/uploads\/2020\/01\/IMG_20200128_084005.jpg\",\"contentUrl\":\"https:\/\/futbolhoy.co\/wp-content\/uploads\/2020\/01\/IMG_20200128_084005.jpg\",\"width\":1592,\"height\":1600},{\"@type\":\"BreadcrumbList\",\"@id\":\"https:\/\/futbolhoy.co\/index.php\/2020\/01\/28\/falcao-inicio-tratamiento\/#breadcrumb\",\"itemListElement\":[{\"@type\":\"ListItem\",\"position\":1,\"name\":\"Portada\",\"item\":\"https:\/\/futbolhoy.co\/\"},{\"@type\":\"ListItem\",\"position\":2,\"name\":\"Falcao inici\u00f3 tratamiento\"}]},{\"@type\":\"WebSite\",\"@id\":\"https:\/\/futbolhoy.co\/#website\",\"url\":\"https:\/\/futbolhoy.co\/\",\"name\":\"FutbolHoy\",\"description\":\"\",\"publisher\":{\"@id\":\"https:\/\/futbolhoy.co\/#organization\"},\"potentialAction\":[{\"@type\":\"SearchAction\",\"target\":{\"@type\":\"EntryPoint\",\"urlTemplate\":\"https:\/\/futbolhoy.co\/?s={search_term_string}\"},\"query-input\":{\"@type\":\"PropertyValueSpecification\",\"valueRequired\":true,\"valueName\":\"search_term_string\"}}],\"inLanguage\":\"es\"},{\"@type\":\"Organization\",\"@id\":\"https:\/\/futbolhoy.co\/#organization\",\"name\":\"Futbolhoy.co\",\"url\":\"https:\/\/futbolhoy.co\/\",\"logo\":{\"@type\":\"ImageObject\",\"inLanguage\":\"es\",\"@id\":\"https:\/\/futbolhoy.co\/#\/schema\/logo\/image\/\",\"url\":\"https:\/\/futbolhoy.co\/wp-content\/uploads\/2018\/08\/17426380_1906371736249227_6326180412931521141_n.jpg\",\"contentUrl\":\"https:\/\/futbolhoy.co\/wp-content\/uploads\/2018\/08\/17426380_1906371736249227_6326180412931521141_n.jpg\",\"width\":960,\"height\":960,\"caption\":\"Futbolhoy.co\"},\"image\":{\"@id\":\"https:\/\/futbolhoy.co\/#\/schema\/logo\/image\/\"},\"sameAs\":[\"https:\/\/www.facebook.com\/FutbolHoyCol\/\",\"https:\/\/x.com\/FutbolHoyCol\",\"https:\/\/www.instagram.com\/futbolhoycol\/\"]},{\"@type\":\"Person\",\"@id\":\"https:\/\/futbolhoy.co\/#\/schema\/person\/c4a353a512b127643723a34bb1812f7d\",\"name\":\"Laura Hern\u00e1ndez\",\"image\":{\"@type\":\"ImageObject\",\"inLanguage\":\"es\",\"@id\":\"https:\/\/futbolhoy.co\/#\/schema\/person\/image\/\",\"url\":\"https:\/\/secure.gravatar.com\/avatar\/d25959a15b9b293a743f99181c7cfd01?s=96&d=mm&r=g\",\"contentUrl\":\"https:\/\/secure.gravatar.com\/avatar\/d25959a15b9b293a743f99181c7cfd01?s=96&d=mm&r=g\",\"caption\":\"Laura Hern\u00e1ndez\"}}]}<\/script>\n<!-- \/ Yoast SEO plugin. -->","yoast_head_json":{"title":"Falcao inici\u00f3 tratamiento -","robots":{"index":"index","follow":"follow","max-snippet":"max-snippet:-1","max-image-preview":"max-image-preview:large","max-video-preview":"max-video-preview:-1"},"canonical":"https:\/\/futbolhoy.co\/index.php\/2020\/01\/28\/falcao-inicio-tratamiento\/","og_locale":"es_ES","og_type":"article","og_title":"Falcao inici\u00f3 tratamiento -","og_description":"El delantero colombiano\u00a0Falcao Garc\u00eda\u00a0inici\u00f3 el tratamiento de recuperaci\u00f3n para la molestia muscular que sufri\u00f3 durante el m\u00e1s reciente partido del Galatasaray en la\u00a0Superliga\u00a0turca en el que golearon 3-0 al\u00a0Konyaspor, donde el \u2018Tigre\u2019 marc\u00f3 la primera anotaci\u00f3n, pero debi\u00f3 abandonar el compromiso a los 58 minutos. \u201cSe detect\u00f3 una tensi\u00f3n moderada y sangrado en el grupo [&hellip;]","og_url":"https:\/\/futbolhoy.co\/index.php\/2020\/01\/28\/falcao-inicio-tratamiento\/","article_publisher":"https:\/\/www.facebook.com\/FutbolHoyCol\/","article_published_time":"2020-01-28T13:41:01+00:00","article_modified_time":"2020-01-29T16:46:29+00:00","og_image":[{"width":1592,"height":1600,"url":"https:\/\/futbolhoy.co\/wp-content\/uploads\/2020\/01\/IMG_20200128_084005.jpg","type":"image\/jpeg"}],"author":"Laura Hern\u00e1ndez","twitter_card":"summary_large_image","twitter_creator":"@FutbolHoyCol","twitter_site":"@FutbolHoyCol","twitter_misc":{"Escrito por":"Laura Hern\u00e1ndez","Tiempo de lectura":"1 minuto"},"schema":{"@context":"https:\/\/schema.org","@graph":[{"@type":"Article","@id":"https:\/\/futbolhoy.co\/index.php\/2020\/01\/28\/falcao-inicio-tratamiento\/#article","isPartOf":{"@id":"https:\/\/futbolhoy.co\/index.php\/2020\/01\/28\/falcao-inicio-tratamiento\/"},"author":{"name":"Laura Hern\u00e1ndez","@id":"https:\/\/futbolhoy.co\/#\/schema\/person\/c4a353a512b127643723a34bb1812f7d"},"headline":"Falcao inici\u00f3 tratamiento","datePublished":"2020-01-28T13:41:01+00:00","dateModified":"2020-01-29T16:46:29+00:00","mainEntityOfPage":{"@id":"https:\/\/futbolhoy.co\/index.php\/2020\/01\/28\/falcao-inicio-tratamiento\/"},"wordCount":167,"commentCount":0,"publisher":{"@id":"https:\/\/futbolhoy.co\/#organization"},"image":{"@id":"https:\/\/futbolhoy.co\/index.php\/2020\/01\/28\/falcao-inicio-tratamiento\/#primaryimage"},"thumbnailUrl":"https:\/\/futbolhoy.co\/wp-content\/uploads\/2020\/01\/IMG_20200128_084005.jpg","keywords":["Falcao Garc\u00eda","Galatasaray"],"articleSection":["Colombia"],"inLanguage":"es","potentialAction":[{"@type":"CommentAction","name":"Comment","target":["https:\/\/futbolhoy.co\/index.php\/2020\/01\/28\/falcao-inicio-tratamiento\/#respond"]}]},{"@type":"WebPage","@id":"https:\/\/futbolhoy.co\/index.php\/2020\/01\/28\/falcao-inicio-tratamiento\/","url":"https:\/\/futbolhoy.co\/index.php\/2020\/01\/28\/falcao-inicio-tratamiento\/","name":"Falcao inici\u00f3 tratamiento -","isPartOf":{"@id":"https:\/\/futbolhoy.co\/#website"},"primaryImageOfPage":{"@id":"https:\/\/futbolhoy.co\/index.php\/2020\/01\/28\/falcao-inicio-tratamiento\/#primaryimage"},"image":{"@id":"https:\/\/futbolhoy.co\/index.php\/2020\/01\/28\/falcao-inicio-tratamiento\/#primaryimage"},"thumbnailUrl":"https:\/\/futbolhoy.co\/wp-content\/uploads\/2020\/01\/IMG_20200128_084005.jpg","datePublished":"2020-01-28T13:41:01+00:00","dateModified":"2020-01-29T16:46:29+00:00","breadcrumb":{"@id":"https:\/\/futbolhoy.co\/index.php\/2020\/01\/28\/falcao-inicio-tratamiento\/#breadcrumb"},"inLanguage":"es","potentialAction":[{"@type":"ReadAction","target":["https:\/\/futbolhoy.co\/index.php\/2020\/01\/28\/falcao-inicio-tratamiento\/"]}]},{"@type":"ImageObject","inLanguage":"es","@id":"https:\/\/futbolhoy.co\/index.php\/2020\/01\/28\/falcao-inicio-tratamiento\/#primaryimage","url":"https:\/\/futbolhoy.co\/wp-content\/uploads\/2020\/01\/IMG_20200128_084005.jpg","contentUrl":"https:\/\/futbolhoy.co\/wp-content\/uploads\/2020\/01\/IMG_20200128_084005.jpg","width":1592,"height":1600},{"@type":"BreadcrumbList","@id":"https:\/\/futbolhoy.co\/index.php\/2020\/01\/28\/falcao-inicio-tratamiento\/#breadcrumb","itemListElement":[{"@type":"ListItem","position":1,"name":"Portada","item":"https:\/\/futbolhoy.co\/"},{"@type":"ListItem","position":2,"name":"Falcao inici\u00f3 tratamiento"}]},{"@type":"WebSite","@id":"https:\/\/futbolhoy.co\/#website","url":"https:\/\/futbolhoy.co\/","name":"FutbolHoy","description":"","publisher":{"@id":"https:\/\/futbolhoy.co\/#organization"},"potentialAction":[{"@type":"SearchAction","target":{"@type":"EntryPoint","urlTemplate":"https:\/\/futbolhoy.co\/?s={search_term_string}"},"query-input":{"@type":"PropertyValueSpecification","valueRequired":true,"valueName":"search_term_string"}}],"inLanguage":"es"},{"@type":"Organization","@id":"https:\/\/futbolhoy.co\/#organization","name":"Futbolhoy.co","url":"https:\/\/futbolhoy.co\/","logo":{"@type":"ImageObject","inLanguage":"es","@id":"https:\/\/futbolhoy.co\/#\/schema\/logo\/image\/","url":"https:\/\/futbolhoy.co\/wp-content\/uploads\/2018\/08\/17426380_1906371736249227_6326180412931521141_n.jpg","contentUrl":"https:\/\/futbolhoy.co\/wp-content\/uploads\/2018\/08\/17426380_1906371736249227_6326180412931521141_n.jpg","width":960,"height":960,"caption":"Futbolhoy.co"},"image":{"@id":"https:\/\/futbolhoy.co\/#\/schema\/logo\/image\/"},"sameAs":["https:\/\/www.facebook.com\/FutbolHoyCol\/","https:\/\/x.com\/FutbolHoyCol","https:\/\/www.instagram.com\/futbolhoycol\/"]},{"@type":"Person","@id":"https:\/\/futbolhoy.co\/#\/schema\/person\/c4a353a512b127643723a34bb1812f7d","name":"Laura Hern\u00e1ndez","image":{"@type":"ImageObject","inLanguage":"es","@id":"https:\/\/futbolhoy.co\/#\/schema\/person\/image\/","url":"https:\/\/secure.gravatar.com\/avatar\/d25959a15b9b293a743f99181c7cfd01?s=96&d=mm&r=g","contentUrl":"https:\/\/secure.gravatar.com\/avatar\/d25959a15b9b293a743f99181c7cfd01?s=96&d=mm&r=g","caption":"Laura Hern\u00e1ndez"}}]}},"publishpress_future_action":{"enabled":false,"date":"2026-05-03 03:36:18","action":"change-status","newStatus":"draft","terms":[],"taxonomy":"category","extraData":[]},"publishpress_future_workflow_manual_trigger":{"enabledWorkflows":[]},"_links":{"self":[{"href":"https:\/\/futbolhoy.co\/index.php\/wp-json\/wp\/v2\/posts\/46685","targetHints":{"allow":["GET"]}}],"collection":[{"href":"https:\/\/futbolhoy.co\/index.php\/wp-json\/wp\/v2\/posts"}],"about":[{"href":"https:\/\/futbolhoy.co\/index.php\/wp-json\/wp\/v2\/types\/post"}],"author":[{"embeddable":true,"href":"https:\/\/futbolhoy.co\/index.php\/wp-json\/wp\/v2\/users\/5"}],"replies":[{"embeddable":true,"href":"https:\/\/futbolhoy.co\/index.php\/wp-json\/wp\/v2\/comments?post=46685"}],"version-history":[{"count":1,"href":"https:\/\/futbolhoy.co\/index.php\/wp-json\/wp\/v2\/posts\/46685\/revisions"}],"predecessor-version":[{"id":46688,"href":"https:\/\/futbolhoy.co\/index.php\/wp-json\/wp\/v2\/posts\/46685\/revisions\/46688"}],"wp:featuredmedia":[{"embeddable":true,"href":"https:\/\/futbolhoy.co\/index.php\/wp-json\/wp\/v2\/media\/46687"}],"wp:attachment":[{"href":"https:\/\/futbolhoy.co\/index.php\/wp-json\/wp\/v2\/media?parent=46685"}],"wp:term":[{"taxonomy":"category","embeddable":true,"href":"https:\/\/futbolhoy.co\/index.php\/wp-json\/wp\/v2\/categories?post=46685"},{"taxonomy":"post_tag","embeddable":true,"href":"https:\/\/futbolhoy.co\/index.php\/wp-json\/wp\/v2\/tags?post=46685"}],"curies":[{"name":"wp","href":"https:\/\/api.w.org\/{rel}","templated":true}]}}