{"id":46920,"date":"2020-01-31T19:24:26","date_gmt":"2020-02-01T00:24:26","guid":{"rendered":"https:\/\/futbolhoy.co\/?p=46920"},"modified":"2020-02-01T12:02:39","modified_gmt":"2020-02-01T17:02:39","slug":"el-derbi-madrileno-con-james-y-sin-arias","status":"publish","type":"post","link":"https:\/\/futbolhoy.co\/index.php\/2020\/01\/31\/el-derbi-madrileno-con-james-y-sin-arias\/","title":{"rendered":"El derbi madrile\u00f1o con James y sin Arias"},"content":{"rendered":"<p style=\"text-align: justify;\"><span style=\"font-family: helvetica, arial, sans-serif;\"><strong>Real Madrid<\/strong>, con <strong>James Rodr\u00edguez<\/strong> entre los convocados, y <strong>Atl\u00e9tico de Madrid<\/strong> protagonizar\u00e1n este s\u00e1bado, un derbi de momentos opuestos.<\/span><\/p>\n<p style=\"text-align: justify;\"><span style=\"font-family: helvetica, arial, sans-serif;\">El equipo que dirige <strong>Zinedine Zidane<\/strong>, llega en su mejor momento en varios a\u00f1os, con una racha de 20 partidos sin perder, ante la necesidad del conjunto de <strong>Diego Simeone,<\/strong> en el momento m\u00e1s irregular de su larga etapa.<\/span><\/p>\n<p style=\"text-align: justify;\"><span style=\"font-family: helvetica, arial, sans-serif;\">La conquista de la Supercopa de Espa\u00f1a, el liderato de la Liga y su paso firme en la <strong>Copa del Rey<\/strong>, ubican como favorito al conjunto \u2018blanco\u2019.<\/span><\/p>\n<p style=\"text-align: justify;\"><span style=\"font-family: helvetica, arial, sans-serif;\">Entretanto, el <strong>Atl\u00e9tico<\/strong> llega con la obligaci\u00f3n de una vitoria. A diez puntos del liderato del Real, a siete del <strong>Barcelona<\/strong> y fuera de las posiciones de Liga de Campeones, exigen una buena presentaci\u00f3n del equipo de <strong>Simeone.<\/strong><\/span><\/p>\n<p style=\"text-align: justify;\"><span style=\"font-family: helvetica, arial, sans-serif;\">El equipo \u2018colchonero\u2019 no contar\u00e1 con el defensa <strong>Santiago Arias<\/strong>, quien se recupera de una lesi\u00f3n muscular.<\/span><\/p>\n<p style=\"text-align: justify;\"><span style=\"font-family: helvetica, arial, sans-serif;\">El partido se disputar\u00e1 desde la 10am, hora colombiana, en el estadio Santiago Bernabeu.<\/span><\/p>\n<p style=\"text-align: justify;\"><strong><span style=\"font-family: helvetica, arial, sans-serif;\">Posibles formaciones:<\/span><\/strong><\/p>\n<p style=\"text-align: justify;\"><span style=\"font-family: helvetica, arial, sans-serif;\"><strong>Real Madrid<\/strong>: Thibaut Courtois; Dani Carvajal, Raphael Varane, Sergio Ramos, Ferland Mendy; Casemiro, Toni Kroos, Fede Valverde, Luka Modric; Isco Alarc\u00f3n y Karim Benzema.<\/span><\/p>\n<p style=\"text-align: justify;\"><span style=\"font-family: helvetica, arial, sans-serif;\"><strong>Atl\u00e9tico de Madrid:<\/strong> Jan Oblak; Sime Vrsaljko, Stefan Savic, Felipe, Lodi; \u00c1ngel Correa, H\u00e9ctor Herrera, Thomas Lemar, Sa\u00fal \u00d1iguez; Vitolo Mach\u00edn y \u00c1lvaro Morata.<\/span><\/p>\n","protected":false},"excerpt":{"rendered":"<p>Real Madrid, con James Rodr\u00edguez entre los convocados, y Atl\u00e9tico de Madrid protagonizar\u00e1n este s\u00e1bado, un derbi de momentos opuestos. El equipo que dirige Zinedine Zidane, llega en su mejor momento en varios a\u00f1os, con una racha de 20 partidos sin perder, ante la necesidad del conjunto de Diego Simeone, en el momento m\u00e1s irregular [&hellip;]<\/p>\n","protected":false},"author":5,"featured_media":46935,"comment_status":"open","ping_status":"open","sticky":false,"template":"","format":"standard","meta":{"_acf_changed":false,"footnotes":""},"categories":[1],"tags":[],"class_list":{"0":"post-46920","1":"post","2":"type-post","3":"status-publish","4":"format-standard","5":"has-post-thumbnail","7":"category-sin-categoria"},"acf":[],"yoast_head":"<!-- This site is optimized with the Yoast SEO plugin v26.8 - https:\/\/yoast.com\/product\/yoast-seo-wordpress\/ -->\n<title>El derbi madrile\u00f1o con James y sin Arias -<\/title>\n<meta name=\"robots\" content=\"index, follow, max-snippet:-1, max-image-preview:large, max-video-preview:-1\" \/>\n<link rel=\"canonical\" href=\"https:\/\/futbolhoy.co\/index.php\/2020\/01\/31\/el-derbi-madrileno-con-james-y-sin-arias\/\" \/>\n<meta property=\"og:locale\" content=\"es_ES\" \/>\n<meta property=\"og:type\" content=\"article\" \/>\n<meta property=\"og:title\" content=\"El derbi madrile\u00f1o con James y sin Arias -\" \/>\n<meta property=\"og:description\" content=\"Real Madrid, con James Rodr\u00edguez entre los convocados, y Atl\u00e9tico de Madrid protagonizar\u00e1n este s\u00e1bado, un derbi de momentos opuestos. El equipo que dirige Zinedine Zidane, llega en su mejor momento en varios a\u00f1os, con una racha de 20 partidos sin perder, ante la necesidad del conjunto de Diego Simeone, en el momento m\u00e1s irregular [&hellip;]\" \/>\n<meta property=\"og:url\" content=\"https:\/\/futbolhoy.co\/index.php\/2020\/01\/31\/el-derbi-madrileno-con-james-y-sin-arias\/\" \/>\n<meta property=\"article:publisher\" content=\"https:\/\/www.facebook.com\/FutbolHoyCol\/\" \/>\n<meta property=\"article:published_time\" content=\"2020-02-01T00:24:26+00:00\" \/>\n<meta property=\"article:modified_time\" content=\"2020-02-01T17:02:39+00:00\" \/>\n<meta property=\"og:image\" content=\"https:\/\/futbolhoy.co\/wp-content\/uploads\/2020\/01\/IMG_20200131_192048.jpg\" \/>\n\t<meta property=\"og:image:width\" content=\"1200\" \/>\n\t<meta property=\"og:image:height\" content=\"675\" \/>\n\t<meta property=\"og:image:type\" content=\"image\/jpeg\" \/>\n<meta name=\"author\" content=\"Laura Hern\u00e1ndez\" \/>\n<meta name=\"twitter:card\" content=\"summary_large_image\" \/>\n<meta name=\"twitter:creator\" content=\"@FutbolHoyCol\" \/>\n<meta name=\"twitter:site\" content=\"@FutbolHoyCol\" \/>\n<meta name=\"twitter:label1\" content=\"Escrito por\" \/>\n\t<meta name=\"twitter:data1\" content=\"Laura Hern\u00e1ndez\" \/>\n\t<meta name=\"twitter:label2\" content=\"Tiempo de lectura\" \/>\n\t<meta name=\"twitter:data2\" content=\"1 minuto\" \/>\n<script type=\"application\/ld+json\" class=\"yoast-schema-graph\">{\"@context\":\"https:\/\/schema.org\",\"@graph\":[{\"@type\":\"Article\",\"@id\":\"https:\/\/futbolhoy.co\/index.php\/2020\/01\/31\/el-derbi-madrileno-con-james-y-sin-arias\/#article\",\"isPartOf\":{\"@id\":\"https:\/\/futbolhoy.co\/index.php\/2020\/01\/31\/el-derbi-madrileno-con-james-y-sin-arias\/\"},\"author\":{\"name\":\"Laura Hern\u00e1ndez\",\"@id\":\"https:\/\/futbolhoy.co\/#\/schema\/person\/c4a353a512b127643723a34bb1812f7d\"},\"headline\":\"El derbi madrile\u00f1o con James y sin Arias\",\"datePublished\":\"2020-02-01T00:24:26+00:00\",\"dateModified\":\"2020-02-01T17:02:39+00:00\",\"mainEntityOfPage\":{\"@id\":\"https:\/\/futbolhoy.co\/index.php\/2020\/01\/31\/el-derbi-madrileno-con-james-y-sin-arias\/\"},\"wordCount\":229,\"commentCount\":0,\"publisher\":{\"@id\":\"https:\/\/futbolhoy.co\/#organization\"},\"image\":{\"@id\":\"https:\/\/futbolhoy.co\/index.php\/2020\/01\/31\/el-derbi-madrileno-con-james-y-sin-arias\/#primaryimage\"},\"thumbnailUrl\":\"https:\/\/futbolhoy.co\/wp-content\/uploads\/2020\/01\/IMG_20200131_192048.jpg\",\"articleSection\":[\"Sin Categor\u00eda\"],\"inLanguage\":\"es\",\"potentialAction\":[{\"@type\":\"CommentAction\",\"name\":\"Comment\",\"target\":[\"https:\/\/futbolhoy.co\/index.php\/2020\/01\/31\/el-derbi-madrileno-con-james-y-sin-arias\/#respond\"]}]},{\"@type\":\"WebPage\",\"@id\":\"https:\/\/futbolhoy.co\/index.php\/2020\/01\/31\/el-derbi-madrileno-con-james-y-sin-arias\/\",\"url\":\"https:\/\/futbolhoy.co\/index.php\/2020\/01\/31\/el-derbi-madrileno-con-james-y-sin-arias\/\",\"name\":\"El derbi madrile\u00f1o con James y sin Arias -\",\"isPartOf\":{\"@id\":\"https:\/\/futbolhoy.co\/#website\"},\"primaryImageOfPage\":{\"@id\":\"https:\/\/futbolhoy.co\/index.php\/2020\/01\/31\/el-derbi-madrileno-con-james-y-sin-arias\/#primaryimage\"},\"image\":{\"@id\":\"https:\/\/futbolhoy.co\/index.php\/2020\/01\/31\/el-derbi-madrileno-con-james-y-sin-arias\/#primaryimage\"},\"thumbnailUrl\":\"https:\/\/futbolhoy.co\/wp-content\/uploads\/2020\/01\/IMG_20200131_192048.jpg\",\"datePublished\":\"2020-02-01T00:24:26+00:00\",\"dateModified\":\"2020-02-01T17:02:39+00:00\",\"breadcrumb\":{\"@id\":\"https:\/\/futbolhoy.co\/index.php\/2020\/01\/31\/el-derbi-madrileno-con-james-y-sin-arias\/#breadcrumb\"},\"inLanguage\":\"es\",\"potentialAction\":[{\"@type\":\"ReadAction\",\"target\":[\"https:\/\/futbolhoy.co\/index.php\/2020\/01\/31\/el-derbi-madrileno-con-james-y-sin-arias\/\"]}]},{\"@type\":\"ImageObject\",\"inLanguage\":\"es\",\"@id\":\"https:\/\/futbolhoy.co\/index.php\/2020\/01\/31\/el-derbi-madrileno-con-james-y-sin-arias\/#primaryimage\",\"url\":\"https:\/\/futbolhoy.co\/wp-content\/uploads\/2020\/01\/IMG_20200131_192048.jpg\",\"contentUrl\":\"https:\/\/futbolhoy.co\/wp-content\/uploads\/2020\/01\/IMG_20200131_192048.jpg\",\"width\":1200,\"height\":675},{\"@type\":\"BreadcrumbList\",\"@id\":\"https:\/\/futbolhoy.co\/index.php\/2020\/01\/31\/el-derbi-madrileno-con-james-y-sin-arias\/#breadcrumb\",\"itemListElement\":[{\"@type\":\"ListItem\",\"position\":1,\"name\":\"Portada\",\"item\":\"https:\/\/futbolhoy.co\/\"},{\"@type\":\"ListItem\",\"position\":2,\"name\":\"El derbi madrile\u00f1o con James y sin Arias\"}]},{\"@type\":\"WebSite\",\"@id\":\"https:\/\/futbolhoy.co\/#website\",\"url\":\"https:\/\/futbolhoy.co\/\",\"name\":\"FutbolHoy\",\"description\":\"\",\"publisher\":{\"@id\":\"https:\/\/futbolhoy.co\/#organization\"},\"potentialAction\":[{\"@type\":\"SearchAction\",\"target\":{\"@type\":\"EntryPoint\",\"urlTemplate\":\"https:\/\/futbolhoy.co\/?s={search_term_string}\"},\"query-input\":{\"@type\":\"PropertyValueSpecification\",\"valueRequired\":true,\"valueName\":\"search_term_string\"}}],\"inLanguage\":\"es\"},{\"@type\":\"Organization\",\"@id\":\"https:\/\/futbolhoy.co\/#organization\",\"name\":\"Futbolhoy.co\",\"url\":\"https:\/\/futbolhoy.co\/\",\"logo\":{\"@type\":\"ImageObject\",\"inLanguage\":\"es\",\"@id\":\"https:\/\/futbolhoy.co\/#\/schema\/logo\/image\/\",\"url\":\"https:\/\/futbolhoy.co\/wp-content\/uploads\/2018\/08\/17426380_1906371736249227_6326180412931521141_n.jpg\",\"contentUrl\":\"https:\/\/futbolhoy.co\/wp-content\/uploads\/2018\/08\/17426380_1906371736249227_6326180412931521141_n.jpg\",\"width\":960,\"height\":960,\"caption\":\"Futbolhoy.co\"},\"image\":{\"@id\":\"https:\/\/futbolhoy.co\/#\/schema\/logo\/image\/\"},\"sameAs\":[\"https:\/\/www.facebook.com\/FutbolHoyCol\/\",\"https:\/\/x.com\/FutbolHoyCol\",\"https:\/\/www.instagram.com\/futbolhoycol\/\"]},{\"@type\":\"Person\",\"@id\":\"https:\/\/futbolhoy.co\/#\/schema\/person\/c4a353a512b127643723a34bb1812f7d\",\"name\":\"Laura Hern\u00e1ndez\",\"image\":{\"@type\":\"ImageObject\",\"inLanguage\":\"es\",\"@id\":\"https:\/\/futbolhoy.co\/#\/schema\/person\/image\/\",\"url\":\"https:\/\/secure.gravatar.com\/avatar\/d25959a15b9b293a743f99181c7cfd01?s=96&d=mm&r=g\",\"contentUrl\":\"https:\/\/secure.gravatar.com\/avatar\/d25959a15b9b293a743f99181c7cfd01?s=96&d=mm&r=g\",\"caption\":\"Laura Hern\u00e1ndez\"}}]}<\/script>\n<!-- \/ Yoast SEO plugin. -->","yoast_head_json":{"title":"El derbi madrile\u00f1o con James y sin Arias -","robots":{"index":"index","follow":"follow","max-snippet":"max-snippet:-1","max-image-preview":"max-image-preview:large","max-video-preview":"max-video-preview:-1"},"canonical":"https:\/\/futbolhoy.co\/index.php\/2020\/01\/31\/el-derbi-madrileno-con-james-y-sin-arias\/","og_locale":"es_ES","og_type":"article","og_title":"El derbi madrile\u00f1o con James y sin Arias -","og_description":"Real Madrid, con James Rodr\u00edguez entre los convocados, y Atl\u00e9tico de Madrid protagonizar\u00e1n este s\u00e1bado, un derbi de momentos opuestos. El equipo que dirige Zinedine Zidane, llega en su mejor momento en varios a\u00f1os, con una racha de 20 partidos sin perder, ante la necesidad del conjunto de Diego Simeone, en el momento m\u00e1s irregular [&hellip;]","og_url":"https:\/\/futbolhoy.co\/index.php\/2020\/01\/31\/el-derbi-madrileno-con-james-y-sin-arias\/","article_publisher":"https:\/\/www.facebook.com\/FutbolHoyCol\/","article_published_time":"2020-02-01T00:24:26+00:00","article_modified_time":"2020-02-01T17:02:39+00:00","og_image":[{"width":1200,"height":675,"url":"https:\/\/futbolhoy.co\/wp-content\/uploads\/2020\/01\/IMG_20200131_192048.jpg","type":"image\/jpeg"}],"author":"Laura Hern\u00e1ndez","twitter_card":"summary_large_image","twitter_creator":"@FutbolHoyCol","twitter_site":"@FutbolHoyCol","twitter_misc":{"Escrito por":"Laura Hern\u00e1ndez","Tiempo de lectura":"1 minuto"},"schema":{"@context":"https:\/\/schema.org","@graph":[{"@type":"Article","@id":"https:\/\/futbolhoy.co\/index.php\/2020\/01\/31\/el-derbi-madrileno-con-james-y-sin-arias\/#article","isPartOf":{"@id":"https:\/\/futbolhoy.co\/index.php\/2020\/01\/31\/el-derbi-madrileno-con-james-y-sin-arias\/"},"author":{"name":"Laura Hern\u00e1ndez","@id":"https:\/\/futbolhoy.co\/#\/schema\/person\/c4a353a512b127643723a34bb1812f7d"},"headline":"El derbi madrile\u00f1o con James y sin Arias","datePublished":"2020-02-01T00:24:26+00:00","dateModified":"2020-02-01T17:02:39+00:00","mainEntityOfPage":{"@id":"https:\/\/futbolhoy.co\/index.php\/2020\/01\/31\/el-derbi-madrileno-con-james-y-sin-arias\/"},"wordCount":229,"commentCount":0,"publisher":{"@id":"https:\/\/futbolhoy.co\/#organization"},"image":{"@id":"https:\/\/futbolhoy.co\/index.php\/2020\/01\/31\/el-derbi-madrileno-con-james-y-sin-arias\/#primaryimage"},"thumbnailUrl":"https:\/\/futbolhoy.co\/wp-content\/uploads\/2020\/01\/IMG_20200131_192048.jpg","articleSection":["Sin Categor\u00eda"],"inLanguage":"es","potentialAction":[{"@type":"CommentAction","name":"Comment","target":["https:\/\/futbolhoy.co\/index.php\/2020\/01\/31\/el-derbi-madrileno-con-james-y-sin-arias\/#respond"]}]},{"@type":"WebPage","@id":"https:\/\/futbolhoy.co\/index.php\/2020\/01\/31\/el-derbi-madrileno-con-james-y-sin-arias\/","url":"https:\/\/futbolhoy.co\/index.php\/2020\/01\/31\/el-derbi-madrileno-con-james-y-sin-arias\/","name":"El derbi madrile\u00f1o con James y sin Arias -","isPartOf":{"@id":"https:\/\/futbolhoy.co\/#website"},"primaryImageOfPage":{"@id":"https:\/\/futbolhoy.co\/index.php\/2020\/01\/31\/el-derbi-madrileno-con-james-y-sin-arias\/#primaryimage"},"image":{"@id":"https:\/\/futbolhoy.co\/index.php\/2020\/01\/31\/el-derbi-madrileno-con-james-y-sin-arias\/#primaryimage"},"thumbnailUrl":"https:\/\/futbolhoy.co\/wp-content\/uploads\/2020\/01\/IMG_20200131_192048.jpg","datePublished":"2020-02-01T00:24:26+00:00","dateModified":"2020-02-01T17:02:39+00:00","breadcrumb":{"@id":"https:\/\/futbolhoy.co\/index.php\/2020\/01\/31\/el-derbi-madrileno-con-james-y-sin-arias\/#breadcrumb"},"inLanguage":"es","potentialAction":[{"@type":"ReadAction","target":["https:\/\/futbolhoy.co\/index.php\/2020\/01\/31\/el-derbi-madrileno-con-james-y-sin-arias\/"]}]},{"@type":"ImageObject","inLanguage":"es","@id":"https:\/\/futbolhoy.co\/index.php\/2020\/01\/31\/el-derbi-madrileno-con-james-y-sin-arias\/#primaryimage","url":"https:\/\/futbolhoy.co\/wp-content\/uploads\/2020\/01\/IMG_20200131_192048.jpg","contentUrl":"https:\/\/futbolhoy.co\/wp-content\/uploads\/2020\/01\/IMG_20200131_192048.jpg","width":1200,"height":675},{"@type":"BreadcrumbList","@id":"https:\/\/futbolhoy.co\/index.php\/2020\/01\/31\/el-derbi-madrileno-con-james-y-sin-arias\/#breadcrumb","itemListElement":[{"@type":"ListItem","position":1,"name":"Portada","item":"https:\/\/futbolhoy.co\/"},{"@type":"ListItem","position":2,"name":"El derbi madrile\u00f1o con James y sin Arias"}]},{"@type":"WebSite","@id":"https:\/\/futbolhoy.co\/#website","url":"https:\/\/futbolhoy.co\/","name":"FutbolHoy","description":"","publisher":{"@id":"https:\/\/futbolhoy.co\/#organization"},"potentialAction":[{"@type":"SearchAction","target":{"@type":"EntryPoint","urlTemplate":"https:\/\/futbolhoy.co\/?s={search_term_string}"},"query-input":{"@type":"PropertyValueSpecification","valueRequired":true,"valueName":"search_term_string"}}],"inLanguage":"es"},{"@type":"Organization","@id":"https:\/\/futbolhoy.co\/#organization","name":"Futbolhoy.co","url":"https:\/\/futbolhoy.co\/","logo":{"@type":"ImageObject","inLanguage":"es","@id":"https:\/\/futbolhoy.co\/#\/schema\/logo\/image\/","url":"https:\/\/futbolhoy.co\/wp-content\/uploads\/2018\/08\/17426380_1906371736249227_6326180412931521141_n.jpg","contentUrl":"https:\/\/futbolhoy.co\/wp-content\/uploads\/2018\/08\/17426380_1906371736249227_6326180412931521141_n.jpg","width":960,"height":960,"caption":"Futbolhoy.co"},"image":{"@id":"https:\/\/futbolhoy.co\/#\/schema\/logo\/image\/"},"sameAs":["https:\/\/www.facebook.com\/FutbolHoyCol\/","https:\/\/x.com\/FutbolHoyCol","https:\/\/www.instagram.com\/futbolhoycol\/"]},{"@type":"Person","@id":"https:\/\/futbolhoy.co\/#\/schema\/person\/c4a353a512b127643723a34bb1812f7d","name":"Laura Hern\u00e1ndez","image":{"@type":"ImageObject","inLanguage":"es","@id":"https:\/\/futbolhoy.co\/#\/schema\/person\/image\/","url":"https:\/\/secure.gravatar.com\/avatar\/d25959a15b9b293a743f99181c7cfd01?s=96&d=mm&r=g","contentUrl":"https:\/\/secure.gravatar.com\/avatar\/d25959a15b9b293a743f99181c7cfd01?s=96&d=mm&r=g","caption":"Laura Hern\u00e1ndez"}}]}},"publishpress_future_action":{"enabled":false,"date":"2026-05-02 00:26:33","action":"change-status","newStatus":"draft","terms":[],"taxonomy":"category","extraData":[]},"publishpress_future_workflow_manual_trigger":{"enabledWorkflows":[]},"_links":{"self":[{"href":"https:\/\/futbolhoy.co\/index.php\/wp-json\/wp\/v2\/posts\/46920","targetHints":{"allow":["GET"]}}],"collection":[{"href":"https:\/\/futbolhoy.co\/index.php\/wp-json\/wp\/v2\/posts"}],"about":[{"href":"https:\/\/futbolhoy.co\/index.php\/wp-json\/wp\/v2\/types\/post"}],"author":[{"embeddable":true,"href":"https:\/\/futbolhoy.co\/index.php\/wp-json\/wp\/v2\/users\/5"}],"replies":[{"embeddable":true,"href":"https:\/\/futbolhoy.co\/index.php\/wp-json\/wp\/v2\/comments?post=46920"}],"version-history":[{"count":1,"href":"https:\/\/futbolhoy.co\/index.php\/wp-json\/wp\/v2\/posts\/46920\/revisions"}],"predecessor-version":[{"id":46939,"href":"https:\/\/futbolhoy.co\/index.php\/wp-json\/wp\/v2\/posts\/46920\/revisions\/46939"}],"wp:featuredmedia":[{"embeddable":true,"href":"https:\/\/futbolhoy.co\/index.php\/wp-json\/wp\/v2\/media\/46935"}],"wp:attachment":[{"href":"https:\/\/futbolhoy.co\/index.php\/wp-json\/wp\/v2\/media?parent=46920"}],"wp:term":[{"taxonomy":"category","embeddable":true,"href":"https:\/\/futbolhoy.co\/index.php\/wp-json\/wp\/v2\/categories?post=46920"},{"taxonomy":"post_tag","embeddable":true,"href":"https:\/\/futbolhoy.co\/index.php\/wp-json\/wp\/v2\/tags?post=46920"}],"curies":[{"name":"wp","href":"https:\/\/api.w.org\/{rel}","templated":true}]}}