{"id":47180,"date":"2020-02-05T08:35:09","date_gmt":"2020-02-05T13:35:09","guid":{"rendered":"https:\/\/futbolhoy.co\/?p=47180"},"modified":"2020-02-05T20:52:01","modified_gmt":"2020-02-06T01:52:01","slug":"nacional-abrira-en-casa-la-sudamericana","status":"publish","type":"post","link":"https:\/\/futbolhoy.co\/index.php\/2020\/02\/05\/nacional-abrira-en-casa-la-sudamericana\/","title":{"rendered":"Nacional abrir\u00e1 en casa la Sudamericana"},"content":{"rendered":"<p style=\"text-align: justify;\"><span style=\"font-family: helvetica, arial, sans-serif;\"><strong>Atl\u00e9tico Nacional<\/strong> recibir\u00e1 este mi\u00e9rcoles a un debilitado <strong>Hurac\u00e1n<\/strong> de <strong>Argentina<\/strong>, en el juego de ida por la primera ronda de la <strong>Copa Sudamericana.<\/strong><\/span><\/p>\n<p style=\"text-align: justify;\"><span style=\"font-family: helvetica, arial, sans-serif;\">El t\u00e9cnico del equipo antioque\u00f1o, <strong>Juan Carlos Osorio,<\/strong> criticado por sus rotaciones en las alineaciones, presentar\u00eda su equipo tipo, liderado por el volante <strong>Jarlan Barrera,<\/strong> el extremo <strong>Yerson Candelo,<\/strong> y el delantero<strong> Jefferson Duque.<\/strong><\/span><\/p>\n<p style=\"text-align: justify;\"><span style=\"font-family: helvetica, arial, sans-serif;\">En la Liga local, Nacional acumula dos victorias y una derrota y es tercero en la clasificaci\u00f3n, superado por <strong>Am\u00e9rica<\/strong> y <strong>Junior.<\/strong><\/span><\/p>\n<p style=\"text-align: justify;\"><span style=\"font-family: helvetica, arial, sans-serif;\">Entretanto, Hurac\u00e1n no llega en su mejor momento futbol\u00edstico. En la <strong>Superliga Argentina<\/strong> marcha relegado, en la vig\u00e9sima casilla entre 24 equipos, por lo que ser\u00eda importante un golpe an\u00edmico en la Sudamericana.<\/span><\/p>\n<p style=\"text-align: justify;\"><span style=\"font-family: helvetica, arial, sans-serif;\">Hurac\u00e1n cuenta en sus filas con un viejo conocido en el pa\u00eds, el arquero paraguayo<strong> Antony Silva<\/strong>, quien jug\u00f3 con <strong>Deportes Tolima<\/strong> e<strong> Independiente Medell\u00edn.<\/strong><\/span><\/p>\n<p style=\"text-align: justify;\"><span style=\"font-family: helvetica, arial, sans-serif;\">El partido se disputar\u00e1 desde las 7.30pm en el estadio <strong>Atanasio Girardot de Medell\u00edn.<\/strong><\/span><\/p>\n<p style=\"text-align: justify;\"><strong><span style=\"font-family: helvetica, arial, sans-serif;\">Posibles formaciones.<\/span><\/strong><\/p>\n<p style=\"text-align: justify;\"><span style=\"font-family: helvetica, arial, sans-serif;\"><strong>Atl\u00e9tico Nacional<\/strong>: Jos\u00e9 Fernando Cuadrado; Daniel Mu\u00f1oz, Helibelton Palacios, Diego Braghieri, Christian Mafla; Baldomero Perlaza, Brayan Rovira, Andr\u00e9s Andrade, Jarlan Barrera; Jefferson Duque, Yerson Candelo.<\/span><\/p>\n<p style=\"text-align: justify;\"><span style=\"font-family: helvetica, arial, sans-serif;\"><strong>Hurac\u00e1n:<\/strong> Antony Silva; Gonzalo Bettini, Nicol\u00e1s Romat, Lucas Merolla, C\u00e9sar Ib\u00e1\u00f1ez; Mauro Bogado, Lucas Bareiro; Norberto Briasco, Rodrigo G\u00f3mez, Mart\u00edn Ojeda; Nicol\u00e1s Cordero.<\/span><\/p>\n","protected":false},"excerpt":{"rendered":"<p>Atl\u00e9tico Nacional recibir\u00e1 este mi\u00e9rcoles a un debilitado Hurac\u00e1n de Argentina, en el juego de ida por la primera ronda de la Copa Sudamericana. El t\u00e9cnico del equipo antioque\u00f1o, Juan Carlos Osorio, criticado por sus rotaciones en las alineaciones, presentar\u00eda su equipo tipo, liderado por el volante Jarlan Barrera, el extremo Yerson Candelo, y el [&hellip;]<\/p>\n","protected":false},"author":5,"featured_media":47181,"comment_status":"open","ping_status":"open","sticky":false,"template":"","format":"standard","meta":{"_acf_changed":false,"footnotes":""},"categories":[1046],"tags":[205,91,1080],"class_list":{"0":"post-47180","1":"post","2":"type-post","3":"status-publish","4":"format-standard","5":"has-post-thumbnail","7":"category-sudamericana","8":"tag-atletico-nacional","9":"tag-copa-sudamericana","10":"tag-huracan"},"acf":[],"yoast_head":"<!-- This site is optimized with the Yoast SEO plugin v26.8 - https:\/\/yoast.com\/product\/yoast-seo-wordpress\/ -->\n<title>Nacional abrir\u00e1 en casa la Sudamericana -<\/title>\n<meta name=\"robots\" content=\"index, follow, max-snippet:-1, max-image-preview:large, max-video-preview:-1\" \/>\n<link rel=\"canonical\" href=\"https:\/\/futbolhoy.co\/index.php\/2020\/02\/05\/nacional-abrira-en-casa-la-sudamericana\/\" \/>\n<meta property=\"og:locale\" content=\"es_ES\" \/>\n<meta property=\"og:type\" content=\"article\" \/>\n<meta property=\"og:title\" content=\"Nacional abrir\u00e1 en casa la Sudamericana -\" \/>\n<meta property=\"og:description\" content=\"Atl\u00e9tico Nacional recibir\u00e1 este mi\u00e9rcoles a un debilitado Hurac\u00e1n de Argentina, en el juego de ida por la primera ronda de la Copa Sudamericana. El t\u00e9cnico del equipo antioque\u00f1o, Juan Carlos Osorio, criticado por sus rotaciones en las alineaciones, presentar\u00eda su equipo tipo, liderado por el volante Jarlan Barrera, el extremo Yerson Candelo, y el [&hellip;]\" \/>\n<meta property=\"og:url\" content=\"https:\/\/futbolhoy.co\/index.php\/2020\/02\/05\/nacional-abrira-en-casa-la-sudamericana\/\" \/>\n<meta property=\"article:publisher\" content=\"https:\/\/www.facebook.com\/FutbolHoyCol\/\" \/>\n<meta property=\"article:published_time\" content=\"2020-02-05T13:35:09+00:00\" \/>\n<meta property=\"article:modified_time\" content=\"2020-02-06T01:52:01+00:00\" \/>\n<meta property=\"og:image\" content=\"https:\/\/futbolhoy.co\/wp-content\/uploads\/2020\/02\/Suda.jpg\" \/>\n\t<meta property=\"og:image:width\" content=\"792\" \/>\n\t<meta property=\"og:image:height\" content=\"525\" \/>\n\t<meta property=\"og:image:type\" content=\"image\/jpeg\" \/>\n<meta name=\"author\" content=\"Laura Hern\u00e1ndez\" \/>\n<meta name=\"twitter:card\" content=\"summary_large_image\" \/>\n<meta name=\"twitter:creator\" content=\"@FutbolHoyCol\" \/>\n<meta name=\"twitter:site\" content=\"@FutbolHoyCol\" \/>\n<meta name=\"twitter:label1\" content=\"Escrito por\" \/>\n\t<meta name=\"twitter:data1\" content=\"Laura Hern\u00e1ndez\" \/>\n\t<meta name=\"twitter:label2\" content=\"Tiempo de lectura\" \/>\n\t<meta name=\"twitter:data2\" content=\"1 minuto\" \/>\n<script type=\"application\/ld+json\" class=\"yoast-schema-graph\">{\"@context\":\"https:\/\/schema.org\",\"@graph\":[{\"@type\":\"Article\",\"@id\":\"https:\/\/futbolhoy.co\/index.php\/2020\/02\/05\/nacional-abrira-en-casa-la-sudamericana\/#article\",\"isPartOf\":{\"@id\":\"https:\/\/futbolhoy.co\/index.php\/2020\/02\/05\/nacional-abrira-en-casa-la-sudamericana\/\"},\"author\":{\"name\":\"Laura Hern\u00e1ndez\",\"@id\":\"https:\/\/futbolhoy.co\/#\/schema\/person\/c4a353a512b127643723a34bb1812f7d\"},\"headline\":\"Nacional abrir\u00e1 en casa la Sudamericana\",\"datePublished\":\"2020-02-05T13:35:09+00:00\",\"dateModified\":\"2020-02-06T01:52:01+00:00\",\"mainEntityOfPage\":{\"@id\":\"https:\/\/futbolhoy.co\/index.php\/2020\/02\/05\/nacional-abrira-en-casa-la-sudamericana\/\"},\"wordCount\":234,\"commentCount\":0,\"publisher\":{\"@id\":\"https:\/\/futbolhoy.co\/#organization\"},\"image\":{\"@id\":\"https:\/\/futbolhoy.co\/index.php\/2020\/02\/05\/nacional-abrira-en-casa-la-sudamericana\/#primaryimage\"},\"thumbnailUrl\":\"https:\/\/futbolhoy.co\/wp-content\/uploads\/2020\/02\/Suda.jpg\",\"keywords\":[\"Atl\u00e9tico Nacional\",\"Copa Sudam\u00e9ricana\",\"huracan\"],\"articleSection\":[\"Sudamericana\"],\"inLanguage\":\"es\",\"potentialAction\":[{\"@type\":\"CommentAction\",\"name\":\"Comment\",\"target\":[\"https:\/\/futbolhoy.co\/index.php\/2020\/02\/05\/nacional-abrira-en-casa-la-sudamericana\/#respond\"]}]},{\"@type\":\"WebPage\",\"@id\":\"https:\/\/futbolhoy.co\/index.php\/2020\/02\/05\/nacional-abrira-en-casa-la-sudamericana\/\",\"url\":\"https:\/\/futbolhoy.co\/index.php\/2020\/02\/05\/nacional-abrira-en-casa-la-sudamericana\/\",\"name\":\"Nacional abrir\u00e1 en casa la Sudamericana -\",\"isPartOf\":{\"@id\":\"https:\/\/futbolhoy.co\/#website\"},\"primaryImageOfPage\":{\"@id\":\"https:\/\/futbolhoy.co\/index.php\/2020\/02\/05\/nacional-abrira-en-casa-la-sudamericana\/#primaryimage\"},\"image\":{\"@id\":\"https:\/\/futbolhoy.co\/index.php\/2020\/02\/05\/nacional-abrira-en-casa-la-sudamericana\/#primaryimage\"},\"thumbnailUrl\":\"https:\/\/futbolhoy.co\/wp-content\/uploads\/2020\/02\/Suda.jpg\",\"datePublished\":\"2020-02-05T13:35:09+00:00\",\"dateModified\":\"2020-02-06T01:52:01+00:00\",\"breadcrumb\":{\"@id\":\"https:\/\/futbolhoy.co\/index.php\/2020\/02\/05\/nacional-abrira-en-casa-la-sudamericana\/#breadcrumb\"},\"inLanguage\":\"es\",\"potentialAction\":[{\"@type\":\"ReadAction\",\"target\":[\"https:\/\/futbolhoy.co\/index.php\/2020\/02\/05\/nacional-abrira-en-casa-la-sudamericana\/\"]}]},{\"@type\":\"ImageObject\",\"inLanguage\":\"es\",\"@id\":\"https:\/\/futbolhoy.co\/index.php\/2020\/02\/05\/nacional-abrira-en-casa-la-sudamericana\/#primaryimage\",\"url\":\"https:\/\/futbolhoy.co\/wp-content\/uploads\/2020\/02\/Suda.jpg\",\"contentUrl\":\"https:\/\/futbolhoy.co\/wp-content\/uploads\/2020\/02\/Suda.jpg\",\"width\":792,\"height\":525},{\"@type\":\"BreadcrumbList\",\"@id\":\"https:\/\/futbolhoy.co\/index.php\/2020\/02\/05\/nacional-abrira-en-casa-la-sudamericana\/#breadcrumb\",\"itemListElement\":[{\"@type\":\"ListItem\",\"position\":1,\"name\":\"Portada\",\"item\":\"https:\/\/futbolhoy.co\/\"},{\"@type\":\"ListItem\",\"position\":2,\"name\":\"Nacional abrir\u00e1 en casa la Sudamericana\"}]},{\"@type\":\"WebSite\",\"@id\":\"https:\/\/futbolhoy.co\/#website\",\"url\":\"https:\/\/futbolhoy.co\/\",\"name\":\"FutbolHoy\",\"description\":\"\",\"publisher\":{\"@id\":\"https:\/\/futbolhoy.co\/#organization\"},\"potentialAction\":[{\"@type\":\"SearchAction\",\"target\":{\"@type\":\"EntryPoint\",\"urlTemplate\":\"https:\/\/futbolhoy.co\/?s={search_term_string}\"},\"query-input\":{\"@type\":\"PropertyValueSpecification\",\"valueRequired\":true,\"valueName\":\"search_term_string\"}}],\"inLanguage\":\"es\"},{\"@type\":\"Organization\",\"@id\":\"https:\/\/futbolhoy.co\/#organization\",\"name\":\"Futbolhoy.co\",\"url\":\"https:\/\/futbolhoy.co\/\",\"logo\":{\"@type\":\"ImageObject\",\"inLanguage\":\"es\",\"@id\":\"https:\/\/futbolhoy.co\/#\/schema\/logo\/image\/\",\"url\":\"https:\/\/futbolhoy.co\/wp-content\/uploads\/2018\/08\/17426380_1906371736249227_6326180412931521141_n.jpg\",\"contentUrl\":\"https:\/\/futbolhoy.co\/wp-content\/uploads\/2018\/08\/17426380_1906371736249227_6326180412931521141_n.jpg\",\"width\":960,\"height\":960,\"caption\":\"Futbolhoy.co\"},\"image\":{\"@id\":\"https:\/\/futbolhoy.co\/#\/schema\/logo\/image\/\"},\"sameAs\":[\"https:\/\/www.facebook.com\/FutbolHoyCol\/\",\"https:\/\/x.com\/FutbolHoyCol\",\"https:\/\/www.instagram.com\/futbolhoycol\/\"]},{\"@type\":\"Person\",\"@id\":\"https:\/\/futbolhoy.co\/#\/schema\/person\/c4a353a512b127643723a34bb1812f7d\",\"name\":\"Laura Hern\u00e1ndez\",\"image\":{\"@type\":\"ImageObject\",\"inLanguage\":\"es\",\"@id\":\"https:\/\/futbolhoy.co\/#\/schema\/person\/image\/\",\"url\":\"https:\/\/secure.gravatar.com\/avatar\/d25959a15b9b293a743f99181c7cfd01?s=96&d=mm&r=g\",\"contentUrl\":\"https:\/\/secure.gravatar.com\/avatar\/d25959a15b9b293a743f99181c7cfd01?s=96&d=mm&r=g\",\"caption\":\"Laura Hern\u00e1ndez\"}}]}<\/script>\n<!-- \/ Yoast SEO plugin. -->","yoast_head_json":{"title":"Nacional abrir\u00e1 en casa la Sudamericana -","robots":{"index":"index","follow":"follow","max-snippet":"max-snippet:-1","max-image-preview":"max-image-preview:large","max-video-preview":"max-video-preview:-1"},"canonical":"https:\/\/futbolhoy.co\/index.php\/2020\/02\/05\/nacional-abrira-en-casa-la-sudamericana\/","og_locale":"es_ES","og_type":"article","og_title":"Nacional abrir\u00e1 en casa la Sudamericana -","og_description":"Atl\u00e9tico Nacional recibir\u00e1 este mi\u00e9rcoles a un debilitado Hurac\u00e1n de Argentina, en el juego de ida por la primera ronda de la Copa Sudamericana. El t\u00e9cnico del equipo antioque\u00f1o, Juan Carlos Osorio, criticado por sus rotaciones en las alineaciones, presentar\u00eda su equipo tipo, liderado por el volante Jarlan Barrera, el extremo Yerson Candelo, y el [&hellip;]","og_url":"https:\/\/futbolhoy.co\/index.php\/2020\/02\/05\/nacional-abrira-en-casa-la-sudamericana\/","article_publisher":"https:\/\/www.facebook.com\/FutbolHoyCol\/","article_published_time":"2020-02-05T13:35:09+00:00","article_modified_time":"2020-02-06T01:52:01+00:00","og_image":[{"width":792,"height":525,"url":"https:\/\/futbolhoy.co\/wp-content\/uploads\/2020\/02\/Suda.jpg","type":"image\/jpeg"}],"author":"Laura Hern\u00e1ndez","twitter_card":"summary_large_image","twitter_creator":"@FutbolHoyCol","twitter_site":"@FutbolHoyCol","twitter_misc":{"Escrito por":"Laura Hern\u00e1ndez","Tiempo de lectura":"1 minuto"},"schema":{"@context":"https:\/\/schema.org","@graph":[{"@type":"Article","@id":"https:\/\/futbolhoy.co\/index.php\/2020\/02\/05\/nacional-abrira-en-casa-la-sudamericana\/#article","isPartOf":{"@id":"https:\/\/futbolhoy.co\/index.php\/2020\/02\/05\/nacional-abrira-en-casa-la-sudamericana\/"},"author":{"name":"Laura Hern\u00e1ndez","@id":"https:\/\/futbolhoy.co\/#\/schema\/person\/c4a353a512b127643723a34bb1812f7d"},"headline":"Nacional abrir\u00e1 en casa la Sudamericana","datePublished":"2020-02-05T13:35:09+00:00","dateModified":"2020-02-06T01:52:01+00:00","mainEntityOfPage":{"@id":"https:\/\/futbolhoy.co\/index.php\/2020\/02\/05\/nacional-abrira-en-casa-la-sudamericana\/"},"wordCount":234,"commentCount":0,"publisher":{"@id":"https:\/\/futbolhoy.co\/#organization"},"image":{"@id":"https:\/\/futbolhoy.co\/index.php\/2020\/02\/05\/nacional-abrira-en-casa-la-sudamericana\/#primaryimage"},"thumbnailUrl":"https:\/\/futbolhoy.co\/wp-content\/uploads\/2020\/02\/Suda.jpg","keywords":["Atl\u00e9tico Nacional","Copa Sudam\u00e9ricana","huracan"],"articleSection":["Sudamericana"],"inLanguage":"es","potentialAction":[{"@type":"CommentAction","name":"Comment","target":["https:\/\/futbolhoy.co\/index.php\/2020\/02\/05\/nacional-abrira-en-casa-la-sudamericana\/#respond"]}]},{"@type":"WebPage","@id":"https:\/\/futbolhoy.co\/index.php\/2020\/02\/05\/nacional-abrira-en-casa-la-sudamericana\/","url":"https:\/\/futbolhoy.co\/index.php\/2020\/02\/05\/nacional-abrira-en-casa-la-sudamericana\/","name":"Nacional abrir\u00e1 en casa la Sudamericana -","isPartOf":{"@id":"https:\/\/futbolhoy.co\/#website"},"primaryImageOfPage":{"@id":"https:\/\/futbolhoy.co\/index.php\/2020\/02\/05\/nacional-abrira-en-casa-la-sudamericana\/#primaryimage"},"image":{"@id":"https:\/\/futbolhoy.co\/index.php\/2020\/02\/05\/nacional-abrira-en-casa-la-sudamericana\/#primaryimage"},"thumbnailUrl":"https:\/\/futbolhoy.co\/wp-content\/uploads\/2020\/02\/Suda.jpg","datePublished":"2020-02-05T13:35:09+00:00","dateModified":"2020-02-06T01:52:01+00:00","breadcrumb":{"@id":"https:\/\/futbolhoy.co\/index.php\/2020\/02\/05\/nacional-abrira-en-casa-la-sudamericana\/#breadcrumb"},"inLanguage":"es","potentialAction":[{"@type":"ReadAction","target":["https:\/\/futbolhoy.co\/index.php\/2020\/02\/05\/nacional-abrira-en-casa-la-sudamericana\/"]}]},{"@type":"ImageObject","inLanguage":"es","@id":"https:\/\/futbolhoy.co\/index.php\/2020\/02\/05\/nacional-abrira-en-casa-la-sudamericana\/#primaryimage","url":"https:\/\/futbolhoy.co\/wp-content\/uploads\/2020\/02\/Suda.jpg","contentUrl":"https:\/\/futbolhoy.co\/wp-content\/uploads\/2020\/02\/Suda.jpg","width":792,"height":525},{"@type":"BreadcrumbList","@id":"https:\/\/futbolhoy.co\/index.php\/2020\/02\/05\/nacional-abrira-en-casa-la-sudamericana\/#breadcrumb","itemListElement":[{"@type":"ListItem","position":1,"name":"Portada","item":"https:\/\/futbolhoy.co\/"},{"@type":"ListItem","position":2,"name":"Nacional abrir\u00e1 en casa la Sudamericana"}]},{"@type":"WebSite","@id":"https:\/\/futbolhoy.co\/#website","url":"https:\/\/futbolhoy.co\/","name":"FutbolHoy","description":"","publisher":{"@id":"https:\/\/futbolhoy.co\/#organization"},"potentialAction":[{"@type":"SearchAction","target":{"@type":"EntryPoint","urlTemplate":"https:\/\/futbolhoy.co\/?s={search_term_string}"},"query-input":{"@type":"PropertyValueSpecification","valueRequired":true,"valueName":"search_term_string"}}],"inLanguage":"es"},{"@type":"Organization","@id":"https:\/\/futbolhoy.co\/#organization","name":"Futbolhoy.co","url":"https:\/\/futbolhoy.co\/","logo":{"@type":"ImageObject","inLanguage":"es","@id":"https:\/\/futbolhoy.co\/#\/schema\/logo\/image\/","url":"https:\/\/futbolhoy.co\/wp-content\/uploads\/2018\/08\/17426380_1906371736249227_6326180412931521141_n.jpg","contentUrl":"https:\/\/futbolhoy.co\/wp-content\/uploads\/2018\/08\/17426380_1906371736249227_6326180412931521141_n.jpg","width":960,"height":960,"caption":"Futbolhoy.co"},"image":{"@id":"https:\/\/futbolhoy.co\/#\/schema\/logo\/image\/"},"sameAs":["https:\/\/www.facebook.com\/FutbolHoyCol\/","https:\/\/x.com\/FutbolHoyCol","https:\/\/www.instagram.com\/futbolhoycol\/"]},{"@type":"Person","@id":"https:\/\/futbolhoy.co\/#\/schema\/person\/c4a353a512b127643723a34bb1812f7d","name":"Laura Hern\u00e1ndez","image":{"@type":"ImageObject","inLanguage":"es","@id":"https:\/\/futbolhoy.co\/#\/schema\/person\/image\/","url":"https:\/\/secure.gravatar.com\/avatar\/d25959a15b9b293a743f99181c7cfd01?s=96&d=mm&r=g","contentUrl":"https:\/\/secure.gravatar.com\/avatar\/d25959a15b9b293a743f99181c7cfd01?s=96&d=mm&r=g","caption":"Laura Hern\u00e1ndez"}}]}},"publishpress_future_action":{"enabled":false,"date":"2026-05-03 00:35:00","action":"change-status","newStatus":"draft","terms":[],"taxonomy":"category","extraData":[]},"publishpress_future_workflow_manual_trigger":{"enabledWorkflows":[]},"_links":{"self":[{"href":"https:\/\/futbolhoy.co\/index.php\/wp-json\/wp\/v2\/posts\/47180","targetHints":{"allow":["GET"]}}],"collection":[{"href":"https:\/\/futbolhoy.co\/index.php\/wp-json\/wp\/v2\/posts"}],"about":[{"href":"https:\/\/futbolhoy.co\/index.php\/wp-json\/wp\/v2\/types\/post"}],"author":[{"embeddable":true,"href":"https:\/\/futbolhoy.co\/index.php\/wp-json\/wp\/v2\/users\/5"}],"replies":[{"embeddable":true,"href":"https:\/\/futbolhoy.co\/index.php\/wp-json\/wp\/v2\/comments?post=47180"}],"version-history":[{"count":1,"href":"https:\/\/futbolhoy.co\/index.php\/wp-json\/wp\/v2\/posts\/47180\/revisions"}],"predecessor-version":[{"id":47182,"href":"https:\/\/futbolhoy.co\/index.php\/wp-json\/wp\/v2\/posts\/47180\/revisions\/47182"}],"wp:featuredmedia":[{"embeddable":true,"href":"https:\/\/futbolhoy.co\/index.php\/wp-json\/wp\/v2\/media\/47181"}],"wp:attachment":[{"href":"https:\/\/futbolhoy.co\/index.php\/wp-json\/wp\/v2\/media?parent=47180"}],"wp:term":[{"taxonomy":"category","embeddable":true,"href":"https:\/\/futbolhoy.co\/index.php\/wp-json\/wp\/v2\/categories?post=47180"},{"taxonomy":"post_tag","embeddable":true,"href":"https:\/\/futbolhoy.co\/index.php\/wp-json\/wp\/v2\/tags?post=47180"}],"curies":[{"name":"wp","href":"https:\/\/api.w.org\/{rel}","templated":true}]}}