{"id":47188,"date":"2020-02-05T20:48:16","date_gmt":"2020-02-06T01:48:16","guid":{"rendered":"https:\/\/futbolhoy.co\/?p=47188"},"modified":"2020-02-06T10:29:03","modified_gmt":"2020-02-06T15:29:03","slug":"el-objetivo-es-qatar-dt-de-venezuela","status":"publish","type":"post","link":"https:\/\/futbolhoy.co\/index.php\/2020\/02\/05\/el-objetivo-es-qatar-dt-de-venezuela\/","title":{"rendered":"\u201cEl objetivo es Qatar\u201d, DT de Venezuela"},"content":{"rendered":"<p style=\"text-align: justify;\"><span style=\"font-family: helvetica, arial, sans-serif;\">El portugu\u00e9s\u00a0<b>Jos\u00e9 Peseiro<\/b>, nuevo seleccionador de\u00a0<b>Venezuela<\/b>, asegur\u00f3 que su objetivo al frente de la \u2018vinotinto\u2019 es llegar al <b>Mundial<\/b>\u00a0de\u00a0<b>Qatar 2022<\/b>, una meta que espera alcanzar con la que considera la mejor generaci\u00f3n del pa\u00eds.<\/span><\/p>\n<p style=\"text-align: justify;\"><span style=\"font-family: helvetica, arial, sans-serif;\">\"Vengo con un objetivo principal: estar en Qatar\", dijo Peseiro, de 59 a\u00f1os, al ser presentado oficialmente como sustituto de\u00a0<b>Rafael Dudamel<\/b>.<\/span><\/p>\n<p style=\"text-align: justify;\"><span style=\"font-family: helvetica, arial, sans-serif;\">\"Es un honor, un desaf\u00edo, una ilusi\u00f3n porque tambi\u00e9n quiero estar en el Mundial\", a\u00f1adi\u00f3 el estratega, quien se qued\u00f3 cerca de clasificar a la selecci\u00f3n de\u00a0<b>Arabia Saudita<\/b>\u00a0a\u00a0<b>Sud\u00e1frica 2010<\/b>.<\/span><\/p>\n<p style=\"text-align: justify;\"><span style=\"font-family: helvetica, arial, sans-serif;\">\"El f\u00fatbol de Venezuela vive su mejor momento. Nunca hab\u00eda tenido tantos jugadores en\u00a0<b>Europa<\/b>\", destac\u00f3 el entrenador, quien indic\u00f3 que no entiende otra manera de vivir el f\u00fatbol que a la ofensiva, aunque para lograr lo que espera del grupo de jugadores debe trabajar mucho.<\/span><\/p>\n<p style=\"text-align: justify;\"><span style=\"font-family: helvetica, arial, sans-serif;\">Venezuela ser\u00e1 el primer rival de\u00a0<b>Colombia<\/b>\u00a0en las eliminatorias mundialistas el viernes 27 de marzo a las 3.30PM en\u00a0<b>Barranquilla<\/b>.<\/span><\/p>\n","protected":false},"excerpt":{"rendered":"<p>El portugu\u00e9s\u00a0Jos\u00e9 Peseiro, nuevo seleccionador de\u00a0Venezuela, asegur\u00f3 que su objetivo al frente de la \u2018vinotinto\u2019 es llegar al Mundial\u00a0de\u00a0Qatar 2022, una meta que espera alcanzar con la que considera la mejor generaci\u00f3n del pa\u00eds. \"Vengo con un objetivo principal: estar en Qatar\", dijo Peseiro, de 59 a\u00f1os, al ser presentado oficialmente como sustituto de\u00a0Rafael Dudamel. [&hellip;]<\/p>\n","protected":false},"author":5,"featured_media":47195,"comment_status":"open","ping_status":"open","sticky":false,"template":"","format":"standard","meta":{"_acf_changed":false,"footnotes":""},"categories":[152],"tags":[],"class_list":{"0":"post-47188","1":"post","2":"type-post","3":"status-publish","4":"format-standard","5":"has-post-thumbnail","7":"category-mundo-futbol"},"acf":[],"yoast_head":"<!-- This site is optimized with the Yoast SEO plugin v26.8 - https:\/\/yoast.com\/product\/yoast-seo-wordpress\/ -->\n<title>\u201cEl objetivo es Qatar\u201d, DT de Venezuela -<\/title>\n<meta name=\"robots\" content=\"index, follow, max-snippet:-1, max-image-preview:large, max-video-preview:-1\" \/>\n<link rel=\"canonical\" href=\"https:\/\/futbolhoy.co\/index.php\/2020\/02\/05\/el-objetivo-es-qatar-dt-de-venezuela\/\" \/>\n<meta property=\"og:locale\" content=\"es_ES\" \/>\n<meta property=\"og:type\" content=\"article\" \/>\n<meta property=\"og:title\" content=\"\u201cEl objetivo es Qatar\u201d, DT de Venezuela -\" \/>\n<meta property=\"og:description\" content=\"El portugu\u00e9s\u00a0Jos\u00e9 Peseiro, nuevo seleccionador de\u00a0Venezuela, asegur\u00f3 que su objetivo al frente de la \u2018vinotinto\u2019 es llegar al Mundial\u00a0de\u00a0Qatar 2022, una meta que espera alcanzar con la que considera la mejor generaci\u00f3n del pa\u00eds. &quot;Vengo con un objetivo principal: estar en Qatar&quot;, dijo Peseiro, de 59 a\u00f1os, al ser presentado oficialmente como sustituto de\u00a0Rafael Dudamel. [&hellip;]\" \/>\n<meta property=\"og:url\" content=\"https:\/\/futbolhoy.co\/index.php\/2020\/02\/05\/el-objetivo-es-qatar-dt-de-venezuela\/\" \/>\n<meta property=\"article:publisher\" content=\"https:\/\/www.facebook.com\/FutbolHoyCol\/\" \/>\n<meta property=\"article:published_time\" content=\"2020-02-06T01:48:16+00:00\" \/>\n<meta property=\"article:modified_time\" content=\"2020-02-06T15:29:03+00:00\" \/>\n<meta property=\"og:image\" content=\"https:\/\/futbolhoy.co\/wp-content\/uploads\/2020\/02\/EQDcxv4WAAI6IHQ.jpg\" \/>\n\t<meta property=\"og:image:width\" content=\"680\" \/>\n\t<meta property=\"og:image:height\" content=\"398\" \/>\n\t<meta property=\"og:image:type\" content=\"image\/jpeg\" \/>\n<meta name=\"author\" content=\"Laura Hern\u00e1ndez\" \/>\n<meta name=\"twitter:card\" content=\"summary_large_image\" \/>\n<meta name=\"twitter:creator\" content=\"@FutbolHoyCol\" \/>\n<meta name=\"twitter:site\" content=\"@FutbolHoyCol\" \/>\n<meta name=\"twitter:label1\" content=\"Escrito por\" \/>\n\t<meta name=\"twitter:data1\" content=\"Laura Hern\u00e1ndez\" \/>\n\t<meta name=\"twitter:label2\" content=\"Tiempo de lectura\" \/>\n\t<meta name=\"twitter:data2\" content=\"1 minuto\" \/>\n<script type=\"application\/ld+json\" class=\"yoast-schema-graph\">{\"@context\":\"https:\/\/schema.org\",\"@graph\":[{\"@type\":\"Article\",\"@id\":\"https:\/\/futbolhoy.co\/index.php\/2020\/02\/05\/el-objetivo-es-qatar-dt-de-venezuela\/#article\",\"isPartOf\":{\"@id\":\"https:\/\/futbolhoy.co\/index.php\/2020\/02\/05\/el-objetivo-es-qatar-dt-de-venezuela\/\"},\"author\":{\"name\":\"Laura Hern\u00e1ndez\",\"@id\":\"https:\/\/futbolhoy.co\/#\/schema\/person\/c4a353a512b127643723a34bb1812f7d\"},\"headline\":\"\u201cEl objetivo es Qatar\u201d, DT de Venezuela\",\"datePublished\":\"2020-02-06T01:48:16+00:00\",\"dateModified\":\"2020-02-06T15:29:03+00:00\",\"mainEntityOfPage\":{\"@id\":\"https:\/\/futbolhoy.co\/index.php\/2020\/02\/05\/el-objetivo-es-qatar-dt-de-venezuela\/\"},\"wordCount\":175,\"commentCount\":0,\"publisher\":{\"@id\":\"https:\/\/futbolhoy.co\/#organization\"},\"image\":{\"@id\":\"https:\/\/futbolhoy.co\/index.php\/2020\/02\/05\/el-objetivo-es-qatar-dt-de-venezuela\/#primaryimage\"},\"thumbnailUrl\":\"https:\/\/futbolhoy.co\/wp-content\/uploads\/2020\/02\/EQDcxv4WAAI6IHQ.jpg\",\"articleSection\":[\"Mundo Futbol\"],\"inLanguage\":\"es\",\"potentialAction\":[{\"@type\":\"CommentAction\",\"name\":\"Comment\",\"target\":[\"https:\/\/futbolhoy.co\/index.php\/2020\/02\/05\/el-objetivo-es-qatar-dt-de-venezuela\/#respond\"]}]},{\"@type\":\"WebPage\",\"@id\":\"https:\/\/futbolhoy.co\/index.php\/2020\/02\/05\/el-objetivo-es-qatar-dt-de-venezuela\/\",\"url\":\"https:\/\/futbolhoy.co\/index.php\/2020\/02\/05\/el-objetivo-es-qatar-dt-de-venezuela\/\",\"name\":\"\u201cEl objetivo es Qatar\u201d, DT de Venezuela -\",\"isPartOf\":{\"@id\":\"https:\/\/futbolhoy.co\/#website\"},\"primaryImageOfPage\":{\"@id\":\"https:\/\/futbolhoy.co\/index.php\/2020\/02\/05\/el-objetivo-es-qatar-dt-de-venezuela\/#primaryimage\"},\"image\":{\"@id\":\"https:\/\/futbolhoy.co\/index.php\/2020\/02\/05\/el-objetivo-es-qatar-dt-de-venezuela\/#primaryimage\"},\"thumbnailUrl\":\"https:\/\/futbolhoy.co\/wp-content\/uploads\/2020\/02\/EQDcxv4WAAI6IHQ.jpg\",\"datePublished\":\"2020-02-06T01:48:16+00:00\",\"dateModified\":\"2020-02-06T15:29:03+00:00\",\"breadcrumb\":{\"@id\":\"https:\/\/futbolhoy.co\/index.php\/2020\/02\/05\/el-objetivo-es-qatar-dt-de-venezuela\/#breadcrumb\"},\"inLanguage\":\"es\",\"potentialAction\":[{\"@type\":\"ReadAction\",\"target\":[\"https:\/\/futbolhoy.co\/index.php\/2020\/02\/05\/el-objetivo-es-qatar-dt-de-venezuela\/\"]}]},{\"@type\":\"ImageObject\",\"inLanguage\":\"es\",\"@id\":\"https:\/\/futbolhoy.co\/index.php\/2020\/02\/05\/el-objetivo-es-qatar-dt-de-venezuela\/#primaryimage\",\"url\":\"https:\/\/futbolhoy.co\/wp-content\/uploads\/2020\/02\/EQDcxv4WAAI6IHQ.jpg\",\"contentUrl\":\"https:\/\/futbolhoy.co\/wp-content\/uploads\/2020\/02\/EQDcxv4WAAI6IHQ.jpg\",\"width\":680,\"height\":398},{\"@type\":\"BreadcrumbList\",\"@id\":\"https:\/\/futbolhoy.co\/index.php\/2020\/02\/05\/el-objetivo-es-qatar-dt-de-venezuela\/#breadcrumb\",\"itemListElement\":[{\"@type\":\"ListItem\",\"position\":1,\"name\":\"Portada\",\"item\":\"https:\/\/futbolhoy.co\/\"},{\"@type\":\"ListItem\",\"position\":2,\"name\":\"\u201cEl objetivo es Qatar\u201d, DT de Venezuela\"}]},{\"@type\":\"WebSite\",\"@id\":\"https:\/\/futbolhoy.co\/#website\",\"url\":\"https:\/\/futbolhoy.co\/\",\"name\":\"FutbolHoy\",\"description\":\"\",\"publisher\":{\"@id\":\"https:\/\/futbolhoy.co\/#organization\"},\"potentialAction\":[{\"@type\":\"SearchAction\",\"target\":{\"@type\":\"EntryPoint\",\"urlTemplate\":\"https:\/\/futbolhoy.co\/?s={search_term_string}\"},\"query-input\":{\"@type\":\"PropertyValueSpecification\",\"valueRequired\":true,\"valueName\":\"search_term_string\"}}],\"inLanguage\":\"es\"},{\"@type\":\"Organization\",\"@id\":\"https:\/\/futbolhoy.co\/#organization\",\"name\":\"Futbolhoy.co\",\"url\":\"https:\/\/futbolhoy.co\/\",\"logo\":{\"@type\":\"ImageObject\",\"inLanguage\":\"es\",\"@id\":\"https:\/\/futbolhoy.co\/#\/schema\/logo\/image\/\",\"url\":\"https:\/\/futbolhoy.co\/wp-content\/uploads\/2018\/08\/17426380_1906371736249227_6326180412931521141_n.jpg\",\"contentUrl\":\"https:\/\/futbolhoy.co\/wp-content\/uploads\/2018\/08\/17426380_1906371736249227_6326180412931521141_n.jpg\",\"width\":960,\"height\":960,\"caption\":\"Futbolhoy.co\"},\"image\":{\"@id\":\"https:\/\/futbolhoy.co\/#\/schema\/logo\/image\/\"},\"sameAs\":[\"https:\/\/www.facebook.com\/FutbolHoyCol\/\",\"https:\/\/x.com\/FutbolHoyCol\",\"https:\/\/www.instagram.com\/futbolhoycol\/\"]},{\"@type\":\"Person\",\"@id\":\"https:\/\/futbolhoy.co\/#\/schema\/person\/c4a353a512b127643723a34bb1812f7d\",\"name\":\"Laura Hern\u00e1ndez\",\"image\":{\"@type\":\"ImageObject\",\"inLanguage\":\"es\",\"@id\":\"https:\/\/futbolhoy.co\/#\/schema\/person\/image\/\",\"url\":\"https:\/\/secure.gravatar.com\/avatar\/d25959a15b9b293a743f99181c7cfd01?s=96&d=mm&r=g\",\"contentUrl\":\"https:\/\/secure.gravatar.com\/avatar\/d25959a15b9b293a743f99181c7cfd01?s=96&d=mm&r=g\",\"caption\":\"Laura Hern\u00e1ndez\"}}]}<\/script>\n<!-- \/ Yoast SEO plugin. -->","yoast_head_json":{"title":"\u201cEl objetivo es Qatar\u201d, DT de Venezuela -","robots":{"index":"index","follow":"follow","max-snippet":"max-snippet:-1","max-image-preview":"max-image-preview:large","max-video-preview":"max-video-preview:-1"},"canonical":"https:\/\/futbolhoy.co\/index.php\/2020\/02\/05\/el-objetivo-es-qatar-dt-de-venezuela\/","og_locale":"es_ES","og_type":"article","og_title":"\u201cEl objetivo es Qatar\u201d, DT de Venezuela -","og_description":"El portugu\u00e9s\u00a0Jos\u00e9 Peseiro, nuevo seleccionador de\u00a0Venezuela, asegur\u00f3 que su objetivo al frente de la \u2018vinotinto\u2019 es llegar al Mundial\u00a0de\u00a0Qatar 2022, una meta que espera alcanzar con la que considera la mejor generaci\u00f3n del pa\u00eds. \"Vengo con un objetivo principal: estar en Qatar\", dijo Peseiro, de 59 a\u00f1os, al ser presentado oficialmente como sustituto de\u00a0Rafael Dudamel. [&hellip;]","og_url":"https:\/\/futbolhoy.co\/index.php\/2020\/02\/05\/el-objetivo-es-qatar-dt-de-venezuela\/","article_publisher":"https:\/\/www.facebook.com\/FutbolHoyCol\/","article_published_time":"2020-02-06T01:48:16+00:00","article_modified_time":"2020-02-06T15:29:03+00:00","og_image":[{"width":680,"height":398,"url":"https:\/\/futbolhoy.co\/wp-content\/uploads\/2020\/02\/EQDcxv4WAAI6IHQ.jpg","type":"image\/jpeg"}],"author":"Laura Hern\u00e1ndez","twitter_card":"summary_large_image","twitter_creator":"@FutbolHoyCol","twitter_site":"@FutbolHoyCol","twitter_misc":{"Escrito por":"Laura Hern\u00e1ndez","Tiempo de lectura":"1 minuto"},"schema":{"@context":"https:\/\/schema.org","@graph":[{"@type":"Article","@id":"https:\/\/futbolhoy.co\/index.php\/2020\/02\/05\/el-objetivo-es-qatar-dt-de-venezuela\/#article","isPartOf":{"@id":"https:\/\/futbolhoy.co\/index.php\/2020\/02\/05\/el-objetivo-es-qatar-dt-de-venezuela\/"},"author":{"name":"Laura Hern\u00e1ndez","@id":"https:\/\/futbolhoy.co\/#\/schema\/person\/c4a353a512b127643723a34bb1812f7d"},"headline":"\u201cEl objetivo es Qatar\u201d, DT de Venezuela","datePublished":"2020-02-06T01:48:16+00:00","dateModified":"2020-02-06T15:29:03+00:00","mainEntityOfPage":{"@id":"https:\/\/futbolhoy.co\/index.php\/2020\/02\/05\/el-objetivo-es-qatar-dt-de-venezuela\/"},"wordCount":175,"commentCount":0,"publisher":{"@id":"https:\/\/futbolhoy.co\/#organization"},"image":{"@id":"https:\/\/futbolhoy.co\/index.php\/2020\/02\/05\/el-objetivo-es-qatar-dt-de-venezuela\/#primaryimage"},"thumbnailUrl":"https:\/\/futbolhoy.co\/wp-content\/uploads\/2020\/02\/EQDcxv4WAAI6IHQ.jpg","articleSection":["Mundo Futbol"],"inLanguage":"es","potentialAction":[{"@type":"CommentAction","name":"Comment","target":["https:\/\/futbolhoy.co\/index.php\/2020\/02\/05\/el-objetivo-es-qatar-dt-de-venezuela\/#respond"]}]},{"@type":"WebPage","@id":"https:\/\/futbolhoy.co\/index.php\/2020\/02\/05\/el-objetivo-es-qatar-dt-de-venezuela\/","url":"https:\/\/futbolhoy.co\/index.php\/2020\/02\/05\/el-objetivo-es-qatar-dt-de-venezuela\/","name":"\u201cEl objetivo es Qatar\u201d, DT de Venezuela -","isPartOf":{"@id":"https:\/\/futbolhoy.co\/#website"},"primaryImageOfPage":{"@id":"https:\/\/futbolhoy.co\/index.php\/2020\/02\/05\/el-objetivo-es-qatar-dt-de-venezuela\/#primaryimage"},"image":{"@id":"https:\/\/futbolhoy.co\/index.php\/2020\/02\/05\/el-objetivo-es-qatar-dt-de-venezuela\/#primaryimage"},"thumbnailUrl":"https:\/\/futbolhoy.co\/wp-content\/uploads\/2020\/02\/EQDcxv4WAAI6IHQ.jpg","datePublished":"2020-02-06T01:48:16+00:00","dateModified":"2020-02-06T15:29:03+00:00","breadcrumb":{"@id":"https:\/\/futbolhoy.co\/index.php\/2020\/02\/05\/el-objetivo-es-qatar-dt-de-venezuela\/#breadcrumb"},"inLanguage":"es","potentialAction":[{"@type":"ReadAction","target":["https:\/\/futbolhoy.co\/index.php\/2020\/02\/05\/el-objetivo-es-qatar-dt-de-venezuela\/"]}]},{"@type":"ImageObject","inLanguage":"es","@id":"https:\/\/futbolhoy.co\/index.php\/2020\/02\/05\/el-objetivo-es-qatar-dt-de-venezuela\/#primaryimage","url":"https:\/\/futbolhoy.co\/wp-content\/uploads\/2020\/02\/EQDcxv4WAAI6IHQ.jpg","contentUrl":"https:\/\/futbolhoy.co\/wp-content\/uploads\/2020\/02\/EQDcxv4WAAI6IHQ.jpg","width":680,"height":398},{"@type":"BreadcrumbList","@id":"https:\/\/futbolhoy.co\/index.php\/2020\/02\/05\/el-objetivo-es-qatar-dt-de-venezuela\/#breadcrumb","itemListElement":[{"@type":"ListItem","position":1,"name":"Portada","item":"https:\/\/futbolhoy.co\/"},{"@type":"ListItem","position":2,"name":"\u201cEl objetivo es Qatar\u201d, DT de Venezuela"}]},{"@type":"WebSite","@id":"https:\/\/futbolhoy.co\/#website","url":"https:\/\/futbolhoy.co\/","name":"FutbolHoy","description":"","publisher":{"@id":"https:\/\/futbolhoy.co\/#organization"},"potentialAction":[{"@type":"SearchAction","target":{"@type":"EntryPoint","urlTemplate":"https:\/\/futbolhoy.co\/?s={search_term_string}"},"query-input":{"@type":"PropertyValueSpecification","valueRequired":true,"valueName":"search_term_string"}}],"inLanguage":"es"},{"@type":"Organization","@id":"https:\/\/futbolhoy.co\/#organization","name":"Futbolhoy.co","url":"https:\/\/futbolhoy.co\/","logo":{"@type":"ImageObject","inLanguage":"es","@id":"https:\/\/futbolhoy.co\/#\/schema\/logo\/image\/","url":"https:\/\/futbolhoy.co\/wp-content\/uploads\/2018\/08\/17426380_1906371736249227_6326180412931521141_n.jpg","contentUrl":"https:\/\/futbolhoy.co\/wp-content\/uploads\/2018\/08\/17426380_1906371736249227_6326180412931521141_n.jpg","width":960,"height":960,"caption":"Futbolhoy.co"},"image":{"@id":"https:\/\/futbolhoy.co\/#\/schema\/logo\/image\/"},"sameAs":["https:\/\/www.facebook.com\/FutbolHoyCol\/","https:\/\/x.com\/FutbolHoyCol","https:\/\/www.instagram.com\/futbolhoycol\/"]},{"@type":"Person","@id":"https:\/\/futbolhoy.co\/#\/schema\/person\/c4a353a512b127643723a34bb1812f7d","name":"Laura Hern\u00e1ndez","image":{"@type":"ImageObject","inLanguage":"es","@id":"https:\/\/futbolhoy.co\/#\/schema\/person\/image\/","url":"https:\/\/secure.gravatar.com\/avatar\/d25959a15b9b293a743f99181c7cfd01?s=96&d=mm&r=g","contentUrl":"https:\/\/secure.gravatar.com\/avatar\/d25959a15b9b293a743f99181c7cfd01?s=96&d=mm&r=g","caption":"Laura Hern\u00e1ndez"}}]}},"publishpress_future_action":{"enabled":false,"date":"2026-05-03 00:35:11","action":"change-status","newStatus":"draft","terms":[],"taxonomy":"category","extraData":[]},"publishpress_future_workflow_manual_trigger":{"enabledWorkflows":[]},"_links":{"self":[{"href":"https:\/\/futbolhoy.co\/index.php\/wp-json\/wp\/v2\/posts\/47188","targetHints":{"allow":["GET"]}}],"collection":[{"href":"https:\/\/futbolhoy.co\/index.php\/wp-json\/wp\/v2\/posts"}],"about":[{"href":"https:\/\/futbolhoy.co\/index.php\/wp-json\/wp\/v2\/types\/post"}],"author":[{"embeddable":true,"href":"https:\/\/futbolhoy.co\/index.php\/wp-json\/wp\/v2\/users\/5"}],"replies":[{"embeddable":true,"href":"https:\/\/futbolhoy.co\/index.php\/wp-json\/wp\/v2\/comments?post=47188"}],"version-history":[{"count":1,"href":"https:\/\/futbolhoy.co\/index.php\/wp-json\/wp\/v2\/posts\/47188\/revisions"}],"predecessor-version":[{"id":47197,"href":"https:\/\/futbolhoy.co\/index.php\/wp-json\/wp\/v2\/posts\/47188\/revisions\/47197"}],"wp:featuredmedia":[{"embeddable":true,"href":"https:\/\/futbolhoy.co\/index.php\/wp-json\/wp\/v2\/media\/47195"}],"wp:attachment":[{"href":"https:\/\/futbolhoy.co\/index.php\/wp-json\/wp\/v2\/media?parent=47188"}],"wp:term":[{"taxonomy":"category","embeddable":true,"href":"https:\/\/futbolhoy.co\/index.php\/wp-json\/wp\/v2\/categories?post=47188"},{"taxonomy":"post_tag","embeddable":true,"href":"https:\/\/futbolhoy.co\/index.php\/wp-json\/wp\/v2\/tags?post=47188"}],"curies":[{"name":"wp","href":"https:\/\/api.w.org\/{rel}","templated":true}]}}