{"id":47189,"date":"2020-02-05T21:14:26","date_gmt":"2020-02-06T02:14:26","guid":{"rendered":"https:\/\/futbolhoy.co\/?p=47189"},"modified":"2020-02-05T21:23:13","modified_gmt":"2020-02-06T02:23:13","slug":"argentina-colombia-con-la-mira-en-tokio","status":"publish","type":"post","link":"https:\/\/futbolhoy.co\/index.php\/2020\/02\/05\/argentina-colombia-con-la-mira-en-tokio\/","title":{"rendered":"Argentina-Colombia con la mira en Tokio"},"content":{"rendered":"<p style=\"text-align: justify;\"><span style=\"font-family: helvetica, arial, sans-serif;\">Los partidos\u00a0<b>Argentina-Colombia<\/b>\u00a0(8.30PM) y\u00a0<b>Brasil-Uruguay<\/b>\u00a0(6PM) empezar\u00e1n a definir el panorama de los dos cupos que entrega el\u00a0<b>Torneo Preol\u00edmpico<\/b>\u00a0a los Juegos de\u00a0<b>Tokio 2020<\/b>, cuando se dispute la segunda fecha del cuadrangular final este jueves en <b>Bucaramanga<\/b>.<\/span><\/p>\n<p style=\"text-align: justify;\"><span style=\"font-family: helvetica, arial, sans-serif;\">El equipo argentino, \u00fanico ganador de la primera fecha y l\u00edder de la fase final, podr\u00eda dar un paso definitivo y comprar gran parte de su tiquete a Jap\u00f3n de lograr una victoria sobre los anfitriones, a los cuales ya super\u00f3 1-2 en la jomada inaugural.<\/span><\/p>\n<p style=\"text-align: justify;\"><span style=\"font-family: helvetica, arial, sans-serif;\">La Selecci\u00f3n celeste y blanca seguir\u00e1 liderada por su capit\u00e1n\u00a0<b>Alexis Mac Allister<\/b>, goleador del campeonato con cuatro anotaciones; mientras que Colombia espera el despertar de su m\u00e1xima figura,\u00a0<b>Jorge Carrascal<\/b>, desaparecido futbol\u00edsticamente en los \u00faltimos dos juegos.<\/span><\/p>\n<p style=\"text-align: justify;\"><span style=\"font-family: helvetica, arial, sans-serif;\">\u201cAc\u00e1 lo que estamos pensando es en recuperarnos y en buscar la manera de hacerle da\u00f1o a una gran selecci\u00f3n como\u00a0<b>Argentina<\/b>. En este juego hicimos una buena lectura, seguramente, como en todos los partidos, habr\u00e1 cosas por corregir. No estamos contentos con el resultado, se hubiese podido hacer algo m\u00e1s\u201d, asegur\u00f3 el t\u00e9cnico colombiano\u00a0<b>Arturo Reyes<\/b>.<\/span><\/p>\n<p style=\"text-align: justify;\"><span style=\"font-family: helvetica, arial, sans-serif;\">Por su parte,\u00a0<b>Uruguay<\/b>\u00a0recupera al estelar\u00a0<b>Diego Rossi<\/b>\u00a0tras cumplir una fecha de sanci\u00f3n; mientras que\u00a0<b>Brasil<\/b>, candidato al t\u00edtulo, volver\u00eda a contar desde el inicio del juego con el lateral\u00a0<b>Guga<\/b>.<\/span><\/p>\n","protected":false},"excerpt":{"rendered":"<p>Los partidos\u00a0Argentina-Colombia\u00a0(8.30PM) y\u00a0Brasil-Uruguay\u00a0(6PM) empezar\u00e1n a definir el panorama de los dos cupos que entrega el\u00a0Torneo Preol\u00edmpico\u00a0a los Juegos de\u00a0Tokio 2020, cuando se dispute la segunda fecha del cuadrangular final este jueves en Bucaramanga. El equipo argentino, \u00fanico ganador de la primera fecha y l\u00edder de la fase final, podr\u00eda dar un paso definitivo y comprar [&hellip;]<\/p>\n","protected":false},"author":5,"featured_media":47192,"comment_status":"open","ping_status":"open","sticky":false,"template":"","format":"standard","meta":{"_acf_changed":false,"footnotes":""},"categories":[5],"tags":[],"class_list":{"0":"post-47189","1":"post","2":"type-post","3":"status-publish","4":"format-standard","5":"has-post-thumbnail","7":"category-destacados"},"acf":[],"yoast_head":"<!-- This site is optimized with the Yoast SEO plugin v26.8 - https:\/\/yoast.com\/product\/yoast-seo-wordpress\/ -->\n<title>Argentina-Colombia con la mira en Tokio -<\/title>\n<meta name=\"robots\" content=\"index, follow, max-snippet:-1, max-image-preview:large, max-video-preview:-1\" \/>\n<link rel=\"canonical\" href=\"https:\/\/futbolhoy.co\/index.php\/2020\/02\/05\/argentina-colombia-con-la-mira-en-tokio\/\" \/>\n<meta property=\"og:locale\" content=\"es_ES\" \/>\n<meta property=\"og:type\" content=\"article\" \/>\n<meta property=\"og:title\" content=\"Argentina-Colombia con la mira en Tokio -\" \/>\n<meta property=\"og:description\" content=\"Los partidos\u00a0Argentina-Colombia\u00a0(8.30PM) y\u00a0Brasil-Uruguay\u00a0(6PM) empezar\u00e1n a definir el panorama de los dos cupos que entrega el\u00a0Torneo Preol\u00edmpico\u00a0a los Juegos de\u00a0Tokio 2020, cuando se dispute la segunda fecha del cuadrangular final este jueves en Bucaramanga. El equipo argentino, \u00fanico ganador de la primera fecha y l\u00edder de la fase final, podr\u00eda dar un paso definitivo y comprar [&hellip;]\" \/>\n<meta property=\"og:url\" content=\"https:\/\/futbolhoy.co\/index.php\/2020\/02\/05\/argentina-colombia-con-la-mira-en-tokio\/\" \/>\n<meta property=\"article:publisher\" content=\"https:\/\/www.facebook.com\/FutbolHoyCol\/\" \/>\n<meta property=\"article:published_time\" content=\"2020-02-06T02:14:26+00:00\" \/>\n<meta property=\"article:modified_time\" content=\"2020-02-06T02:23:13+00:00\" \/>\n<meta property=\"og:image\" content=\"https:\/\/futbolhoy.co\/wp-content\/uploads\/2020\/02\/EP5mgX5W4AED6wq.jpg\" \/>\n\t<meta property=\"og:image:width\" content=\"679\" \/>\n\t<meta property=\"og:image:height\" content=\"441\" \/>\n\t<meta property=\"og:image:type\" content=\"image\/jpeg\" \/>\n<meta name=\"author\" content=\"Laura Hern\u00e1ndez\" \/>\n<meta name=\"twitter:card\" content=\"summary_large_image\" \/>\n<meta name=\"twitter:creator\" content=\"@FutbolHoyCol\" \/>\n<meta name=\"twitter:site\" content=\"@FutbolHoyCol\" \/>\n<meta name=\"twitter:label1\" content=\"Escrito por\" \/>\n\t<meta name=\"twitter:data1\" content=\"Laura Hern\u00e1ndez\" \/>\n\t<meta name=\"twitter:label2\" content=\"Tiempo de lectura\" \/>\n\t<meta name=\"twitter:data2\" content=\"1 minuto\" \/>\n<script type=\"application\/ld+json\" class=\"yoast-schema-graph\">{\"@context\":\"https:\/\/schema.org\",\"@graph\":[{\"@type\":\"Article\",\"@id\":\"https:\/\/futbolhoy.co\/index.php\/2020\/02\/05\/argentina-colombia-con-la-mira-en-tokio\/#article\",\"isPartOf\":{\"@id\":\"https:\/\/futbolhoy.co\/index.php\/2020\/02\/05\/argentina-colombia-con-la-mira-en-tokio\/\"},\"author\":{\"name\":\"Laura Hern\u00e1ndez\",\"@id\":\"https:\/\/futbolhoy.co\/#\/schema\/person\/c4a353a512b127643723a34bb1812f7d\"},\"headline\":\"Argentina-Colombia con la mira en Tokio\",\"datePublished\":\"2020-02-06T02:14:26+00:00\",\"dateModified\":\"2020-02-06T02:23:13+00:00\",\"mainEntityOfPage\":{\"@id\":\"https:\/\/futbolhoy.co\/index.php\/2020\/02\/05\/argentina-colombia-con-la-mira-en-tokio\/\"},\"wordCount\":235,\"commentCount\":0,\"publisher\":{\"@id\":\"https:\/\/futbolhoy.co\/#organization\"},\"image\":{\"@id\":\"https:\/\/futbolhoy.co\/index.php\/2020\/02\/05\/argentina-colombia-con-la-mira-en-tokio\/#primaryimage\"},\"thumbnailUrl\":\"https:\/\/futbolhoy.co\/wp-content\/uploads\/2020\/02\/EP5mgX5W4AED6wq.jpg\",\"articleSection\":[\"Destacados\"],\"inLanguage\":\"es\",\"potentialAction\":[{\"@type\":\"CommentAction\",\"name\":\"Comment\",\"target\":[\"https:\/\/futbolhoy.co\/index.php\/2020\/02\/05\/argentina-colombia-con-la-mira-en-tokio\/#respond\"]}]},{\"@type\":\"WebPage\",\"@id\":\"https:\/\/futbolhoy.co\/index.php\/2020\/02\/05\/argentina-colombia-con-la-mira-en-tokio\/\",\"url\":\"https:\/\/futbolhoy.co\/index.php\/2020\/02\/05\/argentina-colombia-con-la-mira-en-tokio\/\",\"name\":\"Argentina-Colombia con la mira en Tokio -\",\"isPartOf\":{\"@id\":\"https:\/\/futbolhoy.co\/#website\"},\"primaryImageOfPage\":{\"@id\":\"https:\/\/futbolhoy.co\/index.php\/2020\/02\/05\/argentina-colombia-con-la-mira-en-tokio\/#primaryimage\"},\"image\":{\"@id\":\"https:\/\/futbolhoy.co\/index.php\/2020\/02\/05\/argentina-colombia-con-la-mira-en-tokio\/#primaryimage\"},\"thumbnailUrl\":\"https:\/\/futbolhoy.co\/wp-content\/uploads\/2020\/02\/EP5mgX5W4AED6wq.jpg\",\"datePublished\":\"2020-02-06T02:14:26+00:00\",\"dateModified\":\"2020-02-06T02:23:13+00:00\",\"breadcrumb\":{\"@id\":\"https:\/\/futbolhoy.co\/index.php\/2020\/02\/05\/argentina-colombia-con-la-mira-en-tokio\/#breadcrumb\"},\"inLanguage\":\"es\",\"potentialAction\":[{\"@type\":\"ReadAction\",\"target\":[\"https:\/\/futbolhoy.co\/index.php\/2020\/02\/05\/argentina-colombia-con-la-mira-en-tokio\/\"]}]},{\"@type\":\"ImageObject\",\"inLanguage\":\"es\",\"@id\":\"https:\/\/futbolhoy.co\/index.php\/2020\/02\/05\/argentina-colombia-con-la-mira-en-tokio\/#primaryimage\",\"url\":\"https:\/\/futbolhoy.co\/wp-content\/uploads\/2020\/02\/EP5mgX5W4AED6wq.jpg\",\"contentUrl\":\"https:\/\/futbolhoy.co\/wp-content\/uploads\/2020\/02\/EP5mgX5W4AED6wq.jpg\",\"width\":679,\"height\":441},{\"@type\":\"BreadcrumbList\",\"@id\":\"https:\/\/futbolhoy.co\/index.php\/2020\/02\/05\/argentina-colombia-con-la-mira-en-tokio\/#breadcrumb\",\"itemListElement\":[{\"@type\":\"ListItem\",\"position\":1,\"name\":\"Portada\",\"item\":\"https:\/\/futbolhoy.co\/\"},{\"@type\":\"ListItem\",\"position\":2,\"name\":\"Argentina-Colombia con la mira en Tokio\"}]},{\"@type\":\"WebSite\",\"@id\":\"https:\/\/futbolhoy.co\/#website\",\"url\":\"https:\/\/futbolhoy.co\/\",\"name\":\"FutbolHoy\",\"description\":\"\",\"publisher\":{\"@id\":\"https:\/\/futbolhoy.co\/#organization\"},\"potentialAction\":[{\"@type\":\"SearchAction\",\"target\":{\"@type\":\"EntryPoint\",\"urlTemplate\":\"https:\/\/futbolhoy.co\/?s={search_term_string}\"},\"query-input\":{\"@type\":\"PropertyValueSpecification\",\"valueRequired\":true,\"valueName\":\"search_term_string\"}}],\"inLanguage\":\"es\"},{\"@type\":\"Organization\",\"@id\":\"https:\/\/futbolhoy.co\/#organization\",\"name\":\"Futbolhoy.co\",\"url\":\"https:\/\/futbolhoy.co\/\",\"logo\":{\"@type\":\"ImageObject\",\"inLanguage\":\"es\",\"@id\":\"https:\/\/futbolhoy.co\/#\/schema\/logo\/image\/\",\"url\":\"https:\/\/futbolhoy.co\/wp-content\/uploads\/2018\/08\/17426380_1906371736249227_6326180412931521141_n.jpg\",\"contentUrl\":\"https:\/\/futbolhoy.co\/wp-content\/uploads\/2018\/08\/17426380_1906371736249227_6326180412931521141_n.jpg\",\"width\":960,\"height\":960,\"caption\":\"Futbolhoy.co\"},\"image\":{\"@id\":\"https:\/\/futbolhoy.co\/#\/schema\/logo\/image\/\"},\"sameAs\":[\"https:\/\/www.facebook.com\/FutbolHoyCol\/\",\"https:\/\/x.com\/FutbolHoyCol\",\"https:\/\/www.instagram.com\/futbolhoycol\/\"]},{\"@type\":\"Person\",\"@id\":\"https:\/\/futbolhoy.co\/#\/schema\/person\/c4a353a512b127643723a34bb1812f7d\",\"name\":\"Laura Hern\u00e1ndez\",\"image\":{\"@type\":\"ImageObject\",\"inLanguage\":\"es\",\"@id\":\"https:\/\/futbolhoy.co\/#\/schema\/person\/image\/\",\"url\":\"https:\/\/secure.gravatar.com\/avatar\/d25959a15b9b293a743f99181c7cfd01?s=96&d=mm&r=g\",\"contentUrl\":\"https:\/\/secure.gravatar.com\/avatar\/d25959a15b9b293a743f99181c7cfd01?s=96&d=mm&r=g\",\"caption\":\"Laura Hern\u00e1ndez\"}}]}<\/script>\n<!-- \/ Yoast SEO plugin. -->","yoast_head_json":{"title":"Argentina-Colombia con la mira en Tokio -","robots":{"index":"index","follow":"follow","max-snippet":"max-snippet:-1","max-image-preview":"max-image-preview:large","max-video-preview":"max-video-preview:-1"},"canonical":"https:\/\/futbolhoy.co\/index.php\/2020\/02\/05\/argentina-colombia-con-la-mira-en-tokio\/","og_locale":"es_ES","og_type":"article","og_title":"Argentina-Colombia con la mira en Tokio -","og_description":"Los partidos\u00a0Argentina-Colombia\u00a0(8.30PM) y\u00a0Brasil-Uruguay\u00a0(6PM) empezar\u00e1n a definir el panorama de los dos cupos que entrega el\u00a0Torneo Preol\u00edmpico\u00a0a los Juegos de\u00a0Tokio 2020, cuando se dispute la segunda fecha del cuadrangular final este jueves en Bucaramanga. El equipo argentino, \u00fanico ganador de la primera fecha y l\u00edder de la fase final, podr\u00eda dar un paso definitivo y comprar [&hellip;]","og_url":"https:\/\/futbolhoy.co\/index.php\/2020\/02\/05\/argentina-colombia-con-la-mira-en-tokio\/","article_publisher":"https:\/\/www.facebook.com\/FutbolHoyCol\/","article_published_time":"2020-02-06T02:14:26+00:00","article_modified_time":"2020-02-06T02:23:13+00:00","og_image":[{"width":679,"height":441,"url":"https:\/\/futbolhoy.co\/wp-content\/uploads\/2020\/02\/EP5mgX5W4AED6wq.jpg","type":"image\/jpeg"}],"author":"Laura Hern\u00e1ndez","twitter_card":"summary_large_image","twitter_creator":"@FutbolHoyCol","twitter_site":"@FutbolHoyCol","twitter_misc":{"Escrito por":"Laura Hern\u00e1ndez","Tiempo de lectura":"1 minuto"},"schema":{"@context":"https:\/\/schema.org","@graph":[{"@type":"Article","@id":"https:\/\/futbolhoy.co\/index.php\/2020\/02\/05\/argentina-colombia-con-la-mira-en-tokio\/#article","isPartOf":{"@id":"https:\/\/futbolhoy.co\/index.php\/2020\/02\/05\/argentina-colombia-con-la-mira-en-tokio\/"},"author":{"name":"Laura Hern\u00e1ndez","@id":"https:\/\/futbolhoy.co\/#\/schema\/person\/c4a353a512b127643723a34bb1812f7d"},"headline":"Argentina-Colombia con la mira en Tokio","datePublished":"2020-02-06T02:14:26+00:00","dateModified":"2020-02-06T02:23:13+00:00","mainEntityOfPage":{"@id":"https:\/\/futbolhoy.co\/index.php\/2020\/02\/05\/argentina-colombia-con-la-mira-en-tokio\/"},"wordCount":235,"commentCount":0,"publisher":{"@id":"https:\/\/futbolhoy.co\/#organization"},"image":{"@id":"https:\/\/futbolhoy.co\/index.php\/2020\/02\/05\/argentina-colombia-con-la-mira-en-tokio\/#primaryimage"},"thumbnailUrl":"https:\/\/futbolhoy.co\/wp-content\/uploads\/2020\/02\/EP5mgX5W4AED6wq.jpg","articleSection":["Destacados"],"inLanguage":"es","potentialAction":[{"@type":"CommentAction","name":"Comment","target":["https:\/\/futbolhoy.co\/index.php\/2020\/02\/05\/argentina-colombia-con-la-mira-en-tokio\/#respond"]}]},{"@type":"WebPage","@id":"https:\/\/futbolhoy.co\/index.php\/2020\/02\/05\/argentina-colombia-con-la-mira-en-tokio\/","url":"https:\/\/futbolhoy.co\/index.php\/2020\/02\/05\/argentina-colombia-con-la-mira-en-tokio\/","name":"Argentina-Colombia con la mira en Tokio -","isPartOf":{"@id":"https:\/\/futbolhoy.co\/#website"},"primaryImageOfPage":{"@id":"https:\/\/futbolhoy.co\/index.php\/2020\/02\/05\/argentina-colombia-con-la-mira-en-tokio\/#primaryimage"},"image":{"@id":"https:\/\/futbolhoy.co\/index.php\/2020\/02\/05\/argentina-colombia-con-la-mira-en-tokio\/#primaryimage"},"thumbnailUrl":"https:\/\/futbolhoy.co\/wp-content\/uploads\/2020\/02\/EP5mgX5W4AED6wq.jpg","datePublished":"2020-02-06T02:14:26+00:00","dateModified":"2020-02-06T02:23:13+00:00","breadcrumb":{"@id":"https:\/\/futbolhoy.co\/index.php\/2020\/02\/05\/argentina-colombia-con-la-mira-en-tokio\/#breadcrumb"},"inLanguage":"es","potentialAction":[{"@type":"ReadAction","target":["https:\/\/futbolhoy.co\/index.php\/2020\/02\/05\/argentina-colombia-con-la-mira-en-tokio\/"]}]},{"@type":"ImageObject","inLanguage":"es","@id":"https:\/\/futbolhoy.co\/index.php\/2020\/02\/05\/argentina-colombia-con-la-mira-en-tokio\/#primaryimage","url":"https:\/\/futbolhoy.co\/wp-content\/uploads\/2020\/02\/EP5mgX5W4AED6wq.jpg","contentUrl":"https:\/\/futbolhoy.co\/wp-content\/uploads\/2020\/02\/EP5mgX5W4AED6wq.jpg","width":679,"height":441},{"@type":"BreadcrumbList","@id":"https:\/\/futbolhoy.co\/index.php\/2020\/02\/05\/argentina-colombia-con-la-mira-en-tokio\/#breadcrumb","itemListElement":[{"@type":"ListItem","position":1,"name":"Portada","item":"https:\/\/futbolhoy.co\/"},{"@type":"ListItem","position":2,"name":"Argentina-Colombia con la mira en Tokio"}]},{"@type":"WebSite","@id":"https:\/\/futbolhoy.co\/#website","url":"https:\/\/futbolhoy.co\/","name":"FutbolHoy","description":"","publisher":{"@id":"https:\/\/futbolhoy.co\/#organization"},"potentialAction":[{"@type":"SearchAction","target":{"@type":"EntryPoint","urlTemplate":"https:\/\/futbolhoy.co\/?s={search_term_string}"},"query-input":{"@type":"PropertyValueSpecification","valueRequired":true,"valueName":"search_term_string"}}],"inLanguage":"es"},{"@type":"Organization","@id":"https:\/\/futbolhoy.co\/#organization","name":"Futbolhoy.co","url":"https:\/\/futbolhoy.co\/","logo":{"@type":"ImageObject","inLanguage":"es","@id":"https:\/\/futbolhoy.co\/#\/schema\/logo\/image\/","url":"https:\/\/futbolhoy.co\/wp-content\/uploads\/2018\/08\/17426380_1906371736249227_6326180412931521141_n.jpg","contentUrl":"https:\/\/futbolhoy.co\/wp-content\/uploads\/2018\/08\/17426380_1906371736249227_6326180412931521141_n.jpg","width":960,"height":960,"caption":"Futbolhoy.co"},"image":{"@id":"https:\/\/futbolhoy.co\/#\/schema\/logo\/image\/"},"sameAs":["https:\/\/www.facebook.com\/FutbolHoyCol\/","https:\/\/x.com\/FutbolHoyCol","https:\/\/www.instagram.com\/futbolhoycol\/"]},{"@type":"Person","@id":"https:\/\/futbolhoy.co\/#\/schema\/person\/c4a353a512b127643723a34bb1812f7d","name":"Laura Hern\u00e1ndez","image":{"@type":"ImageObject","inLanguage":"es","@id":"https:\/\/futbolhoy.co\/#\/schema\/person\/image\/","url":"https:\/\/secure.gravatar.com\/avatar\/d25959a15b9b293a743f99181c7cfd01?s=96&d=mm&r=g","contentUrl":"https:\/\/secure.gravatar.com\/avatar\/d25959a15b9b293a743f99181c7cfd01?s=96&d=mm&r=g","caption":"Laura Hern\u00e1ndez"}}]}},"publishpress_future_action":{"enabled":false,"date":"2026-05-03 12:48:41","action":"change-status","newStatus":"draft","terms":[],"taxonomy":"category","extraData":[]},"publishpress_future_workflow_manual_trigger":{"enabledWorkflows":[]},"_links":{"self":[{"href":"https:\/\/futbolhoy.co\/index.php\/wp-json\/wp\/v2\/posts\/47189","targetHints":{"allow":["GET"]}}],"collection":[{"href":"https:\/\/futbolhoy.co\/index.php\/wp-json\/wp\/v2\/posts"}],"about":[{"href":"https:\/\/futbolhoy.co\/index.php\/wp-json\/wp\/v2\/types\/post"}],"author":[{"embeddable":true,"href":"https:\/\/futbolhoy.co\/index.php\/wp-json\/wp\/v2\/users\/5"}],"replies":[{"embeddable":true,"href":"https:\/\/futbolhoy.co\/index.php\/wp-json\/wp\/v2\/comments?post=47189"}],"version-history":[{"count":2,"href":"https:\/\/futbolhoy.co\/index.php\/wp-json\/wp\/v2\/posts\/47189\/revisions"}],"predecessor-version":[{"id":47205,"href":"https:\/\/futbolhoy.co\/index.php\/wp-json\/wp\/v2\/posts\/47189\/revisions\/47205"}],"wp:featuredmedia":[{"embeddable":true,"href":"https:\/\/futbolhoy.co\/index.php\/wp-json\/wp\/v2\/media\/47192"}],"wp:attachment":[{"href":"https:\/\/futbolhoy.co\/index.php\/wp-json\/wp\/v2\/media?parent=47189"}],"wp:term":[{"taxonomy":"category","embeddable":true,"href":"https:\/\/futbolhoy.co\/index.php\/wp-json\/wp\/v2\/categories?post=47189"},{"taxonomy":"post_tag","embeddable":true,"href":"https:\/\/futbolhoy.co\/index.php\/wp-json\/wp\/v2\/tags?post=47189"}],"curies":[{"name":"wp","href":"https:\/\/api.w.org\/{rel}","templated":true}]}}