{"id":47199,"date":"2020-02-05T21:10:49","date_gmt":"2020-02-06T02:10:49","guid":{"rendered":"https:\/\/futbolhoy.co\/?p=47199"},"modified":"2020-02-06T10:40:01","modified_gmt":"2020-02-06T15:40:01","slug":"estamos-motivados-por-el-partido-con-muchas-ganas-de-hacer-las-cosas-bien-willer-ditta","status":"publish","type":"post","link":"https:\/\/futbolhoy.co\/index.php\/2020\/02\/05\/estamos-motivados-por-el-partido-con-muchas-ganas-de-hacer-las-cosas-bien-willer-ditta\/","title":{"rendered":"\"Estamos motivados por el partido, con muchas ganas de hacer las cosas bien\": Willer Ditta"},"content":{"rendered":"<p style=\"text-align: justify;\"><span style=\"font-family: helvetica, arial, sans-serif;\">La <strong>Selecci\u00f3n Colombia Sub-23,<\/strong> entren\u00f3 este mi\u00e9rcoles 6 de febrero, con los 22 hombres disponibles, <strong>Arturo Reyes<\/strong> ultim\u00f3 detalles para el segundo partido del Cuadrangular Final en el\u00a0<strong>Torneo Preol\u00edmpico<\/strong> 2020 ante Argentina.<\/span><\/p>\n<p style=\"text-align: justify;\"><span style=\"font-family: helvetica, arial, sans-serif;\">Antes del entrenamiento <strong>Willer Ditta<\/strong> y <strong>Johan Carbonero<\/strong>, dieron declaraciones acerca del encuentro.\u00a0<\/span><\/p>\n<!--[if lt IE 9]><script>document.createElement('audio');<\/script><![endif]-->\n\t<div class=\"wp-playlist wp-audio-playlist wp-playlist-light\">\n\t\t\t<div class=\"wp-playlist-current-item\"><\/div>\n\t\t<audio controls=\"controls\" preload=\"none\" width=\"674\"\n\t\t\t><\/audio>\n\t<div class=\"wp-playlist-next\"><\/div>\n\t<div class=\"wp-playlist-prev\"><\/div>\n\t<noscript>\n\t<ol>\n\t\t<li><a href='https:\/\/futbolhoy.co\/wp-content\/uploads\/2020\/02\/Willer-Ditta..mp3'>Willer Ditta.<\/a><\/li><li><a href='https:\/\/futbolhoy.co\/wp-content\/uploads\/2020\/02\/Johan-Carbonero..mp3'>Johan Carbonero.<\/a><\/li>\t<\/ol>\n\t<\/noscript>\n\t<script type=\"application\/json\" class=\"wp-playlist-script\">{\"type\":\"audio\",\"tracklist\":true,\"tracknumbers\":true,\"images\":true,\"artists\":true,\"tracks\":[{\"src\":\"https:\\\/\\\/futbolhoy.co\\\/wp-content\\\/uploads\\\/2020\\\/02\\\/Willer-Ditta..mp3\",\"type\":\"audio\\\/mpeg\",\"title\":\"Willer Ditta.\",\"caption\":\"\",\"description\":\"\\\"Willer Ditta.\\\".\",\"meta\":{\"length_formatted\":\"5:03\"},\"image\":{\"src\":\"https:\\\/\\\/futbolhoy.co\\\/wp-includes\\\/images\\\/media\\\/audio.svg\",\"width\":48,\"height\":64},\"thumb\":{\"src\":\"https:\\\/\\\/futbolhoy.co\\\/wp-includes\\\/images\\\/media\\\/audio.svg\",\"width\":48,\"height\":64}},{\"src\":\"https:\\\/\\\/futbolhoy.co\\\/wp-content\\\/uploads\\\/2020\\\/02\\\/Johan-Carbonero..mp3\",\"type\":\"audio\\\/mpeg\",\"title\":\"Johan Carbonero.\",\"caption\":\"\",\"description\":\"\\\"Johan Carbonero.\\\".\",\"meta\":{\"length_formatted\":\"4:17\"},\"image\":{\"src\":\"https:\\\/\\\/futbolhoy.co\\\/wp-includes\\\/images\\\/media\\\/audio.svg\",\"width\":48,\"height\":64},\"thumb\":{\"src\":\"https:\\\/\\\/futbolhoy.co\\\/wp-includes\\\/images\\\/media\\\/audio.svg\",\"width\":48,\"height\":64}}]}<\/script>\n<\/div>\n\t\n","protected":false},"excerpt":{"rendered":"<p>La Selecci\u00f3n Colombia Sub-23, entren\u00f3 este mi\u00e9rcoles 6 de febrero, con los 22 hombres disponibles, Arturo Reyes ultim\u00f3 detalles para el segundo partido del Cuadrangular Final en el\u00a0Torneo Preol\u00edmpico 2020 ante Argentina. Antes del entrenamiento Willer Ditta y Johan Carbonero, dieron declaraciones acerca del encuentro.\u00a0<\/p>\n","protected":false},"author":5,"featured_media":47202,"comment_status":"open","ping_status":"open","sticky":false,"template":"","format":"video","meta":{"_acf_changed":false,"footnotes":""},"categories":[418],"tags":[],"class_list":{"0":"post-47199","1":"post","2":"type-post","3":"status-publish","4":"format-video","5":"has-post-thumbnail","7":"category-colombia","8":"post_format-post-format-video"},"acf":[],"yoast_head":"<!-- This site is optimized with the Yoast SEO plugin v26.8 - https:\/\/yoast.com\/product\/yoast-seo-wordpress\/ -->\n<title>&quot;Estamos motivados por el partido, con muchas ganas de hacer las cosas bien&quot;: Willer Ditta -<\/title>\n<meta name=\"robots\" content=\"index, follow, max-snippet:-1, max-image-preview:large, max-video-preview:-1\" \/>\n<link rel=\"canonical\" href=\"https:\/\/futbolhoy.co\/index.php\/2020\/02\/05\/estamos-motivados-por-el-partido-con-muchas-ganas-de-hacer-las-cosas-bien-willer-ditta\/\" \/>\n<meta property=\"og:locale\" content=\"es_ES\" \/>\n<meta property=\"og:type\" content=\"article\" \/>\n<meta property=\"og:title\" content=\"&quot;Estamos motivados por el partido, con muchas ganas de hacer las cosas bien&quot;: Willer Ditta -\" \/>\n<meta property=\"og:description\" content=\"La Selecci\u00f3n Colombia Sub-23, entren\u00f3 este mi\u00e9rcoles 6 de febrero, con los 22 hombres disponibles, Arturo Reyes ultim\u00f3 detalles para el segundo partido del Cuadrangular Final en el\u00a0Torneo Preol\u00edmpico 2020 ante Argentina. Antes del entrenamiento Willer Ditta y Johan Carbonero, dieron declaraciones acerca del encuentro.\u00a0\" \/>\n<meta property=\"og:url\" content=\"https:\/\/futbolhoy.co\/index.php\/2020\/02\/05\/estamos-motivados-por-el-partido-con-muchas-ganas-de-hacer-las-cosas-bien-willer-ditta\/\" \/>\n<meta property=\"article:publisher\" content=\"https:\/\/www.facebook.com\/FutbolHoyCol\/\" \/>\n<meta property=\"article:published_time\" content=\"2020-02-06T02:10:49+00:00\" \/>\n<meta property=\"article:modified_time\" content=\"2020-02-06T15:40:01+00:00\" \/>\n<meta property=\"og:image\" content=\"https:\/\/futbolhoy.co\/wp-content\/uploads\/2020\/02\/IMG_20200205_210710.jpg\" \/>\n\t<meta property=\"og:image:width\" content=\"1280\" \/>\n\t<meta property=\"og:image:height\" content=\"843\" \/>\n\t<meta property=\"og:image:type\" content=\"image\/jpeg\" \/>\n<meta name=\"author\" content=\"Laura Hern\u00e1ndez\" \/>\n<meta name=\"twitter:card\" content=\"summary_large_image\" \/>\n<meta name=\"twitter:creator\" content=\"@FutbolHoyCol\" \/>\n<meta name=\"twitter:site\" content=\"@FutbolHoyCol\" \/>\n<meta name=\"twitter:label1\" content=\"Escrito por\" \/>\n\t<meta name=\"twitter:data1\" content=\"Laura Hern\u00e1ndez\" \/>\n<script type=\"application\/ld+json\" class=\"yoast-schema-graph\">{\"@context\":\"https:\/\/schema.org\",\"@graph\":[{\"@type\":\"Article\",\"@id\":\"https:\/\/futbolhoy.co\/index.php\/2020\/02\/05\/estamos-motivados-por-el-partido-con-muchas-ganas-de-hacer-las-cosas-bien-willer-ditta\/#article\",\"isPartOf\":{\"@id\":\"https:\/\/futbolhoy.co\/index.php\/2020\/02\/05\/estamos-motivados-por-el-partido-con-muchas-ganas-de-hacer-las-cosas-bien-willer-ditta\/\"},\"author\":{\"name\":\"Laura Hern\u00e1ndez\",\"@id\":\"https:\/\/futbolhoy.co\/#\/schema\/person\/c4a353a512b127643723a34bb1812f7d\"},\"headline\":\"\\\"Estamos motivados por el partido, con muchas ganas de hacer las cosas bien\\\": Willer Ditta\",\"datePublished\":\"2020-02-06T02:10:49+00:00\",\"dateModified\":\"2020-02-06T15:40:01+00:00\",\"mainEntityOfPage\":{\"@id\":\"https:\/\/futbolhoy.co\/index.php\/2020\/02\/05\/estamos-motivados-por-el-partido-con-muchas-ganas-de-hacer-las-cosas-bien-willer-ditta\/\"},\"wordCount\":63,\"commentCount\":0,\"publisher\":{\"@id\":\"https:\/\/futbolhoy.co\/#organization\"},\"image\":{\"@id\":\"https:\/\/futbolhoy.co\/index.php\/2020\/02\/05\/estamos-motivados-por-el-partido-con-muchas-ganas-de-hacer-las-cosas-bien-willer-ditta\/#primaryimage\"},\"thumbnailUrl\":\"https:\/\/futbolhoy.co\/wp-content\/uploads\/2020\/02\/IMG_20200205_210710.jpg\",\"articleSection\":[\"Colombia\"],\"inLanguage\":\"es\",\"potentialAction\":[{\"@type\":\"CommentAction\",\"name\":\"Comment\",\"target\":[\"https:\/\/futbolhoy.co\/index.php\/2020\/02\/05\/estamos-motivados-por-el-partido-con-muchas-ganas-de-hacer-las-cosas-bien-willer-ditta\/#respond\"]}]},{\"@type\":\"WebPage\",\"@id\":\"https:\/\/futbolhoy.co\/index.php\/2020\/02\/05\/estamos-motivados-por-el-partido-con-muchas-ganas-de-hacer-las-cosas-bien-willer-ditta\/\",\"url\":\"https:\/\/futbolhoy.co\/index.php\/2020\/02\/05\/estamos-motivados-por-el-partido-con-muchas-ganas-de-hacer-las-cosas-bien-willer-ditta\/\",\"name\":\"\\\"Estamos motivados por el partido, con muchas ganas de hacer las cosas bien\\\": Willer Ditta -\",\"isPartOf\":{\"@id\":\"https:\/\/futbolhoy.co\/#website\"},\"primaryImageOfPage\":{\"@id\":\"https:\/\/futbolhoy.co\/index.php\/2020\/02\/05\/estamos-motivados-por-el-partido-con-muchas-ganas-de-hacer-las-cosas-bien-willer-ditta\/#primaryimage\"},\"image\":{\"@id\":\"https:\/\/futbolhoy.co\/index.php\/2020\/02\/05\/estamos-motivados-por-el-partido-con-muchas-ganas-de-hacer-las-cosas-bien-willer-ditta\/#primaryimage\"},\"thumbnailUrl\":\"https:\/\/futbolhoy.co\/wp-content\/uploads\/2020\/02\/IMG_20200205_210710.jpg\",\"datePublished\":\"2020-02-06T02:10:49+00:00\",\"dateModified\":\"2020-02-06T15:40:01+00:00\",\"breadcrumb\":{\"@id\":\"https:\/\/futbolhoy.co\/index.php\/2020\/02\/05\/estamos-motivados-por-el-partido-con-muchas-ganas-de-hacer-las-cosas-bien-willer-ditta\/#breadcrumb\"},\"inLanguage\":\"es\",\"potentialAction\":[{\"@type\":\"ReadAction\",\"target\":[\"https:\/\/futbolhoy.co\/index.php\/2020\/02\/05\/estamos-motivados-por-el-partido-con-muchas-ganas-de-hacer-las-cosas-bien-willer-ditta\/\"]}]},{\"@type\":\"ImageObject\",\"inLanguage\":\"es\",\"@id\":\"https:\/\/futbolhoy.co\/index.php\/2020\/02\/05\/estamos-motivados-por-el-partido-con-muchas-ganas-de-hacer-las-cosas-bien-willer-ditta\/#primaryimage\",\"url\":\"https:\/\/futbolhoy.co\/wp-content\/uploads\/2020\/02\/IMG_20200205_210710.jpg\",\"contentUrl\":\"https:\/\/futbolhoy.co\/wp-content\/uploads\/2020\/02\/IMG_20200205_210710.jpg\",\"width\":1280,\"height\":843},{\"@type\":\"BreadcrumbList\",\"@id\":\"https:\/\/futbolhoy.co\/index.php\/2020\/02\/05\/estamos-motivados-por-el-partido-con-muchas-ganas-de-hacer-las-cosas-bien-willer-ditta\/#breadcrumb\",\"itemListElement\":[{\"@type\":\"ListItem\",\"position\":1,\"name\":\"Portada\",\"item\":\"https:\/\/futbolhoy.co\/\"},{\"@type\":\"ListItem\",\"position\":2,\"name\":\"\u00abEstamos motivados por el partido, con muchas ganas de hacer las cosas bien\u00bb: Willer Ditta\"}]},{\"@type\":\"WebSite\",\"@id\":\"https:\/\/futbolhoy.co\/#website\",\"url\":\"https:\/\/futbolhoy.co\/\",\"name\":\"FutbolHoy\",\"description\":\"\",\"publisher\":{\"@id\":\"https:\/\/futbolhoy.co\/#organization\"},\"potentialAction\":[{\"@type\":\"SearchAction\",\"target\":{\"@type\":\"EntryPoint\",\"urlTemplate\":\"https:\/\/futbolhoy.co\/?s={search_term_string}\"},\"query-input\":{\"@type\":\"PropertyValueSpecification\",\"valueRequired\":true,\"valueName\":\"search_term_string\"}}],\"inLanguage\":\"es\"},{\"@type\":\"Organization\",\"@id\":\"https:\/\/futbolhoy.co\/#organization\",\"name\":\"Futbolhoy.co\",\"url\":\"https:\/\/futbolhoy.co\/\",\"logo\":{\"@type\":\"ImageObject\",\"inLanguage\":\"es\",\"@id\":\"https:\/\/futbolhoy.co\/#\/schema\/logo\/image\/\",\"url\":\"https:\/\/futbolhoy.co\/wp-content\/uploads\/2018\/08\/17426380_1906371736249227_6326180412931521141_n.jpg\",\"contentUrl\":\"https:\/\/futbolhoy.co\/wp-content\/uploads\/2018\/08\/17426380_1906371736249227_6326180412931521141_n.jpg\",\"width\":960,\"height\":960,\"caption\":\"Futbolhoy.co\"},\"image\":{\"@id\":\"https:\/\/futbolhoy.co\/#\/schema\/logo\/image\/\"},\"sameAs\":[\"https:\/\/www.facebook.com\/FutbolHoyCol\/\",\"https:\/\/x.com\/FutbolHoyCol\",\"https:\/\/www.instagram.com\/futbolhoycol\/\"]},{\"@type\":\"Person\",\"@id\":\"https:\/\/futbolhoy.co\/#\/schema\/person\/c4a353a512b127643723a34bb1812f7d\",\"name\":\"Laura Hern\u00e1ndez\",\"image\":{\"@type\":\"ImageObject\",\"inLanguage\":\"es\",\"@id\":\"https:\/\/futbolhoy.co\/#\/schema\/person\/image\/\",\"url\":\"https:\/\/secure.gravatar.com\/avatar\/d25959a15b9b293a743f99181c7cfd01?s=96&d=mm&r=g\",\"contentUrl\":\"https:\/\/secure.gravatar.com\/avatar\/d25959a15b9b293a743f99181c7cfd01?s=96&d=mm&r=g\",\"caption\":\"Laura Hern\u00e1ndez\"}}]}<\/script>\n<!-- \/ Yoast SEO plugin. -->","yoast_head_json":{"title":"\"Estamos motivados por el partido, con muchas ganas de hacer las cosas bien\": Willer Ditta -","robots":{"index":"index","follow":"follow","max-snippet":"max-snippet:-1","max-image-preview":"max-image-preview:large","max-video-preview":"max-video-preview:-1"},"canonical":"https:\/\/futbolhoy.co\/index.php\/2020\/02\/05\/estamos-motivados-por-el-partido-con-muchas-ganas-de-hacer-las-cosas-bien-willer-ditta\/","og_locale":"es_ES","og_type":"article","og_title":"\"Estamos motivados por el partido, con muchas ganas de hacer las cosas bien\": Willer Ditta -","og_description":"La Selecci\u00f3n Colombia Sub-23, entren\u00f3 este mi\u00e9rcoles 6 de febrero, con los 22 hombres disponibles, Arturo Reyes ultim\u00f3 detalles para el segundo partido del Cuadrangular Final en el\u00a0Torneo Preol\u00edmpico 2020 ante Argentina. Antes del entrenamiento Willer Ditta y Johan Carbonero, dieron declaraciones acerca del encuentro.\u00a0","og_url":"https:\/\/futbolhoy.co\/index.php\/2020\/02\/05\/estamos-motivados-por-el-partido-con-muchas-ganas-de-hacer-las-cosas-bien-willer-ditta\/","article_publisher":"https:\/\/www.facebook.com\/FutbolHoyCol\/","article_published_time":"2020-02-06T02:10:49+00:00","article_modified_time":"2020-02-06T15:40:01+00:00","og_image":[{"width":1280,"height":843,"url":"https:\/\/futbolhoy.co\/wp-content\/uploads\/2020\/02\/IMG_20200205_210710.jpg","type":"image\/jpeg"}],"author":"Laura Hern\u00e1ndez","twitter_card":"summary_large_image","twitter_creator":"@FutbolHoyCol","twitter_site":"@FutbolHoyCol","twitter_misc":{"Escrito por":"Laura Hern\u00e1ndez"},"schema":{"@context":"https:\/\/schema.org","@graph":[{"@type":"Article","@id":"https:\/\/futbolhoy.co\/index.php\/2020\/02\/05\/estamos-motivados-por-el-partido-con-muchas-ganas-de-hacer-las-cosas-bien-willer-ditta\/#article","isPartOf":{"@id":"https:\/\/futbolhoy.co\/index.php\/2020\/02\/05\/estamos-motivados-por-el-partido-con-muchas-ganas-de-hacer-las-cosas-bien-willer-ditta\/"},"author":{"name":"Laura Hern\u00e1ndez","@id":"https:\/\/futbolhoy.co\/#\/schema\/person\/c4a353a512b127643723a34bb1812f7d"},"headline":"\"Estamos motivados por el partido, con muchas ganas de hacer las cosas bien\": Willer Ditta","datePublished":"2020-02-06T02:10:49+00:00","dateModified":"2020-02-06T15:40:01+00:00","mainEntityOfPage":{"@id":"https:\/\/futbolhoy.co\/index.php\/2020\/02\/05\/estamos-motivados-por-el-partido-con-muchas-ganas-de-hacer-las-cosas-bien-willer-ditta\/"},"wordCount":63,"commentCount":0,"publisher":{"@id":"https:\/\/futbolhoy.co\/#organization"},"image":{"@id":"https:\/\/futbolhoy.co\/index.php\/2020\/02\/05\/estamos-motivados-por-el-partido-con-muchas-ganas-de-hacer-las-cosas-bien-willer-ditta\/#primaryimage"},"thumbnailUrl":"https:\/\/futbolhoy.co\/wp-content\/uploads\/2020\/02\/IMG_20200205_210710.jpg","articleSection":["Colombia"],"inLanguage":"es","potentialAction":[{"@type":"CommentAction","name":"Comment","target":["https:\/\/futbolhoy.co\/index.php\/2020\/02\/05\/estamos-motivados-por-el-partido-con-muchas-ganas-de-hacer-las-cosas-bien-willer-ditta\/#respond"]}]},{"@type":"WebPage","@id":"https:\/\/futbolhoy.co\/index.php\/2020\/02\/05\/estamos-motivados-por-el-partido-con-muchas-ganas-de-hacer-las-cosas-bien-willer-ditta\/","url":"https:\/\/futbolhoy.co\/index.php\/2020\/02\/05\/estamos-motivados-por-el-partido-con-muchas-ganas-de-hacer-las-cosas-bien-willer-ditta\/","name":"\"Estamos motivados por el partido, con muchas ganas de hacer las cosas bien\": Willer Ditta -","isPartOf":{"@id":"https:\/\/futbolhoy.co\/#website"},"primaryImageOfPage":{"@id":"https:\/\/futbolhoy.co\/index.php\/2020\/02\/05\/estamos-motivados-por-el-partido-con-muchas-ganas-de-hacer-las-cosas-bien-willer-ditta\/#primaryimage"},"image":{"@id":"https:\/\/futbolhoy.co\/index.php\/2020\/02\/05\/estamos-motivados-por-el-partido-con-muchas-ganas-de-hacer-las-cosas-bien-willer-ditta\/#primaryimage"},"thumbnailUrl":"https:\/\/futbolhoy.co\/wp-content\/uploads\/2020\/02\/IMG_20200205_210710.jpg","datePublished":"2020-02-06T02:10:49+00:00","dateModified":"2020-02-06T15:40:01+00:00","breadcrumb":{"@id":"https:\/\/futbolhoy.co\/index.php\/2020\/02\/05\/estamos-motivados-por-el-partido-con-muchas-ganas-de-hacer-las-cosas-bien-willer-ditta\/#breadcrumb"},"inLanguage":"es","potentialAction":[{"@type":"ReadAction","target":["https:\/\/futbolhoy.co\/index.php\/2020\/02\/05\/estamos-motivados-por-el-partido-con-muchas-ganas-de-hacer-las-cosas-bien-willer-ditta\/"]}]},{"@type":"ImageObject","inLanguage":"es","@id":"https:\/\/futbolhoy.co\/index.php\/2020\/02\/05\/estamos-motivados-por-el-partido-con-muchas-ganas-de-hacer-las-cosas-bien-willer-ditta\/#primaryimage","url":"https:\/\/futbolhoy.co\/wp-content\/uploads\/2020\/02\/IMG_20200205_210710.jpg","contentUrl":"https:\/\/futbolhoy.co\/wp-content\/uploads\/2020\/02\/IMG_20200205_210710.jpg","width":1280,"height":843},{"@type":"BreadcrumbList","@id":"https:\/\/futbolhoy.co\/index.php\/2020\/02\/05\/estamos-motivados-por-el-partido-con-muchas-ganas-de-hacer-las-cosas-bien-willer-ditta\/#breadcrumb","itemListElement":[{"@type":"ListItem","position":1,"name":"Portada","item":"https:\/\/futbolhoy.co\/"},{"@type":"ListItem","position":2,"name":"\u00abEstamos motivados por el partido, con muchas ganas de hacer las cosas bien\u00bb: Willer Ditta"}]},{"@type":"WebSite","@id":"https:\/\/futbolhoy.co\/#website","url":"https:\/\/futbolhoy.co\/","name":"FutbolHoy","description":"","publisher":{"@id":"https:\/\/futbolhoy.co\/#organization"},"potentialAction":[{"@type":"SearchAction","target":{"@type":"EntryPoint","urlTemplate":"https:\/\/futbolhoy.co\/?s={search_term_string}"},"query-input":{"@type":"PropertyValueSpecification","valueRequired":true,"valueName":"search_term_string"}}],"inLanguage":"es"},{"@type":"Organization","@id":"https:\/\/futbolhoy.co\/#organization","name":"Futbolhoy.co","url":"https:\/\/futbolhoy.co\/","logo":{"@type":"ImageObject","inLanguage":"es","@id":"https:\/\/futbolhoy.co\/#\/schema\/logo\/image\/","url":"https:\/\/futbolhoy.co\/wp-content\/uploads\/2018\/08\/17426380_1906371736249227_6326180412931521141_n.jpg","contentUrl":"https:\/\/futbolhoy.co\/wp-content\/uploads\/2018\/08\/17426380_1906371736249227_6326180412931521141_n.jpg","width":960,"height":960,"caption":"Futbolhoy.co"},"image":{"@id":"https:\/\/futbolhoy.co\/#\/schema\/logo\/image\/"},"sameAs":["https:\/\/www.facebook.com\/FutbolHoyCol\/","https:\/\/x.com\/FutbolHoyCol","https:\/\/www.instagram.com\/futbolhoycol\/"]},{"@type":"Person","@id":"https:\/\/futbolhoy.co\/#\/schema\/person\/c4a353a512b127643723a34bb1812f7d","name":"Laura Hern\u00e1ndez","image":{"@type":"ImageObject","inLanguage":"es","@id":"https:\/\/futbolhoy.co\/#\/schema\/person\/image\/","url":"https:\/\/secure.gravatar.com\/avatar\/d25959a15b9b293a743f99181c7cfd01?s=96&d=mm&r=g","contentUrl":"https:\/\/secure.gravatar.com\/avatar\/d25959a15b9b293a743f99181c7cfd01?s=96&d=mm&r=g","caption":"Laura Hern\u00e1ndez"}}]}},"publishpress_future_action":{"enabled":false,"date":"2026-05-03 02:02:02","action":"change-status","newStatus":"draft","terms":[],"taxonomy":"category","extraData":[]},"publishpress_future_workflow_manual_trigger":{"enabledWorkflows":[]},"_links":{"self":[{"href":"https:\/\/futbolhoy.co\/index.php\/wp-json\/wp\/v2\/posts\/47199","targetHints":{"allow":["GET"]}}],"collection":[{"href":"https:\/\/futbolhoy.co\/index.php\/wp-json\/wp\/v2\/posts"}],"about":[{"href":"https:\/\/futbolhoy.co\/index.php\/wp-json\/wp\/v2\/types\/post"}],"author":[{"embeddable":true,"href":"https:\/\/futbolhoy.co\/index.php\/wp-json\/wp\/v2\/users\/5"}],"replies":[{"embeddable":true,"href":"https:\/\/futbolhoy.co\/index.php\/wp-json\/wp\/v2\/comments?post=47199"}],"version-history":[{"count":1,"href":"https:\/\/futbolhoy.co\/index.php\/wp-json\/wp\/v2\/posts\/47199\/revisions"}],"predecessor-version":[{"id":47203,"href":"https:\/\/futbolhoy.co\/index.php\/wp-json\/wp\/v2\/posts\/47199\/revisions\/47203"}],"wp:featuredmedia":[{"embeddable":true,"href":"https:\/\/futbolhoy.co\/index.php\/wp-json\/wp\/v2\/media\/47202"}],"wp:attachment":[{"href":"https:\/\/futbolhoy.co\/index.php\/wp-json\/wp\/v2\/media?parent=47199"}],"wp:term":[{"taxonomy":"category","embeddable":true,"href":"https:\/\/futbolhoy.co\/index.php\/wp-json\/wp\/v2\/categories?post=47199"},{"taxonomy":"post_tag","embeddable":true,"href":"https:\/\/futbolhoy.co\/index.php\/wp-json\/wp\/v2\/tags?post=47199"}],"curies":[{"name":"wp","href":"https:\/\/api.w.org\/{rel}","templated":true}]}}