{"id":47204,"date":"2020-02-05T21:34:19","date_gmt":"2020-02-06T02:34:19","guid":{"rendered":"https:\/\/futbolhoy.co\/?p=47204"},"modified":"2020-02-06T11:13:55","modified_gmt":"2020-02-06T16:13:55","slug":"nacional-con-imponente-victoria-en-la-sudamericana","status":"publish","type":"post","link":"https:\/\/futbolhoy.co\/index.php\/2020\/02\/05\/nacional-con-imponente-victoria-en-la-sudamericana\/","title":{"rendered":"Nacional inici\u00f3 con imponente victoria la Sudamericana"},"content":{"rendered":"<p style=\"text-align: justify;\"><span style=\"font-family: helvetica, arial, sans-serif;\"><strong>Atl\u00e9tico Nacional<\/strong> gole\u00f3 3-0 a Hurac\u00e1n en el partido de ida por la primera fase de la <strong>Copa Sudamericana<\/strong> disputado en el Atanasio Girardot.\u00a0<\/span><\/p>\n<p style=\"text-align: justify;\"><span style=\"font-family: helvetica, arial, sans-serif;\">El cuadro paisa no estuvo claro en los primeros minutos del partido, pero encontr\u00f3 orden y el primer gol de la noche lleg\u00f3 en el minuto 32 tras un remate de<strong> Daniel Mu\u00f1oz<\/strong> asistido por <strong>Andr\u00e9s Andrade<\/strong> que tuvo un juego destacado.\u00a0<\/span><\/p>\n<p style=\"text-align: justify;\"><span style=\"font-family: helvetica, arial, sans-serif;\">Nuevamente Nacional celebr\u00f3 en casa en el 37, <strong>Jefferson Duque<\/strong> marc\u00f3 el segundo gol tras un centro de <strong>Yerson Candelo<\/strong> que fue la figura del partido. En el cierre del primer tiempo, minuto 41,\u00a0 <strong>Vladimir Hern\u00e1ndez<\/strong> anot\u00f3 el tercer y \u00faltimo gol con una jugada colectiva.\u00a0<\/span><\/p>\n<p style=\"text-align: justify;\"><span style=\"font-family: helvetica, arial, sans-serif;\">Hurac\u00e1n busc\u00f3 el empate pero no fue claro en el arco de <strong>Jos\u00e9 Cuadrado<\/strong> que ataj\u00f3 la m\u00e1s clara del partido en los pies de <strong>Nicol\u00e1s Cordero<\/strong>.\u00a0<\/span><\/p>\n<p style=\"text-align: justify;\"><span style=\"font-family: helvetica, arial, sans-serif;\">El partido de vuelta se jugar\u00e1 el pr\u00f3ximo mi\u00e9rcoles 19 de febrero a partir de las 5:15 hora colombiana en el <strong>Tom\u00e1s Duc\u00f3<\/strong>.\u00a0<\/span><\/p>\n<p style=\"text-align: justify;\"><strong><span style=\"font-family: helvetica, arial, sans-serif;\">Formaciones\u00a0<\/span><\/strong><\/p>\n<p style=\"text-align: justify;\"><span style=\"font-family: helvetica, arial, sans-serif;\"><strong>Nacional<\/strong>: Jos\u00e9 Cuadrado, Daniel Mu\u00f1oz, Helibelton Palacios, Diego Braghieri, Christian Mafla, Baldomero Perlaza (Brayan Rovira 56'), Andr\u00e9s Andrade, Jarlan Barrera (Sebasti\u00e1n G\u00f3mez 68'), Vladimir Hern\u00e1ndez, Yerson Candelo, Jefferson Duque (Fabi\u00e1n Gonz\u00e1lez 61').<\/span><\/p>\n<p style=\"text-align: justify;\"><span style=\"font-family: helvetica, arial, sans-serif;\"><strong>Hurac\u00e1n<\/strong>: Antony Silva, Lucas Merolla, Nicolas Romat, Carlos Araujo, C\u00e9sar Iba\u00f1ez, Calello, Rodrigo G\u00e9mez, Mauro Bogado (Lucas Bareiro 56'), Fernando Coniglio (Nicol\u00e1s Cordero 60'), Javier Mendoza (Mart\u00edn Ojeda 52'), Norberto Briasco.<\/span><\/p>\n","protected":false},"excerpt":{"rendered":"<p>Atl\u00e9tico Nacional gole\u00f3 3-0 a Hurac\u00e1n en el partido de ida por la primera fase de la Copa Sudamericana disputado en el Atanasio Girardot.\u00a0 El cuadro paisa no estuvo claro en los primeros minutos del partido, pero encontr\u00f3 orden y el primer gol de la noche lleg\u00f3 en el minuto 32 tras un remate de [&hellip;]<\/p>\n","protected":false},"author":5,"featured_media":47206,"comment_status":"open","ping_status":"open","sticky":false,"template":"","format":"standard","meta":{"_acf_changed":false,"footnotes":""},"categories":[1046],"tags":[],"class_list":{"0":"post-47204","1":"post","2":"type-post","3":"status-publish","4":"format-standard","5":"has-post-thumbnail","7":"category-sudamericana"},"acf":[],"yoast_head":"<!-- This site is optimized with the Yoast SEO plugin v26.8 - https:\/\/yoast.com\/product\/yoast-seo-wordpress\/ -->\n<title>Nacional inici\u00f3 con imponente victoria la Sudamericana -<\/title>\n<meta name=\"robots\" content=\"index, follow, max-snippet:-1, max-image-preview:large, max-video-preview:-1\" \/>\n<link rel=\"canonical\" href=\"https:\/\/futbolhoy.co\/index.php\/2020\/02\/05\/nacional-con-imponente-victoria-en-la-sudamericana\/\" \/>\n<meta property=\"og:locale\" content=\"es_ES\" \/>\n<meta property=\"og:type\" content=\"article\" \/>\n<meta property=\"og:title\" content=\"Nacional inici\u00f3 con imponente victoria la Sudamericana -\" \/>\n<meta property=\"og:description\" content=\"Atl\u00e9tico Nacional gole\u00f3 3-0 a Hurac\u00e1n en el partido de ida por la primera fase de la Copa Sudamericana disputado en el Atanasio Girardot.\u00a0 El cuadro paisa no estuvo claro en los primeros minutos del partido, pero encontr\u00f3 orden y el primer gol de la noche lleg\u00f3 en el minuto 32 tras un remate de [&hellip;]\" \/>\n<meta property=\"og:url\" content=\"https:\/\/futbolhoy.co\/index.php\/2020\/02\/05\/nacional-con-imponente-victoria-en-la-sudamericana\/\" \/>\n<meta property=\"article:publisher\" content=\"https:\/\/www.facebook.com\/FutbolHoyCol\/\" \/>\n<meta property=\"article:published_time\" content=\"2020-02-06T02:34:19+00:00\" \/>\n<meta property=\"article:modified_time\" content=\"2020-02-06T16:13:55+00:00\" \/>\n<meta property=\"og:image\" content=\"https:\/\/futbolhoy.co\/wp-content\/uploads\/2020\/02\/EQDwRlrUwAE-tgP.jpg\" \/>\n\t<meta property=\"og:image:width\" content=\"680\" \/>\n\t<meta property=\"og:image:height\" content=\"680\" \/>\n\t<meta property=\"og:image:type\" content=\"image\/jpeg\" \/>\n<meta name=\"author\" content=\"Laura Hern\u00e1ndez\" \/>\n<meta name=\"twitter:card\" content=\"summary_large_image\" \/>\n<meta name=\"twitter:creator\" content=\"@FutbolHoyCol\" \/>\n<meta name=\"twitter:site\" content=\"@FutbolHoyCol\" \/>\n<meta name=\"twitter:label1\" content=\"Escrito por\" \/>\n\t<meta name=\"twitter:data1\" content=\"Laura Hern\u00e1ndez\" \/>\n\t<meta name=\"twitter:label2\" content=\"Tiempo de lectura\" \/>\n\t<meta name=\"twitter:data2\" content=\"1 minuto\" \/>\n<script type=\"application\/ld+json\" class=\"yoast-schema-graph\">{\"@context\":\"https:\/\/schema.org\",\"@graph\":[{\"@type\":\"Article\",\"@id\":\"https:\/\/futbolhoy.co\/index.php\/2020\/02\/05\/nacional-con-imponente-victoria-en-la-sudamericana\/#article\",\"isPartOf\":{\"@id\":\"https:\/\/futbolhoy.co\/index.php\/2020\/02\/05\/nacional-con-imponente-victoria-en-la-sudamericana\/\"},\"author\":{\"name\":\"Laura Hern\u00e1ndez\",\"@id\":\"https:\/\/futbolhoy.co\/#\/schema\/person\/c4a353a512b127643723a34bb1812f7d\"},\"headline\":\"Nacional inici\u00f3 con imponente victoria la Sudamericana\",\"datePublished\":\"2020-02-06T02:34:19+00:00\",\"dateModified\":\"2020-02-06T16:13:55+00:00\",\"mainEntityOfPage\":{\"@id\":\"https:\/\/futbolhoy.co\/index.php\/2020\/02\/05\/nacional-con-imponente-victoria-en-la-sudamericana\/\"},\"wordCount\":252,\"commentCount\":0,\"publisher\":{\"@id\":\"https:\/\/futbolhoy.co\/#organization\"},\"image\":{\"@id\":\"https:\/\/futbolhoy.co\/index.php\/2020\/02\/05\/nacional-con-imponente-victoria-en-la-sudamericana\/#primaryimage\"},\"thumbnailUrl\":\"https:\/\/futbolhoy.co\/wp-content\/uploads\/2020\/02\/EQDwRlrUwAE-tgP.jpg\",\"articleSection\":[\"Sudamericana\"],\"inLanguage\":\"es\",\"potentialAction\":[{\"@type\":\"CommentAction\",\"name\":\"Comment\",\"target\":[\"https:\/\/futbolhoy.co\/index.php\/2020\/02\/05\/nacional-con-imponente-victoria-en-la-sudamericana\/#respond\"]}]},{\"@type\":\"WebPage\",\"@id\":\"https:\/\/futbolhoy.co\/index.php\/2020\/02\/05\/nacional-con-imponente-victoria-en-la-sudamericana\/\",\"url\":\"https:\/\/futbolhoy.co\/index.php\/2020\/02\/05\/nacional-con-imponente-victoria-en-la-sudamericana\/\",\"name\":\"Nacional inici\u00f3 con imponente victoria la Sudamericana -\",\"isPartOf\":{\"@id\":\"https:\/\/futbolhoy.co\/#website\"},\"primaryImageOfPage\":{\"@id\":\"https:\/\/futbolhoy.co\/index.php\/2020\/02\/05\/nacional-con-imponente-victoria-en-la-sudamericana\/#primaryimage\"},\"image\":{\"@id\":\"https:\/\/futbolhoy.co\/index.php\/2020\/02\/05\/nacional-con-imponente-victoria-en-la-sudamericana\/#primaryimage\"},\"thumbnailUrl\":\"https:\/\/futbolhoy.co\/wp-content\/uploads\/2020\/02\/EQDwRlrUwAE-tgP.jpg\",\"datePublished\":\"2020-02-06T02:34:19+00:00\",\"dateModified\":\"2020-02-06T16:13:55+00:00\",\"breadcrumb\":{\"@id\":\"https:\/\/futbolhoy.co\/index.php\/2020\/02\/05\/nacional-con-imponente-victoria-en-la-sudamericana\/#breadcrumb\"},\"inLanguage\":\"es\",\"potentialAction\":[{\"@type\":\"ReadAction\",\"target\":[\"https:\/\/futbolhoy.co\/index.php\/2020\/02\/05\/nacional-con-imponente-victoria-en-la-sudamericana\/\"]}]},{\"@type\":\"ImageObject\",\"inLanguage\":\"es\",\"@id\":\"https:\/\/futbolhoy.co\/index.php\/2020\/02\/05\/nacional-con-imponente-victoria-en-la-sudamericana\/#primaryimage\",\"url\":\"https:\/\/futbolhoy.co\/wp-content\/uploads\/2020\/02\/EQDwRlrUwAE-tgP.jpg\",\"contentUrl\":\"https:\/\/futbolhoy.co\/wp-content\/uploads\/2020\/02\/EQDwRlrUwAE-tgP.jpg\",\"width\":680,\"height\":680},{\"@type\":\"BreadcrumbList\",\"@id\":\"https:\/\/futbolhoy.co\/index.php\/2020\/02\/05\/nacional-con-imponente-victoria-en-la-sudamericana\/#breadcrumb\",\"itemListElement\":[{\"@type\":\"ListItem\",\"position\":1,\"name\":\"Portada\",\"item\":\"https:\/\/futbolhoy.co\/\"},{\"@type\":\"ListItem\",\"position\":2,\"name\":\"Nacional inici\u00f3 con imponente victoria la Sudamericana\"}]},{\"@type\":\"WebSite\",\"@id\":\"https:\/\/futbolhoy.co\/#website\",\"url\":\"https:\/\/futbolhoy.co\/\",\"name\":\"FutbolHoy\",\"description\":\"\",\"publisher\":{\"@id\":\"https:\/\/futbolhoy.co\/#organization\"},\"potentialAction\":[{\"@type\":\"SearchAction\",\"target\":{\"@type\":\"EntryPoint\",\"urlTemplate\":\"https:\/\/futbolhoy.co\/?s={search_term_string}\"},\"query-input\":{\"@type\":\"PropertyValueSpecification\",\"valueRequired\":true,\"valueName\":\"search_term_string\"}}],\"inLanguage\":\"es\"},{\"@type\":\"Organization\",\"@id\":\"https:\/\/futbolhoy.co\/#organization\",\"name\":\"Futbolhoy.co\",\"url\":\"https:\/\/futbolhoy.co\/\",\"logo\":{\"@type\":\"ImageObject\",\"inLanguage\":\"es\",\"@id\":\"https:\/\/futbolhoy.co\/#\/schema\/logo\/image\/\",\"url\":\"https:\/\/futbolhoy.co\/wp-content\/uploads\/2018\/08\/17426380_1906371736249227_6326180412931521141_n.jpg\",\"contentUrl\":\"https:\/\/futbolhoy.co\/wp-content\/uploads\/2018\/08\/17426380_1906371736249227_6326180412931521141_n.jpg\",\"width\":960,\"height\":960,\"caption\":\"Futbolhoy.co\"},\"image\":{\"@id\":\"https:\/\/futbolhoy.co\/#\/schema\/logo\/image\/\"},\"sameAs\":[\"https:\/\/www.facebook.com\/FutbolHoyCol\/\",\"https:\/\/x.com\/FutbolHoyCol\",\"https:\/\/www.instagram.com\/futbolhoycol\/\"]},{\"@type\":\"Person\",\"@id\":\"https:\/\/futbolhoy.co\/#\/schema\/person\/c4a353a512b127643723a34bb1812f7d\",\"name\":\"Laura Hern\u00e1ndez\",\"image\":{\"@type\":\"ImageObject\",\"inLanguage\":\"es\",\"@id\":\"https:\/\/futbolhoy.co\/#\/schema\/person\/image\/\",\"url\":\"https:\/\/secure.gravatar.com\/avatar\/d25959a15b9b293a743f99181c7cfd01?s=96&d=mm&r=g\",\"contentUrl\":\"https:\/\/secure.gravatar.com\/avatar\/d25959a15b9b293a743f99181c7cfd01?s=96&d=mm&r=g\",\"caption\":\"Laura Hern\u00e1ndez\"}}]}<\/script>\n<!-- \/ Yoast SEO plugin. -->","yoast_head_json":{"title":"Nacional inici\u00f3 con imponente victoria la Sudamericana -","robots":{"index":"index","follow":"follow","max-snippet":"max-snippet:-1","max-image-preview":"max-image-preview:large","max-video-preview":"max-video-preview:-1"},"canonical":"https:\/\/futbolhoy.co\/index.php\/2020\/02\/05\/nacional-con-imponente-victoria-en-la-sudamericana\/","og_locale":"es_ES","og_type":"article","og_title":"Nacional inici\u00f3 con imponente victoria la Sudamericana -","og_description":"Atl\u00e9tico Nacional gole\u00f3 3-0 a Hurac\u00e1n en el partido de ida por la primera fase de la Copa Sudamericana disputado en el Atanasio Girardot.\u00a0 El cuadro paisa no estuvo claro en los primeros minutos del partido, pero encontr\u00f3 orden y el primer gol de la noche lleg\u00f3 en el minuto 32 tras un remate de [&hellip;]","og_url":"https:\/\/futbolhoy.co\/index.php\/2020\/02\/05\/nacional-con-imponente-victoria-en-la-sudamericana\/","article_publisher":"https:\/\/www.facebook.com\/FutbolHoyCol\/","article_published_time":"2020-02-06T02:34:19+00:00","article_modified_time":"2020-02-06T16:13:55+00:00","og_image":[{"width":680,"height":680,"url":"https:\/\/futbolhoy.co\/wp-content\/uploads\/2020\/02\/EQDwRlrUwAE-tgP.jpg","type":"image\/jpeg"}],"author":"Laura Hern\u00e1ndez","twitter_card":"summary_large_image","twitter_creator":"@FutbolHoyCol","twitter_site":"@FutbolHoyCol","twitter_misc":{"Escrito por":"Laura Hern\u00e1ndez","Tiempo de lectura":"1 minuto"},"schema":{"@context":"https:\/\/schema.org","@graph":[{"@type":"Article","@id":"https:\/\/futbolhoy.co\/index.php\/2020\/02\/05\/nacional-con-imponente-victoria-en-la-sudamericana\/#article","isPartOf":{"@id":"https:\/\/futbolhoy.co\/index.php\/2020\/02\/05\/nacional-con-imponente-victoria-en-la-sudamericana\/"},"author":{"name":"Laura Hern\u00e1ndez","@id":"https:\/\/futbolhoy.co\/#\/schema\/person\/c4a353a512b127643723a34bb1812f7d"},"headline":"Nacional inici\u00f3 con imponente victoria la Sudamericana","datePublished":"2020-02-06T02:34:19+00:00","dateModified":"2020-02-06T16:13:55+00:00","mainEntityOfPage":{"@id":"https:\/\/futbolhoy.co\/index.php\/2020\/02\/05\/nacional-con-imponente-victoria-en-la-sudamericana\/"},"wordCount":252,"commentCount":0,"publisher":{"@id":"https:\/\/futbolhoy.co\/#organization"},"image":{"@id":"https:\/\/futbolhoy.co\/index.php\/2020\/02\/05\/nacional-con-imponente-victoria-en-la-sudamericana\/#primaryimage"},"thumbnailUrl":"https:\/\/futbolhoy.co\/wp-content\/uploads\/2020\/02\/EQDwRlrUwAE-tgP.jpg","articleSection":["Sudamericana"],"inLanguage":"es","potentialAction":[{"@type":"CommentAction","name":"Comment","target":["https:\/\/futbolhoy.co\/index.php\/2020\/02\/05\/nacional-con-imponente-victoria-en-la-sudamericana\/#respond"]}]},{"@type":"WebPage","@id":"https:\/\/futbolhoy.co\/index.php\/2020\/02\/05\/nacional-con-imponente-victoria-en-la-sudamericana\/","url":"https:\/\/futbolhoy.co\/index.php\/2020\/02\/05\/nacional-con-imponente-victoria-en-la-sudamericana\/","name":"Nacional inici\u00f3 con imponente victoria la Sudamericana -","isPartOf":{"@id":"https:\/\/futbolhoy.co\/#website"},"primaryImageOfPage":{"@id":"https:\/\/futbolhoy.co\/index.php\/2020\/02\/05\/nacional-con-imponente-victoria-en-la-sudamericana\/#primaryimage"},"image":{"@id":"https:\/\/futbolhoy.co\/index.php\/2020\/02\/05\/nacional-con-imponente-victoria-en-la-sudamericana\/#primaryimage"},"thumbnailUrl":"https:\/\/futbolhoy.co\/wp-content\/uploads\/2020\/02\/EQDwRlrUwAE-tgP.jpg","datePublished":"2020-02-06T02:34:19+00:00","dateModified":"2020-02-06T16:13:55+00:00","breadcrumb":{"@id":"https:\/\/futbolhoy.co\/index.php\/2020\/02\/05\/nacional-con-imponente-victoria-en-la-sudamericana\/#breadcrumb"},"inLanguage":"es","potentialAction":[{"@type":"ReadAction","target":["https:\/\/futbolhoy.co\/index.php\/2020\/02\/05\/nacional-con-imponente-victoria-en-la-sudamericana\/"]}]},{"@type":"ImageObject","inLanguage":"es","@id":"https:\/\/futbolhoy.co\/index.php\/2020\/02\/05\/nacional-con-imponente-victoria-en-la-sudamericana\/#primaryimage","url":"https:\/\/futbolhoy.co\/wp-content\/uploads\/2020\/02\/EQDwRlrUwAE-tgP.jpg","contentUrl":"https:\/\/futbolhoy.co\/wp-content\/uploads\/2020\/02\/EQDwRlrUwAE-tgP.jpg","width":680,"height":680},{"@type":"BreadcrumbList","@id":"https:\/\/futbolhoy.co\/index.php\/2020\/02\/05\/nacional-con-imponente-victoria-en-la-sudamericana\/#breadcrumb","itemListElement":[{"@type":"ListItem","position":1,"name":"Portada","item":"https:\/\/futbolhoy.co\/"},{"@type":"ListItem","position":2,"name":"Nacional inici\u00f3 con imponente victoria la Sudamericana"}]},{"@type":"WebSite","@id":"https:\/\/futbolhoy.co\/#website","url":"https:\/\/futbolhoy.co\/","name":"FutbolHoy","description":"","publisher":{"@id":"https:\/\/futbolhoy.co\/#organization"},"potentialAction":[{"@type":"SearchAction","target":{"@type":"EntryPoint","urlTemplate":"https:\/\/futbolhoy.co\/?s={search_term_string}"},"query-input":{"@type":"PropertyValueSpecification","valueRequired":true,"valueName":"search_term_string"}}],"inLanguage":"es"},{"@type":"Organization","@id":"https:\/\/futbolhoy.co\/#organization","name":"Futbolhoy.co","url":"https:\/\/futbolhoy.co\/","logo":{"@type":"ImageObject","inLanguage":"es","@id":"https:\/\/futbolhoy.co\/#\/schema\/logo\/image\/","url":"https:\/\/futbolhoy.co\/wp-content\/uploads\/2018\/08\/17426380_1906371736249227_6326180412931521141_n.jpg","contentUrl":"https:\/\/futbolhoy.co\/wp-content\/uploads\/2018\/08\/17426380_1906371736249227_6326180412931521141_n.jpg","width":960,"height":960,"caption":"Futbolhoy.co"},"image":{"@id":"https:\/\/futbolhoy.co\/#\/schema\/logo\/image\/"},"sameAs":["https:\/\/www.facebook.com\/FutbolHoyCol\/","https:\/\/x.com\/FutbolHoyCol","https:\/\/www.instagram.com\/futbolhoycol\/"]},{"@type":"Person","@id":"https:\/\/futbolhoy.co\/#\/schema\/person\/c4a353a512b127643723a34bb1812f7d","name":"Laura Hern\u00e1ndez","image":{"@type":"ImageObject","inLanguage":"es","@id":"https:\/\/futbolhoy.co\/#\/schema\/person\/image\/","url":"https:\/\/secure.gravatar.com\/avatar\/d25959a15b9b293a743f99181c7cfd01?s=96&d=mm&r=g","contentUrl":"https:\/\/secure.gravatar.com\/avatar\/d25959a15b9b293a743f99181c7cfd01?s=96&d=mm&r=g","caption":"Laura Hern\u00e1ndez"}}]}},"publishpress_future_action":{"enabled":false,"date":"2026-05-03 03:35:46","action":"change-status","newStatus":"draft","terms":[],"taxonomy":"category","extraData":[]},"publishpress_future_workflow_manual_trigger":{"enabledWorkflows":[]},"_links":{"self":[{"href":"https:\/\/futbolhoy.co\/index.php\/wp-json\/wp\/v2\/posts\/47204","targetHints":{"allow":["GET"]}}],"collection":[{"href":"https:\/\/futbolhoy.co\/index.php\/wp-json\/wp\/v2\/posts"}],"about":[{"href":"https:\/\/futbolhoy.co\/index.php\/wp-json\/wp\/v2\/types\/post"}],"author":[{"embeddable":true,"href":"https:\/\/futbolhoy.co\/index.php\/wp-json\/wp\/v2\/users\/5"}],"replies":[{"embeddable":true,"href":"https:\/\/futbolhoy.co\/index.php\/wp-json\/wp\/v2\/comments?post=47204"}],"version-history":[{"count":2,"href":"https:\/\/futbolhoy.co\/index.php\/wp-json\/wp\/v2\/posts\/47204\/revisions"}],"predecessor-version":[{"id":47208,"href":"https:\/\/futbolhoy.co\/index.php\/wp-json\/wp\/v2\/posts\/47204\/revisions\/47208"}],"wp:featuredmedia":[{"embeddable":true,"href":"https:\/\/futbolhoy.co\/index.php\/wp-json\/wp\/v2\/media\/47206"}],"wp:attachment":[{"href":"https:\/\/futbolhoy.co\/index.php\/wp-json\/wp\/v2\/media?parent=47204"}],"wp:term":[{"taxonomy":"category","embeddable":true,"href":"https:\/\/futbolhoy.co\/index.php\/wp-json\/wp\/v2\/categories?post=47204"},{"taxonomy":"post_tag","embeddable":true,"href":"https:\/\/futbolhoy.co\/index.php\/wp-json\/wp\/v2\/tags?post=47204"}],"curies":[{"name":"wp","href":"https:\/\/api.w.org\/{rel}","templated":true}]}}