{"id":47457,"date":"2020-02-10T12:27:28","date_gmt":"2020-02-10T17:27:28","guid":{"rendered":"https:\/\/futbolhoy.co\/?p=47457"},"modified":"2020-02-11T07:20:29","modified_gmt":"2020-02-11T12:20:29","slug":"murillo-se-lesiono-con-el-celta-de-vigo","status":"publish","type":"post","link":"https:\/\/futbolhoy.co\/index.php\/2020\/02\/10\/murillo-se-lesiono-con-el-celta-de-vigo\/","title":{"rendered":"Murillo se lesion\u00f3 con el Celta de Vigo"},"content":{"rendered":"<p style=\"text-align: justify;\"><span style=\"font-family: helvetica, arial, sans-serif;\">El defensa central colombiano del <b>Celta de Vigo<\/b>, <b>Jeison Murillo<\/b>, sufri\u00f3 un esguince de rodilla en el partido contra el <b>Sevilla<\/b> por la fecha 23 de <b>LaLiga<\/b>, lo que pone en duda su presencia en el juego del pr\u00f3ximo domingo en el estadio <b>Santiago Bernab\u00e9u<\/b>contra el <b>Real Madrid<\/b>.<\/span><\/p>\n<p style=\"text-align: justify;\"><span style=\"font-family: helvetica, arial, sans-serif;\">\u201cMurillo sufre un esguince del ligamento colateral medial de la rodilla derecha\", inform\u00f3 el <b>Celta<\/b> en un comunicado de prensa.<\/span><\/p>\n<p style=\"text-align: justify;\"><span style=\"font-family: helvetica, arial, sans-serif;\">El zaguero est\u00e1 pendiente de ser sometido a una resonancia para determinar el alcance de su lesi\u00f3n y si podr\u00eda estar en condiciones de actuar en <b>Madrid<\/b>.<\/span><\/p>\n<p style=\"text-align: justify;\"><span style=\"font-family: helvetica, arial, sans-serif;\">Murillo ha sido titular en el Celta desde que lleg\u00f3 cedido pr\u00e9stamo por parte de la <b>Sampdoria<\/b> de <b>Italia<\/b> hasta final de temporada.<\/span><\/p>\n","protected":false},"excerpt":{"rendered":"<p>El defensa central colombiano del Celta de Vigo, Jeison Murillo, sufri\u00f3 un esguince de rodilla en el partido contra el Sevilla por la fecha 23 de LaLiga, lo que pone en duda su presencia en el juego del pr\u00f3ximo domingo en el estadio Santiago Bernab\u00e9ucontra el Real Madrid. \u201cMurillo sufre un esguince del ligamento colateral [&hellip;]<\/p>\n","protected":false},"author":5,"featured_media":47458,"comment_status":"open","ping_status":"open","sticky":false,"template":"","format":"standard","meta":{"_acf_changed":false,"footnotes":""},"categories":[152],"tags":[],"class_list":{"0":"post-47457","1":"post","2":"type-post","3":"status-publish","4":"format-standard","5":"has-post-thumbnail","7":"category-mundo-futbol"},"acf":[],"yoast_head":"<!-- This site is optimized with the Yoast SEO plugin v26.8 - https:\/\/yoast.com\/product\/yoast-seo-wordpress\/ -->\n<title>Murillo se lesion\u00f3 con el Celta de Vigo -<\/title>\n<meta name=\"robots\" content=\"index, follow, max-snippet:-1, max-image-preview:large, max-video-preview:-1\" \/>\n<link rel=\"canonical\" href=\"https:\/\/futbolhoy.co\/index.php\/2020\/02\/10\/murillo-se-lesiono-con-el-celta-de-vigo\/\" \/>\n<meta property=\"og:locale\" content=\"es_ES\" \/>\n<meta property=\"og:type\" content=\"article\" \/>\n<meta property=\"og:title\" content=\"Murillo se lesion\u00f3 con el Celta de Vigo -\" \/>\n<meta property=\"og:description\" content=\"El defensa central colombiano del Celta de Vigo, Jeison Murillo, sufri\u00f3 un esguince de rodilla en el partido contra el Sevilla por la fecha 23 de LaLiga, lo que pone en duda su presencia en el juego del pr\u00f3ximo domingo en el estadio Santiago Bernab\u00e9ucontra el Real Madrid. \u201cMurillo sufre un esguince del ligamento colateral [&hellip;]\" \/>\n<meta property=\"og:url\" content=\"https:\/\/futbolhoy.co\/index.php\/2020\/02\/10\/murillo-se-lesiono-con-el-celta-de-vigo\/\" \/>\n<meta property=\"article:publisher\" content=\"https:\/\/www.facebook.com\/FutbolHoyCol\/\" \/>\n<meta property=\"article:published_time\" content=\"2020-02-10T17:27:28+00:00\" \/>\n<meta property=\"article:modified_time\" content=\"2020-02-11T12:20:29+00:00\" \/>\n<meta property=\"og:image\" content=\"https:\/\/futbolhoy.co\/wp-content\/uploads\/2020\/02\/2FC7BB2D-F6FA-4E03-9FA9-14E61CB9DD48.jpeg\" \/>\n\t<meta property=\"og:image:width\" content=\"723\" \/>\n\t<meta property=\"og:image:height\" content=\"384\" \/>\n\t<meta property=\"og:image:type\" content=\"image\/jpeg\" \/>\n<meta name=\"author\" content=\"Laura Hern\u00e1ndez\" \/>\n<meta name=\"twitter:card\" content=\"summary_large_image\" \/>\n<meta name=\"twitter:creator\" content=\"@FutbolHoyCol\" \/>\n<meta name=\"twitter:site\" content=\"@FutbolHoyCol\" \/>\n<meta name=\"twitter:label1\" content=\"Escrito por\" \/>\n\t<meta name=\"twitter:data1\" content=\"Laura Hern\u00e1ndez\" \/>\n\t<meta name=\"twitter:label2\" content=\"Tiempo de lectura\" \/>\n\t<meta name=\"twitter:data2\" content=\"1 minuto\" \/>\n<script type=\"application\/ld+json\" class=\"yoast-schema-graph\">{\"@context\":\"https:\/\/schema.org\",\"@graph\":[{\"@type\":\"Article\",\"@id\":\"https:\/\/futbolhoy.co\/index.php\/2020\/02\/10\/murillo-se-lesiono-con-el-celta-de-vigo\/#article\",\"isPartOf\":{\"@id\":\"https:\/\/futbolhoy.co\/index.php\/2020\/02\/10\/murillo-se-lesiono-con-el-celta-de-vigo\/\"},\"author\":{\"name\":\"Laura Hern\u00e1ndez\",\"@id\":\"https:\/\/futbolhoy.co\/#\/schema\/person\/c4a353a512b127643723a34bb1812f7d\"},\"headline\":\"Murillo se lesion\u00f3 con el Celta de Vigo\",\"datePublished\":\"2020-02-10T17:27:28+00:00\",\"dateModified\":\"2020-02-11T12:20:29+00:00\",\"mainEntityOfPage\":{\"@id\":\"https:\/\/futbolhoy.co\/index.php\/2020\/02\/10\/murillo-se-lesiono-con-el-celta-de-vigo\/\"},\"wordCount\":130,\"commentCount\":0,\"publisher\":{\"@id\":\"https:\/\/futbolhoy.co\/#organization\"},\"image\":{\"@id\":\"https:\/\/futbolhoy.co\/index.php\/2020\/02\/10\/murillo-se-lesiono-con-el-celta-de-vigo\/#primaryimage\"},\"thumbnailUrl\":\"https:\/\/futbolhoy.co\/wp-content\/uploads\/2020\/02\/2FC7BB2D-F6FA-4E03-9FA9-14E61CB9DD48.jpeg\",\"articleSection\":[\"Mundo Futbol\"],\"inLanguage\":\"es\",\"potentialAction\":[{\"@type\":\"CommentAction\",\"name\":\"Comment\",\"target\":[\"https:\/\/futbolhoy.co\/index.php\/2020\/02\/10\/murillo-se-lesiono-con-el-celta-de-vigo\/#respond\"]}]},{\"@type\":\"WebPage\",\"@id\":\"https:\/\/futbolhoy.co\/index.php\/2020\/02\/10\/murillo-se-lesiono-con-el-celta-de-vigo\/\",\"url\":\"https:\/\/futbolhoy.co\/index.php\/2020\/02\/10\/murillo-se-lesiono-con-el-celta-de-vigo\/\",\"name\":\"Murillo se lesion\u00f3 con el Celta de Vigo -\",\"isPartOf\":{\"@id\":\"https:\/\/futbolhoy.co\/#website\"},\"primaryImageOfPage\":{\"@id\":\"https:\/\/futbolhoy.co\/index.php\/2020\/02\/10\/murillo-se-lesiono-con-el-celta-de-vigo\/#primaryimage\"},\"image\":{\"@id\":\"https:\/\/futbolhoy.co\/index.php\/2020\/02\/10\/murillo-se-lesiono-con-el-celta-de-vigo\/#primaryimage\"},\"thumbnailUrl\":\"https:\/\/futbolhoy.co\/wp-content\/uploads\/2020\/02\/2FC7BB2D-F6FA-4E03-9FA9-14E61CB9DD48.jpeg\",\"datePublished\":\"2020-02-10T17:27:28+00:00\",\"dateModified\":\"2020-02-11T12:20:29+00:00\",\"breadcrumb\":{\"@id\":\"https:\/\/futbolhoy.co\/index.php\/2020\/02\/10\/murillo-se-lesiono-con-el-celta-de-vigo\/#breadcrumb\"},\"inLanguage\":\"es\",\"potentialAction\":[{\"@type\":\"ReadAction\",\"target\":[\"https:\/\/futbolhoy.co\/index.php\/2020\/02\/10\/murillo-se-lesiono-con-el-celta-de-vigo\/\"]}]},{\"@type\":\"ImageObject\",\"inLanguage\":\"es\",\"@id\":\"https:\/\/futbolhoy.co\/index.php\/2020\/02\/10\/murillo-se-lesiono-con-el-celta-de-vigo\/#primaryimage\",\"url\":\"https:\/\/futbolhoy.co\/wp-content\/uploads\/2020\/02\/2FC7BB2D-F6FA-4E03-9FA9-14E61CB9DD48.jpeg\",\"contentUrl\":\"https:\/\/futbolhoy.co\/wp-content\/uploads\/2020\/02\/2FC7BB2D-F6FA-4E03-9FA9-14E61CB9DD48.jpeg\",\"width\":723,\"height\":384},{\"@type\":\"BreadcrumbList\",\"@id\":\"https:\/\/futbolhoy.co\/index.php\/2020\/02\/10\/murillo-se-lesiono-con-el-celta-de-vigo\/#breadcrumb\",\"itemListElement\":[{\"@type\":\"ListItem\",\"position\":1,\"name\":\"Portada\",\"item\":\"https:\/\/futbolhoy.co\/\"},{\"@type\":\"ListItem\",\"position\":2,\"name\":\"Murillo se lesion\u00f3 con el Celta de Vigo\"}]},{\"@type\":\"WebSite\",\"@id\":\"https:\/\/futbolhoy.co\/#website\",\"url\":\"https:\/\/futbolhoy.co\/\",\"name\":\"FutbolHoy\",\"description\":\"\",\"publisher\":{\"@id\":\"https:\/\/futbolhoy.co\/#organization\"},\"potentialAction\":[{\"@type\":\"SearchAction\",\"target\":{\"@type\":\"EntryPoint\",\"urlTemplate\":\"https:\/\/futbolhoy.co\/?s={search_term_string}\"},\"query-input\":{\"@type\":\"PropertyValueSpecification\",\"valueRequired\":true,\"valueName\":\"search_term_string\"}}],\"inLanguage\":\"es\"},{\"@type\":\"Organization\",\"@id\":\"https:\/\/futbolhoy.co\/#organization\",\"name\":\"Futbolhoy.co\",\"url\":\"https:\/\/futbolhoy.co\/\",\"logo\":{\"@type\":\"ImageObject\",\"inLanguage\":\"es\",\"@id\":\"https:\/\/futbolhoy.co\/#\/schema\/logo\/image\/\",\"url\":\"https:\/\/futbolhoy.co\/wp-content\/uploads\/2018\/08\/17426380_1906371736249227_6326180412931521141_n.jpg\",\"contentUrl\":\"https:\/\/futbolhoy.co\/wp-content\/uploads\/2018\/08\/17426380_1906371736249227_6326180412931521141_n.jpg\",\"width\":960,\"height\":960,\"caption\":\"Futbolhoy.co\"},\"image\":{\"@id\":\"https:\/\/futbolhoy.co\/#\/schema\/logo\/image\/\"},\"sameAs\":[\"https:\/\/www.facebook.com\/FutbolHoyCol\/\",\"https:\/\/x.com\/FutbolHoyCol\",\"https:\/\/www.instagram.com\/futbolhoycol\/\"]},{\"@type\":\"Person\",\"@id\":\"https:\/\/futbolhoy.co\/#\/schema\/person\/c4a353a512b127643723a34bb1812f7d\",\"name\":\"Laura Hern\u00e1ndez\",\"image\":{\"@type\":\"ImageObject\",\"inLanguage\":\"es\",\"@id\":\"https:\/\/futbolhoy.co\/#\/schema\/person\/image\/\",\"url\":\"https:\/\/secure.gravatar.com\/avatar\/d25959a15b9b293a743f99181c7cfd01?s=96&d=mm&r=g\",\"contentUrl\":\"https:\/\/secure.gravatar.com\/avatar\/d25959a15b9b293a743f99181c7cfd01?s=96&d=mm&r=g\",\"caption\":\"Laura Hern\u00e1ndez\"}}]}<\/script>\n<!-- \/ Yoast SEO plugin. -->","yoast_head_json":{"title":"Murillo se lesion\u00f3 con el Celta de Vigo -","robots":{"index":"index","follow":"follow","max-snippet":"max-snippet:-1","max-image-preview":"max-image-preview:large","max-video-preview":"max-video-preview:-1"},"canonical":"https:\/\/futbolhoy.co\/index.php\/2020\/02\/10\/murillo-se-lesiono-con-el-celta-de-vigo\/","og_locale":"es_ES","og_type":"article","og_title":"Murillo se lesion\u00f3 con el Celta de Vigo -","og_description":"El defensa central colombiano del Celta de Vigo, Jeison Murillo, sufri\u00f3 un esguince de rodilla en el partido contra el Sevilla por la fecha 23 de LaLiga, lo que pone en duda su presencia en el juego del pr\u00f3ximo domingo en el estadio Santiago Bernab\u00e9ucontra el Real Madrid. \u201cMurillo sufre un esguince del ligamento colateral [&hellip;]","og_url":"https:\/\/futbolhoy.co\/index.php\/2020\/02\/10\/murillo-se-lesiono-con-el-celta-de-vigo\/","article_publisher":"https:\/\/www.facebook.com\/FutbolHoyCol\/","article_published_time":"2020-02-10T17:27:28+00:00","article_modified_time":"2020-02-11T12:20:29+00:00","og_image":[{"width":723,"height":384,"url":"https:\/\/futbolhoy.co\/wp-content\/uploads\/2020\/02\/2FC7BB2D-F6FA-4E03-9FA9-14E61CB9DD48.jpeg","type":"image\/jpeg"}],"author":"Laura Hern\u00e1ndez","twitter_card":"summary_large_image","twitter_creator":"@FutbolHoyCol","twitter_site":"@FutbolHoyCol","twitter_misc":{"Escrito por":"Laura Hern\u00e1ndez","Tiempo de lectura":"1 minuto"},"schema":{"@context":"https:\/\/schema.org","@graph":[{"@type":"Article","@id":"https:\/\/futbolhoy.co\/index.php\/2020\/02\/10\/murillo-se-lesiono-con-el-celta-de-vigo\/#article","isPartOf":{"@id":"https:\/\/futbolhoy.co\/index.php\/2020\/02\/10\/murillo-se-lesiono-con-el-celta-de-vigo\/"},"author":{"name":"Laura Hern\u00e1ndez","@id":"https:\/\/futbolhoy.co\/#\/schema\/person\/c4a353a512b127643723a34bb1812f7d"},"headline":"Murillo se lesion\u00f3 con el Celta de Vigo","datePublished":"2020-02-10T17:27:28+00:00","dateModified":"2020-02-11T12:20:29+00:00","mainEntityOfPage":{"@id":"https:\/\/futbolhoy.co\/index.php\/2020\/02\/10\/murillo-se-lesiono-con-el-celta-de-vigo\/"},"wordCount":130,"commentCount":0,"publisher":{"@id":"https:\/\/futbolhoy.co\/#organization"},"image":{"@id":"https:\/\/futbolhoy.co\/index.php\/2020\/02\/10\/murillo-se-lesiono-con-el-celta-de-vigo\/#primaryimage"},"thumbnailUrl":"https:\/\/futbolhoy.co\/wp-content\/uploads\/2020\/02\/2FC7BB2D-F6FA-4E03-9FA9-14E61CB9DD48.jpeg","articleSection":["Mundo Futbol"],"inLanguage":"es","potentialAction":[{"@type":"CommentAction","name":"Comment","target":["https:\/\/futbolhoy.co\/index.php\/2020\/02\/10\/murillo-se-lesiono-con-el-celta-de-vigo\/#respond"]}]},{"@type":"WebPage","@id":"https:\/\/futbolhoy.co\/index.php\/2020\/02\/10\/murillo-se-lesiono-con-el-celta-de-vigo\/","url":"https:\/\/futbolhoy.co\/index.php\/2020\/02\/10\/murillo-se-lesiono-con-el-celta-de-vigo\/","name":"Murillo se lesion\u00f3 con el Celta de Vigo -","isPartOf":{"@id":"https:\/\/futbolhoy.co\/#website"},"primaryImageOfPage":{"@id":"https:\/\/futbolhoy.co\/index.php\/2020\/02\/10\/murillo-se-lesiono-con-el-celta-de-vigo\/#primaryimage"},"image":{"@id":"https:\/\/futbolhoy.co\/index.php\/2020\/02\/10\/murillo-se-lesiono-con-el-celta-de-vigo\/#primaryimage"},"thumbnailUrl":"https:\/\/futbolhoy.co\/wp-content\/uploads\/2020\/02\/2FC7BB2D-F6FA-4E03-9FA9-14E61CB9DD48.jpeg","datePublished":"2020-02-10T17:27:28+00:00","dateModified":"2020-02-11T12:20:29+00:00","breadcrumb":{"@id":"https:\/\/futbolhoy.co\/index.php\/2020\/02\/10\/murillo-se-lesiono-con-el-celta-de-vigo\/#breadcrumb"},"inLanguage":"es","potentialAction":[{"@type":"ReadAction","target":["https:\/\/futbolhoy.co\/index.php\/2020\/02\/10\/murillo-se-lesiono-con-el-celta-de-vigo\/"]}]},{"@type":"ImageObject","inLanguage":"es","@id":"https:\/\/futbolhoy.co\/index.php\/2020\/02\/10\/murillo-se-lesiono-con-el-celta-de-vigo\/#primaryimage","url":"https:\/\/futbolhoy.co\/wp-content\/uploads\/2020\/02\/2FC7BB2D-F6FA-4E03-9FA9-14E61CB9DD48.jpeg","contentUrl":"https:\/\/futbolhoy.co\/wp-content\/uploads\/2020\/02\/2FC7BB2D-F6FA-4E03-9FA9-14E61CB9DD48.jpeg","width":723,"height":384},{"@type":"BreadcrumbList","@id":"https:\/\/futbolhoy.co\/index.php\/2020\/02\/10\/murillo-se-lesiono-con-el-celta-de-vigo\/#breadcrumb","itemListElement":[{"@type":"ListItem","position":1,"name":"Portada","item":"https:\/\/futbolhoy.co\/"},{"@type":"ListItem","position":2,"name":"Murillo se lesion\u00f3 con el Celta de Vigo"}]},{"@type":"WebSite","@id":"https:\/\/futbolhoy.co\/#website","url":"https:\/\/futbolhoy.co\/","name":"FutbolHoy","description":"","publisher":{"@id":"https:\/\/futbolhoy.co\/#organization"},"potentialAction":[{"@type":"SearchAction","target":{"@type":"EntryPoint","urlTemplate":"https:\/\/futbolhoy.co\/?s={search_term_string}"},"query-input":{"@type":"PropertyValueSpecification","valueRequired":true,"valueName":"search_term_string"}}],"inLanguage":"es"},{"@type":"Organization","@id":"https:\/\/futbolhoy.co\/#organization","name":"Futbolhoy.co","url":"https:\/\/futbolhoy.co\/","logo":{"@type":"ImageObject","inLanguage":"es","@id":"https:\/\/futbolhoy.co\/#\/schema\/logo\/image\/","url":"https:\/\/futbolhoy.co\/wp-content\/uploads\/2018\/08\/17426380_1906371736249227_6326180412931521141_n.jpg","contentUrl":"https:\/\/futbolhoy.co\/wp-content\/uploads\/2018\/08\/17426380_1906371736249227_6326180412931521141_n.jpg","width":960,"height":960,"caption":"Futbolhoy.co"},"image":{"@id":"https:\/\/futbolhoy.co\/#\/schema\/logo\/image\/"},"sameAs":["https:\/\/www.facebook.com\/FutbolHoyCol\/","https:\/\/x.com\/FutbolHoyCol","https:\/\/www.instagram.com\/futbolhoycol\/"]},{"@type":"Person","@id":"https:\/\/futbolhoy.co\/#\/schema\/person\/c4a353a512b127643723a34bb1812f7d","name":"Laura Hern\u00e1ndez","image":{"@type":"ImageObject","inLanguage":"es","@id":"https:\/\/futbolhoy.co\/#\/schema\/person\/image\/","url":"https:\/\/secure.gravatar.com\/avatar\/d25959a15b9b293a743f99181c7cfd01?s=96&d=mm&r=g","contentUrl":"https:\/\/secure.gravatar.com\/avatar\/d25959a15b9b293a743f99181c7cfd01?s=96&d=mm&r=g","caption":"Laura Hern\u00e1ndez"}}]}},"publishpress_future_action":{"enabled":false,"date":"2026-05-03 07:21:53","action":"change-status","newStatus":"draft","terms":[],"taxonomy":"category","extraData":[]},"publishpress_future_workflow_manual_trigger":{"enabledWorkflows":[]},"_links":{"self":[{"href":"https:\/\/futbolhoy.co\/index.php\/wp-json\/wp\/v2\/posts\/47457","targetHints":{"allow":["GET"]}}],"collection":[{"href":"https:\/\/futbolhoy.co\/index.php\/wp-json\/wp\/v2\/posts"}],"about":[{"href":"https:\/\/futbolhoy.co\/index.php\/wp-json\/wp\/v2\/types\/post"}],"author":[{"embeddable":true,"href":"https:\/\/futbolhoy.co\/index.php\/wp-json\/wp\/v2\/users\/5"}],"replies":[{"embeddable":true,"href":"https:\/\/futbolhoy.co\/index.php\/wp-json\/wp\/v2\/comments?post=47457"}],"version-history":[{"count":1,"href":"https:\/\/futbolhoy.co\/index.php\/wp-json\/wp\/v2\/posts\/47457\/revisions"}],"predecessor-version":[{"id":47459,"href":"https:\/\/futbolhoy.co\/index.php\/wp-json\/wp\/v2\/posts\/47457\/revisions\/47459"}],"wp:featuredmedia":[{"embeddable":true,"href":"https:\/\/futbolhoy.co\/index.php\/wp-json\/wp\/v2\/media\/47458"}],"wp:attachment":[{"href":"https:\/\/futbolhoy.co\/index.php\/wp-json\/wp\/v2\/media?parent=47457"}],"wp:term":[{"taxonomy":"category","embeddable":true,"href":"https:\/\/futbolhoy.co\/index.php\/wp-json\/wp\/v2\/categories?post=47457"},{"taxonomy":"post_tag","embeddable":true,"href":"https:\/\/futbolhoy.co\/index.php\/wp-json\/wp\/v2\/tags?post=47457"}],"curies":[{"name":"wp","href":"https:\/\/api.w.org\/{rel}","templated":true}]}}