{"id":47473,"date":"2020-02-10T16:00:20","date_gmt":"2020-02-10T21:00:20","guid":{"rendered":"https:\/\/futbolhoy.co\/?p=47473"},"modified":"2020-02-11T12:16:57","modified_gmt":"2020-02-11T17:16:57","slug":"el-debutante-river-plate-primer-rival-del-cali-en-sudamericana","status":"publish","type":"post","link":"https:\/\/futbolhoy.co\/index.php\/2020\/02\/10\/el-debutante-river-plate-primer-rival-del-cali-en-sudamericana\/","title":{"rendered":"El debutante River Plate, primer rival del Cali en Sudamericana"},"content":{"rendered":"<p style=\"text-align: justify;\"><span style=\"font-family: helvetica, arial, sans-serif;\"><strong>Deportivo Cali<\/strong> recibir\u00e1 este martes al debutante <strong>River Plate<\/strong> de Paraguay en el juego de ida por la primera fase de la <strong>Copa Sudamericana 2020.<\/strong><\/span><\/p>\n<p style=\"text-align: justify;\"><span style=\"font-family: helvetica, arial, sans-serif;\">El plantel, que dirige <strong>Alfredo Arias<\/strong>, pasa por un buen momento luego de su victoria del fin de semana 2-1 sobre <strong>Am\u00e9rica,<\/strong> en el cl\u00e1sico del Valle.<\/span><\/p>\n<p style=\"text-align: justify;\"><span style=\"font-family: helvetica, arial, sans-serif;\">El equipo azucarero, que es segundo en\u00a0 la Liga colombiana, buscar\u00e1 alcanzar su primer t\u00edtulo internacional tras dos subt\u00edtulos en las <strong>Libertadores<\/strong> de 1978 y 1999.<\/span><\/p>\n<p style=\"text-align: justify;\"><span style=\"font-family: helvetica, arial, sans-serif;\">El partido, que se disputar\u00e1 desde las 7.30pm en el estadio de Palmaseca, ser\u00e1 dirigido por el peruano <strong>Diego Haro<\/strong>.<\/span><\/p>\n<p style=\"text-align: justify;\"><strong><span style=\"font-family: helvetica, arial, sans-serif;\">Posibles formaciones:<\/span><\/strong><\/p>\n<p style=\"text-align: justify;\"><span style=\"font-family: helvetica, arial, sans-serif;\"><strong>Deportivo Cali<\/strong>: David Gonz\u00e1lez; Juan Camilo Angulo, Hern\u00e1n Menosse, Richard Renter\u00eda, Darwin Andrade; Andr\u00e9s Colorado, Juan Daniel Roa, Deiber Caicedo, Carlos Lizarazo, Agust\u00edn Palavecino; Jes\u00fas Arrieta (John V\u00e1squez).<\/span><\/p>\n<p style=\"text-align: justify;\"><span style=\"font-family: helvetica, arial, sans-serif;\"><strong>River Plate<\/strong>: Pablo Gavil\u00e1n; Richard Fern\u00e1ndez, Alex Gonz\u00e1lez, Gustavo Gim\u00e9nez, \u00c1lvaro Pereira; Rodrigo Alborno, Emiliano Ag\u00fcero, Silvio Torales, Alberto Contreras; \u00f3scar Gim\u00e9nez y Marco Prieto.<\/span><\/p>\n","protected":false},"excerpt":{"rendered":"<p>Deportivo Cali recibir\u00e1 este martes al debutante River Plate de Paraguay en el juego de ida por la primera fase de la Copa Sudamericana 2020. El plantel, que dirige Alfredo Arias, pasa por un buen momento luego de su victoria del fin de semana 2-1 sobre Am\u00e9rica, en el cl\u00e1sico del Valle. El equipo azucarero, [&hellip;]<\/p>\n","protected":false},"author":5,"featured_media":47479,"comment_status":"open","ping_status":"open","sticky":false,"template":"","format":"standard","meta":{"_acf_changed":false,"footnotes":""},"categories":[1046],"tags":[],"class_list":{"0":"post-47473","1":"post","2":"type-post","3":"status-publish","4":"format-standard","5":"has-post-thumbnail","7":"category-sudamericana"},"acf":[],"yoast_head":"<!-- This site is optimized with the Yoast SEO plugin v26.8 - https:\/\/yoast.com\/product\/yoast-seo-wordpress\/ -->\n<title>El debutante River Plate, primer rival del Cali en Sudamericana -<\/title>\n<meta name=\"robots\" content=\"index, follow, max-snippet:-1, max-image-preview:large, max-video-preview:-1\" \/>\n<link rel=\"canonical\" href=\"https:\/\/futbolhoy.co\/index.php\/2020\/02\/10\/el-debutante-river-plate-primer-rival-del-cali-en-sudamericana\/\" \/>\n<meta property=\"og:locale\" content=\"es_ES\" \/>\n<meta property=\"og:type\" content=\"article\" \/>\n<meta property=\"og:title\" content=\"El debutante River Plate, primer rival del Cali en Sudamericana -\" \/>\n<meta property=\"og:description\" content=\"Deportivo Cali recibir\u00e1 este martes al debutante River Plate de Paraguay en el juego de ida por la primera fase de la Copa Sudamericana 2020. El plantel, que dirige Alfredo Arias, pasa por un buen momento luego de su victoria del fin de semana 2-1 sobre Am\u00e9rica, en el cl\u00e1sico del Valle. El equipo azucarero, [&hellip;]\" \/>\n<meta property=\"og:url\" content=\"https:\/\/futbolhoy.co\/index.php\/2020\/02\/10\/el-debutante-river-plate-primer-rival-del-cali-en-sudamericana\/\" \/>\n<meta property=\"article:publisher\" content=\"https:\/\/www.facebook.com\/FutbolHoyCol\/\" \/>\n<meta property=\"article:published_time\" content=\"2020-02-10T21:00:20+00:00\" \/>\n<meta property=\"article:modified_time\" content=\"2020-02-11T17:16:57+00:00\" \/>\n<meta property=\"og:image\" content=\"https:\/\/futbolhoy.co\/wp-content\/uploads\/2020\/02\/IMG_20200210_180859.jpg\" \/>\n\t<meta property=\"og:image:width\" content=\"2048\" \/>\n\t<meta property=\"og:image:height\" content=\"1366\" \/>\n\t<meta property=\"og:image:type\" content=\"image\/jpeg\" \/>\n<meta name=\"author\" content=\"Laura Hern\u00e1ndez\" \/>\n<meta name=\"twitter:card\" content=\"summary_large_image\" \/>\n<meta name=\"twitter:creator\" content=\"@FutbolHoyCol\" \/>\n<meta name=\"twitter:site\" content=\"@FutbolHoyCol\" \/>\n<meta name=\"twitter:label1\" content=\"Escrito por\" \/>\n\t<meta name=\"twitter:data1\" content=\"Laura Hern\u00e1ndez\" \/>\n\t<meta name=\"twitter:label2\" content=\"Tiempo de lectura\" \/>\n\t<meta name=\"twitter:data2\" content=\"1 minuto\" \/>\n<script type=\"application\/ld+json\" class=\"yoast-schema-graph\">{\"@context\":\"https:\/\/schema.org\",\"@graph\":[{\"@type\":\"Article\",\"@id\":\"https:\/\/futbolhoy.co\/index.php\/2020\/02\/10\/el-debutante-river-plate-primer-rival-del-cali-en-sudamericana\/#article\",\"isPartOf\":{\"@id\":\"https:\/\/futbolhoy.co\/index.php\/2020\/02\/10\/el-debutante-river-plate-primer-rival-del-cali-en-sudamericana\/\"},\"author\":{\"name\":\"Laura Hern\u00e1ndez\",\"@id\":\"https:\/\/futbolhoy.co\/#\/schema\/person\/c4a353a512b127643723a34bb1812f7d\"},\"headline\":\"El debutante River Plate, primer rival del Cali en Sudamericana\",\"datePublished\":\"2020-02-10T21:00:20+00:00\",\"dateModified\":\"2020-02-11T17:16:57+00:00\",\"mainEntityOfPage\":{\"@id\":\"https:\/\/futbolhoy.co\/index.php\/2020\/02\/10\/el-debutante-river-plate-primer-rival-del-cali-en-sudamericana\/\"},\"wordCount\":177,\"commentCount\":0,\"publisher\":{\"@id\":\"https:\/\/futbolhoy.co\/#organization\"},\"image\":{\"@id\":\"https:\/\/futbolhoy.co\/index.php\/2020\/02\/10\/el-debutante-river-plate-primer-rival-del-cali-en-sudamericana\/#primaryimage\"},\"thumbnailUrl\":\"https:\/\/futbolhoy.co\/wp-content\/uploads\/2020\/02\/IMG_20200210_180859.jpg\",\"articleSection\":[\"Sudamericana\"],\"inLanguage\":\"es\",\"potentialAction\":[{\"@type\":\"CommentAction\",\"name\":\"Comment\",\"target\":[\"https:\/\/futbolhoy.co\/index.php\/2020\/02\/10\/el-debutante-river-plate-primer-rival-del-cali-en-sudamericana\/#respond\"]}]},{\"@type\":\"WebPage\",\"@id\":\"https:\/\/futbolhoy.co\/index.php\/2020\/02\/10\/el-debutante-river-plate-primer-rival-del-cali-en-sudamericana\/\",\"url\":\"https:\/\/futbolhoy.co\/index.php\/2020\/02\/10\/el-debutante-river-plate-primer-rival-del-cali-en-sudamericana\/\",\"name\":\"El debutante River Plate, primer rival del Cali en Sudamericana -\",\"isPartOf\":{\"@id\":\"https:\/\/futbolhoy.co\/#website\"},\"primaryImageOfPage\":{\"@id\":\"https:\/\/futbolhoy.co\/index.php\/2020\/02\/10\/el-debutante-river-plate-primer-rival-del-cali-en-sudamericana\/#primaryimage\"},\"image\":{\"@id\":\"https:\/\/futbolhoy.co\/index.php\/2020\/02\/10\/el-debutante-river-plate-primer-rival-del-cali-en-sudamericana\/#primaryimage\"},\"thumbnailUrl\":\"https:\/\/futbolhoy.co\/wp-content\/uploads\/2020\/02\/IMG_20200210_180859.jpg\",\"datePublished\":\"2020-02-10T21:00:20+00:00\",\"dateModified\":\"2020-02-11T17:16:57+00:00\",\"breadcrumb\":{\"@id\":\"https:\/\/futbolhoy.co\/index.php\/2020\/02\/10\/el-debutante-river-plate-primer-rival-del-cali-en-sudamericana\/#breadcrumb\"},\"inLanguage\":\"es\",\"potentialAction\":[{\"@type\":\"ReadAction\",\"target\":[\"https:\/\/futbolhoy.co\/index.php\/2020\/02\/10\/el-debutante-river-plate-primer-rival-del-cali-en-sudamericana\/\"]}]},{\"@type\":\"ImageObject\",\"inLanguage\":\"es\",\"@id\":\"https:\/\/futbolhoy.co\/index.php\/2020\/02\/10\/el-debutante-river-plate-primer-rival-del-cali-en-sudamericana\/#primaryimage\",\"url\":\"https:\/\/futbolhoy.co\/wp-content\/uploads\/2020\/02\/IMG_20200210_180859.jpg\",\"contentUrl\":\"https:\/\/futbolhoy.co\/wp-content\/uploads\/2020\/02\/IMG_20200210_180859.jpg\",\"width\":2048,\"height\":1366},{\"@type\":\"BreadcrumbList\",\"@id\":\"https:\/\/futbolhoy.co\/index.php\/2020\/02\/10\/el-debutante-river-plate-primer-rival-del-cali-en-sudamericana\/#breadcrumb\",\"itemListElement\":[{\"@type\":\"ListItem\",\"position\":1,\"name\":\"Portada\",\"item\":\"https:\/\/futbolhoy.co\/\"},{\"@type\":\"ListItem\",\"position\":2,\"name\":\"El debutante River Plate, primer rival del Cali en Sudamericana\"}]},{\"@type\":\"WebSite\",\"@id\":\"https:\/\/futbolhoy.co\/#website\",\"url\":\"https:\/\/futbolhoy.co\/\",\"name\":\"FutbolHoy\",\"description\":\"\",\"publisher\":{\"@id\":\"https:\/\/futbolhoy.co\/#organization\"},\"potentialAction\":[{\"@type\":\"SearchAction\",\"target\":{\"@type\":\"EntryPoint\",\"urlTemplate\":\"https:\/\/futbolhoy.co\/?s={search_term_string}\"},\"query-input\":{\"@type\":\"PropertyValueSpecification\",\"valueRequired\":true,\"valueName\":\"search_term_string\"}}],\"inLanguage\":\"es\"},{\"@type\":\"Organization\",\"@id\":\"https:\/\/futbolhoy.co\/#organization\",\"name\":\"Futbolhoy.co\",\"url\":\"https:\/\/futbolhoy.co\/\",\"logo\":{\"@type\":\"ImageObject\",\"inLanguage\":\"es\",\"@id\":\"https:\/\/futbolhoy.co\/#\/schema\/logo\/image\/\",\"url\":\"https:\/\/futbolhoy.co\/wp-content\/uploads\/2018\/08\/17426380_1906371736249227_6326180412931521141_n.jpg\",\"contentUrl\":\"https:\/\/futbolhoy.co\/wp-content\/uploads\/2018\/08\/17426380_1906371736249227_6326180412931521141_n.jpg\",\"width\":960,\"height\":960,\"caption\":\"Futbolhoy.co\"},\"image\":{\"@id\":\"https:\/\/futbolhoy.co\/#\/schema\/logo\/image\/\"},\"sameAs\":[\"https:\/\/www.facebook.com\/FutbolHoyCol\/\",\"https:\/\/x.com\/FutbolHoyCol\",\"https:\/\/www.instagram.com\/futbolhoycol\/\"]},{\"@type\":\"Person\",\"@id\":\"https:\/\/futbolhoy.co\/#\/schema\/person\/c4a353a512b127643723a34bb1812f7d\",\"name\":\"Laura Hern\u00e1ndez\",\"image\":{\"@type\":\"ImageObject\",\"inLanguage\":\"es\",\"@id\":\"https:\/\/futbolhoy.co\/#\/schema\/person\/image\/\",\"url\":\"https:\/\/secure.gravatar.com\/avatar\/d25959a15b9b293a743f99181c7cfd01?s=96&d=mm&r=g\",\"contentUrl\":\"https:\/\/secure.gravatar.com\/avatar\/d25959a15b9b293a743f99181c7cfd01?s=96&d=mm&r=g\",\"caption\":\"Laura Hern\u00e1ndez\"}}]}<\/script>\n<!-- \/ Yoast SEO plugin. -->","yoast_head_json":{"title":"El debutante River Plate, primer rival del Cali en Sudamericana -","robots":{"index":"index","follow":"follow","max-snippet":"max-snippet:-1","max-image-preview":"max-image-preview:large","max-video-preview":"max-video-preview:-1"},"canonical":"https:\/\/futbolhoy.co\/index.php\/2020\/02\/10\/el-debutante-river-plate-primer-rival-del-cali-en-sudamericana\/","og_locale":"es_ES","og_type":"article","og_title":"El debutante River Plate, primer rival del Cali en Sudamericana -","og_description":"Deportivo Cali recibir\u00e1 este martes al debutante River Plate de Paraguay en el juego de ida por la primera fase de la Copa Sudamericana 2020. El plantel, que dirige Alfredo Arias, pasa por un buen momento luego de su victoria del fin de semana 2-1 sobre Am\u00e9rica, en el cl\u00e1sico del Valle. El equipo azucarero, [&hellip;]","og_url":"https:\/\/futbolhoy.co\/index.php\/2020\/02\/10\/el-debutante-river-plate-primer-rival-del-cali-en-sudamericana\/","article_publisher":"https:\/\/www.facebook.com\/FutbolHoyCol\/","article_published_time":"2020-02-10T21:00:20+00:00","article_modified_time":"2020-02-11T17:16:57+00:00","og_image":[{"width":2048,"height":1366,"url":"https:\/\/futbolhoy.co\/wp-content\/uploads\/2020\/02\/IMG_20200210_180859.jpg","type":"image\/jpeg"}],"author":"Laura Hern\u00e1ndez","twitter_card":"summary_large_image","twitter_creator":"@FutbolHoyCol","twitter_site":"@FutbolHoyCol","twitter_misc":{"Escrito por":"Laura Hern\u00e1ndez","Tiempo de lectura":"1 minuto"},"schema":{"@context":"https:\/\/schema.org","@graph":[{"@type":"Article","@id":"https:\/\/futbolhoy.co\/index.php\/2020\/02\/10\/el-debutante-river-plate-primer-rival-del-cali-en-sudamericana\/#article","isPartOf":{"@id":"https:\/\/futbolhoy.co\/index.php\/2020\/02\/10\/el-debutante-river-plate-primer-rival-del-cali-en-sudamericana\/"},"author":{"name":"Laura Hern\u00e1ndez","@id":"https:\/\/futbolhoy.co\/#\/schema\/person\/c4a353a512b127643723a34bb1812f7d"},"headline":"El debutante River Plate, primer rival del Cali en Sudamericana","datePublished":"2020-02-10T21:00:20+00:00","dateModified":"2020-02-11T17:16:57+00:00","mainEntityOfPage":{"@id":"https:\/\/futbolhoy.co\/index.php\/2020\/02\/10\/el-debutante-river-plate-primer-rival-del-cali-en-sudamericana\/"},"wordCount":177,"commentCount":0,"publisher":{"@id":"https:\/\/futbolhoy.co\/#organization"},"image":{"@id":"https:\/\/futbolhoy.co\/index.php\/2020\/02\/10\/el-debutante-river-plate-primer-rival-del-cali-en-sudamericana\/#primaryimage"},"thumbnailUrl":"https:\/\/futbolhoy.co\/wp-content\/uploads\/2020\/02\/IMG_20200210_180859.jpg","articleSection":["Sudamericana"],"inLanguage":"es","potentialAction":[{"@type":"CommentAction","name":"Comment","target":["https:\/\/futbolhoy.co\/index.php\/2020\/02\/10\/el-debutante-river-plate-primer-rival-del-cali-en-sudamericana\/#respond"]}]},{"@type":"WebPage","@id":"https:\/\/futbolhoy.co\/index.php\/2020\/02\/10\/el-debutante-river-plate-primer-rival-del-cali-en-sudamericana\/","url":"https:\/\/futbolhoy.co\/index.php\/2020\/02\/10\/el-debutante-river-plate-primer-rival-del-cali-en-sudamericana\/","name":"El debutante River Plate, primer rival del Cali en Sudamericana -","isPartOf":{"@id":"https:\/\/futbolhoy.co\/#website"},"primaryImageOfPage":{"@id":"https:\/\/futbolhoy.co\/index.php\/2020\/02\/10\/el-debutante-river-plate-primer-rival-del-cali-en-sudamericana\/#primaryimage"},"image":{"@id":"https:\/\/futbolhoy.co\/index.php\/2020\/02\/10\/el-debutante-river-plate-primer-rival-del-cali-en-sudamericana\/#primaryimage"},"thumbnailUrl":"https:\/\/futbolhoy.co\/wp-content\/uploads\/2020\/02\/IMG_20200210_180859.jpg","datePublished":"2020-02-10T21:00:20+00:00","dateModified":"2020-02-11T17:16:57+00:00","breadcrumb":{"@id":"https:\/\/futbolhoy.co\/index.php\/2020\/02\/10\/el-debutante-river-plate-primer-rival-del-cali-en-sudamericana\/#breadcrumb"},"inLanguage":"es","potentialAction":[{"@type":"ReadAction","target":["https:\/\/futbolhoy.co\/index.php\/2020\/02\/10\/el-debutante-river-plate-primer-rival-del-cali-en-sudamericana\/"]}]},{"@type":"ImageObject","inLanguage":"es","@id":"https:\/\/futbolhoy.co\/index.php\/2020\/02\/10\/el-debutante-river-plate-primer-rival-del-cali-en-sudamericana\/#primaryimage","url":"https:\/\/futbolhoy.co\/wp-content\/uploads\/2020\/02\/IMG_20200210_180859.jpg","contentUrl":"https:\/\/futbolhoy.co\/wp-content\/uploads\/2020\/02\/IMG_20200210_180859.jpg","width":2048,"height":1366},{"@type":"BreadcrumbList","@id":"https:\/\/futbolhoy.co\/index.php\/2020\/02\/10\/el-debutante-river-plate-primer-rival-del-cali-en-sudamericana\/#breadcrumb","itemListElement":[{"@type":"ListItem","position":1,"name":"Portada","item":"https:\/\/futbolhoy.co\/"},{"@type":"ListItem","position":2,"name":"El debutante River Plate, primer rival del Cali en Sudamericana"}]},{"@type":"WebSite","@id":"https:\/\/futbolhoy.co\/#website","url":"https:\/\/futbolhoy.co\/","name":"FutbolHoy","description":"","publisher":{"@id":"https:\/\/futbolhoy.co\/#organization"},"potentialAction":[{"@type":"SearchAction","target":{"@type":"EntryPoint","urlTemplate":"https:\/\/futbolhoy.co\/?s={search_term_string}"},"query-input":{"@type":"PropertyValueSpecification","valueRequired":true,"valueName":"search_term_string"}}],"inLanguage":"es"},{"@type":"Organization","@id":"https:\/\/futbolhoy.co\/#organization","name":"Futbolhoy.co","url":"https:\/\/futbolhoy.co\/","logo":{"@type":"ImageObject","inLanguage":"es","@id":"https:\/\/futbolhoy.co\/#\/schema\/logo\/image\/","url":"https:\/\/futbolhoy.co\/wp-content\/uploads\/2018\/08\/17426380_1906371736249227_6326180412931521141_n.jpg","contentUrl":"https:\/\/futbolhoy.co\/wp-content\/uploads\/2018\/08\/17426380_1906371736249227_6326180412931521141_n.jpg","width":960,"height":960,"caption":"Futbolhoy.co"},"image":{"@id":"https:\/\/futbolhoy.co\/#\/schema\/logo\/image\/"},"sameAs":["https:\/\/www.facebook.com\/FutbolHoyCol\/","https:\/\/x.com\/FutbolHoyCol","https:\/\/www.instagram.com\/futbolhoycol\/"]},{"@type":"Person","@id":"https:\/\/futbolhoy.co\/#\/schema\/person\/c4a353a512b127643723a34bb1812f7d","name":"Laura Hern\u00e1ndez","image":{"@type":"ImageObject","inLanguage":"es","@id":"https:\/\/futbolhoy.co\/#\/schema\/person\/image\/","url":"https:\/\/secure.gravatar.com\/avatar\/d25959a15b9b293a743f99181c7cfd01?s=96&d=mm&r=g","contentUrl":"https:\/\/secure.gravatar.com\/avatar\/d25959a15b9b293a743f99181c7cfd01?s=96&d=mm&r=g","caption":"Laura Hern\u00e1ndez"}}]}},"publishpress_future_action":{"enabled":false,"date":"2026-05-03 04:51:03","action":"change-status","newStatus":"draft","terms":[],"taxonomy":"category","extraData":[]},"publishpress_future_workflow_manual_trigger":{"enabledWorkflows":[]},"_links":{"self":[{"href":"https:\/\/futbolhoy.co\/index.php\/wp-json\/wp\/v2\/posts\/47473","targetHints":{"allow":["GET"]}}],"collection":[{"href":"https:\/\/futbolhoy.co\/index.php\/wp-json\/wp\/v2\/posts"}],"about":[{"href":"https:\/\/futbolhoy.co\/index.php\/wp-json\/wp\/v2\/types\/post"}],"author":[{"embeddable":true,"href":"https:\/\/futbolhoy.co\/index.php\/wp-json\/wp\/v2\/users\/5"}],"replies":[{"embeddable":true,"href":"https:\/\/futbolhoy.co\/index.php\/wp-json\/wp\/v2\/comments?post=47473"}],"version-history":[{"count":1,"href":"https:\/\/futbolhoy.co\/index.php\/wp-json\/wp\/v2\/posts\/47473\/revisions"}],"predecessor-version":[{"id":47480,"href":"https:\/\/futbolhoy.co\/index.php\/wp-json\/wp\/v2\/posts\/47473\/revisions\/47480"}],"wp:featuredmedia":[{"embeddable":true,"href":"https:\/\/futbolhoy.co\/index.php\/wp-json\/wp\/v2\/media\/47479"}],"wp:attachment":[{"href":"https:\/\/futbolhoy.co\/index.php\/wp-json\/wp\/v2\/media?parent=47473"}],"wp:term":[{"taxonomy":"category","embeddable":true,"href":"https:\/\/futbolhoy.co\/index.php\/wp-json\/wp\/v2\/categories?post=47473"},{"taxonomy":"post_tag","embeddable":true,"href":"https:\/\/futbolhoy.co\/index.php\/wp-json\/wp\/v2\/tags?post=47473"}],"curies":[{"name":"wp","href":"https:\/\/api.w.org\/{rel}","templated":true}]}}