{"id":47476,"date":"2020-02-10T18:05:47","date_gmt":"2020-02-10T23:05:47","guid":{"rendered":"https:\/\/futbolhoy.co\/?p=47476"},"modified":"2020-02-11T07:27:24","modified_gmt":"2020-02-11T12:27:24","slug":"eden-hazard-ya-tiene-fecha-para-su-regreso","status":"publish","type":"post","link":"https:\/\/futbolhoy.co\/index.php\/2020\/02\/10\/eden-hazard-ya-tiene-fecha-para-su-regreso\/","title":{"rendered":"Eden Hazard ya tiene fecha para su regreso"},"content":{"rendered":"<p style=\"text-align: justify;\"><span style=\"font-family: helvetica, arial, sans-serif;\">El regreso de <strong>Eden Hazard<\/strong> a las canchas con el <strong>Real Madrid<\/strong> se cumplir\u00e1 este fin de semana frente a <strong>Celta de Vigo<\/strong>, luego de 82 d\u00edas de ausencia.<\/span><\/p>\n<p style=\"text-align: justify;\"><span style=\"font-family: helvetica, arial, sans-serif;\"><strong>Hazard<\/strong> ultima su puesta a punto esta semana, trabajando en solitario lunes y martes en la ciudad deportiva del <strong>Real Madrid,<\/strong> y desde este mi\u00e9rcoles con el resto del \u00a0grupo.<\/span><\/p>\n<p style=\"text-align: justify;\"><span style=\"font-family: helvetica, arial, sans-serif;\">El belga se lesion\u00f3 el pasado 26 de noviembre, tras una \u00a0dura entrada de su compatriota <strong>Thomas Meunier<\/strong> en un partido por <strong>Liga de Campeones<\/strong> frente al Par\u00eds Saint-Germain.<\/span><\/p>\n<p style=\"text-align: justify;\"><span style=\"font-family: helvetica, arial, sans-serif;\">El delantero recibi\u00f3 un golpe en el tobillo derecho, donde tiene una placa de titanio de una operaci\u00f3n previa.<\/span><\/p>\n<p style=\"text-align: justify;\"><span style=\"font-family: helvetica, arial, sans-serif;\">Eden se ha perdido 16 partidos con el equipo \u2018merengue\u2019, as\u00ed como la obtenci\u00f3n del t\u00edtulo en la <strong>Supercopa<\/strong> de Espa\u00f1a.<\/span><\/p>\n<p style=\"text-align: justify;\"><span style=\"font-family: helvetica, arial, sans-serif;\">El partido <strong>Real Madrid-Celta de Vigo <\/strong>est\u00e1 programado para el pr\u00f3ximo domingo, desde las 3pm, hora colombiana, en el estadio Santiago Bernab\u00e9u.<\/span><\/p>\n","protected":false},"excerpt":{"rendered":"<p>El regreso de Eden Hazard a las canchas con el Real Madrid se cumplir\u00e1 este fin de semana frente a Celta de Vigo, luego de 82 d\u00edas de ausencia. Hazard ultima su puesta a punto esta semana, trabajando en solitario lunes y martes en la ciudad deportiva del Real Madrid, y desde este mi\u00e9rcoles con [&hellip;]<\/p>\n","protected":false},"author":5,"featured_media":47477,"comment_status":"open","ping_status":"open","sticky":false,"template":"","format":"standard","meta":{"_acf_changed":false,"footnotes":""},"categories":[152],"tags":[],"class_list":{"0":"post-47476","1":"post","2":"type-post","3":"status-publish","4":"format-standard","5":"has-post-thumbnail","7":"category-mundo-futbol"},"acf":[],"yoast_head":"<!-- This site is optimized with the Yoast SEO plugin v26.8 - https:\/\/yoast.com\/product\/yoast-seo-wordpress\/ -->\n<title>Eden Hazard ya tiene fecha para su regreso -<\/title>\n<meta name=\"robots\" content=\"index, follow, max-snippet:-1, max-image-preview:large, max-video-preview:-1\" \/>\n<link rel=\"canonical\" href=\"https:\/\/futbolhoy.co\/index.php\/2020\/02\/10\/eden-hazard-ya-tiene-fecha-para-su-regreso\/\" \/>\n<meta property=\"og:locale\" content=\"es_ES\" \/>\n<meta property=\"og:type\" content=\"article\" \/>\n<meta property=\"og:title\" content=\"Eden Hazard ya tiene fecha para su regreso -\" \/>\n<meta property=\"og:description\" content=\"El regreso de Eden Hazard a las canchas con el Real Madrid se cumplir\u00e1 este fin de semana frente a Celta de Vigo, luego de 82 d\u00edas de ausencia. Hazard ultima su puesta a punto esta semana, trabajando en solitario lunes y martes en la ciudad deportiva del Real Madrid, y desde este mi\u00e9rcoles con [&hellip;]\" \/>\n<meta property=\"og:url\" content=\"https:\/\/futbolhoy.co\/index.php\/2020\/02\/10\/eden-hazard-ya-tiene-fecha-para-su-regreso\/\" \/>\n<meta property=\"article:publisher\" content=\"https:\/\/www.facebook.com\/FutbolHoyCol\/\" \/>\n<meta property=\"article:published_time\" content=\"2020-02-10T23:05:47+00:00\" \/>\n<meta property=\"article:modified_time\" content=\"2020-02-11T12:27:24+00:00\" \/>\n<meta property=\"og:image\" content=\"https:\/\/futbolhoy.co\/wp-content\/uploads\/2020\/02\/IMG_20200210_180403.jpg\" \/>\n\t<meta property=\"og:image:width\" content=\"1200\" \/>\n\t<meta property=\"og:image:height\" content=\"675\" \/>\n\t<meta property=\"og:image:type\" content=\"image\/jpeg\" \/>\n<meta name=\"author\" content=\"Laura Hern\u00e1ndez\" \/>\n<meta name=\"twitter:card\" content=\"summary_large_image\" \/>\n<meta name=\"twitter:creator\" content=\"@FutbolHoyCol\" \/>\n<meta name=\"twitter:site\" content=\"@FutbolHoyCol\" \/>\n<meta name=\"twitter:label1\" content=\"Escrito por\" \/>\n\t<meta name=\"twitter:data1\" content=\"Laura Hern\u00e1ndez\" \/>\n\t<meta name=\"twitter:label2\" content=\"Tiempo de lectura\" \/>\n\t<meta name=\"twitter:data2\" content=\"1 minuto\" \/>\n<script type=\"application\/ld+json\" class=\"yoast-schema-graph\">{\"@context\":\"https:\/\/schema.org\",\"@graph\":[{\"@type\":\"Article\",\"@id\":\"https:\/\/futbolhoy.co\/index.php\/2020\/02\/10\/eden-hazard-ya-tiene-fecha-para-su-regreso\/#article\",\"isPartOf\":{\"@id\":\"https:\/\/futbolhoy.co\/index.php\/2020\/02\/10\/eden-hazard-ya-tiene-fecha-para-su-regreso\/\"},\"author\":{\"name\":\"Laura Hern\u00e1ndez\",\"@id\":\"https:\/\/futbolhoy.co\/#\/schema\/person\/c4a353a512b127643723a34bb1812f7d\"},\"headline\":\"Eden Hazard ya tiene fecha para su regreso\",\"datePublished\":\"2020-02-10T23:05:47+00:00\",\"dateModified\":\"2020-02-11T12:27:24+00:00\",\"mainEntityOfPage\":{\"@id\":\"https:\/\/futbolhoy.co\/index.php\/2020\/02\/10\/eden-hazard-ya-tiene-fecha-para-su-regreso\/\"},\"wordCount\":164,\"commentCount\":0,\"publisher\":{\"@id\":\"https:\/\/futbolhoy.co\/#organization\"},\"image\":{\"@id\":\"https:\/\/futbolhoy.co\/index.php\/2020\/02\/10\/eden-hazard-ya-tiene-fecha-para-su-regreso\/#primaryimage\"},\"thumbnailUrl\":\"https:\/\/futbolhoy.co\/wp-content\/uploads\/2020\/02\/IMG_20200210_180403.jpg\",\"articleSection\":[\"Mundo Futbol\"],\"inLanguage\":\"es\",\"potentialAction\":[{\"@type\":\"CommentAction\",\"name\":\"Comment\",\"target\":[\"https:\/\/futbolhoy.co\/index.php\/2020\/02\/10\/eden-hazard-ya-tiene-fecha-para-su-regreso\/#respond\"]}]},{\"@type\":\"WebPage\",\"@id\":\"https:\/\/futbolhoy.co\/index.php\/2020\/02\/10\/eden-hazard-ya-tiene-fecha-para-su-regreso\/\",\"url\":\"https:\/\/futbolhoy.co\/index.php\/2020\/02\/10\/eden-hazard-ya-tiene-fecha-para-su-regreso\/\",\"name\":\"Eden Hazard ya tiene fecha para su regreso -\",\"isPartOf\":{\"@id\":\"https:\/\/futbolhoy.co\/#website\"},\"primaryImageOfPage\":{\"@id\":\"https:\/\/futbolhoy.co\/index.php\/2020\/02\/10\/eden-hazard-ya-tiene-fecha-para-su-regreso\/#primaryimage\"},\"image\":{\"@id\":\"https:\/\/futbolhoy.co\/index.php\/2020\/02\/10\/eden-hazard-ya-tiene-fecha-para-su-regreso\/#primaryimage\"},\"thumbnailUrl\":\"https:\/\/futbolhoy.co\/wp-content\/uploads\/2020\/02\/IMG_20200210_180403.jpg\",\"datePublished\":\"2020-02-10T23:05:47+00:00\",\"dateModified\":\"2020-02-11T12:27:24+00:00\",\"breadcrumb\":{\"@id\":\"https:\/\/futbolhoy.co\/index.php\/2020\/02\/10\/eden-hazard-ya-tiene-fecha-para-su-regreso\/#breadcrumb\"},\"inLanguage\":\"es\",\"potentialAction\":[{\"@type\":\"ReadAction\",\"target\":[\"https:\/\/futbolhoy.co\/index.php\/2020\/02\/10\/eden-hazard-ya-tiene-fecha-para-su-regreso\/\"]}]},{\"@type\":\"ImageObject\",\"inLanguage\":\"es\",\"@id\":\"https:\/\/futbolhoy.co\/index.php\/2020\/02\/10\/eden-hazard-ya-tiene-fecha-para-su-regreso\/#primaryimage\",\"url\":\"https:\/\/futbolhoy.co\/wp-content\/uploads\/2020\/02\/IMG_20200210_180403.jpg\",\"contentUrl\":\"https:\/\/futbolhoy.co\/wp-content\/uploads\/2020\/02\/IMG_20200210_180403.jpg\",\"width\":1200,\"height\":675},{\"@type\":\"BreadcrumbList\",\"@id\":\"https:\/\/futbolhoy.co\/index.php\/2020\/02\/10\/eden-hazard-ya-tiene-fecha-para-su-regreso\/#breadcrumb\",\"itemListElement\":[{\"@type\":\"ListItem\",\"position\":1,\"name\":\"Portada\",\"item\":\"https:\/\/futbolhoy.co\/\"},{\"@type\":\"ListItem\",\"position\":2,\"name\":\"Eden Hazard ya tiene fecha para su regreso\"}]},{\"@type\":\"WebSite\",\"@id\":\"https:\/\/futbolhoy.co\/#website\",\"url\":\"https:\/\/futbolhoy.co\/\",\"name\":\"FutbolHoy\",\"description\":\"\",\"publisher\":{\"@id\":\"https:\/\/futbolhoy.co\/#organization\"},\"potentialAction\":[{\"@type\":\"SearchAction\",\"target\":{\"@type\":\"EntryPoint\",\"urlTemplate\":\"https:\/\/futbolhoy.co\/?s={search_term_string}\"},\"query-input\":{\"@type\":\"PropertyValueSpecification\",\"valueRequired\":true,\"valueName\":\"search_term_string\"}}],\"inLanguage\":\"es\"},{\"@type\":\"Organization\",\"@id\":\"https:\/\/futbolhoy.co\/#organization\",\"name\":\"Futbolhoy.co\",\"url\":\"https:\/\/futbolhoy.co\/\",\"logo\":{\"@type\":\"ImageObject\",\"inLanguage\":\"es\",\"@id\":\"https:\/\/futbolhoy.co\/#\/schema\/logo\/image\/\",\"url\":\"https:\/\/futbolhoy.co\/wp-content\/uploads\/2018\/08\/17426380_1906371736249227_6326180412931521141_n.jpg\",\"contentUrl\":\"https:\/\/futbolhoy.co\/wp-content\/uploads\/2018\/08\/17426380_1906371736249227_6326180412931521141_n.jpg\",\"width\":960,\"height\":960,\"caption\":\"Futbolhoy.co\"},\"image\":{\"@id\":\"https:\/\/futbolhoy.co\/#\/schema\/logo\/image\/\"},\"sameAs\":[\"https:\/\/www.facebook.com\/FutbolHoyCol\/\",\"https:\/\/x.com\/FutbolHoyCol\",\"https:\/\/www.instagram.com\/futbolhoycol\/\"]},{\"@type\":\"Person\",\"@id\":\"https:\/\/futbolhoy.co\/#\/schema\/person\/c4a353a512b127643723a34bb1812f7d\",\"name\":\"Laura Hern\u00e1ndez\",\"image\":{\"@type\":\"ImageObject\",\"inLanguage\":\"es\",\"@id\":\"https:\/\/futbolhoy.co\/#\/schema\/person\/image\/\",\"url\":\"https:\/\/secure.gravatar.com\/avatar\/d25959a15b9b293a743f99181c7cfd01?s=96&d=mm&r=g\",\"contentUrl\":\"https:\/\/secure.gravatar.com\/avatar\/d25959a15b9b293a743f99181c7cfd01?s=96&d=mm&r=g\",\"caption\":\"Laura Hern\u00e1ndez\"}}]}<\/script>\n<!-- \/ Yoast SEO plugin. -->","yoast_head_json":{"title":"Eden Hazard ya tiene fecha para su regreso -","robots":{"index":"index","follow":"follow","max-snippet":"max-snippet:-1","max-image-preview":"max-image-preview:large","max-video-preview":"max-video-preview:-1"},"canonical":"https:\/\/futbolhoy.co\/index.php\/2020\/02\/10\/eden-hazard-ya-tiene-fecha-para-su-regreso\/","og_locale":"es_ES","og_type":"article","og_title":"Eden Hazard ya tiene fecha para su regreso -","og_description":"El regreso de Eden Hazard a las canchas con el Real Madrid se cumplir\u00e1 este fin de semana frente a Celta de Vigo, luego de 82 d\u00edas de ausencia. Hazard ultima su puesta a punto esta semana, trabajando en solitario lunes y martes en la ciudad deportiva del Real Madrid, y desde este mi\u00e9rcoles con [&hellip;]","og_url":"https:\/\/futbolhoy.co\/index.php\/2020\/02\/10\/eden-hazard-ya-tiene-fecha-para-su-regreso\/","article_publisher":"https:\/\/www.facebook.com\/FutbolHoyCol\/","article_published_time":"2020-02-10T23:05:47+00:00","article_modified_time":"2020-02-11T12:27:24+00:00","og_image":[{"width":1200,"height":675,"url":"https:\/\/futbolhoy.co\/wp-content\/uploads\/2020\/02\/IMG_20200210_180403.jpg","type":"image\/jpeg"}],"author":"Laura Hern\u00e1ndez","twitter_card":"summary_large_image","twitter_creator":"@FutbolHoyCol","twitter_site":"@FutbolHoyCol","twitter_misc":{"Escrito por":"Laura Hern\u00e1ndez","Tiempo de lectura":"1 minuto"},"schema":{"@context":"https:\/\/schema.org","@graph":[{"@type":"Article","@id":"https:\/\/futbolhoy.co\/index.php\/2020\/02\/10\/eden-hazard-ya-tiene-fecha-para-su-regreso\/#article","isPartOf":{"@id":"https:\/\/futbolhoy.co\/index.php\/2020\/02\/10\/eden-hazard-ya-tiene-fecha-para-su-regreso\/"},"author":{"name":"Laura Hern\u00e1ndez","@id":"https:\/\/futbolhoy.co\/#\/schema\/person\/c4a353a512b127643723a34bb1812f7d"},"headline":"Eden Hazard ya tiene fecha para su regreso","datePublished":"2020-02-10T23:05:47+00:00","dateModified":"2020-02-11T12:27:24+00:00","mainEntityOfPage":{"@id":"https:\/\/futbolhoy.co\/index.php\/2020\/02\/10\/eden-hazard-ya-tiene-fecha-para-su-regreso\/"},"wordCount":164,"commentCount":0,"publisher":{"@id":"https:\/\/futbolhoy.co\/#organization"},"image":{"@id":"https:\/\/futbolhoy.co\/index.php\/2020\/02\/10\/eden-hazard-ya-tiene-fecha-para-su-regreso\/#primaryimage"},"thumbnailUrl":"https:\/\/futbolhoy.co\/wp-content\/uploads\/2020\/02\/IMG_20200210_180403.jpg","articleSection":["Mundo Futbol"],"inLanguage":"es","potentialAction":[{"@type":"CommentAction","name":"Comment","target":["https:\/\/futbolhoy.co\/index.php\/2020\/02\/10\/eden-hazard-ya-tiene-fecha-para-su-regreso\/#respond"]}]},{"@type":"WebPage","@id":"https:\/\/futbolhoy.co\/index.php\/2020\/02\/10\/eden-hazard-ya-tiene-fecha-para-su-regreso\/","url":"https:\/\/futbolhoy.co\/index.php\/2020\/02\/10\/eden-hazard-ya-tiene-fecha-para-su-regreso\/","name":"Eden Hazard ya tiene fecha para su regreso -","isPartOf":{"@id":"https:\/\/futbolhoy.co\/#website"},"primaryImageOfPage":{"@id":"https:\/\/futbolhoy.co\/index.php\/2020\/02\/10\/eden-hazard-ya-tiene-fecha-para-su-regreso\/#primaryimage"},"image":{"@id":"https:\/\/futbolhoy.co\/index.php\/2020\/02\/10\/eden-hazard-ya-tiene-fecha-para-su-regreso\/#primaryimage"},"thumbnailUrl":"https:\/\/futbolhoy.co\/wp-content\/uploads\/2020\/02\/IMG_20200210_180403.jpg","datePublished":"2020-02-10T23:05:47+00:00","dateModified":"2020-02-11T12:27:24+00:00","breadcrumb":{"@id":"https:\/\/futbolhoy.co\/index.php\/2020\/02\/10\/eden-hazard-ya-tiene-fecha-para-su-regreso\/#breadcrumb"},"inLanguage":"es","potentialAction":[{"@type":"ReadAction","target":["https:\/\/futbolhoy.co\/index.php\/2020\/02\/10\/eden-hazard-ya-tiene-fecha-para-su-regreso\/"]}]},{"@type":"ImageObject","inLanguage":"es","@id":"https:\/\/futbolhoy.co\/index.php\/2020\/02\/10\/eden-hazard-ya-tiene-fecha-para-su-regreso\/#primaryimage","url":"https:\/\/futbolhoy.co\/wp-content\/uploads\/2020\/02\/IMG_20200210_180403.jpg","contentUrl":"https:\/\/futbolhoy.co\/wp-content\/uploads\/2020\/02\/IMG_20200210_180403.jpg","width":1200,"height":675},{"@type":"BreadcrumbList","@id":"https:\/\/futbolhoy.co\/index.php\/2020\/02\/10\/eden-hazard-ya-tiene-fecha-para-su-regreso\/#breadcrumb","itemListElement":[{"@type":"ListItem","position":1,"name":"Portada","item":"https:\/\/futbolhoy.co\/"},{"@type":"ListItem","position":2,"name":"Eden Hazard ya tiene fecha para su regreso"}]},{"@type":"WebSite","@id":"https:\/\/futbolhoy.co\/#website","url":"https:\/\/futbolhoy.co\/","name":"FutbolHoy","description":"","publisher":{"@id":"https:\/\/futbolhoy.co\/#organization"},"potentialAction":[{"@type":"SearchAction","target":{"@type":"EntryPoint","urlTemplate":"https:\/\/futbolhoy.co\/?s={search_term_string}"},"query-input":{"@type":"PropertyValueSpecification","valueRequired":true,"valueName":"search_term_string"}}],"inLanguage":"es"},{"@type":"Organization","@id":"https:\/\/futbolhoy.co\/#organization","name":"Futbolhoy.co","url":"https:\/\/futbolhoy.co\/","logo":{"@type":"ImageObject","inLanguage":"es","@id":"https:\/\/futbolhoy.co\/#\/schema\/logo\/image\/","url":"https:\/\/futbolhoy.co\/wp-content\/uploads\/2018\/08\/17426380_1906371736249227_6326180412931521141_n.jpg","contentUrl":"https:\/\/futbolhoy.co\/wp-content\/uploads\/2018\/08\/17426380_1906371736249227_6326180412931521141_n.jpg","width":960,"height":960,"caption":"Futbolhoy.co"},"image":{"@id":"https:\/\/futbolhoy.co\/#\/schema\/logo\/image\/"},"sameAs":["https:\/\/www.facebook.com\/FutbolHoyCol\/","https:\/\/x.com\/FutbolHoyCol","https:\/\/www.instagram.com\/futbolhoycol\/"]},{"@type":"Person","@id":"https:\/\/futbolhoy.co\/#\/schema\/person\/c4a353a512b127643723a34bb1812f7d","name":"Laura Hern\u00e1ndez","image":{"@type":"ImageObject","inLanguage":"es","@id":"https:\/\/futbolhoy.co\/#\/schema\/person\/image\/","url":"https:\/\/secure.gravatar.com\/avatar\/d25959a15b9b293a743f99181c7cfd01?s=96&d=mm&r=g","contentUrl":"https:\/\/secure.gravatar.com\/avatar\/d25959a15b9b293a743f99181c7cfd01?s=96&d=mm&r=g","caption":"Laura Hern\u00e1ndez"}}]}},"publishpress_future_action":{"enabled":false,"date":"2026-05-03 00:34:03","action":"change-status","newStatus":"draft","terms":[],"taxonomy":"category","extraData":[]},"publishpress_future_workflow_manual_trigger":{"enabledWorkflows":[]},"_links":{"self":[{"href":"https:\/\/futbolhoy.co\/index.php\/wp-json\/wp\/v2\/posts\/47476","targetHints":{"allow":["GET"]}}],"collection":[{"href":"https:\/\/futbolhoy.co\/index.php\/wp-json\/wp\/v2\/posts"}],"about":[{"href":"https:\/\/futbolhoy.co\/index.php\/wp-json\/wp\/v2\/types\/post"}],"author":[{"embeddable":true,"href":"https:\/\/futbolhoy.co\/index.php\/wp-json\/wp\/v2\/users\/5"}],"replies":[{"embeddable":true,"href":"https:\/\/futbolhoy.co\/index.php\/wp-json\/wp\/v2\/comments?post=47476"}],"version-history":[{"count":1,"href":"https:\/\/futbolhoy.co\/index.php\/wp-json\/wp\/v2\/posts\/47476\/revisions"}],"predecessor-version":[{"id":47478,"href":"https:\/\/futbolhoy.co\/index.php\/wp-json\/wp\/v2\/posts\/47476\/revisions\/47478"}],"wp:featuredmedia":[{"embeddable":true,"href":"https:\/\/futbolhoy.co\/index.php\/wp-json\/wp\/v2\/media\/47477"}],"wp:attachment":[{"href":"https:\/\/futbolhoy.co\/index.php\/wp-json\/wp\/v2\/media?parent=47476"}],"wp:term":[{"taxonomy":"category","embeddable":true,"href":"https:\/\/futbolhoy.co\/index.php\/wp-json\/wp\/v2\/categories?post=47476"},{"taxonomy":"post_tag","embeddable":true,"href":"https:\/\/futbolhoy.co\/index.php\/wp-json\/wp\/v2\/tags?post=47476"}],"curies":[{"name":"wp","href":"https:\/\/api.w.org\/{rel}","templated":true}]}}