{"id":47484,"date":"2020-02-10T16:18:26","date_gmt":"2020-02-10T21:18:26","guid":{"rendered":"https:\/\/futbolhoy.co\/?p=47484"},"modified":"2020-02-11T12:45:34","modified_gmt":"2020-02-11T17:45:34","slug":"medellin-y-tolima-favoritos-para-avanzar-en-libertadores","status":"publish","type":"post","link":"https:\/\/futbolhoy.co\/index.php\/2020\/02\/10\/medellin-y-tolima-favoritos-para-avanzar-en-libertadores\/","title":{"rendered":"Medell\u00edn y Tolima favoritos para avanzar en Libertadores"},"content":{"rendered":"<p style=\"text-align: justify;\"><span style=\"font-family: helvetica, arial, sans-serif;\"><strong>Independiente Medell\u00edn<\/strong> y <strong>Deportes Tolima<\/strong> parten como favoritos para avanzar este martes a la tercera fase previa de <strong>Copa Libertadores,<\/strong> luego de sus victorias en los juegos de ida disputados la semana anterior.<\/span><\/p>\n<p style=\"text-align: justify;\"><span style=\"font-family: helvetica, arial, sans-serif;\"><strong>Medell\u00edn<\/strong> visitar\u00e1 al <strong>Deportivo T\u00e1chira<\/strong> de Venezuela con una victoria 4-0 a su favor en el primer juego de la serie.<\/span><\/p>\n<p style=\"text-align: justify;\"><span style=\"font-family: helvetica, arial, sans-serif;\">Adem\u00e1s, el equipo antioque\u00f1o viene de vencer 3-1 a <strong>Patriotas<\/strong> en Liga, resultado que fortaleci\u00f3 la n\u00f3mina para un resultado positivo en el torneo suramericano.<\/span><\/p>\n<p style=\"text-align: justify;\"><span style=\"font-family: helvetica, arial, sans-serif;\">El ganador de la llave se medir\u00e1 en la pr\u00f3xima ronda con el vencedor entre <strong>Atl\u00e9tico Tucum\u00e1n<\/strong> y <strong>The Strongest<\/strong>, que el mi\u00e9rcoles se enfrentar\u00e1n en casa de los argentinos, serie que favorece 2-0 a la visita.<\/span><\/p>\n<p style=\"text-align: justify;\"><span style=\"font-family: helvetica, arial, sans-serif;\">El compromiso en el estadio Pueblo Nuevo de San Crist\u00f3bal, se iniciar\u00e1 a las 5.15pm, con el arbitraje del uruguayo Andr\u00e9s Matonte.<\/span><\/p>\n<p style=\"text-align: justify;\"><span style=\"font-family: helvetica, arial, sans-serif;\">Entretanto, <strong>Deportes Tolima<\/strong> recibir\u00e1 al <strong>Macar\u00e1<\/strong> de Ecuador con la ventaja de 1-0 en el juego de ida.<\/span><\/p>\n<p style=\"text-align: justify;\"><span style=\"font-family: helvetica, arial, sans-serif;\">El equipo de Ibagu\u00e9 tendr\u00e1 a Francisco Rodr\u00edguez y Jaminton Campaz, jugadores efectivos en el arco rival. Tambi\u00e9n est\u00e1n convocados los zagueros <strong>Juli\u00e1n Qui\u00f1\u00f3nez<\/strong> y <strong>Jos\u00e9 Moya<\/strong>, protagonistas del juego a\u00e9reo en el primer juego de esta llave.<\/span><\/p>\n<p style=\"text-align: justify;\"><span style=\"font-family: helvetica, arial, sans-serif;\">El vencedor se medir\u00e1 en la tercera fase del campeonato con el ganador de la serie que disputan Internacional de Brasil y <strong>Universidad de Chile<\/strong>, y que empataron sin goles en Santiago.<\/span><\/p>\n<p style=\"text-align: justify;\"><span style=\"font-family: helvetica, arial, sans-serif;\">El partido se disputar\u00e1 en el estadio Manuel Murillo Toro de Ibagu\u00e9, desde las 7.30pm, donde un empate bastar\u00e1 para que el equipo colombiano pase a la pr\u00f3xima ronda.<\/span><\/p>\n<p style=\"text-align: justify;\"><span style=\"font-family: helvetica, arial, sans-serif;\">Posibles formaciones para el juego de San Crist\u00f3bal:<\/span><\/p>\n<p style=\"text-align: justify;\"><span style=\"font-family: helvetica, arial, sans-serif;\"><strong>Deportivo T\u00e1chira<\/strong>: Jos\u00e9 Contreras; Pablo Camacho, Nicol\u00e1s Foglia, Carlos Vivas, Anthony Graterol; Javier Liendo, Carlos Cerme\u00f1o, Marlon Fern\u00e1ndez, Miguel Camargo; Jacobo Kouffati y Edgar P\u00e9rez Greco.<\/span><\/p>\n<p style=\"text-align: justify;\"><span style=\"font-family: helvetica, arial, sans-serif;\"><strong>Independiente Medell\u00edn<\/strong>: Andr\u00e9s Felipe Mosquera; Luis Mena, Jes\u00fas Murillo, Andr\u00e9s Cadavid, Yuli\u00e1n G\u00f3mez; Adri\u00e1n Arregui, Larry Angulo, Javier Reina, Andr\u00e9s Ricaurte, Maicol Balanta; Juan Fernando Caicedo.<\/span><\/p>\n<p style=\"text-align: justify;\"><span style=\"font-family: helvetica, arial, sans-serif;\">Posibles formaciones para el juego de Ibagu\u00e9:<\/span><\/p>\n<p style=\"text-align: justify;\"><span style=\"font-family: helvetica, arial, sans-serif;\"><strong>Tolima:<\/strong> \u00c1lvaro Montero, Nilson Castrill\u00f3n, Julian Qui\u00f1ones, Jos\u00e9 Moya, Danovis Banguero; Yeison Gordillo, Carlos Robles, Andrey Estupi\u00f1an, Jaminton Campaz, Omar Albornoz; Francisco Rodr\u00edguez.<\/span><\/p>\n<p style=\"text-align: justify;\"><span style=\"font-family: helvetica, arial, sans-serif;\"><strong>Macar\u00e1:<\/strong> Agust\u00edn Silva; Galo Corozo, John Narv\u00e1ez, Braian Molina, Leonel Qui\u00f1\u00f3nez; Mario Rizotto, Carlos Feraud, Pablo Mancilla, Johnny Uchuari; Ronald Champang, Juan Sebasti\u00e1n Herrera.<\/span><\/p>\n","protected":false},"excerpt":{"rendered":"<p>Independiente Medell\u00edn y Deportes Tolima parten como favoritos para avanzar este martes a la tercera fase previa de Copa Libertadores, luego de sus victorias en los juegos de ida disputados la semana anterior. Medell\u00edn visitar\u00e1 al Deportivo T\u00e1chira de Venezuela con una victoria 4-0 a su favor en el primer juego de la serie. Adem\u00e1s, [&hellip;]<\/p>\n","protected":false},"author":5,"featured_media":47485,"comment_status":"open","ping_status":"open","sticky":false,"template":"","format":"standard","meta":{"_acf_changed":false,"footnotes":""},"categories":[653],"tags":[],"class_list":{"0":"post-47484","1":"post","2":"type-post","3":"status-publish","4":"format-standard","5":"has-post-thumbnail","7":"category-copa-libertadores"},"acf":[],"yoast_head":"<!-- This site is optimized with the Yoast SEO plugin v26.8 - https:\/\/yoast.com\/product\/yoast-seo-wordpress\/ -->\n<title>Medell\u00edn y Tolima favoritos para avanzar en Libertadores -<\/title>\n<meta name=\"robots\" content=\"index, follow, max-snippet:-1, max-image-preview:large, max-video-preview:-1\" \/>\n<link rel=\"canonical\" href=\"https:\/\/futbolhoy.co\/index.php\/2020\/02\/10\/medellin-y-tolima-favoritos-para-avanzar-en-libertadores\/\" \/>\n<meta property=\"og:locale\" content=\"es_ES\" \/>\n<meta property=\"og:type\" content=\"article\" \/>\n<meta property=\"og:title\" content=\"Medell\u00edn y Tolima favoritos para avanzar en Libertadores -\" \/>\n<meta property=\"og:description\" content=\"Independiente Medell\u00edn y Deportes Tolima parten como favoritos para avanzar este martes a la tercera fase previa de Copa Libertadores, luego de sus victorias en los juegos de ida disputados la semana anterior. Medell\u00edn visitar\u00e1 al Deportivo T\u00e1chira de Venezuela con una victoria 4-0 a su favor en el primer juego de la serie. Adem\u00e1s, [&hellip;]\" \/>\n<meta property=\"og:url\" content=\"https:\/\/futbolhoy.co\/index.php\/2020\/02\/10\/medellin-y-tolima-favoritos-para-avanzar-en-libertadores\/\" \/>\n<meta property=\"article:publisher\" content=\"https:\/\/www.facebook.com\/FutbolHoyCol\/\" \/>\n<meta property=\"article:published_time\" content=\"2020-02-10T21:18:26+00:00\" \/>\n<meta property=\"article:modified_time\" content=\"2020-02-11T17:45:34+00:00\" \/>\n<meta property=\"og:image\" content=\"https:\/\/futbolhoy.co\/wp-content\/uploads\/2020\/02\/IMG_20200210_181656.jpg\" \/>\n\t<meta property=\"og:image:width\" content=\"2048\" \/>\n\t<meta property=\"og:image:height\" content=\"1367\" \/>\n\t<meta property=\"og:image:type\" content=\"image\/jpeg\" \/>\n<meta name=\"author\" content=\"Laura Hern\u00e1ndez\" \/>\n<meta name=\"twitter:card\" content=\"summary_large_image\" \/>\n<meta name=\"twitter:creator\" content=\"@FutbolHoyCol\" \/>\n<meta name=\"twitter:site\" content=\"@FutbolHoyCol\" \/>\n<meta name=\"twitter:label1\" content=\"Escrito por\" \/>\n\t<meta name=\"twitter:data1\" content=\"Laura Hern\u00e1ndez\" \/>\n\t<meta name=\"twitter:label2\" content=\"Tiempo de lectura\" \/>\n\t<meta name=\"twitter:data2\" content=\"2 minutos\" \/>\n<script type=\"application\/ld+json\" class=\"yoast-schema-graph\">{\"@context\":\"https:\/\/schema.org\",\"@graph\":[{\"@type\":\"Article\",\"@id\":\"https:\/\/futbolhoy.co\/index.php\/2020\/02\/10\/medellin-y-tolima-favoritos-para-avanzar-en-libertadores\/#article\",\"isPartOf\":{\"@id\":\"https:\/\/futbolhoy.co\/index.php\/2020\/02\/10\/medellin-y-tolima-favoritos-para-avanzar-en-libertadores\/\"},\"author\":{\"name\":\"Laura Hern\u00e1ndez\",\"@id\":\"https:\/\/futbolhoy.co\/#\/schema\/person\/c4a353a512b127643723a34bb1812f7d\"},\"headline\":\"Medell\u00edn y Tolima favoritos para avanzar en Libertadores\",\"datePublished\":\"2020-02-10T21:18:26+00:00\",\"dateModified\":\"2020-02-11T17:45:34+00:00\",\"mainEntityOfPage\":{\"@id\":\"https:\/\/futbolhoy.co\/index.php\/2020\/02\/10\/medellin-y-tolima-favoritos-para-avanzar-en-libertadores\/\"},\"wordCount\":420,\"commentCount\":0,\"publisher\":{\"@id\":\"https:\/\/futbolhoy.co\/#organization\"},\"image\":{\"@id\":\"https:\/\/futbolhoy.co\/index.php\/2020\/02\/10\/medellin-y-tolima-favoritos-para-avanzar-en-libertadores\/#primaryimage\"},\"thumbnailUrl\":\"https:\/\/futbolhoy.co\/wp-content\/uploads\/2020\/02\/IMG_20200210_181656.jpg\",\"articleSection\":[\"Libertadores\"],\"inLanguage\":\"es\",\"potentialAction\":[{\"@type\":\"CommentAction\",\"name\":\"Comment\",\"target\":[\"https:\/\/futbolhoy.co\/index.php\/2020\/02\/10\/medellin-y-tolima-favoritos-para-avanzar-en-libertadores\/#respond\"]}]},{\"@type\":\"WebPage\",\"@id\":\"https:\/\/futbolhoy.co\/index.php\/2020\/02\/10\/medellin-y-tolima-favoritos-para-avanzar-en-libertadores\/\",\"url\":\"https:\/\/futbolhoy.co\/index.php\/2020\/02\/10\/medellin-y-tolima-favoritos-para-avanzar-en-libertadores\/\",\"name\":\"Medell\u00edn y Tolima favoritos para avanzar en Libertadores -\",\"isPartOf\":{\"@id\":\"https:\/\/futbolhoy.co\/#website\"},\"primaryImageOfPage\":{\"@id\":\"https:\/\/futbolhoy.co\/index.php\/2020\/02\/10\/medellin-y-tolima-favoritos-para-avanzar-en-libertadores\/#primaryimage\"},\"image\":{\"@id\":\"https:\/\/futbolhoy.co\/index.php\/2020\/02\/10\/medellin-y-tolima-favoritos-para-avanzar-en-libertadores\/#primaryimage\"},\"thumbnailUrl\":\"https:\/\/futbolhoy.co\/wp-content\/uploads\/2020\/02\/IMG_20200210_181656.jpg\",\"datePublished\":\"2020-02-10T21:18:26+00:00\",\"dateModified\":\"2020-02-11T17:45:34+00:00\",\"breadcrumb\":{\"@id\":\"https:\/\/futbolhoy.co\/index.php\/2020\/02\/10\/medellin-y-tolima-favoritos-para-avanzar-en-libertadores\/#breadcrumb\"},\"inLanguage\":\"es\",\"potentialAction\":[{\"@type\":\"ReadAction\",\"target\":[\"https:\/\/futbolhoy.co\/index.php\/2020\/02\/10\/medellin-y-tolima-favoritos-para-avanzar-en-libertadores\/\"]}]},{\"@type\":\"ImageObject\",\"inLanguage\":\"es\",\"@id\":\"https:\/\/futbolhoy.co\/index.php\/2020\/02\/10\/medellin-y-tolima-favoritos-para-avanzar-en-libertadores\/#primaryimage\",\"url\":\"https:\/\/futbolhoy.co\/wp-content\/uploads\/2020\/02\/IMG_20200210_181656.jpg\",\"contentUrl\":\"https:\/\/futbolhoy.co\/wp-content\/uploads\/2020\/02\/IMG_20200210_181656.jpg\",\"width\":2048,\"height\":1367},{\"@type\":\"BreadcrumbList\",\"@id\":\"https:\/\/futbolhoy.co\/index.php\/2020\/02\/10\/medellin-y-tolima-favoritos-para-avanzar-en-libertadores\/#breadcrumb\",\"itemListElement\":[{\"@type\":\"ListItem\",\"position\":1,\"name\":\"Portada\",\"item\":\"https:\/\/futbolhoy.co\/\"},{\"@type\":\"ListItem\",\"position\":2,\"name\":\"Medell\u00edn y Tolima favoritos para avanzar en Libertadores\"}]},{\"@type\":\"WebSite\",\"@id\":\"https:\/\/futbolhoy.co\/#website\",\"url\":\"https:\/\/futbolhoy.co\/\",\"name\":\"FutbolHoy\",\"description\":\"\",\"publisher\":{\"@id\":\"https:\/\/futbolhoy.co\/#organization\"},\"potentialAction\":[{\"@type\":\"SearchAction\",\"target\":{\"@type\":\"EntryPoint\",\"urlTemplate\":\"https:\/\/futbolhoy.co\/?s={search_term_string}\"},\"query-input\":{\"@type\":\"PropertyValueSpecification\",\"valueRequired\":true,\"valueName\":\"search_term_string\"}}],\"inLanguage\":\"es\"},{\"@type\":\"Organization\",\"@id\":\"https:\/\/futbolhoy.co\/#organization\",\"name\":\"Futbolhoy.co\",\"url\":\"https:\/\/futbolhoy.co\/\",\"logo\":{\"@type\":\"ImageObject\",\"inLanguage\":\"es\",\"@id\":\"https:\/\/futbolhoy.co\/#\/schema\/logo\/image\/\",\"url\":\"https:\/\/futbolhoy.co\/wp-content\/uploads\/2018\/08\/17426380_1906371736249227_6326180412931521141_n.jpg\",\"contentUrl\":\"https:\/\/futbolhoy.co\/wp-content\/uploads\/2018\/08\/17426380_1906371736249227_6326180412931521141_n.jpg\",\"width\":960,\"height\":960,\"caption\":\"Futbolhoy.co\"},\"image\":{\"@id\":\"https:\/\/futbolhoy.co\/#\/schema\/logo\/image\/\"},\"sameAs\":[\"https:\/\/www.facebook.com\/FutbolHoyCol\/\",\"https:\/\/x.com\/FutbolHoyCol\",\"https:\/\/www.instagram.com\/futbolhoycol\/\"]},{\"@type\":\"Person\",\"@id\":\"https:\/\/futbolhoy.co\/#\/schema\/person\/c4a353a512b127643723a34bb1812f7d\",\"name\":\"Laura Hern\u00e1ndez\",\"image\":{\"@type\":\"ImageObject\",\"inLanguage\":\"es\",\"@id\":\"https:\/\/futbolhoy.co\/#\/schema\/person\/image\/\",\"url\":\"https:\/\/secure.gravatar.com\/avatar\/d25959a15b9b293a743f99181c7cfd01?s=96&d=mm&r=g\",\"contentUrl\":\"https:\/\/secure.gravatar.com\/avatar\/d25959a15b9b293a743f99181c7cfd01?s=96&d=mm&r=g\",\"caption\":\"Laura Hern\u00e1ndez\"}}]}<\/script>\n<!-- \/ Yoast SEO plugin. -->","yoast_head_json":{"title":"Medell\u00edn y Tolima favoritos para avanzar en Libertadores -","robots":{"index":"index","follow":"follow","max-snippet":"max-snippet:-1","max-image-preview":"max-image-preview:large","max-video-preview":"max-video-preview:-1"},"canonical":"https:\/\/futbolhoy.co\/index.php\/2020\/02\/10\/medellin-y-tolima-favoritos-para-avanzar-en-libertadores\/","og_locale":"es_ES","og_type":"article","og_title":"Medell\u00edn y Tolima favoritos para avanzar en Libertadores -","og_description":"Independiente Medell\u00edn y Deportes Tolima parten como favoritos para avanzar este martes a la tercera fase previa de Copa Libertadores, luego de sus victorias en los juegos de ida disputados la semana anterior. Medell\u00edn visitar\u00e1 al Deportivo T\u00e1chira de Venezuela con una victoria 4-0 a su favor en el primer juego de la serie. Adem\u00e1s, [&hellip;]","og_url":"https:\/\/futbolhoy.co\/index.php\/2020\/02\/10\/medellin-y-tolima-favoritos-para-avanzar-en-libertadores\/","article_publisher":"https:\/\/www.facebook.com\/FutbolHoyCol\/","article_published_time":"2020-02-10T21:18:26+00:00","article_modified_time":"2020-02-11T17:45:34+00:00","og_image":[{"width":2048,"height":1367,"url":"https:\/\/futbolhoy.co\/wp-content\/uploads\/2020\/02\/IMG_20200210_181656.jpg","type":"image\/jpeg"}],"author":"Laura Hern\u00e1ndez","twitter_card":"summary_large_image","twitter_creator":"@FutbolHoyCol","twitter_site":"@FutbolHoyCol","twitter_misc":{"Escrito por":"Laura Hern\u00e1ndez","Tiempo de lectura":"2 minutos"},"schema":{"@context":"https:\/\/schema.org","@graph":[{"@type":"Article","@id":"https:\/\/futbolhoy.co\/index.php\/2020\/02\/10\/medellin-y-tolima-favoritos-para-avanzar-en-libertadores\/#article","isPartOf":{"@id":"https:\/\/futbolhoy.co\/index.php\/2020\/02\/10\/medellin-y-tolima-favoritos-para-avanzar-en-libertadores\/"},"author":{"name":"Laura Hern\u00e1ndez","@id":"https:\/\/futbolhoy.co\/#\/schema\/person\/c4a353a512b127643723a34bb1812f7d"},"headline":"Medell\u00edn y Tolima favoritos para avanzar en Libertadores","datePublished":"2020-02-10T21:18:26+00:00","dateModified":"2020-02-11T17:45:34+00:00","mainEntityOfPage":{"@id":"https:\/\/futbolhoy.co\/index.php\/2020\/02\/10\/medellin-y-tolima-favoritos-para-avanzar-en-libertadores\/"},"wordCount":420,"commentCount":0,"publisher":{"@id":"https:\/\/futbolhoy.co\/#organization"},"image":{"@id":"https:\/\/futbolhoy.co\/index.php\/2020\/02\/10\/medellin-y-tolima-favoritos-para-avanzar-en-libertadores\/#primaryimage"},"thumbnailUrl":"https:\/\/futbolhoy.co\/wp-content\/uploads\/2020\/02\/IMG_20200210_181656.jpg","articleSection":["Libertadores"],"inLanguage":"es","potentialAction":[{"@type":"CommentAction","name":"Comment","target":["https:\/\/futbolhoy.co\/index.php\/2020\/02\/10\/medellin-y-tolima-favoritos-para-avanzar-en-libertadores\/#respond"]}]},{"@type":"WebPage","@id":"https:\/\/futbolhoy.co\/index.php\/2020\/02\/10\/medellin-y-tolima-favoritos-para-avanzar-en-libertadores\/","url":"https:\/\/futbolhoy.co\/index.php\/2020\/02\/10\/medellin-y-tolima-favoritos-para-avanzar-en-libertadores\/","name":"Medell\u00edn y Tolima favoritos para avanzar en Libertadores -","isPartOf":{"@id":"https:\/\/futbolhoy.co\/#website"},"primaryImageOfPage":{"@id":"https:\/\/futbolhoy.co\/index.php\/2020\/02\/10\/medellin-y-tolima-favoritos-para-avanzar-en-libertadores\/#primaryimage"},"image":{"@id":"https:\/\/futbolhoy.co\/index.php\/2020\/02\/10\/medellin-y-tolima-favoritos-para-avanzar-en-libertadores\/#primaryimage"},"thumbnailUrl":"https:\/\/futbolhoy.co\/wp-content\/uploads\/2020\/02\/IMG_20200210_181656.jpg","datePublished":"2020-02-10T21:18:26+00:00","dateModified":"2020-02-11T17:45:34+00:00","breadcrumb":{"@id":"https:\/\/futbolhoy.co\/index.php\/2020\/02\/10\/medellin-y-tolima-favoritos-para-avanzar-en-libertadores\/#breadcrumb"},"inLanguage":"es","potentialAction":[{"@type":"ReadAction","target":["https:\/\/futbolhoy.co\/index.php\/2020\/02\/10\/medellin-y-tolima-favoritos-para-avanzar-en-libertadores\/"]}]},{"@type":"ImageObject","inLanguage":"es","@id":"https:\/\/futbolhoy.co\/index.php\/2020\/02\/10\/medellin-y-tolima-favoritos-para-avanzar-en-libertadores\/#primaryimage","url":"https:\/\/futbolhoy.co\/wp-content\/uploads\/2020\/02\/IMG_20200210_181656.jpg","contentUrl":"https:\/\/futbolhoy.co\/wp-content\/uploads\/2020\/02\/IMG_20200210_181656.jpg","width":2048,"height":1367},{"@type":"BreadcrumbList","@id":"https:\/\/futbolhoy.co\/index.php\/2020\/02\/10\/medellin-y-tolima-favoritos-para-avanzar-en-libertadores\/#breadcrumb","itemListElement":[{"@type":"ListItem","position":1,"name":"Portada","item":"https:\/\/futbolhoy.co\/"},{"@type":"ListItem","position":2,"name":"Medell\u00edn y Tolima favoritos para avanzar en Libertadores"}]},{"@type":"WebSite","@id":"https:\/\/futbolhoy.co\/#website","url":"https:\/\/futbolhoy.co\/","name":"FutbolHoy","description":"","publisher":{"@id":"https:\/\/futbolhoy.co\/#organization"},"potentialAction":[{"@type":"SearchAction","target":{"@type":"EntryPoint","urlTemplate":"https:\/\/futbolhoy.co\/?s={search_term_string}"},"query-input":{"@type":"PropertyValueSpecification","valueRequired":true,"valueName":"search_term_string"}}],"inLanguage":"es"},{"@type":"Organization","@id":"https:\/\/futbolhoy.co\/#organization","name":"Futbolhoy.co","url":"https:\/\/futbolhoy.co\/","logo":{"@type":"ImageObject","inLanguage":"es","@id":"https:\/\/futbolhoy.co\/#\/schema\/logo\/image\/","url":"https:\/\/futbolhoy.co\/wp-content\/uploads\/2018\/08\/17426380_1906371736249227_6326180412931521141_n.jpg","contentUrl":"https:\/\/futbolhoy.co\/wp-content\/uploads\/2018\/08\/17426380_1906371736249227_6326180412931521141_n.jpg","width":960,"height":960,"caption":"Futbolhoy.co"},"image":{"@id":"https:\/\/futbolhoy.co\/#\/schema\/logo\/image\/"},"sameAs":["https:\/\/www.facebook.com\/FutbolHoyCol\/","https:\/\/x.com\/FutbolHoyCol","https:\/\/www.instagram.com\/futbolhoycol\/"]},{"@type":"Person","@id":"https:\/\/futbolhoy.co\/#\/schema\/person\/c4a353a512b127643723a34bb1812f7d","name":"Laura Hern\u00e1ndez","image":{"@type":"ImageObject","inLanguage":"es","@id":"https:\/\/futbolhoy.co\/#\/schema\/person\/image\/","url":"https:\/\/secure.gravatar.com\/avatar\/d25959a15b9b293a743f99181c7cfd01?s=96&d=mm&r=g","contentUrl":"https:\/\/secure.gravatar.com\/avatar\/d25959a15b9b293a743f99181c7cfd01?s=96&d=mm&r=g","caption":"Laura Hern\u00e1ndez"}}]}},"publishpress_future_action":{"enabled":false,"date":"2026-05-03 04:36:24","action":"change-status","newStatus":"draft","terms":[],"taxonomy":"category","extraData":[]},"publishpress_future_workflow_manual_trigger":{"enabledWorkflows":[]},"_links":{"self":[{"href":"https:\/\/futbolhoy.co\/index.php\/wp-json\/wp\/v2\/posts\/47484","targetHints":{"allow":["GET"]}}],"collection":[{"href":"https:\/\/futbolhoy.co\/index.php\/wp-json\/wp\/v2\/posts"}],"about":[{"href":"https:\/\/futbolhoy.co\/index.php\/wp-json\/wp\/v2\/types\/post"}],"author":[{"embeddable":true,"href":"https:\/\/futbolhoy.co\/index.php\/wp-json\/wp\/v2\/users\/5"}],"replies":[{"embeddable":true,"href":"https:\/\/futbolhoy.co\/index.php\/wp-json\/wp\/v2\/comments?post=47484"}],"version-history":[{"count":1,"href":"https:\/\/futbolhoy.co\/index.php\/wp-json\/wp\/v2\/posts\/47484\/revisions"}],"predecessor-version":[{"id":47486,"href":"https:\/\/futbolhoy.co\/index.php\/wp-json\/wp\/v2\/posts\/47484\/revisions\/47486"}],"wp:featuredmedia":[{"embeddable":true,"href":"https:\/\/futbolhoy.co\/index.php\/wp-json\/wp\/v2\/media\/47485"}],"wp:attachment":[{"href":"https:\/\/futbolhoy.co\/index.php\/wp-json\/wp\/v2\/media?parent=47484"}],"wp:term":[{"taxonomy":"category","embeddable":true,"href":"https:\/\/futbolhoy.co\/index.php\/wp-json\/wp\/v2\/categories?post=47484"},{"taxonomy":"post_tag","embeddable":true,"href":"https:\/\/futbolhoy.co\/index.php\/wp-json\/wp\/v2\/tags?post=47484"}],"curies":[{"name":"wp","href":"https:\/\/api.w.org\/{rel}","templated":true}]}}