{"id":47494,"date":"2020-02-11T12:15:57","date_gmt":"2020-02-11T17:15:57","guid":{"rendered":"https:\/\/futbolhoy.co\/?p=47494"},"modified":"2020-02-11T17:43:18","modified_gmt":"2020-02-11T22:43:18","slug":"murillo-si-podria-jugar-ante-el-madrid","status":"publish","type":"post","link":"https:\/\/futbolhoy.co\/index.php\/2020\/02\/11\/murillo-si-podria-jugar-ante-el-madrid\/","title":{"rendered":"Murillo s\u00ed podr\u00eda jugar ante el Madrid"},"content":{"rendered":"<p style=\"text-align: justify;\"><span style=\"font-family: helvetica, arial, sans-serif;\">El defensa central colombiano <strong>Jeison Murillo<\/strong> no est\u00e1 descartado para jugar con el <strong>Celta de Vigo<\/strong> este domingo a las 3PM en la fecha 24 de <strong>LaLiga,<\/strong> cuando visite al <strong>Real Madrid.<\/strong><\/span><\/p>\n<p style=\"text-align: justify;\"><span style=\"font-family: helvetica, arial, sans-serif;\">La resonancia magn\u00e9tica practicada por los servicios m\u00e9dicos del Celta descart\u00f3 que el vallecaucano sufra una lesi\u00f3n grave en la rodilla derecha, por lo que no est\u00e1 descartada su presencia en el<strong> Santiago Bernab\u00e9u.<\/strong><\/span><\/p>\n<p style=\"text-align: justify;\"><span style=\"font-family: helvetica, arial, sans-serif;\">La prueba confirm\u00f3 que Murillo, lesionado en el \u00faltimo partido contra el <strong>Sevilla,<\/strong> sufre un esguince leve en el ligamento lateral interno de su rodilla y depender\u00e1 de su evoluci\u00f3n el poder participar del juego.<\/span><\/p>\n<p style=\"text-align: justify;\"><span style=\"font-family: helvetica, arial, sans-serif;\">Murillo est\u00e1 cedido a pr\u00e9stamo en el equipo espa\u00f1ol por parte de la <strong>Sampdoria<\/strong> de <strong>Italia<\/strong> y desde su llegada se ha convertido en titular inamovible del t\u00e9cnico <strong>\u00d3scar Garc\u00eda.<\/strong><\/span><\/p>\n","protected":false},"excerpt":{"rendered":"<p>El defensa central colombiano Jeison Murillo no est\u00e1 descartado para jugar con el Celta de Vigo este domingo a las 3PM en la fecha 24 de LaLiga, cuando visite al Real Madrid. La resonancia magn\u00e9tica practicada por los servicios m\u00e9dicos del Celta descart\u00f3 que el vallecaucano sufra una lesi\u00f3n grave en la rodilla derecha, por [&hellip;]<\/p>\n","protected":false},"author":5,"featured_media":47458,"comment_status":"open","ping_status":"open","sticky":false,"template":"","format":"standard","meta":{"_acf_changed":false,"footnotes":""},"categories":[418],"tags":[1729,475,110],"class_list":{"0":"post-47494","1":"post","2":"type-post","3":"status-publish","4":"format-standard","5":"has-post-thumbnail","7":"category-colombia","8":"tag-celta-de-vigo","9":"tag-jeison-murillo","10":"tag-real-madrid"},"acf":[],"yoast_head":"<!-- This site is optimized with the Yoast SEO plugin v26.8 - https:\/\/yoast.com\/product\/yoast-seo-wordpress\/ -->\n<title>Murillo s\u00ed podr\u00eda jugar ante el Madrid -<\/title>\n<meta name=\"robots\" content=\"index, follow, max-snippet:-1, max-image-preview:large, max-video-preview:-1\" \/>\n<link rel=\"canonical\" href=\"https:\/\/futbolhoy.co\/index.php\/2020\/02\/11\/murillo-si-podria-jugar-ante-el-madrid\/\" \/>\n<meta property=\"og:locale\" content=\"es_ES\" \/>\n<meta property=\"og:type\" content=\"article\" \/>\n<meta property=\"og:title\" content=\"Murillo s\u00ed podr\u00eda jugar ante el Madrid -\" \/>\n<meta property=\"og:description\" content=\"El defensa central colombiano Jeison Murillo no est\u00e1 descartado para jugar con el Celta de Vigo este domingo a las 3PM en la fecha 24 de LaLiga, cuando visite al Real Madrid. La resonancia magn\u00e9tica practicada por los servicios m\u00e9dicos del Celta descart\u00f3 que el vallecaucano sufra una lesi\u00f3n grave en la rodilla derecha, por [&hellip;]\" \/>\n<meta property=\"og:url\" content=\"https:\/\/futbolhoy.co\/index.php\/2020\/02\/11\/murillo-si-podria-jugar-ante-el-madrid\/\" \/>\n<meta property=\"article:publisher\" content=\"https:\/\/www.facebook.com\/FutbolHoyCol\/\" \/>\n<meta property=\"article:published_time\" content=\"2020-02-11T17:15:57+00:00\" \/>\n<meta property=\"article:modified_time\" content=\"2020-02-11T22:43:18+00:00\" \/>\n<meta property=\"og:image\" content=\"https:\/\/futbolhoy.co\/wp-content\/uploads\/2020\/02\/2FC7BB2D-F6FA-4E03-9FA9-14E61CB9DD48.jpeg\" \/>\n\t<meta property=\"og:image:width\" content=\"723\" \/>\n\t<meta property=\"og:image:height\" content=\"384\" \/>\n\t<meta property=\"og:image:type\" content=\"image\/jpeg\" \/>\n<meta name=\"author\" content=\"Laura Hern\u00e1ndez\" \/>\n<meta name=\"twitter:card\" content=\"summary_large_image\" \/>\n<meta name=\"twitter:creator\" content=\"@FutbolHoyCol\" \/>\n<meta name=\"twitter:site\" content=\"@FutbolHoyCol\" \/>\n<meta name=\"twitter:label1\" content=\"Escrito por\" \/>\n\t<meta name=\"twitter:data1\" content=\"Laura Hern\u00e1ndez\" \/>\n\t<meta name=\"twitter:label2\" content=\"Tiempo de lectura\" \/>\n\t<meta name=\"twitter:data2\" content=\"1 minuto\" \/>\n<script type=\"application\/ld+json\" class=\"yoast-schema-graph\">{\"@context\":\"https:\/\/schema.org\",\"@graph\":[{\"@type\":\"Article\",\"@id\":\"https:\/\/futbolhoy.co\/index.php\/2020\/02\/11\/murillo-si-podria-jugar-ante-el-madrid\/#article\",\"isPartOf\":{\"@id\":\"https:\/\/futbolhoy.co\/index.php\/2020\/02\/11\/murillo-si-podria-jugar-ante-el-madrid\/\"},\"author\":{\"name\":\"Laura Hern\u00e1ndez\",\"@id\":\"https:\/\/futbolhoy.co\/#\/schema\/person\/c4a353a512b127643723a34bb1812f7d\"},\"headline\":\"Murillo s\u00ed podr\u00eda jugar ante el Madrid\",\"datePublished\":\"2020-02-11T17:15:57+00:00\",\"dateModified\":\"2020-02-11T22:43:18+00:00\",\"mainEntityOfPage\":{\"@id\":\"https:\/\/futbolhoy.co\/index.php\/2020\/02\/11\/murillo-si-podria-jugar-ante-el-madrid\/\"},\"wordCount\":147,\"commentCount\":0,\"publisher\":{\"@id\":\"https:\/\/futbolhoy.co\/#organization\"},\"image\":{\"@id\":\"https:\/\/futbolhoy.co\/index.php\/2020\/02\/11\/murillo-si-podria-jugar-ante-el-madrid\/#primaryimage\"},\"thumbnailUrl\":\"https:\/\/futbolhoy.co\/wp-content\/uploads\/2020\/02\/2FC7BB2D-F6FA-4E03-9FA9-14E61CB9DD48.jpeg\",\"keywords\":[\"Celta de Vigo\",\"Jeison Murillo\",\"Real Madrid\"],\"articleSection\":[\"Colombia\"],\"inLanguage\":\"es\",\"potentialAction\":[{\"@type\":\"CommentAction\",\"name\":\"Comment\",\"target\":[\"https:\/\/futbolhoy.co\/index.php\/2020\/02\/11\/murillo-si-podria-jugar-ante-el-madrid\/#respond\"]}]},{\"@type\":\"WebPage\",\"@id\":\"https:\/\/futbolhoy.co\/index.php\/2020\/02\/11\/murillo-si-podria-jugar-ante-el-madrid\/\",\"url\":\"https:\/\/futbolhoy.co\/index.php\/2020\/02\/11\/murillo-si-podria-jugar-ante-el-madrid\/\",\"name\":\"Murillo s\u00ed podr\u00eda jugar ante el Madrid -\",\"isPartOf\":{\"@id\":\"https:\/\/futbolhoy.co\/#website\"},\"primaryImageOfPage\":{\"@id\":\"https:\/\/futbolhoy.co\/index.php\/2020\/02\/11\/murillo-si-podria-jugar-ante-el-madrid\/#primaryimage\"},\"image\":{\"@id\":\"https:\/\/futbolhoy.co\/index.php\/2020\/02\/11\/murillo-si-podria-jugar-ante-el-madrid\/#primaryimage\"},\"thumbnailUrl\":\"https:\/\/futbolhoy.co\/wp-content\/uploads\/2020\/02\/2FC7BB2D-F6FA-4E03-9FA9-14E61CB9DD48.jpeg\",\"datePublished\":\"2020-02-11T17:15:57+00:00\",\"dateModified\":\"2020-02-11T22:43:18+00:00\",\"breadcrumb\":{\"@id\":\"https:\/\/futbolhoy.co\/index.php\/2020\/02\/11\/murillo-si-podria-jugar-ante-el-madrid\/#breadcrumb\"},\"inLanguage\":\"es\",\"potentialAction\":[{\"@type\":\"ReadAction\",\"target\":[\"https:\/\/futbolhoy.co\/index.php\/2020\/02\/11\/murillo-si-podria-jugar-ante-el-madrid\/\"]}]},{\"@type\":\"ImageObject\",\"inLanguage\":\"es\",\"@id\":\"https:\/\/futbolhoy.co\/index.php\/2020\/02\/11\/murillo-si-podria-jugar-ante-el-madrid\/#primaryimage\",\"url\":\"https:\/\/futbolhoy.co\/wp-content\/uploads\/2020\/02\/2FC7BB2D-F6FA-4E03-9FA9-14E61CB9DD48.jpeg\",\"contentUrl\":\"https:\/\/futbolhoy.co\/wp-content\/uploads\/2020\/02\/2FC7BB2D-F6FA-4E03-9FA9-14E61CB9DD48.jpeg\",\"width\":723,\"height\":384},{\"@type\":\"BreadcrumbList\",\"@id\":\"https:\/\/futbolhoy.co\/index.php\/2020\/02\/11\/murillo-si-podria-jugar-ante-el-madrid\/#breadcrumb\",\"itemListElement\":[{\"@type\":\"ListItem\",\"position\":1,\"name\":\"Portada\",\"item\":\"https:\/\/futbolhoy.co\/\"},{\"@type\":\"ListItem\",\"position\":2,\"name\":\"Murillo s\u00ed podr\u00eda jugar ante el Madrid\"}]},{\"@type\":\"WebSite\",\"@id\":\"https:\/\/futbolhoy.co\/#website\",\"url\":\"https:\/\/futbolhoy.co\/\",\"name\":\"FutbolHoy\",\"description\":\"\",\"publisher\":{\"@id\":\"https:\/\/futbolhoy.co\/#organization\"},\"potentialAction\":[{\"@type\":\"SearchAction\",\"target\":{\"@type\":\"EntryPoint\",\"urlTemplate\":\"https:\/\/futbolhoy.co\/?s={search_term_string}\"},\"query-input\":{\"@type\":\"PropertyValueSpecification\",\"valueRequired\":true,\"valueName\":\"search_term_string\"}}],\"inLanguage\":\"es\"},{\"@type\":\"Organization\",\"@id\":\"https:\/\/futbolhoy.co\/#organization\",\"name\":\"Futbolhoy.co\",\"url\":\"https:\/\/futbolhoy.co\/\",\"logo\":{\"@type\":\"ImageObject\",\"inLanguage\":\"es\",\"@id\":\"https:\/\/futbolhoy.co\/#\/schema\/logo\/image\/\",\"url\":\"https:\/\/futbolhoy.co\/wp-content\/uploads\/2018\/08\/17426380_1906371736249227_6326180412931521141_n.jpg\",\"contentUrl\":\"https:\/\/futbolhoy.co\/wp-content\/uploads\/2018\/08\/17426380_1906371736249227_6326180412931521141_n.jpg\",\"width\":960,\"height\":960,\"caption\":\"Futbolhoy.co\"},\"image\":{\"@id\":\"https:\/\/futbolhoy.co\/#\/schema\/logo\/image\/\"},\"sameAs\":[\"https:\/\/www.facebook.com\/FutbolHoyCol\/\",\"https:\/\/x.com\/FutbolHoyCol\",\"https:\/\/www.instagram.com\/futbolhoycol\/\"]},{\"@type\":\"Person\",\"@id\":\"https:\/\/futbolhoy.co\/#\/schema\/person\/c4a353a512b127643723a34bb1812f7d\",\"name\":\"Laura Hern\u00e1ndez\",\"image\":{\"@type\":\"ImageObject\",\"inLanguage\":\"es\",\"@id\":\"https:\/\/futbolhoy.co\/#\/schema\/person\/image\/\",\"url\":\"https:\/\/secure.gravatar.com\/avatar\/d25959a15b9b293a743f99181c7cfd01?s=96&d=mm&r=g\",\"contentUrl\":\"https:\/\/secure.gravatar.com\/avatar\/d25959a15b9b293a743f99181c7cfd01?s=96&d=mm&r=g\",\"caption\":\"Laura Hern\u00e1ndez\"}}]}<\/script>\n<!-- \/ Yoast SEO plugin. -->","yoast_head_json":{"title":"Murillo s\u00ed podr\u00eda jugar ante el Madrid -","robots":{"index":"index","follow":"follow","max-snippet":"max-snippet:-1","max-image-preview":"max-image-preview:large","max-video-preview":"max-video-preview:-1"},"canonical":"https:\/\/futbolhoy.co\/index.php\/2020\/02\/11\/murillo-si-podria-jugar-ante-el-madrid\/","og_locale":"es_ES","og_type":"article","og_title":"Murillo s\u00ed podr\u00eda jugar ante el Madrid -","og_description":"El defensa central colombiano Jeison Murillo no est\u00e1 descartado para jugar con el Celta de Vigo este domingo a las 3PM en la fecha 24 de LaLiga, cuando visite al Real Madrid. La resonancia magn\u00e9tica practicada por los servicios m\u00e9dicos del Celta descart\u00f3 que el vallecaucano sufra una lesi\u00f3n grave en la rodilla derecha, por [&hellip;]","og_url":"https:\/\/futbolhoy.co\/index.php\/2020\/02\/11\/murillo-si-podria-jugar-ante-el-madrid\/","article_publisher":"https:\/\/www.facebook.com\/FutbolHoyCol\/","article_published_time":"2020-02-11T17:15:57+00:00","article_modified_time":"2020-02-11T22:43:18+00:00","og_image":[{"width":723,"height":384,"url":"https:\/\/futbolhoy.co\/wp-content\/uploads\/2020\/02\/2FC7BB2D-F6FA-4E03-9FA9-14E61CB9DD48.jpeg","type":"image\/jpeg"}],"author":"Laura Hern\u00e1ndez","twitter_card":"summary_large_image","twitter_creator":"@FutbolHoyCol","twitter_site":"@FutbolHoyCol","twitter_misc":{"Escrito por":"Laura Hern\u00e1ndez","Tiempo de lectura":"1 minuto"},"schema":{"@context":"https:\/\/schema.org","@graph":[{"@type":"Article","@id":"https:\/\/futbolhoy.co\/index.php\/2020\/02\/11\/murillo-si-podria-jugar-ante-el-madrid\/#article","isPartOf":{"@id":"https:\/\/futbolhoy.co\/index.php\/2020\/02\/11\/murillo-si-podria-jugar-ante-el-madrid\/"},"author":{"name":"Laura Hern\u00e1ndez","@id":"https:\/\/futbolhoy.co\/#\/schema\/person\/c4a353a512b127643723a34bb1812f7d"},"headline":"Murillo s\u00ed podr\u00eda jugar ante el Madrid","datePublished":"2020-02-11T17:15:57+00:00","dateModified":"2020-02-11T22:43:18+00:00","mainEntityOfPage":{"@id":"https:\/\/futbolhoy.co\/index.php\/2020\/02\/11\/murillo-si-podria-jugar-ante-el-madrid\/"},"wordCount":147,"commentCount":0,"publisher":{"@id":"https:\/\/futbolhoy.co\/#organization"},"image":{"@id":"https:\/\/futbolhoy.co\/index.php\/2020\/02\/11\/murillo-si-podria-jugar-ante-el-madrid\/#primaryimage"},"thumbnailUrl":"https:\/\/futbolhoy.co\/wp-content\/uploads\/2020\/02\/2FC7BB2D-F6FA-4E03-9FA9-14E61CB9DD48.jpeg","keywords":["Celta de Vigo","Jeison Murillo","Real Madrid"],"articleSection":["Colombia"],"inLanguage":"es","potentialAction":[{"@type":"CommentAction","name":"Comment","target":["https:\/\/futbolhoy.co\/index.php\/2020\/02\/11\/murillo-si-podria-jugar-ante-el-madrid\/#respond"]}]},{"@type":"WebPage","@id":"https:\/\/futbolhoy.co\/index.php\/2020\/02\/11\/murillo-si-podria-jugar-ante-el-madrid\/","url":"https:\/\/futbolhoy.co\/index.php\/2020\/02\/11\/murillo-si-podria-jugar-ante-el-madrid\/","name":"Murillo s\u00ed podr\u00eda jugar ante el Madrid -","isPartOf":{"@id":"https:\/\/futbolhoy.co\/#website"},"primaryImageOfPage":{"@id":"https:\/\/futbolhoy.co\/index.php\/2020\/02\/11\/murillo-si-podria-jugar-ante-el-madrid\/#primaryimage"},"image":{"@id":"https:\/\/futbolhoy.co\/index.php\/2020\/02\/11\/murillo-si-podria-jugar-ante-el-madrid\/#primaryimage"},"thumbnailUrl":"https:\/\/futbolhoy.co\/wp-content\/uploads\/2020\/02\/2FC7BB2D-F6FA-4E03-9FA9-14E61CB9DD48.jpeg","datePublished":"2020-02-11T17:15:57+00:00","dateModified":"2020-02-11T22:43:18+00:00","breadcrumb":{"@id":"https:\/\/futbolhoy.co\/index.php\/2020\/02\/11\/murillo-si-podria-jugar-ante-el-madrid\/#breadcrumb"},"inLanguage":"es","potentialAction":[{"@type":"ReadAction","target":["https:\/\/futbolhoy.co\/index.php\/2020\/02\/11\/murillo-si-podria-jugar-ante-el-madrid\/"]}]},{"@type":"ImageObject","inLanguage":"es","@id":"https:\/\/futbolhoy.co\/index.php\/2020\/02\/11\/murillo-si-podria-jugar-ante-el-madrid\/#primaryimage","url":"https:\/\/futbolhoy.co\/wp-content\/uploads\/2020\/02\/2FC7BB2D-F6FA-4E03-9FA9-14E61CB9DD48.jpeg","contentUrl":"https:\/\/futbolhoy.co\/wp-content\/uploads\/2020\/02\/2FC7BB2D-F6FA-4E03-9FA9-14E61CB9DD48.jpeg","width":723,"height":384},{"@type":"BreadcrumbList","@id":"https:\/\/futbolhoy.co\/index.php\/2020\/02\/11\/murillo-si-podria-jugar-ante-el-madrid\/#breadcrumb","itemListElement":[{"@type":"ListItem","position":1,"name":"Portada","item":"https:\/\/futbolhoy.co\/"},{"@type":"ListItem","position":2,"name":"Murillo s\u00ed podr\u00eda jugar ante el Madrid"}]},{"@type":"WebSite","@id":"https:\/\/futbolhoy.co\/#website","url":"https:\/\/futbolhoy.co\/","name":"FutbolHoy","description":"","publisher":{"@id":"https:\/\/futbolhoy.co\/#organization"},"potentialAction":[{"@type":"SearchAction","target":{"@type":"EntryPoint","urlTemplate":"https:\/\/futbolhoy.co\/?s={search_term_string}"},"query-input":{"@type":"PropertyValueSpecification","valueRequired":true,"valueName":"search_term_string"}}],"inLanguage":"es"},{"@type":"Organization","@id":"https:\/\/futbolhoy.co\/#organization","name":"Futbolhoy.co","url":"https:\/\/futbolhoy.co\/","logo":{"@type":"ImageObject","inLanguage":"es","@id":"https:\/\/futbolhoy.co\/#\/schema\/logo\/image\/","url":"https:\/\/futbolhoy.co\/wp-content\/uploads\/2018\/08\/17426380_1906371736249227_6326180412931521141_n.jpg","contentUrl":"https:\/\/futbolhoy.co\/wp-content\/uploads\/2018\/08\/17426380_1906371736249227_6326180412931521141_n.jpg","width":960,"height":960,"caption":"Futbolhoy.co"},"image":{"@id":"https:\/\/futbolhoy.co\/#\/schema\/logo\/image\/"},"sameAs":["https:\/\/www.facebook.com\/FutbolHoyCol\/","https:\/\/x.com\/FutbolHoyCol","https:\/\/www.instagram.com\/futbolhoycol\/"]},{"@type":"Person","@id":"https:\/\/futbolhoy.co\/#\/schema\/person\/c4a353a512b127643723a34bb1812f7d","name":"Laura Hern\u00e1ndez","image":{"@type":"ImageObject","inLanguage":"es","@id":"https:\/\/futbolhoy.co\/#\/schema\/person\/image\/","url":"https:\/\/secure.gravatar.com\/avatar\/d25959a15b9b293a743f99181c7cfd01?s=96&d=mm&r=g","contentUrl":"https:\/\/secure.gravatar.com\/avatar\/d25959a15b9b293a743f99181c7cfd01?s=96&d=mm&r=g","caption":"Laura Hern\u00e1ndez"}}]}},"publishpress_future_action":{"enabled":false,"date":"2026-05-03 03:16:03","action":"change-status","newStatus":"draft","terms":[],"taxonomy":"category","extraData":[]},"publishpress_future_workflow_manual_trigger":{"enabledWorkflows":[]},"_links":{"self":[{"href":"https:\/\/futbolhoy.co\/index.php\/wp-json\/wp\/v2\/posts\/47494","targetHints":{"allow":["GET"]}}],"collection":[{"href":"https:\/\/futbolhoy.co\/index.php\/wp-json\/wp\/v2\/posts"}],"about":[{"href":"https:\/\/futbolhoy.co\/index.php\/wp-json\/wp\/v2\/types\/post"}],"author":[{"embeddable":true,"href":"https:\/\/futbolhoy.co\/index.php\/wp-json\/wp\/v2\/users\/5"}],"replies":[{"embeddable":true,"href":"https:\/\/futbolhoy.co\/index.php\/wp-json\/wp\/v2\/comments?post=47494"}],"version-history":[{"count":2,"href":"https:\/\/futbolhoy.co\/index.php\/wp-json\/wp\/v2\/posts\/47494\/revisions"}],"predecessor-version":[{"id":47496,"href":"https:\/\/futbolhoy.co\/index.php\/wp-json\/wp\/v2\/posts\/47494\/revisions\/47496"}],"wp:featuredmedia":[{"embeddable":true,"href":"https:\/\/futbolhoy.co\/index.php\/wp-json\/wp\/v2\/media\/47458"}],"wp:attachment":[{"href":"https:\/\/futbolhoy.co\/index.php\/wp-json\/wp\/v2\/media?parent=47494"}],"wp:term":[{"taxonomy":"category","embeddable":true,"href":"https:\/\/futbolhoy.co\/index.php\/wp-json\/wp\/v2\/categories?post=47494"},{"taxonomy":"post_tag","embeddable":true,"href":"https:\/\/futbolhoy.co\/index.php\/wp-json\/wp\/v2\/tags?post=47494"}],"curies":[{"name":"wp","href":"https:\/\/api.w.org\/{rel}","templated":true}]}}