{"id":47504,"date":"2020-02-11T17:42:53","date_gmt":"2020-02-11T22:42:53","guid":{"rendered":"https:\/\/futbolhoy.co\/?p=47504"},"modified":"2020-02-11T22:02:12","modified_gmt":"2020-02-12T03:02:12","slug":"sebastian-perez-habria-pedido-a-los-directivos-regresar-a-boca-juniors","status":"publish","type":"post","link":"https:\/\/futbolhoy.co\/index.php\/2020\/02\/11\/sebastian-perez-habria-pedido-a-los-directivos-regresar-a-boca-juniors\/","title":{"rendered":"Sebasti\u00e1n P\u00e9rez habr\u00eda pedido a los directivos regresar a Boca Juniors"},"content":{"rendered":"<p style=\"text-align: justify;\"><span style=\"font-family: helvetica, arial, sans-serif;\">El volante antioque\u00f1o <strong>Sebasti\u00e1n<\/strong> <strong>P\u00e9rez<\/strong>, quien rescindi\u00f3 su contrato con el <strong>Barcelona<\/strong> de Ecuador, quiere regresar a <strong>Boca Juniors<\/strong> de Argentina.<\/span><\/p>\n<p style=\"text-align: justify;\"><span style=\"font-family: helvetica, arial, sans-serif;\"><i>\"Por lo pronto, el futbolista asegur\u00f3 haberse contactado con la actual dirigencia, pero todav\u00eda no existe una resoluci\u00f3n definitiva por parte del Consejo de F\u00fatbol encabezado por el vicepresidente segundo, Juan Rom\u00e1n Riquelme. Sus intenciones son las de regresar para ganarse un lugar en el equipo de Miguel \u00c1ngel Russo, por lo que habr\u00e1 que ver si le dan una chance\"<\/i>, se asegur\u00f3 en TyC Sports de Buenos Aires.<\/span><\/p>\n<p style=\"text-align: justify;\"><span style=\"font-family: helvetica, arial, sans-serif;\">El colombiano tiene contrato vigente hasta junio con el equipo <strong>Xeneize<\/strong>, que lo ten\u00eda cedido al equipo de Guayaquil.<\/span><\/p>\n<p style=\"text-align: justify;\"><span style=\"font-family: helvetica, arial, sans-serif;\"><strong>P\u00e9rez<\/strong> en su paso por el club, disput\u00f3 19 partidos en dos temporadas y alcanz\u00f3 dos t\u00edtulos en la Superliga.<\/span><\/p>\n","protected":false},"excerpt":{"rendered":"<p>El volante antioque\u00f1o Sebasti\u00e1n P\u00e9rez, quien rescindi\u00f3 su contrato con el Barcelona de Ecuador, quiere regresar a Boca Juniors de Argentina. \"Por lo pronto, el futbolista asegur\u00f3 haberse contactado con la actual dirigencia, pero todav\u00eda no existe una resoluci\u00f3n definitiva por parte del Consejo de F\u00fatbol encabezado por el vicepresidente segundo, Juan Rom\u00e1n Riquelme. Sus [&hellip;]<\/p>\n","protected":false},"author":5,"featured_media":47511,"comment_status":"open","ping_status":"open","sticky":false,"template":"","format":"standard","meta":{"_acf_changed":false,"footnotes":""},"categories":[152],"tags":[],"class_list":{"0":"post-47504","1":"post","2":"type-post","3":"status-publish","4":"format-standard","5":"has-post-thumbnail","7":"category-mundo-futbol"},"acf":[],"yoast_head":"<!-- This site is optimized with the Yoast SEO plugin v26.8 - https:\/\/yoast.com\/product\/yoast-seo-wordpress\/ -->\n<title>Sebasti\u00e1n P\u00e9rez habr\u00eda pedido a los directivos regresar a Boca Juniors -<\/title>\n<meta name=\"robots\" content=\"index, follow, max-snippet:-1, max-image-preview:large, max-video-preview:-1\" \/>\n<link rel=\"canonical\" href=\"https:\/\/futbolhoy.co\/index.php\/2020\/02\/11\/sebastian-perez-habria-pedido-a-los-directivos-regresar-a-boca-juniors\/\" \/>\n<meta property=\"og:locale\" content=\"es_ES\" \/>\n<meta property=\"og:type\" content=\"article\" \/>\n<meta property=\"og:title\" content=\"Sebasti\u00e1n P\u00e9rez habr\u00eda pedido a los directivos regresar a Boca Juniors -\" \/>\n<meta property=\"og:description\" content=\"El volante antioque\u00f1o Sebasti\u00e1n P\u00e9rez, quien rescindi\u00f3 su contrato con el Barcelona de Ecuador, quiere regresar a Boca Juniors de Argentina. &quot;Por lo pronto, el futbolista asegur\u00f3 haberse contactado con la actual dirigencia, pero todav\u00eda no existe una resoluci\u00f3n definitiva por parte del Consejo de F\u00fatbol encabezado por el vicepresidente segundo, Juan Rom\u00e1n Riquelme. Sus [&hellip;]\" \/>\n<meta property=\"og:url\" content=\"https:\/\/futbolhoy.co\/index.php\/2020\/02\/11\/sebastian-perez-habria-pedido-a-los-directivos-regresar-a-boca-juniors\/\" \/>\n<meta property=\"article:publisher\" content=\"https:\/\/www.facebook.com\/FutbolHoyCol\/\" \/>\n<meta property=\"article:published_time\" content=\"2020-02-11T22:42:53+00:00\" \/>\n<meta property=\"article:modified_time\" content=\"2020-02-12T03:02:12+00:00\" \/>\n<meta property=\"og:image\" content=\"https:\/\/futbolhoy.co\/wp-content\/uploads\/2020\/02\/df.png\" \/>\n\t<meta property=\"og:image:width\" content=\"758\" \/>\n\t<meta property=\"og:image:height\" content=\"580\" \/>\n\t<meta property=\"og:image:type\" content=\"image\/png\" \/>\n<meta name=\"author\" content=\"Laura Hern\u00e1ndez\" \/>\n<meta name=\"twitter:card\" content=\"summary_large_image\" \/>\n<meta name=\"twitter:creator\" content=\"@FutbolHoyCol\" \/>\n<meta name=\"twitter:site\" content=\"@FutbolHoyCol\" \/>\n<meta name=\"twitter:label1\" content=\"Escrito por\" \/>\n\t<meta name=\"twitter:data1\" content=\"Laura Hern\u00e1ndez\" \/>\n\t<meta name=\"twitter:label2\" content=\"Tiempo de lectura\" \/>\n\t<meta name=\"twitter:data2\" content=\"1 minuto\" \/>\n<script type=\"application\/ld+json\" class=\"yoast-schema-graph\">{\"@context\":\"https:\/\/schema.org\",\"@graph\":[{\"@type\":\"Article\",\"@id\":\"https:\/\/futbolhoy.co\/index.php\/2020\/02\/11\/sebastian-perez-habria-pedido-a-los-directivos-regresar-a-boca-juniors\/#article\",\"isPartOf\":{\"@id\":\"https:\/\/futbolhoy.co\/index.php\/2020\/02\/11\/sebastian-perez-habria-pedido-a-los-directivos-regresar-a-boca-juniors\/\"},\"author\":{\"name\":\"Laura Hern\u00e1ndez\",\"@id\":\"https:\/\/futbolhoy.co\/#\/schema\/person\/c4a353a512b127643723a34bb1812f7d\"},\"headline\":\"Sebasti\u00e1n P\u00e9rez habr\u00eda pedido a los directivos regresar a Boca Juniors\",\"datePublished\":\"2020-02-11T22:42:53+00:00\",\"dateModified\":\"2020-02-12T03:02:12+00:00\",\"mainEntityOfPage\":{\"@id\":\"https:\/\/futbolhoy.co\/index.php\/2020\/02\/11\/sebastian-perez-habria-pedido-a-los-directivos-regresar-a-boca-juniors\/\"},\"wordCount\":152,\"commentCount\":0,\"publisher\":{\"@id\":\"https:\/\/futbolhoy.co\/#organization\"},\"image\":{\"@id\":\"https:\/\/futbolhoy.co\/index.php\/2020\/02\/11\/sebastian-perez-habria-pedido-a-los-directivos-regresar-a-boca-juniors\/#primaryimage\"},\"thumbnailUrl\":\"https:\/\/futbolhoy.co\/wp-content\/uploads\/2020\/02\/df.png\",\"articleSection\":[\"Mundo Futbol\"],\"inLanguage\":\"es\",\"potentialAction\":[{\"@type\":\"CommentAction\",\"name\":\"Comment\",\"target\":[\"https:\/\/futbolhoy.co\/index.php\/2020\/02\/11\/sebastian-perez-habria-pedido-a-los-directivos-regresar-a-boca-juniors\/#respond\"]}]},{\"@type\":\"WebPage\",\"@id\":\"https:\/\/futbolhoy.co\/index.php\/2020\/02\/11\/sebastian-perez-habria-pedido-a-los-directivos-regresar-a-boca-juniors\/\",\"url\":\"https:\/\/futbolhoy.co\/index.php\/2020\/02\/11\/sebastian-perez-habria-pedido-a-los-directivos-regresar-a-boca-juniors\/\",\"name\":\"Sebasti\u00e1n P\u00e9rez habr\u00eda pedido a los directivos regresar a Boca Juniors -\",\"isPartOf\":{\"@id\":\"https:\/\/futbolhoy.co\/#website\"},\"primaryImageOfPage\":{\"@id\":\"https:\/\/futbolhoy.co\/index.php\/2020\/02\/11\/sebastian-perez-habria-pedido-a-los-directivos-regresar-a-boca-juniors\/#primaryimage\"},\"image\":{\"@id\":\"https:\/\/futbolhoy.co\/index.php\/2020\/02\/11\/sebastian-perez-habria-pedido-a-los-directivos-regresar-a-boca-juniors\/#primaryimage\"},\"thumbnailUrl\":\"https:\/\/futbolhoy.co\/wp-content\/uploads\/2020\/02\/df.png\",\"datePublished\":\"2020-02-11T22:42:53+00:00\",\"dateModified\":\"2020-02-12T03:02:12+00:00\",\"breadcrumb\":{\"@id\":\"https:\/\/futbolhoy.co\/index.php\/2020\/02\/11\/sebastian-perez-habria-pedido-a-los-directivos-regresar-a-boca-juniors\/#breadcrumb\"},\"inLanguage\":\"es\",\"potentialAction\":[{\"@type\":\"ReadAction\",\"target\":[\"https:\/\/futbolhoy.co\/index.php\/2020\/02\/11\/sebastian-perez-habria-pedido-a-los-directivos-regresar-a-boca-juniors\/\"]}]},{\"@type\":\"ImageObject\",\"inLanguage\":\"es\",\"@id\":\"https:\/\/futbolhoy.co\/index.php\/2020\/02\/11\/sebastian-perez-habria-pedido-a-los-directivos-regresar-a-boca-juniors\/#primaryimage\",\"url\":\"https:\/\/futbolhoy.co\/wp-content\/uploads\/2020\/02\/df.png\",\"contentUrl\":\"https:\/\/futbolhoy.co\/wp-content\/uploads\/2020\/02\/df.png\",\"width\":758,\"height\":580},{\"@type\":\"BreadcrumbList\",\"@id\":\"https:\/\/futbolhoy.co\/index.php\/2020\/02\/11\/sebastian-perez-habria-pedido-a-los-directivos-regresar-a-boca-juniors\/#breadcrumb\",\"itemListElement\":[{\"@type\":\"ListItem\",\"position\":1,\"name\":\"Portada\",\"item\":\"https:\/\/futbolhoy.co\/\"},{\"@type\":\"ListItem\",\"position\":2,\"name\":\"Sebasti\u00e1n P\u00e9rez habr\u00eda pedido a los directivos regresar a Boca Juniors\"}]},{\"@type\":\"WebSite\",\"@id\":\"https:\/\/futbolhoy.co\/#website\",\"url\":\"https:\/\/futbolhoy.co\/\",\"name\":\"FutbolHoy\",\"description\":\"\",\"publisher\":{\"@id\":\"https:\/\/futbolhoy.co\/#organization\"},\"potentialAction\":[{\"@type\":\"SearchAction\",\"target\":{\"@type\":\"EntryPoint\",\"urlTemplate\":\"https:\/\/futbolhoy.co\/?s={search_term_string}\"},\"query-input\":{\"@type\":\"PropertyValueSpecification\",\"valueRequired\":true,\"valueName\":\"search_term_string\"}}],\"inLanguage\":\"es\"},{\"@type\":\"Organization\",\"@id\":\"https:\/\/futbolhoy.co\/#organization\",\"name\":\"Futbolhoy.co\",\"url\":\"https:\/\/futbolhoy.co\/\",\"logo\":{\"@type\":\"ImageObject\",\"inLanguage\":\"es\",\"@id\":\"https:\/\/futbolhoy.co\/#\/schema\/logo\/image\/\",\"url\":\"https:\/\/futbolhoy.co\/wp-content\/uploads\/2018\/08\/17426380_1906371736249227_6326180412931521141_n.jpg\",\"contentUrl\":\"https:\/\/futbolhoy.co\/wp-content\/uploads\/2018\/08\/17426380_1906371736249227_6326180412931521141_n.jpg\",\"width\":960,\"height\":960,\"caption\":\"Futbolhoy.co\"},\"image\":{\"@id\":\"https:\/\/futbolhoy.co\/#\/schema\/logo\/image\/\"},\"sameAs\":[\"https:\/\/www.facebook.com\/FutbolHoyCol\/\",\"https:\/\/x.com\/FutbolHoyCol\",\"https:\/\/www.instagram.com\/futbolhoycol\/\"]},{\"@type\":\"Person\",\"@id\":\"https:\/\/futbolhoy.co\/#\/schema\/person\/c4a353a512b127643723a34bb1812f7d\",\"name\":\"Laura Hern\u00e1ndez\",\"image\":{\"@type\":\"ImageObject\",\"inLanguage\":\"es\",\"@id\":\"https:\/\/futbolhoy.co\/#\/schema\/person\/image\/\",\"url\":\"https:\/\/secure.gravatar.com\/avatar\/d25959a15b9b293a743f99181c7cfd01?s=96&d=mm&r=g\",\"contentUrl\":\"https:\/\/secure.gravatar.com\/avatar\/d25959a15b9b293a743f99181c7cfd01?s=96&d=mm&r=g\",\"caption\":\"Laura Hern\u00e1ndez\"}}]}<\/script>\n<!-- \/ Yoast SEO plugin. -->","yoast_head_json":{"title":"Sebasti\u00e1n P\u00e9rez habr\u00eda pedido a los directivos regresar a Boca Juniors -","robots":{"index":"index","follow":"follow","max-snippet":"max-snippet:-1","max-image-preview":"max-image-preview:large","max-video-preview":"max-video-preview:-1"},"canonical":"https:\/\/futbolhoy.co\/index.php\/2020\/02\/11\/sebastian-perez-habria-pedido-a-los-directivos-regresar-a-boca-juniors\/","og_locale":"es_ES","og_type":"article","og_title":"Sebasti\u00e1n P\u00e9rez habr\u00eda pedido a los directivos regresar a Boca Juniors -","og_description":"El volante antioque\u00f1o Sebasti\u00e1n P\u00e9rez, quien rescindi\u00f3 su contrato con el Barcelona de Ecuador, quiere regresar a Boca Juniors de Argentina. \"Por lo pronto, el futbolista asegur\u00f3 haberse contactado con la actual dirigencia, pero todav\u00eda no existe una resoluci\u00f3n definitiva por parte del Consejo de F\u00fatbol encabezado por el vicepresidente segundo, Juan Rom\u00e1n Riquelme. Sus [&hellip;]","og_url":"https:\/\/futbolhoy.co\/index.php\/2020\/02\/11\/sebastian-perez-habria-pedido-a-los-directivos-regresar-a-boca-juniors\/","article_publisher":"https:\/\/www.facebook.com\/FutbolHoyCol\/","article_published_time":"2020-02-11T22:42:53+00:00","article_modified_time":"2020-02-12T03:02:12+00:00","og_image":[{"width":758,"height":580,"url":"https:\/\/futbolhoy.co\/wp-content\/uploads\/2020\/02\/df.png","type":"image\/png"}],"author":"Laura Hern\u00e1ndez","twitter_card":"summary_large_image","twitter_creator":"@FutbolHoyCol","twitter_site":"@FutbolHoyCol","twitter_misc":{"Escrito por":"Laura Hern\u00e1ndez","Tiempo de lectura":"1 minuto"},"schema":{"@context":"https:\/\/schema.org","@graph":[{"@type":"Article","@id":"https:\/\/futbolhoy.co\/index.php\/2020\/02\/11\/sebastian-perez-habria-pedido-a-los-directivos-regresar-a-boca-juniors\/#article","isPartOf":{"@id":"https:\/\/futbolhoy.co\/index.php\/2020\/02\/11\/sebastian-perez-habria-pedido-a-los-directivos-regresar-a-boca-juniors\/"},"author":{"name":"Laura Hern\u00e1ndez","@id":"https:\/\/futbolhoy.co\/#\/schema\/person\/c4a353a512b127643723a34bb1812f7d"},"headline":"Sebasti\u00e1n P\u00e9rez habr\u00eda pedido a los directivos regresar a Boca Juniors","datePublished":"2020-02-11T22:42:53+00:00","dateModified":"2020-02-12T03:02:12+00:00","mainEntityOfPage":{"@id":"https:\/\/futbolhoy.co\/index.php\/2020\/02\/11\/sebastian-perez-habria-pedido-a-los-directivos-regresar-a-boca-juniors\/"},"wordCount":152,"commentCount":0,"publisher":{"@id":"https:\/\/futbolhoy.co\/#organization"},"image":{"@id":"https:\/\/futbolhoy.co\/index.php\/2020\/02\/11\/sebastian-perez-habria-pedido-a-los-directivos-regresar-a-boca-juniors\/#primaryimage"},"thumbnailUrl":"https:\/\/futbolhoy.co\/wp-content\/uploads\/2020\/02\/df.png","articleSection":["Mundo Futbol"],"inLanguage":"es","potentialAction":[{"@type":"CommentAction","name":"Comment","target":["https:\/\/futbolhoy.co\/index.php\/2020\/02\/11\/sebastian-perez-habria-pedido-a-los-directivos-regresar-a-boca-juniors\/#respond"]}]},{"@type":"WebPage","@id":"https:\/\/futbolhoy.co\/index.php\/2020\/02\/11\/sebastian-perez-habria-pedido-a-los-directivos-regresar-a-boca-juniors\/","url":"https:\/\/futbolhoy.co\/index.php\/2020\/02\/11\/sebastian-perez-habria-pedido-a-los-directivos-regresar-a-boca-juniors\/","name":"Sebasti\u00e1n P\u00e9rez habr\u00eda pedido a los directivos regresar a Boca Juniors -","isPartOf":{"@id":"https:\/\/futbolhoy.co\/#website"},"primaryImageOfPage":{"@id":"https:\/\/futbolhoy.co\/index.php\/2020\/02\/11\/sebastian-perez-habria-pedido-a-los-directivos-regresar-a-boca-juniors\/#primaryimage"},"image":{"@id":"https:\/\/futbolhoy.co\/index.php\/2020\/02\/11\/sebastian-perez-habria-pedido-a-los-directivos-regresar-a-boca-juniors\/#primaryimage"},"thumbnailUrl":"https:\/\/futbolhoy.co\/wp-content\/uploads\/2020\/02\/df.png","datePublished":"2020-02-11T22:42:53+00:00","dateModified":"2020-02-12T03:02:12+00:00","breadcrumb":{"@id":"https:\/\/futbolhoy.co\/index.php\/2020\/02\/11\/sebastian-perez-habria-pedido-a-los-directivos-regresar-a-boca-juniors\/#breadcrumb"},"inLanguage":"es","potentialAction":[{"@type":"ReadAction","target":["https:\/\/futbolhoy.co\/index.php\/2020\/02\/11\/sebastian-perez-habria-pedido-a-los-directivos-regresar-a-boca-juniors\/"]}]},{"@type":"ImageObject","inLanguage":"es","@id":"https:\/\/futbolhoy.co\/index.php\/2020\/02\/11\/sebastian-perez-habria-pedido-a-los-directivos-regresar-a-boca-juniors\/#primaryimage","url":"https:\/\/futbolhoy.co\/wp-content\/uploads\/2020\/02\/df.png","contentUrl":"https:\/\/futbolhoy.co\/wp-content\/uploads\/2020\/02\/df.png","width":758,"height":580},{"@type":"BreadcrumbList","@id":"https:\/\/futbolhoy.co\/index.php\/2020\/02\/11\/sebastian-perez-habria-pedido-a-los-directivos-regresar-a-boca-juniors\/#breadcrumb","itemListElement":[{"@type":"ListItem","position":1,"name":"Portada","item":"https:\/\/futbolhoy.co\/"},{"@type":"ListItem","position":2,"name":"Sebasti\u00e1n P\u00e9rez habr\u00eda pedido a los directivos regresar a Boca Juniors"}]},{"@type":"WebSite","@id":"https:\/\/futbolhoy.co\/#website","url":"https:\/\/futbolhoy.co\/","name":"FutbolHoy","description":"","publisher":{"@id":"https:\/\/futbolhoy.co\/#organization"},"potentialAction":[{"@type":"SearchAction","target":{"@type":"EntryPoint","urlTemplate":"https:\/\/futbolhoy.co\/?s={search_term_string}"},"query-input":{"@type":"PropertyValueSpecification","valueRequired":true,"valueName":"search_term_string"}}],"inLanguage":"es"},{"@type":"Organization","@id":"https:\/\/futbolhoy.co\/#organization","name":"Futbolhoy.co","url":"https:\/\/futbolhoy.co\/","logo":{"@type":"ImageObject","inLanguage":"es","@id":"https:\/\/futbolhoy.co\/#\/schema\/logo\/image\/","url":"https:\/\/futbolhoy.co\/wp-content\/uploads\/2018\/08\/17426380_1906371736249227_6326180412931521141_n.jpg","contentUrl":"https:\/\/futbolhoy.co\/wp-content\/uploads\/2018\/08\/17426380_1906371736249227_6326180412931521141_n.jpg","width":960,"height":960,"caption":"Futbolhoy.co"},"image":{"@id":"https:\/\/futbolhoy.co\/#\/schema\/logo\/image\/"},"sameAs":["https:\/\/www.facebook.com\/FutbolHoyCol\/","https:\/\/x.com\/FutbolHoyCol","https:\/\/www.instagram.com\/futbolhoycol\/"]},{"@type":"Person","@id":"https:\/\/futbolhoy.co\/#\/schema\/person\/c4a353a512b127643723a34bb1812f7d","name":"Laura Hern\u00e1ndez","image":{"@type":"ImageObject","inLanguage":"es","@id":"https:\/\/futbolhoy.co\/#\/schema\/person\/image\/","url":"https:\/\/secure.gravatar.com\/avatar\/d25959a15b9b293a743f99181c7cfd01?s=96&d=mm&r=g","contentUrl":"https:\/\/secure.gravatar.com\/avatar\/d25959a15b9b293a743f99181c7cfd01?s=96&d=mm&r=g","caption":"Laura Hern\u00e1ndez"}}]}},"publishpress_future_action":{"enabled":false,"date":"2026-05-03 04:36:04","action":"change-status","newStatus":"draft","terms":[],"taxonomy":"category","extraData":[]},"publishpress_future_workflow_manual_trigger":{"enabledWorkflows":[]},"_links":{"self":[{"href":"https:\/\/futbolhoy.co\/index.php\/wp-json\/wp\/v2\/posts\/47504","targetHints":{"allow":["GET"]}}],"collection":[{"href":"https:\/\/futbolhoy.co\/index.php\/wp-json\/wp\/v2\/posts"}],"about":[{"href":"https:\/\/futbolhoy.co\/index.php\/wp-json\/wp\/v2\/types\/post"}],"author":[{"embeddable":true,"href":"https:\/\/futbolhoy.co\/index.php\/wp-json\/wp\/v2\/users\/5"}],"replies":[{"embeddable":true,"href":"https:\/\/futbolhoy.co\/index.php\/wp-json\/wp\/v2\/comments?post=47504"}],"version-history":[{"count":1,"href":"https:\/\/futbolhoy.co\/index.php\/wp-json\/wp\/v2\/posts\/47504\/revisions"}],"predecessor-version":[{"id":47514,"href":"https:\/\/futbolhoy.co\/index.php\/wp-json\/wp\/v2\/posts\/47504\/revisions\/47514"}],"wp:featuredmedia":[{"embeddable":true,"href":"https:\/\/futbolhoy.co\/index.php\/wp-json\/wp\/v2\/media\/47511"}],"wp:attachment":[{"href":"https:\/\/futbolhoy.co\/index.php\/wp-json\/wp\/v2\/media?parent=47504"}],"wp:term":[{"taxonomy":"category","embeddable":true,"href":"https:\/\/futbolhoy.co\/index.php\/wp-json\/wp\/v2\/categories?post=47504"},{"taxonomy":"post_tag","embeddable":true,"href":"https:\/\/futbolhoy.co\/index.php\/wp-json\/wp\/v2\/tags?post=47504"}],"curies":[{"name":"wp","href":"https:\/\/api.w.org\/{rel}","templated":true}]}}