{"id":47505,"date":"2020-02-11T17:43:07","date_gmt":"2020-02-11T22:43:07","guid":{"rendered":"https:\/\/futbolhoy.co\/?p=47505"},"modified":"2020-02-12T11:15:54","modified_gmt":"2020-02-12T16:15:54","slug":"benedetti-rompio-su-silencio-tras-lesion","status":"publish","type":"post","link":"https:\/\/futbolhoy.co\/index.php\/2020\/02\/11\/benedetti-rompio-su-silencio-tras-lesion\/","title":{"rendered":"Benedetti rompi\u00f3 su silencio tras lesi\u00f3n"},"content":{"rendered":"<p style=\"text-align: justify;\"><span style=\"font-family: helvetica, arial, sans-serif;\">El volante vallecaucano<strong> Nicol\u00e1s Benedetti<\/strong>, del <strong>Am\u00e9rica<\/strong> de M\u00e9xico y quien sufri\u00f3 la rotura de ligamento cruzado de su rodilla derecha, asegur\u00f3 que tiene \u201ctoda la actitud y disposici\u00f3n para superar esta prueba\u201d y regresar mejor que antes.<\/span><\/p>\n<p style=\"text-align: justify;\"><span style=\"font-family: helvetica, arial, sans-serif;\"><i>\"El universo nunca te enviar\u00e1 un desaf\u00edo que no est\u00e9 destinado a fortalecerte m\u00e1s que triste, en este momento me siento agradecido con Dios por una nueva oportunidad para demostrarme a m\u00ed mismo que puedo con esto y mucho m\u00e1s. Es apenas el comienzo, pero voy con toda la actitud y disposici\u00f3n para superar esta prueba y volver a\u00fan m\u00e1s fuerte que antes. Gracias a todos por sus oraciones y mensajes de aliento, me llena de felicidad saber que cuento con ustedes\"<\/i>, escribi\u00f3 Benedetti en su cuenta de Instagram.<\/span><\/p>\n<p style=\"text-align: justify;\"><span style=\"font-family: helvetica, arial, sans-serif;\">El jugador, que se abstuvo de dialogar con la prensa colombiana,\u00a0\u00a0se lesion\u00f3 en el \u00faltimo partido de\u00a0\u00a0la <strong>Selecci\u00f3n Colombia<\/strong> durante el <strong>Preol\u00edmpico<\/strong> celebrado en el pa\u00eds.<\/span><\/p>\n<p style=\"text-align: justify;\"><span style=\"font-family: helvetica, arial, sans-serif;\"><strong>Benedetti<\/strong> permanece en Cali a la espera de definir donde ser\u00e1 intervenido. El jugador se present\u00f3 este lunes en la sede del equipo \u2018azucarero\u2019, que conserva una parte de los derechos deportivos, pero ser\u00e1n los m\u00e9dicos de las dos instituciones los que definan el lugar de la cirug\u00eda.<\/span><\/p>\n","protected":false},"excerpt":{"rendered":"<p>El volante vallecaucano Nicol\u00e1s Benedetti, del Am\u00e9rica de M\u00e9xico y quien sufri\u00f3 la rotura de ligamento cruzado de su rodilla derecha, asegur\u00f3 que tiene \u201ctoda la actitud y disposici\u00f3n para superar esta prueba\u201d y regresar mejor que antes. \"El universo nunca te enviar\u00e1 un desaf\u00edo que no est\u00e9 destinado a fortalecerte m\u00e1s que triste, en [&hellip;]<\/p>\n","protected":false},"author":5,"featured_media":47510,"comment_status":"open","ping_status":"open","sticky":false,"template":"","format":"standard","meta":{"_acf_changed":false,"footnotes":""},"categories":[418],"tags":[1354],"class_list":{"0":"post-47505","1":"post","2":"type-post","3":"status-publish","4":"format-standard","5":"has-post-thumbnail","7":"category-colombia","8":"tag-benedetti"},"acf":[],"yoast_head":"<!-- This site is optimized with the Yoast SEO plugin v26.8 - https:\/\/yoast.com\/product\/yoast-seo-wordpress\/ -->\n<title>Benedetti rompi\u00f3 su silencio tras lesi\u00f3n -<\/title>\n<meta name=\"robots\" content=\"index, follow, max-snippet:-1, max-image-preview:large, max-video-preview:-1\" \/>\n<link rel=\"canonical\" href=\"https:\/\/futbolhoy.co\/index.php\/2020\/02\/11\/benedetti-rompio-su-silencio-tras-lesion\/\" \/>\n<meta property=\"og:locale\" content=\"es_ES\" \/>\n<meta property=\"og:type\" content=\"article\" \/>\n<meta property=\"og:title\" content=\"Benedetti rompi\u00f3 su silencio tras lesi\u00f3n -\" \/>\n<meta property=\"og:description\" content=\"El volante vallecaucano Nicol\u00e1s Benedetti, del Am\u00e9rica de M\u00e9xico y quien sufri\u00f3 la rotura de ligamento cruzado de su rodilla derecha, asegur\u00f3 que tiene \u201ctoda la actitud y disposici\u00f3n para superar esta prueba\u201d y regresar mejor que antes. &quot;El universo nunca te enviar\u00e1 un desaf\u00edo que no est\u00e9 destinado a fortalecerte m\u00e1s que triste, en [&hellip;]\" \/>\n<meta property=\"og:url\" content=\"https:\/\/futbolhoy.co\/index.php\/2020\/02\/11\/benedetti-rompio-su-silencio-tras-lesion\/\" \/>\n<meta property=\"article:publisher\" content=\"https:\/\/www.facebook.com\/FutbolHoyCol\/\" \/>\n<meta property=\"article:published_time\" content=\"2020-02-11T22:43:07+00:00\" \/>\n<meta property=\"article:modified_time\" content=\"2020-02-12T16:15:54+00:00\" \/>\n<meta property=\"og:image\" content=\"https:\/\/futbolhoy.co\/wp-content\/uploads\/2020\/02\/bn-e1603207507548.png\" \/>\n\t<meta property=\"og:image:width\" content=\"461\" \/>\n\t<meta property=\"og:image:height\" content=\"465\" \/>\n\t<meta property=\"og:image:type\" content=\"image\/png\" \/>\n<meta name=\"author\" content=\"Laura Hern\u00e1ndez\" \/>\n<meta name=\"twitter:card\" content=\"summary_large_image\" \/>\n<meta name=\"twitter:creator\" content=\"@FutbolHoyCol\" \/>\n<meta name=\"twitter:site\" content=\"@FutbolHoyCol\" \/>\n<meta name=\"twitter:label1\" content=\"Escrito por\" \/>\n\t<meta name=\"twitter:data1\" content=\"Laura Hern\u00e1ndez\" \/>\n\t<meta name=\"twitter:label2\" content=\"Tiempo de lectura\" \/>\n\t<meta name=\"twitter:data2\" content=\"1 minuto\" \/>\n<script type=\"application\/ld+json\" class=\"yoast-schema-graph\">{\"@context\":\"https:\/\/schema.org\",\"@graph\":[{\"@type\":\"Article\",\"@id\":\"https:\/\/futbolhoy.co\/index.php\/2020\/02\/11\/benedetti-rompio-su-silencio-tras-lesion\/#article\",\"isPartOf\":{\"@id\":\"https:\/\/futbolhoy.co\/index.php\/2020\/02\/11\/benedetti-rompio-su-silencio-tras-lesion\/\"},\"author\":{\"name\":\"Laura Hern\u00e1ndez\",\"@id\":\"https:\/\/futbolhoy.co\/#\/schema\/person\/c4a353a512b127643723a34bb1812f7d\"},\"headline\":\"Benedetti rompi\u00f3 su silencio tras lesi\u00f3n\",\"datePublished\":\"2020-02-11T22:43:07+00:00\",\"dateModified\":\"2020-02-12T16:15:54+00:00\",\"mainEntityOfPage\":{\"@id\":\"https:\/\/futbolhoy.co\/index.php\/2020\/02\/11\/benedetti-rompio-su-silencio-tras-lesion\/\"},\"wordCount\":226,\"commentCount\":0,\"publisher\":{\"@id\":\"https:\/\/futbolhoy.co\/#organization\"},\"image\":{\"@id\":\"https:\/\/futbolhoy.co\/index.php\/2020\/02\/11\/benedetti-rompio-su-silencio-tras-lesion\/#primaryimage\"},\"thumbnailUrl\":\"https:\/\/futbolhoy.co\/wp-content\/uploads\/2020\/02\/bn-e1603207507548.png\",\"keywords\":[\"Benedetti\"],\"articleSection\":[\"Colombia\"],\"inLanguage\":\"es\",\"potentialAction\":[{\"@type\":\"CommentAction\",\"name\":\"Comment\",\"target\":[\"https:\/\/futbolhoy.co\/index.php\/2020\/02\/11\/benedetti-rompio-su-silencio-tras-lesion\/#respond\"]}]},{\"@type\":\"WebPage\",\"@id\":\"https:\/\/futbolhoy.co\/index.php\/2020\/02\/11\/benedetti-rompio-su-silencio-tras-lesion\/\",\"url\":\"https:\/\/futbolhoy.co\/index.php\/2020\/02\/11\/benedetti-rompio-su-silencio-tras-lesion\/\",\"name\":\"Benedetti rompi\u00f3 su silencio tras lesi\u00f3n -\",\"isPartOf\":{\"@id\":\"https:\/\/futbolhoy.co\/#website\"},\"primaryImageOfPage\":{\"@id\":\"https:\/\/futbolhoy.co\/index.php\/2020\/02\/11\/benedetti-rompio-su-silencio-tras-lesion\/#primaryimage\"},\"image\":{\"@id\":\"https:\/\/futbolhoy.co\/index.php\/2020\/02\/11\/benedetti-rompio-su-silencio-tras-lesion\/#primaryimage\"},\"thumbnailUrl\":\"https:\/\/futbolhoy.co\/wp-content\/uploads\/2020\/02\/bn-e1603207507548.png\",\"datePublished\":\"2020-02-11T22:43:07+00:00\",\"dateModified\":\"2020-02-12T16:15:54+00:00\",\"breadcrumb\":{\"@id\":\"https:\/\/futbolhoy.co\/index.php\/2020\/02\/11\/benedetti-rompio-su-silencio-tras-lesion\/#breadcrumb\"},\"inLanguage\":\"es\",\"potentialAction\":[{\"@type\":\"ReadAction\",\"target\":[\"https:\/\/futbolhoy.co\/index.php\/2020\/02\/11\/benedetti-rompio-su-silencio-tras-lesion\/\"]}]},{\"@type\":\"ImageObject\",\"inLanguage\":\"es\",\"@id\":\"https:\/\/futbolhoy.co\/index.php\/2020\/02\/11\/benedetti-rompio-su-silencio-tras-lesion\/#primaryimage\",\"url\":\"https:\/\/futbolhoy.co\/wp-content\/uploads\/2020\/02\/bn-e1603207507548.png\",\"contentUrl\":\"https:\/\/futbolhoy.co\/wp-content\/uploads\/2020\/02\/bn-e1603207507548.png\",\"width\":461,\"height\":465},{\"@type\":\"BreadcrumbList\",\"@id\":\"https:\/\/futbolhoy.co\/index.php\/2020\/02\/11\/benedetti-rompio-su-silencio-tras-lesion\/#breadcrumb\",\"itemListElement\":[{\"@type\":\"ListItem\",\"position\":1,\"name\":\"Portada\",\"item\":\"https:\/\/futbolhoy.co\/\"},{\"@type\":\"ListItem\",\"position\":2,\"name\":\"Benedetti rompi\u00f3 su silencio tras lesi\u00f3n\"}]},{\"@type\":\"WebSite\",\"@id\":\"https:\/\/futbolhoy.co\/#website\",\"url\":\"https:\/\/futbolhoy.co\/\",\"name\":\"FutbolHoy\",\"description\":\"\",\"publisher\":{\"@id\":\"https:\/\/futbolhoy.co\/#organization\"},\"potentialAction\":[{\"@type\":\"SearchAction\",\"target\":{\"@type\":\"EntryPoint\",\"urlTemplate\":\"https:\/\/futbolhoy.co\/?s={search_term_string}\"},\"query-input\":{\"@type\":\"PropertyValueSpecification\",\"valueRequired\":true,\"valueName\":\"search_term_string\"}}],\"inLanguage\":\"es\"},{\"@type\":\"Organization\",\"@id\":\"https:\/\/futbolhoy.co\/#organization\",\"name\":\"Futbolhoy.co\",\"url\":\"https:\/\/futbolhoy.co\/\",\"logo\":{\"@type\":\"ImageObject\",\"inLanguage\":\"es\",\"@id\":\"https:\/\/futbolhoy.co\/#\/schema\/logo\/image\/\",\"url\":\"https:\/\/futbolhoy.co\/wp-content\/uploads\/2018\/08\/17426380_1906371736249227_6326180412931521141_n.jpg\",\"contentUrl\":\"https:\/\/futbolhoy.co\/wp-content\/uploads\/2018\/08\/17426380_1906371736249227_6326180412931521141_n.jpg\",\"width\":960,\"height\":960,\"caption\":\"Futbolhoy.co\"},\"image\":{\"@id\":\"https:\/\/futbolhoy.co\/#\/schema\/logo\/image\/\"},\"sameAs\":[\"https:\/\/www.facebook.com\/FutbolHoyCol\/\",\"https:\/\/x.com\/FutbolHoyCol\",\"https:\/\/www.instagram.com\/futbolhoycol\/\"]},{\"@type\":\"Person\",\"@id\":\"https:\/\/futbolhoy.co\/#\/schema\/person\/c4a353a512b127643723a34bb1812f7d\",\"name\":\"Laura Hern\u00e1ndez\",\"image\":{\"@type\":\"ImageObject\",\"inLanguage\":\"es\",\"@id\":\"https:\/\/futbolhoy.co\/#\/schema\/person\/image\/\",\"url\":\"https:\/\/secure.gravatar.com\/avatar\/d25959a15b9b293a743f99181c7cfd01?s=96&d=mm&r=g\",\"contentUrl\":\"https:\/\/secure.gravatar.com\/avatar\/d25959a15b9b293a743f99181c7cfd01?s=96&d=mm&r=g\",\"caption\":\"Laura Hern\u00e1ndez\"}}]}<\/script>\n<!-- \/ Yoast SEO plugin. -->","yoast_head_json":{"title":"Benedetti rompi\u00f3 su silencio tras lesi\u00f3n -","robots":{"index":"index","follow":"follow","max-snippet":"max-snippet:-1","max-image-preview":"max-image-preview:large","max-video-preview":"max-video-preview:-1"},"canonical":"https:\/\/futbolhoy.co\/index.php\/2020\/02\/11\/benedetti-rompio-su-silencio-tras-lesion\/","og_locale":"es_ES","og_type":"article","og_title":"Benedetti rompi\u00f3 su silencio tras lesi\u00f3n -","og_description":"El volante vallecaucano Nicol\u00e1s Benedetti, del Am\u00e9rica de M\u00e9xico y quien sufri\u00f3 la rotura de ligamento cruzado de su rodilla derecha, asegur\u00f3 que tiene \u201ctoda la actitud y disposici\u00f3n para superar esta prueba\u201d y regresar mejor que antes. \"El universo nunca te enviar\u00e1 un desaf\u00edo que no est\u00e9 destinado a fortalecerte m\u00e1s que triste, en [&hellip;]","og_url":"https:\/\/futbolhoy.co\/index.php\/2020\/02\/11\/benedetti-rompio-su-silencio-tras-lesion\/","article_publisher":"https:\/\/www.facebook.com\/FutbolHoyCol\/","article_published_time":"2020-02-11T22:43:07+00:00","article_modified_time":"2020-02-12T16:15:54+00:00","og_image":[{"width":461,"height":465,"url":"https:\/\/futbolhoy.co\/wp-content\/uploads\/2020\/02\/bn-e1603207507548.png","type":"image\/png"}],"author":"Laura Hern\u00e1ndez","twitter_card":"summary_large_image","twitter_creator":"@FutbolHoyCol","twitter_site":"@FutbolHoyCol","twitter_misc":{"Escrito por":"Laura Hern\u00e1ndez","Tiempo de lectura":"1 minuto"},"schema":{"@context":"https:\/\/schema.org","@graph":[{"@type":"Article","@id":"https:\/\/futbolhoy.co\/index.php\/2020\/02\/11\/benedetti-rompio-su-silencio-tras-lesion\/#article","isPartOf":{"@id":"https:\/\/futbolhoy.co\/index.php\/2020\/02\/11\/benedetti-rompio-su-silencio-tras-lesion\/"},"author":{"name":"Laura Hern\u00e1ndez","@id":"https:\/\/futbolhoy.co\/#\/schema\/person\/c4a353a512b127643723a34bb1812f7d"},"headline":"Benedetti rompi\u00f3 su silencio tras lesi\u00f3n","datePublished":"2020-02-11T22:43:07+00:00","dateModified":"2020-02-12T16:15:54+00:00","mainEntityOfPage":{"@id":"https:\/\/futbolhoy.co\/index.php\/2020\/02\/11\/benedetti-rompio-su-silencio-tras-lesion\/"},"wordCount":226,"commentCount":0,"publisher":{"@id":"https:\/\/futbolhoy.co\/#organization"},"image":{"@id":"https:\/\/futbolhoy.co\/index.php\/2020\/02\/11\/benedetti-rompio-su-silencio-tras-lesion\/#primaryimage"},"thumbnailUrl":"https:\/\/futbolhoy.co\/wp-content\/uploads\/2020\/02\/bn-e1603207507548.png","keywords":["Benedetti"],"articleSection":["Colombia"],"inLanguage":"es","potentialAction":[{"@type":"CommentAction","name":"Comment","target":["https:\/\/futbolhoy.co\/index.php\/2020\/02\/11\/benedetti-rompio-su-silencio-tras-lesion\/#respond"]}]},{"@type":"WebPage","@id":"https:\/\/futbolhoy.co\/index.php\/2020\/02\/11\/benedetti-rompio-su-silencio-tras-lesion\/","url":"https:\/\/futbolhoy.co\/index.php\/2020\/02\/11\/benedetti-rompio-su-silencio-tras-lesion\/","name":"Benedetti rompi\u00f3 su silencio tras lesi\u00f3n -","isPartOf":{"@id":"https:\/\/futbolhoy.co\/#website"},"primaryImageOfPage":{"@id":"https:\/\/futbolhoy.co\/index.php\/2020\/02\/11\/benedetti-rompio-su-silencio-tras-lesion\/#primaryimage"},"image":{"@id":"https:\/\/futbolhoy.co\/index.php\/2020\/02\/11\/benedetti-rompio-su-silencio-tras-lesion\/#primaryimage"},"thumbnailUrl":"https:\/\/futbolhoy.co\/wp-content\/uploads\/2020\/02\/bn-e1603207507548.png","datePublished":"2020-02-11T22:43:07+00:00","dateModified":"2020-02-12T16:15:54+00:00","breadcrumb":{"@id":"https:\/\/futbolhoy.co\/index.php\/2020\/02\/11\/benedetti-rompio-su-silencio-tras-lesion\/#breadcrumb"},"inLanguage":"es","potentialAction":[{"@type":"ReadAction","target":["https:\/\/futbolhoy.co\/index.php\/2020\/02\/11\/benedetti-rompio-su-silencio-tras-lesion\/"]}]},{"@type":"ImageObject","inLanguage":"es","@id":"https:\/\/futbolhoy.co\/index.php\/2020\/02\/11\/benedetti-rompio-su-silencio-tras-lesion\/#primaryimage","url":"https:\/\/futbolhoy.co\/wp-content\/uploads\/2020\/02\/bn-e1603207507548.png","contentUrl":"https:\/\/futbolhoy.co\/wp-content\/uploads\/2020\/02\/bn-e1603207507548.png","width":461,"height":465},{"@type":"BreadcrumbList","@id":"https:\/\/futbolhoy.co\/index.php\/2020\/02\/11\/benedetti-rompio-su-silencio-tras-lesion\/#breadcrumb","itemListElement":[{"@type":"ListItem","position":1,"name":"Portada","item":"https:\/\/futbolhoy.co\/"},{"@type":"ListItem","position":2,"name":"Benedetti rompi\u00f3 su silencio tras lesi\u00f3n"}]},{"@type":"WebSite","@id":"https:\/\/futbolhoy.co\/#website","url":"https:\/\/futbolhoy.co\/","name":"FutbolHoy","description":"","publisher":{"@id":"https:\/\/futbolhoy.co\/#organization"},"potentialAction":[{"@type":"SearchAction","target":{"@type":"EntryPoint","urlTemplate":"https:\/\/futbolhoy.co\/?s={search_term_string}"},"query-input":{"@type":"PropertyValueSpecification","valueRequired":true,"valueName":"search_term_string"}}],"inLanguage":"es"},{"@type":"Organization","@id":"https:\/\/futbolhoy.co\/#organization","name":"Futbolhoy.co","url":"https:\/\/futbolhoy.co\/","logo":{"@type":"ImageObject","inLanguage":"es","@id":"https:\/\/futbolhoy.co\/#\/schema\/logo\/image\/","url":"https:\/\/futbolhoy.co\/wp-content\/uploads\/2018\/08\/17426380_1906371736249227_6326180412931521141_n.jpg","contentUrl":"https:\/\/futbolhoy.co\/wp-content\/uploads\/2018\/08\/17426380_1906371736249227_6326180412931521141_n.jpg","width":960,"height":960,"caption":"Futbolhoy.co"},"image":{"@id":"https:\/\/futbolhoy.co\/#\/schema\/logo\/image\/"},"sameAs":["https:\/\/www.facebook.com\/FutbolHoyCol\/","https:\/\/x.com\/FutbolHoyCol","https:\/\/www.instagram.com\/futbolhoycol\/"]},{"@type":"Person","@id":"https:\/\/futbolhoy.co\/#\/schema\/person\/c4a353a512b127643723a34bb1812f7d","name":"Laura Hern\u00e1ndez","image":{"@type":"ImageObject","inLanguage":"es","@id":"https:\/\/futbolhoy.co\/#\/schema\/person\/image\/","url":"https:\/\/secure.gravatar.com\/avatar\/d25959a15b9b293a743f99181c7cfd01?s=96&d=mm&r=g","contentUrl":"https:\/\/secure.gravatar.com\/avatar\/d25959a15b9b293a743f99181c7cfd01?s=96&d=mm&r=g","caption":"Laura Hern\u00e1ndez"}}]}},"publishpress_future_action":{"enabled":false,"date":"2026-05-03 06:08:58","action":"change-status","newStatus":"draft","terms":[],"taxonomy":"category","extraData":[]},"publishpress_future_workflow_manual_trigger":{"enabledWorkflows":[]},"_links":{"self":[{"href":"https:\/\/futbolhoy.co\/index.php\/wp-json\/wp\/v2\/posts\/47505","targetHints":{"allow":["GET"]}}],"collection":[{"href":"https:\/\/futbolhoy.co\/index.php\/wp-json\/wp\/v2\/posts"}],"about":[{"href":"https:\/\/futbolhoy.co\/index.php\/wp-json\/wp\/v2\/types\/post"}],"author":[{"embeddable":true,"href":"https:\/\/futbolhoy.co\/index.php\/wp-json\/wp\/v2\/users\/5"}],"replies":[{"embeddable":true,"href":"https:\/\/futbolhoy.co\/index.php\/wp-json\/wp\/v2\/comments?post=47505"}],"version-history":[{"count":1,"href":"https:\/\/futbolhoy.co\/index.php\/wp-json\/wp\/v2\/posts\/47505\/revisions"}],"predecessor-version":[{"id":47517,"href":"https:\/\/futbolhoy.co\/index.php\/wp-json\/wp\/v2\/posts\/47505\/revisions\/47517"}],"wp:featuredmedia":[{"embeddable":true,"href":"https:\/\/futbolhoy.co\/index.php\/wp-json\/wp\/v2\/media\/47510"}],"wp:attachment":[{"href":"https:\/\/futbolhoy.co\/index.php\/wp-json\/wp\/v2\/media?parent=47505"}],"wp:term":[{"taxonomy":"category","embeddable":true,"href":"https:\/\/futbolhoy.co\/index.php\/wp-json\/wp\/v2\/categories?post=47505"},{"taxonomy":"post_tag","embeddable":true,"href":"https:\/\/futbolhoy.co\/index.php\/wp-json\/wp\/v2\/tags?post=47505"}],"curies":[{"name":"wp","href":"https:\/\/api.w.org\/{rel}","templated":true}]}}