{"id":47506,"date":"2020-02-11T17:42:45","date_gmt":"2020-02-11T22:42:45","guid":{"rendered":"https:\/\/futbolhoy.co\/?p=47506"},"modified":"2020-02-11T18:36:53","modified_gmt":"2020-02-11T23:36:53","slug":"pasto-arrancara-la-sudamericana-en-chile","status":"publish","type":"post","link":"https:\/\/futbolhoy.co\/index.php\/2020\/02\/11\/pasto-arrancara-la-sudamericana-en-chile\/","title":{"rendered":"Pasto arrancar\u00e1 la Sudamericana en Chile"},"content":{"rendered":"<p style=\"text-align: justify;\"><span style=\"font-family: helvetica, arial, sans-serif;\">El invicto l\u00edder del f\u00fatbol colombiano, <strong>Deportivo Pasto<\/strong>, visitar\u00e1 este mi\u00e9rcoles al modesto <strong>Huachipato<\/strong> de Chile, en el debut de ambos conjuntos en la <strong>Copa Sudamericana<\/strong>.<\/span><\/p>\n<p style=\"text-align: justify;\"><span style=\"font-family: helvetica, arial, sans-serif;\">El club nari\u00f1ense, de la mano del t\u00e9cnico <strong>Diego Corredor<\/strong>, tiene 3 victorias en igual n\u00famero de partidos en la Liga. El m\u00e1s reciente fue 4-0 ante el <strong>Bucaramanga<\/strong>.<\/span><\/p>\n<p style=\"text-align: justify;\"><span style=\"font-family: helvetica, arial, sans-serif;\">Pasto no podr\u00e1 contra para el juego con el delantero <strong>Jeison Medina<\/strong> y el capit\u00e1n <strong>Camilo Ayala,<\/strong> debido a problemas f\u00edsicos.<\/span><\/p>\n<p style=\"text-align: justify;\"><span style=\"font-family: helvetica, arial, sans-serif;\">El plantel lleg\u00f3 desde el fin de semana a <strong>Concepci\u00f3n<\/strong>, donde entren\u00f3 el lunes y ya se traslad\u00f3 a la ciudad de <strong>Talcahuano<\/strong>, donde se disputar\u00e1 el partido.<\/span><\/p>\n<p style=\"text-align: justify;\"><span style=\"font-family: helvetica, arial, sans-serif;\">El juego, que se cumplir\u00e1 en el estadio <strong>CAP<\/strong> desde las 5.15pm, ser\u00e1 dirigido por el ecuatoriano<strong> Franklyn Congo.<\/strong><\/span><\/p>\n<p style=\"text-align: justify;\"><strong><span style=\"font-family: helvetica, arial, sans-serif;\">Posibles formaciones:<\/span><\/strong><\/p>\n<p style=\"text-align: justify;\"><span style=\"font-family: helvetica, arial, sans-serif;\"><strong>Huachipato<\/strong>: Gabriel Castell\u00f3n; Juan Cordova, Ignacio Tapia, Diego Oyarz\u00fan, Cristian Cuevas; Claudio Sep\u00falveda, Sebasti\u00e1n Mart\u00ednez, C\u00e9sar Valenzuela; Juan S\u00e1nchez Sotelo, Cris Mart\u00ednez y Denilson Ovando.<\/span><\/p>\n<p style=\"text-align: justify;\"><span style=\"font-family: helvetica, arial, sans-serif;\"><strong>Deportivo<\/strong> <strong>Pasto<\/strong>: Diego Mart\u00ednez; Danilo Arboleda, Jerson Malag\u00f3n, Leonardo Aponte, Marvin Vallecilla; C\u00e9sar Quintero, Francisco Rodr\u00edguez; Ray Vanegas, Cristian \u00c1lvarez, John Pajoy; Feiver Mercado.<\/span><\/p>\n","protected":false},"excerpt":{"rendered":"<p>El invicto l\u00edder del f\u00fatbol colombiano, Deportivo Pasto, visitar\u00e1 este mi\u00e9rcoles al modesto Huachipato de Chile, en el debut de ambos conjuntos en la Copa Sudamericana. El club nari\u00f1ense, de la mano del t\u00e9cnico Diego Corredor, tiene 3 victorias en igual n\u00famero de partidos en la Liga. El m\u00e1s reciente fue 4-0 ante el Bucaramanga. [&hellip;]<\/p>\n","protected":false},"author":5,"featured_media":47509,"comment_status":"open","ping_status":"open","sticky":false,"template":"","format":"standard","meta":{"_acf_changed":false,"footnotes":""},"categories":[5],"tags":[91,206],"class_list":{"0":"post-47506","1":"post","2":"type-post","3":"status-publish","4":"format-standard","5":"has-post-thumbnail","7":"category-destacados","8":"tag-copa-sudamericana","9":"tag-deportivo-pasto"},"acf":[],"yoast_head":"<!-- This site is optimized with the Yoast SEO plugin v26.8 - https:\/\/yoast.com\/product\/yoast-seo-wordpress\/ -->\n<title>Pasto arrancar\u00e1 la Sudamericana en Chile -<\/title>\n<meta name=\"robots\" content=\"index, follow, max-snippet:-1, max-image-preview:large, max-video-preview:-1\" \/>\n<link rel=\"canonical\" href=\"https:\/\/futbolhoy.co\/index.php\/2020\/02\/11\/pasto-arrancara-la-sudamericana-en-chile\/\" \/>\n<meta property=\"og:locale\" content=\"es_ES\" \/>\n<meta property=\"og:type\" content=\"article\" \/>\n<meta property=\"og:title\" content=\"Pasto arrancar\u00e1 la Sudamericana en Chile -\" \/>\n<meta property=\"og:description\" content=\"El invicto l\u00edder del f\u00fatbol colombiano, Deportivo Pasto, visitar\u00e1 este mi\u00e9rcoles al modesto Huachipato de Chile, en el debut de ambos conjuntos en la Copa Sudamericana. El club nari\u00f1ense, de la mano del t\u00e9cnico Diego Corredor, tiene 3 victorias en igual n\u00famero de partidos en la Liga. El m\u00e1s reciente fue 4-0 ante el Bucaramanga. [&hellip;]\" \/>\n<meta property=\"og:url\" content=\"https:\/\/futbolhoy.co\/index.php\/2020\/02\/11\/pasto-arrancara-la-sudamericana-en-chile\/\" \/>\n<meta property=\"article:publisher\" content=\"https:\/\/www.facebook.com\/FutbolHoyCol\/\" \/>\n<meta property=\"article:published_time\" content=\"2020-02-11T22:42:45+00:00\" \/>\n<meta property=\"article:modified_time\" content=\"2020-02-11T23:36:53+00:00\" \/>\n<meta property=\"og:image\" content=\"https:\/\/futbolhoy.co\/wp-content\/uploads\/2020\/02\/Captura.png\" \/>\n\t<meta property=\"og:image:width\" content=\"833\" \/>\n\t<meta property=\"og:image:height\" content=\"553\" \/>\n\t<meta property=\"og:image:type\" content=\"image\/png\" \/>\n<meta name=\"author\" content=\"Laura Hern\u00e1ndez\" \/>\n<meta name=\"twitter:card\" content=\"summary_large_image\" \/>\n<meta name=\"twitter:creator\" content=\"@FutbolHoyCol\" \/>\n<meta name=\"twitter:site\" content=\"@FutbolHoyCol\" \/>\n<meta name=\"twitter:label1\" content=\"Escrito por\" \/>\n\t<meta name=\"twitter:data1\" content=\"Laura Hern\u00e1ndez\" \/>\n\t<meta name=\"twitter:label2\" content=\"Tiempo de lectura\" \/>\n\t<meta name=\"twitter:data2\" content=\"1 minuto\" \/>\n<script type=\"application\/ld+json\" class=\"yoast-schema-graph\">{\"@context\":\"https:\/\/schema.org\",\"@graph\":[{\"@type\":\"Article\",\"@id\":\"https:\/\/futbolhoy.co\/index.php\/2020\/02\/11\/pasto-arrancara-la-sudamericana-en-chile\/#article\",\"isPartOf\":{\"@id\":\"https:\/\/futbolhoy.co\/index.php\/2020\/02\/11\/pasto-arrancara-la-sudamericana-en-chile\/\"},\"author\":{\"name\":\"Laura Hern\u00e1ndez\",\"@id\":\"https:\/\/futbolhoy.co\/#\/schema\/person\/c4a353a512b127643723a34bb1812f7d\"},\"headline\":\"Pasto arrancar\u00e1 la Sudamericana en Chile\",\"datePublished\":\"2020-02-11T22:42:45+00:00\",\"dateModified\":\"2020-02-11T23:36:53+00:00\",\"mainEntityOfPage\":{\"@id\":\"https:\/\/futbolhoy.co\/index.php\/2020\/02\/11\/pasto-arrancara-la-sudamericana-en-chile\/\"},\"wordCount\":201,\"commentCount\":0,\"publisher\":{\"@id\":\"https:\/\/futbolhoy.co\/#organization\"},\"image\":{\"@id\":\"https:\/\/futbolhoy.co\/index.php\/2020\/02\/11\/pasto-arrancara-la-sudamericana-en-chile\/#primaryimage\"},\"thumbnailUrl\":\"https:\/\/futbolhoy.co\/wp-content\/uploads\/2020\/02\/Captura.png\",\"keywords\":[\"Copa Sudam\u00e9ricana\",\"Deportivo Pasto\"],\"articleSection\":[\"Destacados\"],\"inLanguage\":\"es\",\"potentialAction\":[{\"@type\":\"CommentAction\",\"name\":\"Comment\",\"target\":[\"https:\/\/futbolhoy.co\/index.php\/2020\/02\/11\/pasto-arrancara-la-sudamericana-en-chile\/#respond\"]}]},{\"@type\":\"WebPage\",\"@id\":\"https:\/\/futbolhoy.co\/index.php\/2020\/02\/11\/pasto-arrancara-la-sudamericana-en-chile\/\",\"url\":\"https:\/\/futbolhoy.co\/index.php\/2020\/02\/11\/pasto-arrancara-la-sudamericana-en-chile\/\",\"name\":\"Pasto arrancar\u00e1 la Sudamericana en Chile -\",\"isPartOf\":{\"@id\":\"https:\/\/futbolhoy.co\/#website\"},\"primaryImageOfPage\":{\"@id\":\"https:\/\/futbolhoy.co\/index.php\/2020\/02\/11\/pasto-arrancara-la-sudamericana-en-chile\/#primaryimage\"},\"image\":{\"@id\":\"https:\/\/futbolhoy.co\/index.php\/2020\/02\/11\/pasto-arrancara-la-sudamericana-en-chile\/#primaryimage\"},\"thumbnailUrl\":\"https:\/\/futbolhoy.co\/wp-content\/uploads\/2020\/02\/Captura.png\",\"datePublished\":\"2020-02-11T22:42:45+00:00\",\"dateModified\":\"2020-02-11T23:36:53+00:00\",\"breadcrumb\":{\"@id\":\"https:\/\/futbolhoy.co\/index.php\/2020\/02\/11\/pasto-arrancara-la-sudamericana-en-chile\/#breadcrumb\"},\"inLanguage\":\"es\",\"potentialAction\":[{\"@type\":\"ReadAction\",\"target\":[\"https:\/\/futbolhoy.co\/index.php\/2020\/02\/11\/pasto-arrancara-la-sudamericana-en-chile\/\"]}]},{\"@type\":\"ImageObject\",\"inLanguage\":\"es\",\"@id\":\"https:\/\/futbolhoy.co\/index.php\/2020\/02\/11\/pasto-arrancara-la-sudamericana-en-chile\/#primaryimage\",\"url\":\"https:\/\/futbolhoy.co\/wp-content\/uploads\/2020\/02\/Captura.png\",\"contentUrl\":\"https:\/\/futbolhoy.co\/wp-content\/uploads\/2020\/02\/Captura.png\",\"width\":833,\"height\":553},{\"@type\":\"BreadcrumbList\",\"@id\":\"https:\/\/futbolhoy.co\/index.php\/2020\/02\/11\/pasto-arrancara-la-sudamericana-en-chile\/#breadcrumb\",\"itemListElement\":[{\"@type\":\"ListItem\",\"position\":1,\"name\":\"Portada\",\"item\":\"https:\/\/futbolhoy.co\/\"},{\"@type\":\"ListItem\",\"position\":2,\"name\":\"Pasto arrancar\u00e1 la Sudamericana en Chile\"}]},{\"@type\":\"WebSite\",\"@id\":\"https:\/\/futbolhoy.co\/#website\",\"url\":\"https:\/\/futbolhoy.co\/\",\"name\":\"FutbolHoy\",\"description\":\"\",\"publisher\":{\"@id\":\"https:\/\/futbolhoy.co\/#organization\"},\"potentialAction\":[{\"@type\":\"SearchAction\",\"target\":{\"@type\":\"EntryPoint\",\"urlTemplate\":\"https:\/\/futbolhoy.co\/?s={search_term_string}\"},\"query-input\":{\"@type\":\"PropertyValueSpecification\",\"valueRequired\":true,\"valueName\":\"search_term_string\"}}],\"inLanguage\":\"es\"},{\"@type\":\"Organization\",\"@id\":\"https:\/\/futbolhoy.co\/#organization\",\"name\":\"Futbolhoy.co\",\"url\":\"https:\/\/futbolhoy.co\/\",\"logo\":{\"@type\":\"ImageObject\",\"inLanguage\":\"es\",\"@id\":\"https:\/\/futbolhoy.co\/#\/schema\/logo\/image\/\",\"url\":\"https:\/\/futbolhoy.co\/wp-content\/uploads\/2018\/08\/17426380_1906371736249227_6326180412931521141_n.jpg\",\"contentUrl\":\"https:\/\/futbolhoy.co\/wp-content\/uploads\/2018\/08\/17426380_1906371736249227_6326180412931521141_n.jpg\",\"width\":960,\"height\":960,\"caption\":\"Futbolhoy.co\"},\"image\":{\"@id\":\"https:\/\/futbolhoy.co\/#\/schema\/logo\/image\/\"},\"sameAs\":[\"https:\/\/www.facebook.com\/FutbolHoyCol\/\",\"https:\/\/x.com\/FutbolHoyCol\",\"https:\/\/www.instagram.com\/futbolhoycol\/\"]},{\"@type\":\"Person\",\"@id\":\"https:\/\/futbolhoy.co\/#\/schema\/person\/c4a353a512b127643723a34bb1812f7d\",\"name\":\"Laura Hern\u00e1ndez\",\"image\":{\"@type\":\"ImageObject\",\"inLanguage\":\"es\",\"@id\":\"https:\/\/futbolhoy.co\/#\/schema\/person\/image\/\",\"url\":\"https:\/\/secure.gravatar.com\/avatar\/d25959a15b9b293a743f99181c7cfd01?s=96&d=mm&r=g\",\"contentUrl\":\"https:\/\/secure.gravatar.com\/avatar\/d25959a15b9b293a743f99181c7cfd01?s=96&d=mm&r=g\",\"caption\":\"Laura Hern\u00e1ndez\"}}]}<\/script>\n<!-- \/ Yoast SEO plugin. -->","yoast_head_json":{"title":"Pasto arrancar\u00e1 la Sudamericana en Chile -","robots":{"index":"index","follow":"follow","max-snippet":"max-snippet:-1","max-image-preview":"max-image-preview:large","max-video-preview":"max-video-preview:-1"},"canonical":"https:\/\/futbolhoy.co\/index.php\/2020\/02\/11\/pasto-arrancara-la-sudamericana-en-chile\/","og_locale":"es_ES","og_type":"article","og_title":"Pasto arrancar\u00e1 la Sudamericana en Chile -","og_description":"El invicto l\u00edder del f\u00fatbol colombiano, Deportivo Pasto, visitar\u00e1 este mi\u00e9rcoles al modesto Huachipato de Chile, en el debut de ambos conjuntos en la Copa Sudamericana. El club nari\u00f1ense, de la mano del t\u00e9cnico Diego Corredor, tiene 3 victorias en igual n\u00famero de partidos en la Liga. El m\u00e1s reciente fue 4-0 ante el Bucaramanga. [&hellip;]","og_url":"https:\/\/futbolhoy.co\/index.php\/2020\/02\/11\/pasto-arrancara-la-sudamericana-en-chile\/","article_publisher":"https:\/\/www.facebook.com\/FutbolHoyCol\/","article_published_time":"2020-02-11T22:42:45+00:00","article_modified_time":"2020-02-11T23:36:53+00:00","og_image":[{"width":833,"height":553,"url":"https:\/\/futbolhoy.co\/wp-content\/uploads\/2020\/02\/Captura.png","type":"image\/png"}],"author":"Laura Hern\u00e1ndez","twitter_card":"summary_large_image","twitter_creator":"@FutbolHoyCol","twitter_site":"@FutbolHoyCol","twitter_misc":{"Escrito por":"Laura Hern\u00e1ndez","Tiempo de lectura":"1 minuto"},"schema":{"@context":"https:\/\/schema.org","@graph":[{"@type":"Article","@id":"https:\/\/futbolhoy.co\/index.php\/2020\/02\/11\/pasto-arrancara-la-sudamericana-en-chile\/#article","isPartOf":{"@id":"https:\/\/futbolhoy.co\/index.php\/2020\/02\/11\/pasto-arrancara-la-sudamericana-en-chile\/"},"author":{"name":"Laura Hern\u00e1ndez","@id":"https:\/\/futbolhoy.co\/#\/schema\/person\/c4a353a512b127643723a34bb1812f7d"},"headline":"Pasto arrancar\u00e1 la Sudamericana en Chile","datePublished":"2020-02-11T22:42:45+00:00","dateModified":"2020-02-11T23:36:53+00:00","mainEntityOfPage":{"@id":"https:\/\/futbolhoy.co\/index.php\/2020\/02\/11\/pasto-arrancara-la-sudamericana-en-chile\/"},"wordCount":201,"commentCount":0,"publisher":{"@id":"https:\/\/futbolhoy.co\/#organization"},"image":{"@id":"https:\/\/futbolhoy.co\/index.php\/2020\/02\/11\/pasto-arrancara-la-sudamericana-en-chile\/#primaryimage"},"thumbnailUrl":"https:\/\/futbolhoy.co\/wp-content\/uploads\/2020\/02\/Captura.png","keywords":["Copa Sudam\u00e9ricana","Deportivo Pasto"],"articleSection":["Destacados"],"inLanguage":"es","potentialAction":[{"@type":"CommentAction","name":"Comment","target":["https:\/\/futbolhoy.co\/index.php\/2020\/02\/11\/pasto-arrancara-la-sudamericana-en-chile\/#respond"]}]},{"@type":"WebPage","@id":"https:\/\/futbolhoy.co\/index.php\/2020\/02\/11\/pasto-arrancara-la-sudamericana-en-chile\/","url":"https:\/\/futbolhoy.co\/index.php\/2020\/02\/11\/pasto-arrancara-la-sudamericana-en-chile\/","name":"Pasto arrancar\u00e1 la Sudamericana en Chile -","isPartOf":{"@id":"https:\/\/futbolhoy.co\/#website"},"primaryImageOfPage":{"@id":"https:\/\/futbolhoy.co\/index.php\/2020\/02\/11\/pasto-arrancara-la-sudamericana-en-chile\/#primaryimage"},"image":{"@id":"https:\/\/futbolhoy.co\/index.php\/2020\/02\/11\/pasto-arrancara-la-sudamericana-en-chile\/#primaryimage"},"thumbnailUrl":"https:\/\/futbolhoy.co\/wp-content\/uploads\/2020\/02\/Captura.png","datePublished":"2020-02-11T22:42:45+00:00","dateModified":"2020-02-11T23:36:53+00:00","breadcrumb":{"@id":"https:\/\/futbolhoy.co\/index.php\/2020\/02\/11\/pasto-arrancara-la-sudamericana-en-chile\/#breadcrumb"},"inLanguage":"es","potentialAction":[{"@type":"ReadAction","target":["https:\/\/futbolhoy.co\/index.php\/2020\/02\/11\/pasto-arrancara-la-sudamericana-en-chile\/"]}]},{"@type":"ImageObject","inLanguage":"es","@id":"https:\/\/futbolhoy.co\/index.php\/2020\/02\/11\/pasto-arrancara-la-sudamericana-en-chile\/#primaryimage","url":"https:\/\/futbolhoy.co\/wp-content\/uploads\/2020\/02\/Captura.png","contentUrl":"https:\/\/futbolhoy.co\/wp-content\/uploads\/2020\/02\/Captura.png","width":833,"height":553},{"@type":"BreadcrumbList","@id":"https:\/\/futbolhoy.co\/index.php\/2020\/02\/11\/pasto-arrancara-la-sudamericana-en-chile\/#breadcrumb","itemListElement":[{"@type":"ListItem","position":1,"name":"Portada","item":"https:\/\/futbolhoy.co\/"},{"@type":"ListItem","position":2,"name":"Pasto arrancar\u00e1 la Sudamericana en Chile"}]},{"@type":"WebSite","@id":"https:\/\/futbolhoy.co\/#website","url":"https:\/\/futbolhoy.co\/","name":"FutbolHoy","description":"","publisher":{"@id":"https:\/\/futbolhoy.co\/#organization"},"potentialAction":[{"@type":"SearchAction","target":{"@type":"EntryPoint","urlTemplate":"https:\/\/futbolhoy.co\/?s={search_term_string}"},"query-input":{"@type":"PropertyValueSpecification","valueRequired":true,"valueName":"search_term_string"}}],"inLanguage":"es"},{"@type":"Organization","@id":"https:\/\/futbolhoy.co\/#organization","name":"Futbolhoy.co","url":"https:\/\/futbolhoy.co\/","logo":{"@type":"ImageObject","inLanguage":"es","@id":"https:\/\/futbolhoy.co\/#\/schema\/logo\/image\/","url":"https:\/\/futbolhoy.co\/wp-content\/uploads\/2018\/08\/17426380_1906371736249227_6326180412931521141_n.jpg","contentUrl":"https:\/\/futbolhoy.co\/wp-content\/uploads\/2018\/08\/17426380_1906371736249227_6326180412931521141_n.jpg","width":960,"height":960,"caption":"Futbolhoy.co"},"image":{"@id":"https:\/\/futbolhoy.co\/#\/schema\/logo\/image\/"},"sameAs":["https:\/\/www.facebook.com\/FutbolHoyCol\/","https:\/\/x.com\/FutbolHoyCol","https:\/\/www.instagram.com\/futbolhoycol\/"]},{"@type":"Person","@id":"https:\/\/futbolhoy.co\/#\/schema\/person\/c4a353a512b127643723a34bb1812f7d","name":"Laura Hern\u00e1ndez","image":{"@type":"ImageObject","inLanguage":"es","@id":"https:\/\/futbolhoy.co\/#\/schema\/person\/image\/","url":"https:\/\/secure.gravatar.com\/avatar\/d25959a15b9b293a743f99181c7cfd01?s=96&d=mm&r=g","contentUrl":"https:\/\/secure.gravatar.com\/avatar\/d25959a15b9b293a743f99181c7cfd01?s=96&d=mm&r=g","caption":"Laura Hern\u00e1ndez"}}]}},"publishpress_future_action":{"enabled":false,"date":"2026-05-03 06:05:05","action":"change-status","newStatus":"draft","terms":[],"taxonomy":"category","extraData":[]},"publishpress_future_workflow_manual_trigger":{"enabledWorkflows":[]},"_links":{"self":[{"href":"https:\/\/futbolhoy.co\/index.php\/wp-json\/wp\/v2\/posts\/47506","targetHints":{"allow":["GET"]}}],"collection":[{"href":"https:\/\/futbolhoy.co\/index.php\/wp-json\/wp\/v2\/posts"}],"about":[{"href":"https:\/\/futbolhoy.co\/index.php\/wp-json\/wp\/v2\/types\/post"}],"author":[{"embeddable":true,"href":"https:\/\/futbolhoy.co\/index.php\/wp-json\/wp\/v2\/users\/5"}],"replies":[{"embeddable":true,"href":"https:\/\/futbolhoy.co\/index.php\/wp-json\/wp\/v2\/comments?post=47506"}],"version-history":[{"count":3,"href":"https:\/\/futbolhoy.co\/index.php\/wp-json\/wp\/v2\/posts\/47506\/revisions"}],"predecessor-version":[{"id":47523,"href":"https:\/\/futbolhoy.co\/index.php\/wp-json\/wp\/v2\/posts\/47506\/revisions\/47523"}],"wp:featuredmedia":[{"embeddable":true,"href":"https:\/\/futbolhoy.co\/index.php\/wp-json\/wp\/v2\/media\/47509"}],"wp:attachment":[{"href":"https:\/\/futbolhoy.co\/index.php\/wp-json\/wp\/v2\/media?parent=47506"}],"wp:term":[{"taxonomy":"category","embeddable":true,"href":"https:\/\/futbolhoy.co\/index.php\/wp-json\/wp\/v2\/categories?post=47506"},{"taxonomy":"post_tag","embeddable":true,"href":"https:\/\/futbolhoy.co\/index.php\/wp-json\/wp\/v2\/tags?post=47506"}],"curies":[{"name":"wp","href":"https:\/\/api.w.org\/{rel}","templated":true}]}}