{"id":47507,"date":"2020-02-11T17:42:58","date_gmt":"2020-02-11T22:42:58","guid":{"rendered":"https:\/\/futbolhoy.co\/?p=47507"},"modified":"2020-02-12T09:16:55","modified_gmt":"2020-02-12T14:16:55","slug":"yairo-moreno-sufre-lesion-muscular","status":"publish","type":"post","link":"https:\/\/futbolhoy.co\/index.php\/2020\/02\/11\/yairo-moreno-sufre-lesion-muscular\/","title":{"rendered":"Yairo Moreno sufre lesi\u00f3n muscular"},"content":{"rendered":"<div>\n<p style=\"text-align: justify;\"><span style=\"font-family: helvetica, arial, sans-serif;\">El extremo <strong>Yairo Moreno<\/strong>, quien ha formado parte de la<strong> Selecci\u00f3n Colombia<\/strong> y juega con <strong>Le\u00f3n<\/strong> de M\u00e9xico, sufri\u00f3 una lesi\u00f3n en el muslo izquierdo, pero no se precis\u00f3 el tiempo de incapacidad.<\/span><\/p>\n<p style=\"text-align: justify;\"><span style=\"font-family: helvetica, arial, sans-serif;\"><i>\"El Club Le\u00f3n informa que tras las valoraciones m\u00e9dicas realizadas al jugador colombiano Yairo Moreno se present\u00f3 el siguiente diagn\u00f3stico: lesi\u00f3n muscular grado 2 del muslo posterior izquierdo\"<\/i>, dice la nota del equipo.<\/span><\/p>\n<p style=\"text-align: justify;\"><span style=\"font-family: helvetica, arial, sans-serif;\"><strong>Moreno<\/strong> se resinti\u00f3 a los 41 del juego donde su equipo venci\u00f3 3-1 a <strong>Monterrey<\/strong> en la quinta fecha del torneo<strong> Clausura 2020<\/strong> del f\u00fatbol mexicano.<\/span><\/p>\n<p style=\"text-align: justify;\"><span style=\"font-family: helvetica, arial, sans-serif;\"><strong>Moreno<\/strong> jug\u00f3 los \u00faltimos seis amistosos con <strong>Colombia<\/strong>, incluido el empate 2-2 ante Brasil de septiembre cuando debut\u00f3.<\/span><\/p>\n<\/div>\n<div class=\"yj6qo\" style=\"text-align: justify;\"><\/div>\n<div class=\"adL\" style=\"text-align: justify;\"><\/div>\n<blockquote class=\"twitter-tweet\">\n<p dir=\"ltr\" lang=\"es\">REPORTE M\u00c9DICO <a href=\"https:\/\/t.co\/sAYdjbnbza\">pic.twitter.com\/sAYdjbnbza<\/a><\/p>\n<p>\u2014 Club Le\u00f3n (@clubleonfc) <a href=\"https:\/\/twitter.com\/clubleonfc\/status\/1227306751214718978?ref_src=twsrc%5Etfw\">February 11, 2020<\/a><\/p><\/blockquote>\n<p><script async src=\"https:\/\/platform.twitter.com\/widgets.js\" charset=\"utf-8\"><\/script><\/p>\n","protected":false},"excerpt":{"rendered":"<p>El extremo Yairo Moreno, quien ha formado parte de la Selecci\u00f3n Colombia y juega con Le\u00f3n de M\u00e9xico, sufri\u00f3 una lesi\u00f3n en el muslo izquierdo, pero no se precis\u00f3 el tiempo de incapacidad. \"El Club Le\u00f3n informa que tras las valoraciones m\u00e9dicas realizadas al jugador colombiano Yairo Moreno se present\u00f3 el siguiente diagn\u00f3stico: lesi\u00f3n muscular [&hellip;]<\/p>\n","protected":false},"author":5,"featured_media":47508,"comment_status":"open","ping_status":"open","sticky":false,"template":"","format":"standard","meta":{"_acf_changed":false,"footnotes":""},"categories":[418],"tags":[165,878],"class_list":{"0":"post-47507","1":"post","2":"type-post","3":"status-publish","4":"format-standard","5":"has-post-thumbnail","7":"category-colombia","8":"tag-jugadores-colombianos","9":"tag-yairo-moreno"},"acf":[],"yoast_head":"<!-- This site is optimized with the Yoast SEO plugin v26.8 - https:\/\/yoast.com\/product\/yoast-seo-wordpress\/ -->\n<title>Yairo Moreno sufre lesi\u00f3n muscular -<\/title>\n<meta name=\"robots\" content=\"index, follow, max-snippet:-1, max-image-preview:large, max-video-preview:-1\" \/>\n<link rel=\"canonical\" href=\"https:\/\/futbolhoy.co\/index.php\/2020\/02\/11\/yairo-moreno-sufre-lesion-muscular\/\" \/>\n<meta property=\"og:locale\" content=\"es_ES\" \/>\n<meta property=\"og:type\" content=\"article\" \/>\n<meta property=\"og:title\" content=\"Yairo Moreno sufre lesi\u00f3n muscular -\" \/>\n<meta property=\"og:description\" content=\"El extremo Yairo Moreno, quien ha formado parte de la Selecci\u00f3n Colombia y juega con Le\u00f3n de M\u00e9xico, sufri\u00f3 una lesi\u00f3n en el muslo izquierdo, pero no se precis\u00f3 el tiempo de incapacidad. &quot;El Club Le\u00f3n informa que tras las valoraciones m\u00e9dicas realizadas al jugador colombiano Yairo Moreno se present\u00f3 el siguiente diagn\u00f3stico: lesi\u00f3n muscular [&hellip;]\" \/>\n<meta property=\"og:url\" content=\"https:\/\/futbolhoy.co\/index.php\/2020\/02\/11\/yairo-moreno-sufre-lesion-muscular\/\" \/>\n<meta property=\"article:publisher\" content=\"https:\/\/www.facebook.com\/FutbolHoyCol\/\" \/>\n<meta property=\"article:published_time\" content=\"2020-02-11T22:42:58+00:00\" \/>\n<meta property=\"article:modified_time\" content=\"2020-02-12T14:16:55+00:00\" \/>\n<meta property=\"og:image\" content=\"https:\/\/futbolhoy.co\/wp-content\/uploads\/2020\/02\/yeiro.png\" \/>\n\t<meta property=\"og:image:width\" content=\"668\" \/>\n\t<meta property=\"og:image:height\" content=\"431\" \/>\n\t<meta property=\"og:image:type\" content=\"image\/png\" \/>\n<meta name=\"author\" content=\"Laura Hern\u00e1ndez\" \/>\n<meta name=\"twitter:card\" content=\"summary_large_image\" \/>\n<meta name=\"twitter:creator\" content=\"@FutbolHoyCol\" \/>\n<meta name=\"twitter:site\" content=\"@FutbolHoyCol\" \/>\n<meta name=\"twitter:label1\" content=\"Escrito por\" \/>\n\t<meta name=\"twitter:data1\" content=\"Laura Hern\u00e1ndez\" \/>\n\t<meta name=\"twitter:label2\" content=\"Tiempo de lectura\" \/>\n\t<meta name=\"twitter:data2\" content=\"1 minuto\" \/>\n<script type=\"application\/ld+json\" class=\"yoast-schema-graph\">{\"@context\":\"https:\/\/schema.org\",\"@graph\":[{\"@type\":\"Article\",\"@id\":\"https:\/\/futbolhoy.co\/index.php\/2020\/02\/11\/yairo-moreno-sufre-lesion-muscular\/#article\",\"isPartOf\":{\"@id\":\"https:\/\/futbolhoy.co\/index.php\/2020\/02\/11\/yairo-moreno-sufre-lesion-muscular\/\"},\"author\":{\"name\":\"Laura Hern\u00e1ndez\",\"@id\":\"https:\/\/futbolhoy.co\/#\/schema\/person\/c4a353a512b127643723a34bb1812f7d\"},\"headline\":\"Yairo Moreno sufre lesi\u00f3n muscular\",\"datePublished\":\"2020-02-11T22:42:58+00:00\",\"dateModified\":\"2020-02-12T14:16:55+00:00\",\"mainEntityOfPage\":{\"@id\":\"https:\/\/futbolhoy.co\/index.php\/2020\/02\/11\/yairo-moreno-sufre-lesion-muscular\/\"},\"wordCount\":134,\"commentCount\":0,\"publisher\":{\"@id\":\"https:\/\/futbolhoy.co\/#organization\"},\"image\":{\"@id\":\"https:\/\/futbolhoy.co\/index.php\/2020\/02\/11\/yairo-moreno-sufre-lesion-muscular\/#primaryimage\"},\"thumbnailUrl\":\"https:\/\/futbolhoy.co\/wp-content\/uploads\/2020\/02\/yeiro.png\",\"keywords\":[\"Jugadores Colombianos\",\"Yairo Moreno\"],\"articleSection\":[\"Colombia\"],\"inLanguage\":\"es\",\"potentialAction\":[{\"@type\":\"CommentAction\",\"name\":\"Comment\",\"target\":[\"https:\/\/futbolhoy.co\/index.php\/2020\/02\/11\/yairo-moreno-sufre-lesion-muscular\/#respond\"]}]},{\"@type\":\"WebPage\",\"@id\":\"https:\/\/futbolhoy.co\/index.php\/2020\/02\/11\/yairo-moreno-sufre-lesion-muscular\/\",\"url\":\"https:\/\/futbolhoy.co\/index.php\/2020\/02\/11\/yairo-moreno-sufre-lesion-muscular\/\",\"name\":\"Yairo Moreno sufre lesi\u00f3n muscular -\",\"isPartOf\":{\"@id\":\"https:\/\/futbolhoy.co\/#website\"},\"primaryImageOfPage\":{\"@id\":\"https:\/\/futbolhoy.co\/index.php\/2020\/02\/11\/yairo-moreno-sufre-lesion-muscular\/#primaryimage\"},\"image\":{\"@id\":\"https:\/\/futbolhoy.co\/index.php\/2020\/02\/11\/yairo-moreno-sufre-lesion-muscular\/#primaryimage\"},\"thumbnailUrl\":\"https:\/\/futbolhoy.co\/wp-content\/uploads\/2020\/02\/yeiro.png\",\"datePublished\":\"2020-02-11T22:42:58+00:00\",\"dateModified\":\"2020-02-12T14:16:55+00:00\",\"breadcrumb\":{\"@id\":\"https:\/\/futbolhoy.co\/index.php\/2020\/02\/11\/yairo-moreno-sufre-lesion-muscular\/#breadcrumb\"},\"inLanguage\":\"es\",\"potentialAction\":[{\"@type\":\"ReadAction\",\"target\":[\"https:\/\/futbolhoy.co\/index.php\/2020\/02\/11\/yairo-moreno-sufre-lesion-muscular\/\"]}]},{\"@type\":\"ImageObject\",\"inLanguage\":\"es\",\"@id\":\"https:\/\/futbolhoy.co\/index.php\/2020\/02\/11\/yairo-moreno-sufre-lesion-muscular\/#primaryimage\",\"url\":\"https:\/\/futbolhoy.co\/wp-content\/uploads\/2020\/02\/yeiro.png\",\"contentUrl\":\"https:\/\/futbolhoy.co\/wp-content\/uploads\/2020\/02\/yeiro.png\",\"width\":668,\"height\":431},{\"@type\":\"BreadcrumbList\",\"@id\":\"https:\/\/futbolhoy.co\/index.php\/2020\/02\/11\/yairo-moreno-sufre-lesion-muscular\/#breadcrumb\",\"itemListElement\":[{\"@type\":\"ListItem\",\"position\":1,\"name\":\"Portada\",\"item\":\"https:\/\/futbolhoy.co\/\"},{\"@type\":\"ListItem\",\"position\":2,\"name\":\"Yairo Moreno sufre lesi\u00f3n muscular\"}]},{\"@type\":\"WebSite\",\"@id\":\"https:\/\/futbolhoy.co\/#website\",\"url\":\"https:\/\/futbolhoy.co\/\",\"name\":\"FutbolHoy\",\"description\":\"\",\"publisher\":{\"@id\":\"https:\/\/futbolhoy.co\/#organization\"},\"potentialAction\":[{\"@type\":\"SearchAction\",\"target\":{\"@type\":\"EntryPoint\",\"urlTemplate\":\"https:\/\/futbolhoy.co\/?s={search_term_string}\"},\"query-input\":{\"@type\":\"PropertyValueSpecification\",\"valueRequired\":true,\"valueName\":\"search_term_string\"}}],\"inLanguage\":\"es\"},{\"@type\":\"Organization\",\"@id\":\"https:\/\/futbolhoy.co\/#organization\",\"name\":\"Futbolhoy.co\",\"url\":\"https:\/\/futbolhoy.co\/\",\"logo\":{\"@type\":\"ImageObject\",\"inLanguage\":\"es\",\"@id\":\"https:\/\/futbolhoy.co\/#\/schema\/logo\/image\/\",\"url\":\"https:\/\/futbolhoy.co\/wp-content\/uploads\/2018\/08\/17426380_1906371736249227_6326180412931521141_n.jpg\",\"contentUrl\":\"https:\/\/futbolhoy.co\/wp-content\/uploads\/2018\/08\/17426380_1906371736249227_6326180412931521141_n.jpg\",\"width\":960,\"height\":960,\"caption\":\"Futbolhoy.co\"},\"image\":{\"@id\":\"https:\/\/futbolhoy.co\/#\/schema\/logo\/image\/\"},\"sameAs\":[\"https:\/\/www.facebook.com\/FutbolHoyCol\/\",\"https:\/\/x.com\/FutbolHoyCol\",\"https:\/\/www.instagram.com\/futbolhoycol\/\"]},{\"@type\":\"Person\",\"@id\":\"https:\/\/futbolhoy.co\/#\/schema\/person\/c4a353a512b127643723a34bb1812f7d\",\"name\":\"Laura Hern\u00e1ndez\",\"image\":{\"@type\":\"ImageObject\",\"inLanguage\":\"es\",\"@id\":\"https:\/\/futbolhoy.co\/#\/schema\/person\/image\/\",\"url\":\"https:\/\/secure.gravatar.com\/avatar\/d25959a15b9b293a743f99181c7cfd01?s=96&d=mm&r=g\",\"contentUrl\":\"https:\/\/secure.gravatar.com\/avatar\/d25959a15b9b293a743f99181c7cfd01?s=96&d=mm&r=g\",\"caption\":\"Laura Hern\u00e1ndez\"}}]}<\/script>\n<!-- \/ Yoast SEO plugin. -->","yoast_head_json":{"title":"Yairo Moreno sufre lesi\u00f3n muscular -","robots":{"index":"index","follow":"follow","max-snippet":"max-snippet:-1","max-image-preview":"max-image-preview:large","max-video-preview":"max-video-preview:-1"},"canonical":"https:\/\/futbolhoy.co\/index.php\/2020\/02\/11\/yairo-moreno-sufre-lesion-muscular\/","og_locale":"es_ES","og_type":"article","og_title":"Yairo Moreno sufre lesi\u00f3n muscular -","og_description":"El extremo Yairo Moreno, quien ha formado parte de la Selecci\u00f3n Colombia y juega con Le\u00f3n de M\u00e9xico, sufri\u00f3 una lesi\u00f3n en el muslo izquierdo, pero no se precis\u00f3 el tiempo de incapacidad. \"El Club Le\u00f3n informa que tras las valoraciones m\u00e9dicas realizadas al jugador colombiano Yairo Moreno se present\u00f3 el siguiente diagn\u00f3stico: lesi\u00f3n muscular [&hellip;]","og_url":"https:\/\/futbolhoy.co\/index.php\/2020\/02\/11\/yairo-moreno-sufre-lesion-muscular\/","article_publisher":"https:\/\/www.facebook.com\/FutbolHoyCol\/","article_published_time":"2020-02-11T22:42:58+00:00","article_modified_time":"2020-02-12T14:16:55+00:00","og_image":[{"width":668,"height":431,"url":"https:\/\/futbolhoy.co\/wp-content\/uploads\/2020\/02\/yeiro.png","type":"image\/png"}],"author":"Laura Hern\u00e1ndez","twitter_card":"summary_large_image","twitter_creator":"@FutbolHoyCol","twitter_site":"@FutbolHoyCol","twitter_misc":{"Escrito por":"Laura Hern\u00e1ndez","Tiempo de lectura":"1 minuto"},"schema":{"@context":"https:\/\/schema.org","@graph":[{"@type":"Article","@id":"https:\/\/futbolhoy.co\/index.php\/2020\/02\/11\/yairo-moreno-sufre-lesion-muscular\/#article","isPartOf":{"@id":"https:\/\/futbolhoy.co\/index.php\/2020\/02\/11\/yairo-moreno-sufre-lesion-muscular\/"},"author":{"name":"Laura Hern\u00e1ndez","@id":"https:\/\/futbolhoy.co\/#\/schema\/person\/c4a353a512b127643723a34bb1812f7d"},"headline":"Yairo Moreno sufre lesi\u00f3n muscular","datePublished":"2020-02-11T22:42:58+00:00","dateModified":"2020-02-12T14:16:55+00:00","mainEntityOfPage":{"@id":"https:\/\/futbolhoy.co\/index.php\/2020\/02\/11\/yairo-moreno-sufre-lesion-muscular\/"},"wordCount":134,"commentCount":0,"publisher":{"@id":"https:\/\/futbolhoy.co\/#organization"},"image":{"@id":"https:\/\/futbolhoy.co\/index.php\/2020\/02\/11\/yairo-moreno-sufre-lesion-muscular\/#primaryimage"},"thumbnailUrl":"https:\/\/futbolhoy.co\/wp-content\/uploads\/2020\/02\/yeiro.png","keywords":["Jugadores Colombianos","Yairo Moreno"],"articleSection":["Colombia"],"inLanguage":"es","potentialAction":[{"@type":"CommentAction","name":"Comment","target":["https:\/\/futbolhoy.co\/index.php\/2020\/02\/11\/yairo-moreno-sufre-lesion-muscular\/#respond"]}]},{"@type":"WebPage","@id":"https:\/\/futbolhoy.co\/index.php\/2020\/02\/11\/yairo-moreno-sufre-lesion-muscular\/","url":"https:\/\/futbolhoy.co\/index.php\/2020\/02\/11\/yairo-moreno-sufre-lesion-muscular\/","name":"Yairo Moreno sufre lesi\u00f3n muscular -","isPartOf":{"@id":"https:\/\/futbolhoy.co\/#website"},"primaryImageOfPage":{"@id":"https:\/\/futbolhoy.co\/index.php\/2020\/02\/11\/yairo-moreno-sufre-lesion-muscular\/#primaryimage"},"image":{"@id":"https:\/\/futbolhoy.co\/index.php\/2020\/02\/11\/yairo-moreno-sufre-lesion-muscular\/#primaryimage"},"thumbnailUrl":"https:\/\/futbolhoy.co\/wp-content\/uploads\/2020\/02\/yeiro.png","datePublished":"2020-02-11T22:42:58+00:00","dateModified":"2020-02-12T14:16:55+00:00","breadcrumb":{"@id":"https:\/\/futbolhoy.co\/index.php\/2020\/02\/11\/yairo-moreno-sufre-lesion-muscular\/#breadcrumb"},"inLanguage":"es","potentialAction":[{"@type":"ReadAction","target":["https:\/\/futbolhoy.co\/index.php\/2020\/02\/11\/yairo-moreno-sufre-lesion-muscular\/"]}]},{"@type":"ImageObject","inLanguage":"es","@id":"https:\/\/futbolhoy.co\/index.php\/2020\/02\/11\/yairo-moreno-sufre-lesion-muscular\/#primaryimage","url":"https:\/\/futbolhoy.co\/wp-content\/uploads\/2020\/02\/yeiro.png","contentUrl":"https:\/\/futbolhoy.co\/wp-content\/uploads\/2020\/02\/yeiro.png","width":668,"height":431},{"@type":"BreadcrumbList","@id":"https:\/\/futbolhoy.co\/index.php\/2020\/02\/11\/yairo-moreno-sufre-lesion-muscular\/#breadcrumb","itemListElement":[{"@type":"ListItem","position":1,"name":"Portada","item":"https:\/\/futbolhoy.co\/"},{"@type":"ListItem","position":2,"name":"Yairo Moreno sufre lesi\u00f3n muscular"}]},{"@type":"WebSite","@id":"https:\/\/futbolhoy.co\/#website","url":"https:\/\/futbolhoy.co\/","name":"FutbolHoy","description":"","publisher":{"@id":"https:\/\/futbolhoy.co\/#organization"},"potentialAction":[{"@type":"SearchAction","target":{"@type":"EntryPoint","urlTemplate":"https:\/\/futbolhoy.co\/?s={search_term_string}"},"query-input":{"@type":"PropertyValueSpecification","valueRequired":true,"valueName":"search_term_string"}}],"inLanguage":"es"},{"@type":"Organization","@id":"https:\/\/futbolhoy.co\/#organization","name":"Futbolhoy.co","url":"https:\/\/futbolhoy.co\/","logo":{"@type":"ImageObject","inLanguage":"es","@id":"https:\/\/futbolhoy.co\/#\/schema\/logo\/image\/","url":"https:\/\/futbolhoy.co\/wp-content\/uploads\/2018\/08\/17426380_1906371736249227_6326180412931521141_n.jpg","contentUrl":"https:\/\/futbolhoy.co\/wp-content\/uploads\/2018\/08\/17426380_1906371736249227_6326180412931521141_n.jpg","width":960,"height":960,"caption":"Futbolhoy.co"},"image":{"@id":"https:\/\/futbolhoy.co\/#\/schema\/logo\/image\/"},"sameAs":["https:\/\/www.facebook.com\/FutbolHoyCol\/","https:\/\/x.com\/FutbolHoyCol","https:\/\/www.instagram.com\/futbolhoycol\/"]},{"@type":"Person","@id":"https:\/\/futbolhoy.co\/#\/schema\/person\/c4a353a512b127643723a34bb1812f7d","name":"Laura Hern\u00e1ndez","image":{"@type":"ImageObject","inLanguage":"es","@id":"https:\/\/futbolhoy.co\/#\/schema\/person\/image\/","url":"https:\/\/secure.gravatar.com\/avatar\/d25959a15b9b293a743f99181c7cfd01?s=96&d=mm&r=g","contentUrl":"https:\/\/secure.gravatar.com\/avatar\/d25959a15b9b293a743f99181c7cfd01?s=96&d=mm&r=g","caption":"Laura Hern\u00e1ndez"}}]}},"publishpress_future_action":{"enabled":false,"date":"2026-05-03 07:21:03","action":"change-status","newStatus":"draft","terms":[],"taxonomy":"category","extraData":[]},"publishpress_future_workflow_manual_trigger":{"enabledWorkflows":[]},"_links":{"self":[{"href":"https:\/\/futbolhoy.co\/index.php\/wp-json\/wp\/v2\/posts\/47507","targetHints":{"allow":["GET"]}}],"collection":[{"href":"https:\/\/futbolhoy.co\/index.php\/wp-json\/wp\/v2\/posts"}],"about":[{"href":"https:\/\/futbolhoy.co\/index.php\/wp-json\/wp\/v2\/types\/post"}],"author":[{"embeddable":true,"href":"https:\/\/futbolhoy.co\/index.php\/wp-json\/wp\/v2\/users\/5"}],"replies":[{"embeddable":true,"href":"https:\/\/futbolhoy.co\/index.php\/wp-json\/wp\/v2\/comments?post=47507"}],"version-history":[{"count":1,"href":"https:\/\/futbolhoy.co\/index.php\/wp-json\/wp\/v2\/posts\/47507\/revisions"}],"predecessor-version":[{"id":47515,"href":"https:\/\/futbolhoy.co\/index.php\/wp-json\/wp\/v2\/posts\/47507\/revisions\/47515"}],"wp:featuredmedia":[{"embeddable":true,"href":"https:\/\/futbolhoy.co\/index.php\/wp-json\/wp\/v2\/media\/47508"}],"wp:attachment":[{"href":"https:\/\/futbolhoy.co\/index.php\/wp-json\/wp\/v2\/media?parent=47507"}],"wp:term":[{"taxonomy":"category","embeddable":true,"href":"https:\/\/futbolhoy.co\/index.php\/wp-json\/wp\/v2\/categories?post=47507"},{"taxonomy":"post_tag","embeddable":true,"href":"https:\/\/futbolhoy.co\/index.php\/wp-json\/wp\/v2\/tags?post=47507"}],"curies":[{"name":"wp","href":"https:\/\/api.w.org\/{rel}","templated":true}]}}