{"id":47525,"date":"2020-02-11T20:02:19","date_gmt":"2020-02-12T01:02:19","guid":{"rendered":"https:\/\/futbolhoy.co\/?p=47525"},"modified":"2020-02-12T13:03:19","modified_gmt":"2020-02-12T18:03:19","slug":"medellin-avanzo-en-copa-libertadores","status":"publish","type":"post","link":"https:\/\/futbolhoy.co\/index.php\/2020\/02\/11\/medellin-avanzo-en-copa-libertadores\/","title":{"rendered":"Tolima y Medell\u00edn, a tercera ronda de la Libertadores"},"content":{"rendered":"<div>\n<p style=\"text-align: justify;\"><span style=\"font-family: helvetica, arial, sans-serif;\"><strong>Deportes Tolima <\/strong>e <strong>Independiente Medell\u00edn<\/strong> se clasificaron a la tercera fase de la <strong>Copa Libertadores, <\/strong>tras cumplir con sus respectivos partidos de vuelta ante el<strong> Macar\u00e1 de Ecuador <\/strong>y el <strong>Deportivo T\u00e1chira <\/strong>de <strong>Venezuela.<\/strong><\/span><\/p>\n<p style=\"text-align: justify;\"><span style=\"font-family: helvetica, arial, sans-serif;\">El cuadro de Ibagu\u00e9 volvi\u00f3 a imponerse 1-0 en su estadio a los ecuatorianos con anotaci\u00f3n de<strong> Jaminton Campaz<\/strong> a los 42 minutos, redondeando la serie con un marcador global de 2-0 a su favor. En el visitante se march\u00f3 expulsado <strong>Braian<\/strong> <strong>Molina<\/strong> a los 60 minutos.<\/span><\/p>\n<p><span style=\"font-family: helvetica, arial, sans-serif;\">Tolima se medir\u00e1 ahora al Internacional de Portoalegre, que venci\u00f3 2-0 a la Universidad de Chile a primera hora.<\/span><\/p>\n<p style=\"text-align: justify;\"><span style=\"font-family: helvetica, arial, sans-serif;\">Entretanto y a pesar de caer 2-0 en su visita al Deportivo T\u00e1chira de Venezuela, Medell\u00edn avanz\u00f3 gracias a la victoria 4-0 en el juego de ida disputado en el estadio Atanasio Girardot.<\/span><\/p>\n<p style=\"text-align: justify;\"><span style=\"font-family: helvetica, arial, sans-serif;\"><strong>Carlos Ceme\u00f1o<\/strong>, de tiro libre, a los 38 minutos, y<strong> Douglar Angarita,<\/strong> a los 68 minutos, marcaron los goles en el estadio <strong>Pueblo Nuevo<\/strong> de <strong>San Crist\u00f3bal.<\/strong><\/span><\/p>\n<p style=\"text-align: justify;\"><span style=\"font-family: helvetica, arial, sans-serif;\">El arquero <strong>Andr\u00e9s Mosquera Marmolejo<\/strong> protagoniz\u00f3 un par de buenas atajadas para salvar la clasificaci\u00f3n del equipo colombiano.<\/span><\/p>\n<p style=\"text-align: justify;\"><span style=\"font-family: helvetica, arial, sans-serif;\">Ahora,<strong>\u00a0Medell\u00edn<\/strong> se enfrentar\u00e1 en la pr\u00f3xima ronda con el vencedor de la serie que este mi\u00e9rcoles enfrentar\u00e1 al<strong> Atl\u00e9tico Tucum\u00e1n y The Strongest<\/strong> en Argentina, llave que gana el equipo boliviano 2-0.<\/span><\/p>\n<p style=\"text-align: justify;\"><strong><span style=\"font-family: helvetica, arial, sans-serif;\">Formaciones<\/span><\/strong><\/p>\n<p style=\"text-align: justify;\"><span style=\"font-family: helvetica, arial, sans-serif;\"><strong>Dvo T\u00e1chira<\/strong>: Jos\u00e9 Contreras; Nicol\u00e1s Foglia, Pablo Camacho, Carlos Vivas, Anthony Graterol; Carlos Cerme\u00f1o (Jacobo Kouffaty 77'), Miguel Camargo, Yeferson Velasco (Liendo 81'), Marlon Fern\u00e1ndez, Douglar Angarita; Edgar P\u00e9rez.<\/span><\/p>\n<p style=\"text-align: justify;\"><span style=\"font-family: helvetica, arial, sans-serif;\"><strong>Medell\u00edn<\/strong>: Andr\u00e9s Mosquera; Luis Mena, Andr\u00e9s Cadavid, Jes\u00fas Murillo, Yuli\u00e1n G\u00f3mez; Andr\u00e9s Ricaurte (Francisco Flores 85') , Maicol Balanta (Juan Cuesta 77'), Javier Reina, Larry Angulo (Yesid D\u00edaz 90'), Adri\u00e1n Arregui; Juan Fernando Caicedo.<\/span><\/p>\n<\/div>\n<div class=\"yj6qo\" style=\"text-align: justify;\"><\/div>\n","protected":false},"excerpt":{"rendered":"<p>Deportes Tolima e Independiente Medell\u00edn se clasificaron a la tercera fase de la Copa Libertadores, tras cumplir con sus respectivos partidos de vuelta ante el Macar\u00e1 de Ecuador y el Deportivo T\u00e1chira de Venezuela. El cuadro de Ibagu\u00e9 volvi\u00f3 a imponerse 1-0 en su estadio a los ecuatorianos con anotaci\u00f3n de Jaminton Campaz a los [&hellip;]<\/p>\n","protected":false},"author":5,"featured_media":47526,"comment_status":"open","ping_status":"open","sticky":false,"template":"","format":"standard","meta":{"_acf_changed":false,"footnotes":""},"categories":[653],"tags":[115,228,231],"class_list":{"0":"post-47525","1":"post","2":"type-post","3":"status-publish","4":"format-standard","5":"has-post-thumbnail","7":"category-copa-libertadores","8":"tag-copa-libertadores","9":"tag-medellin","10":"tag-tolima"},"acf":[],"yoast_head":"<!-- This site is optimized with the Yoast SEO plugin v26.8 - https:\/\/yoast.com\/product\/yoast-seo-wordpress\/ -->\n<title>Tolima y Medell\u00edn, a tercera ronda de la Libertadores -<\/title>\n<meta name=\"robots\" content=\"index, follow, max-snippet:-1, max-image-preview:large, max-video-preview:-1\" \/>\n<link rel=\"canonical\" href=\"https:\/\/futbolhoy.co\/index.php\/2020\/02\/11\/medellin-avanzo-en-copa-libertadores\/\" \/>\n<meta property=\"og:locale\" content=\"es_ES\" \/>\n<meta property=\"og:type\" content=\"article\" \/>\n<meta property=\"og:title\" content=\"Tolima y Medell\u00edn, a tercera ronda de la Libertadores -\" \/>\n<meta property=\"og:description\" content=\"Deportes Tolima e Independiente Medell\u00edn se clasificaron a la tercera fase de la Copa Libertadores, tras cumplir con sus respectivos partidos de vuelta ante el Macar\u00e1 de Ecuador y el Deportivo T\u00e1chira de Venezuela. El cuadro de Ibagu\u00e9 volvi\u00f3 a imponerse 1-0 en su estadio a los ecuatorianos con anotaci\u00f3n de Jaminton Campaz a los [&hellip;]\" \/>\n<meta property=\"og:url\" content=\"https:\/\/futbolhoy.co\/index.php\/2020\/02\/11\/medellin-avanzo-en-copa-libertadores\/\" \/>\n<meta property=\"article:publisher\" content=\"https:\/\/www.facebook.com\/FutbolHoyCol\/\" \/>\n<meta property=\"article:published_time\" content=\"2020-02-12T01:02:19+00:00\" \/>\n<meta property=\"article:modified_time\" content=\"2020-02-12T18:03:19+00:00\" \/>\n<meta property=\"og:image\" content=\"https:\/\/futbolhoy.co\/wp-content\/uploads\/2020\/02\/EQiP0K4XkAAm5EZ.jpg\" \/>\n\t<meta property=\"og:image:width\" content=\"1024\" \/>\n\t<meta property=\"og:image:height\" content=\"1024\" \/>\n\t<meta property=\"og:image:type\" content=\"image\/jpeg\" \/>\n<meta name=\"author\" content=\"Laura Hern\u00e1ndez\" \/>\n<meta name=\"twitter:card\" content=\"summary_large_image\" \/>\n<meta name=\"twitter:creator\" content=\"@FutbolHoyCol\" \/>\n<meta name=\"twitter:site\" content=\"@FutbolHoyCol\" \/>\n<meta name=\"twitter:label1\" content=\"Escrito por\" \/>\n\t<meta name=\"twitter:data1\" content=\"Laura Hern\u00e1ndez\" \/>\n\t<meta name=\"twitter:label2\" content=\"Tiempo de lectura\" \/>\n\t<meta name=\"twitter:data2\" content=\"1 minuto\" \/>\n<script type=\"application\/ld+json\" class=\"yoast-schema-graph\">{\"@context\":\"https:\/\/schema.org\",\"@graph\":[{\"@type\":\"Article\",\"@id\":\"https:\/\/futbolhoy.co\/index.php\/2020\/02\/11\/medellin-avanzo-en-copa-libertadores\/#article\",\"isPartOf\":{\"@id\":\"https:\/\/futbolhoy.co\/index.php\/2020\/02\/11\/medellin-avanzo-en-copa-libertadores\/\"},\"author\":{\"name\":\"Laura Hern\u00e1ndez\",\"@id\":\"https:\/\/futbolhoy.co\/#\/schema\/person\/c4a353a512b127643723a34bb1812f7d\"},\"headline\":\"Tolima y Medell\u00edn, a tercera ronda de la Libertadores\",\"datePublished\":\"2020-02-12T01:02:19+00:00\",\"dateModified\":\"2020-02-12T18:03:19+00:00\",\"mainEntityOfPage\":{\"@id\":\"https:\/\/futbolhoy.co\/index.php\/2020\/02\/11\/medellin-avanzo-en-copa-libertadores\/\"},\"wordCount\":308,\"commentCount\":0,\"publisher\":{\"@id\":\"https:\/\/futbolhoy.co\/#organization\"},\"image\":{\"@id\":\"https:\/\/futbolhoy.co\/index.php\/2020\/02\/11\/medellin-avanzo-en-copa-libertadores\/#primaryimage\"},\"thumbnailUrl\":\"https:\/\/futbolhoy.co\/wp-content\/uploads\/2020\/02\/EQiP0K4XkAAm5EZ.jpg\",\"keywords\":[\"Copa Libertadores\",\"Medell\u00edn\",\"Tolima\"],\"articleSection\":[\"Libertadores\"],\"inLanguage\":\"es\",\"potentialAction\":[{\"@type\":\"CommentAction\",\"name\":\"Comment\",\"target\":[\"https:\/\/futbolhoy.co\/index.php\/2020\/02\/11\/medellin-avanzo-en-copa-libertadores\/#respond\"]}]},{\"@type\":\"WebPage\",\"@id\":\"https:\/\/futbolhoy.co\/index.php\/2020\/02\/11\/medellin-avanzo-en-copa-libertadores\/\",\"url\":\"https:\/\/futbolhoy.co\/index.php\/2020\/02\/11\/medellin-avanzo-en-copa-libertadores\/\",\"name\":\"Tolima y Medell\u00edn, a tercera ronda de la Libertadores -\",\"isPartOf\":{\"@id\":\"https:\/\/futbolhoy.co\/#website\"},\"primaryImageOfPage\":{\"@id\":\"https:\/\/futbolhoy.co\/index.php\/2020\/02\/11\/medellin-avanzo-en-copa-libertadores\/#primaryimage\"},\"image\":{\"@id\":\"https:\/\/futbolhoy.co\/index.php\/2020\/02\/11\/medellin-avanzo-en-copa-libertadores\/#primaryimage\"},\"thumbnailUrl\":\"https:\/\/futbolhoy.co\/wp-content\/uploads\/2020\/02\/EQiP0K4XkAAm5EZ.jpg\",\"datePublished\":\"2020-02-12T01:02:19+00:00\",\"dateModified\":\"2020-02-12T18:03:19+00:00\",\"breadcrumb\":{\"@id\":\"https:\/\/futbolhoy.co\/index.php\/2020\/02\/11\/medellin-avanzo-en-copa-libertadores\/#breadcrumb\"},\"inLanguage\":\"es\",\"potentialAction\":[{\"@type\":\"ReadAction\",\"target\":[\"https:\/\/futbolhoy.co\/index.php\/2020\/02\/11\/medellin-avanzo-en-copa-libertadores\/\"]}]},{\"@type\":\"ImageObject\",\"inLanguage\":\"es\",\"@id\":\"https:\/\/futbolhoy.co\/index.php\/2020\/02\/11\/medellin-avanzo-en-copa-libertadores\/#primaryimage\",\"url\":\"https:\/\/futbolhoy.co\/wp-content\/uploads\/2020\/02\/EQiP0K4XkAAm5EZ.jpg\",\"contentUrl\":\"https:\/\/futbolhoy.co\/wp-content\/uploads\/2020\/02\/EQiP0K4XkAAm5EZ.jpg\",\"width\":1024,\"height\":1024},{\"@type\":\"BreadcrumbList\",\"@id\":\"https:\/\/futbolhoy.co\/index.php\/2020\/02\/11\/medellin-avanzo-en-copa-libertadores\/#breadcrumb\",\"itemListElement\":[{\"@type\":\"ListItem\",\"position\":1,\"name\":\"Portada\",\"item\":\"https:\/\/futbolhoy.co\/\"},{\"@type\":\"ListItem\",\"position\":2,\"name\":\"Tolima y Medell\u00edn, a tercera ronda de la Libertadores\"}]},{\"@type\":\"WebSite\",\"@id\":\"https:\/\/futbolhoy.co\/#website\",\"url\":\"https:\/\/futbolhoy.co\/\",\"name\":\"FutbolHoy\",\"description\":\"\",\"publisher\":{\"@id\":\"https:\/\/futbolhoy.co\/#organization\"},\"potentialAction\":[{\"@type\":\"SearchAction\",\"target\":{\"@type\":\"EntryPoint\",\"urlTemplate\":\"https:\/\/futbolhoy.co\/?s={search_term_string}\"},\"query-input\":{\"@type\":\"PropertyValueSpecification\",\"valueRequired\":true,\"valueName\":\"search_term_string\"}}],\"inLanguage\":\"es\"},{\"@type\":\"Organization\",\"@id\":\"https:\/\/futbolhoy.co\/#organization\",\"name\":\"Futbolhoy.co\",\"url\":\"https:\/\/futbolhoy.co\/\",\"logo\":{\"@type\":\"ImageObject\",\"inLanguage\":\"es\",\"@id\":\"https:\/\/futbolhoy.co\/#\/schema\/logo\/image\/\",\"url\":\"https:\/\/futbolhoy.co\/wp-content\/uploads\/2018\/08\/17426380_1906371736249227_6326180412931521141_n.jpg\",\"contentUrl\":\"https:\/\/futbolhoy.co\/wp-content\/uploads\/2018\/08\/17426380_1906371736249227_6326180412931521141_n.jpg\",\"width\":960,\"height\":960,\"caption\":\"Futbolhoy.co\"},\"image\":{\"@id\":\"https:\/\/futbolhoy.co\/#\/schema\/logo\/image\/\"},\"sameAs\":[\"https:\/\/www.facebook.com\/FutbolHoyCol\/\",\"https:\/\/x.com\/FutbolHoyCol\",\"https:\/\/www.instagram.com\/futbolhoycol\/\"]},{\"@type\":\"Person\",\"@id\":\"https:\/\/futbolhoy.co\/#\/schema\/person\/c4a353a512b127643723a34bb1812f7d\",\"name\":\"Laura Hern\u00e1ndez\",\"image\":{\"@type\":\"ImageObject\",\"inLanguage\":\"es\",\"@id\":\"https:\/\/futbolhoy.co\/#\/schema\/person\/image\/\",\"url\":\"https:\/\/secure.gravatar.com\/avatar\/d25959a15b9b293a743f99181c7cfd01?s=96&d=mm&r=g\",\"contentUrl\":\"https:\/\/secure.gravatar.com\/avatar\/d25959a15b9b293a743f99181c7cfd01?s=96&d=mm&r=g\",\"caption\":\"Laura Hern\u00e1ndez\"}}]}<\/script>\n<!-- \/ Yoast SEO plugin. -->","yoast_head_json":{"title":"Tolima y Medell\u00edn, a tercera ronda de la Libertadores -","robots":{"index":"index","follow":"follow","max-snippet":"max-snippet:-1","max-image-preview":"max-image-preview:large","max-video-preview":"max-video-preview:-1"},"canonical":"https:\/\/futbolhoy.co\/index.php\/2020\/02\/11\/medellin-avanzo-en-copa-libertadores\/","og_locale":"es_ES","og_type":"article","og_title":"Tolima y Medell\u00edn, a tercera ronda de la Libertadores -","og_description":"Deportes Tolima e Independiente Medell\u00edn se clasificaron a la tercera fase de la Copa Libertadores, tras cumplir con sus respectivos partidos de vuelta ante el Macar\u00e1 de Ecuador y el Deportivo T\u00e1chira de Venezuela. El cuadro de Ibagu\u00e9 volvi\u00f3 a imponerse 1-0 en su estadio a los ecuatorianos con anotaci\u00f3n de Jaminton Campaz a los [&hellip;]","og_url":"https:\/\/futbolhoy.co\/index.php\/2020\/02\/11\/medellin-avanzo-en-copa-libertadores\/","article_publisher":"https:\/\/www.facebook.com\/FutbolHoyCol\/","article_published_time":"2020-02-12T01:02:19+00:00","article_modified_time":"2020-02-12T18:03:19+00:00","og_image":[{"width":1024,"height":1024,"url":"https:\/\/futbolhoy.co\/wp-content\/uploads\/2020\/02\/EQiP0K4XkAAm5EZ.jpg","type":"image\/jpeg"}],"author":"Laura Hern\u00e1ndez","twitter_card":"summary_large_image","twitter_creator":"@FutbolHoyCol","twitter_site":"@FutbolHoyCol","twitter_misc":{"Escrito por":"Laura Hern\u00e1ndez","Tiempo de lectura":"1 minuto"},"schema":{"@context":"https:\/\/schema.org","@graph":[{"@type":"Article","@id":"https:\/\/futbolhoy.co\/index.php\/2020\/02\/11\/medellin-avanzo-en-copa-libertadores\/#article","isPartOf":{"@id":"https:\/\/futbolhoy.co\/index.php\/2020\/02\/11\/medellin-avanzo-en-copa-libertadores\/"},"author":{"name":"Laura Hern\u00e1ndez","@id":"https:\/\/futbolhoy.co\/#\/schema\/person\/c4a353a512b127643723a34bb1812f7d"},"headline":"Tolima y Medell\u00edn, a tercera ronda de la Libertadores","datePublished":"2020-02-12T01:02:19+00:00","dateModified":"2020-02-12T18:03:19+00:00","mainEntityOfPage":{"@id":"https:\/\/futbolhoy.co\/index.php\/2020\/02\/11\/medellin-avanzo-en-copa-libertadores\/"},"wordCount":308,"commentCount":0,"publisher":{"@id":"https:\/\/futbolhoy.co\/#organization"},"image":{"@id":"https:\/\/futbolhoy.co\/index.php\/2020\/02\/11\/medellin-avanzo-en-copa-libertadores\/#primaryimage"},"thumbnailUrl":"https:\/\/futbolhoy.co\/wp-content\/uploads\/2020\/02\/EQiP0K4XkAAm5EZ.jpg","keywords":["Copa Libertadores","Medell\u00edn","Tolima"],"articleSection":["Libertadores"],"inLanguage":"es","potentialAction":[{"@type":"CommentAction","name":"Comment","target":["https:\/\/futbolhoy.co\/index.php\/2020\/02\/11\/medellin-avanzo-en-copa-libertadores\/#respond"]}]},{"@type":"WebPage","@id":"https:\/\/futbolhoy.co\/index.php\/2020\/02\/11\/medellin-avanzo-en-copa-libertadores\/","url":"https:\/\/futbolhoy.co\/index.php\/2020\/02\/11\/medellin-avanzo-en-copa-libertadores\/","name":"Tolima y Medell\u00edn, a tercera ronda de la Libertadores -","isPartOf":{"@id":"https:\/\/futbolhoy.co\/#website"},"primaryImageOfPage":{"@id":"https:\/\/futbolhoy.co\/index.php\/2020\/02\/11\/medellin-avanzo-en-copa-libertadores\/#primaryimage"},"image":{"@id":"https:\/\/futbolhoy.co\/index.php\/2020\/02\/11\/medellin-avanzo-en-copa-libertadores\/#primaryimage"},"thumbnailUrl":"https:\/\/futbolhoy.co\/wp-content\/uploads\/2020\/02\/EQiP0K4XkAAm5EZ.jpg","datePublished":"2020-02-12T01:02:19+00:00","dateModified":"2020-02-12T18:03:19+00:00","breadcrumb":{"@id":"https:\/\/futbolhoy.co\/index.php\/2020\/02\/11\/medellin-avanzo-en-copa-libertadores\/#breadcrumb"},"inLanguage":"es","potentialAction":[{"@type":"ReadAction","target":["https:\/\/futbolhoy.co\/index.php\/2020\/02\/11\/medellin-avanzo-en-copa-libertadores\/"]}]},{"@type":"ImageObject","inLanguage":"es","@id":"https:\/\/futbolhoy.co\/index.php\/2020\/02\/11\/medellin-avanzo-en-copa-libertadores\/#primaryimage","url":"https:\/\/futbolhoy.co\/wp-content\/uploads\/2020\/02\/EQiP0K4XkAAm5EZ.jpg","contentUrl":"https:\/\/futbolhoy.co\/wp-content\/uploads\/2020\/02\/EQiP0K4XkAAm5EZ.jpg","width":1024,"height":1024},{"@type":"BreadcrumbList","@id":"https:\/\/futbolhoy.co\/index.php\/2020\/02\/11\/medellin-avanzo-en-copa-libertadores\/#breadcrumb","itemListElement":[{"@type":"ListItem","position":1,"name":"Portada","item":"https:\/\/futbolhoy.co\/"},{"@type":"ListItem","position":2,"name":"Tolima y Medell\u00edn, a tercera ronda de la Libertadores"}]},{"@type":"WebSite","@id":"https:\/\/futbolhoy.co\/#website","url":"https:\/\/futbolhoy.co\/","name":"FutbolHoy","description":"","publisher":{"@id":"https:\/\/futbolhoy.co\/#organization"},"potentialAction":[{"@type":"SearchAction","target":{"@type":"EntryPoint","urlTemplate":"https:\/\/futbolhoy.co\/?s={search_term_string}"},"query-input":{"@type":"PropertyValueSpecification","valueRequired":true,"valueName":"search_term_string"}}],"inLanguage":"es"},{"@type":"Organization","@id":"https:\/\/futbolhoy.co\/#organization","name":"Futbolhoy.co","url":"https:\/\/futbolhoy.co\/","logo":{"@type":"ImageObject","inLanguage":"es","@id":"https:\/\/futbolhoy.co\/#\/schema\/logo\/image\/","url":"https:\/\/futbolhoy.co\/wp-content\/uploads\/2018\/08\/17426380_1906371736249227_6326180412931521141_n.jpg","contentUrl":"https:\/\/futbolhoy.co\/wp-content\/uploads\/2018\/08\/17426380_1906371736249227_6326180412931521141_n.jpg","width":960,"height":960,"caption":"Futbolhoy.co"},"image":{"@id":"https:\/\/futbolhoy.co\/#\/schema\/logo\/image\/"},"sameAs":["https:\/\/www.facebook.com\/FutbolHoyCol\/","https:\/\/x.com\/FutbolHoyCol","https:\/\/www.instagram.com\/futbolhoycol\/"]},{"@type":"Person","@id":"https:\/\/futbolhoy.co\/#\/schema\/person\/c4a353a512b127643723a34bb1812f7d","name":"Laura Hern\u00e1ndez","image":{"@type":"ImageObject","inLanguage":"es","@id":"https:\/\/futbolhoy.co\/#\/schema\/person\/image\/","url":"https:\/\/secure.gravatar.com\/avatar\/d25959a15b9b293a743f99181c7cfd01?s=96&d=mm&r=g","contentUrl":"https:\/\/secure.gravatar.com\/avatar\/d25959a15b9b293a743f99181c7cfd01?s=96&d=mm&r=g","caption":"Laura Hern\u00e1ndez"}}]}},"publishpress_future_action":{"enabled":false,"date":"2026-05-03 06:07:59","action":"change-status","newStatus":"draft","terms":[],"taxonomy":"category","extraData":[]},"publishpress_future_workflow_manual_trigger":{"enabledWorkflows":[]},"_links":{"self":[{"href":"https:\/\/futbolhoy.co\/index.php\/wp-json\/wp\/v2\/posts\/47525","targetHints":{"allow":["GET"]}}],"collection":[{"href":"https:\/\/futbolhoy.co\/index.php\/wp-json\/wp\/v2\/posts"}],"about":[{"href":"https:\/\/futbolhoy.co\/index.php\/wp-json\/wp\/v2\/types\/post"}],"author":[{"embeddable":true,"href":"https:\/\/futbolhoy.co\/index.php\/wp-json\/wp\/v2\/users\/5"}],"replies":[{"embeddable":true,"href":"https:\/\/futbolhoy.co\/index.php\/wp-json\/wp\/v2\/comments?post=47525"}],"version-history":[{"count":6,"href":"https:\/\/futbolhoy.co\/index.php\/wp-json\/wp\/v2\/posts\/47525\/revisions"}],"predecessor-version":[{"id":47540,"href":"https:\/\/futbolhoy.co\/index.php\/wp-json\/wp\/v2\/posts\/47525\/revisions\/47540"}],"wp:featuredmedia":[{"embeddable":true,"href":"https:\/\/futbolhoy.co\/index.php\/wp-json\/wp\/v2\/media\/47526"}],"wp:attachment":[{"href":"https:\/\/futbolhoy.co\/index.php\/wp-json\/wp\/v2\/media?parent=47525"}],"wp:term":[{"taxonomy":"category","embeddable":true,"href":"https:\/\/futbolhoy.co\/index.php\/wp-json\/wp\/v2\/categories?post=47525"},{"taxonomy":"post_tag","embeddable":true,"href":"https:\/\/futbolhoy.co\/index.php\/wp-json\/wp\/v2\/tags?post=47525"}],"curies":[{"name":"wp","href":"https:\/\/api.w.org\/{rel}","templated":true}]}}