{"id":47529,"date":"2020-02-11T21:48:45","date_gmt":"2020-02-12T02:48:45","guid":{"rendered":"https:\/\/futbolhoy.co\/?p=47529"},"modified":"2020-02-12T19:51:33","modified_gmt":"2020-02-13T00:51:33","slug":"cali-debuto-con-victoria-en-la-sudamericana-2","status":"publish","type":"post","link":"https:\/\/futbolhoy.co\/index.php\/2020\/02\/11\/cali-debuto-con-victoria-en-la-sudamericana-2\/","title":{"rendered":"Cali debut\u00f3 con victoria en la Sudamericana"},"content":{"rendered":"<p style=\"text-align: justify;\"><span style=\"font-family: helvetica, arial, sans-serif;\"><strong>Deportivo Cali<\/strong> venci\u00f3 2-1 a <strong>River Plate<\/strong> de Paraguay en el partido de ida de la primera fase de la Copa Sudamericana disputado en el Estadio Palmaseca.\u00a0<\/span><\/p>\n<p style=\"text-align: justify;\"><span style=\"font-family: helvetica, arial, sans-serif;\">El primer gol del cuadro azucarero fue de<strong> Jhon V\u00e1squez<\/strong>\u00a0 de cabeza en el minuto 5 asistido por <strong>Darwin<\/strong> <strong>Andrade<\/strong>, mientras que el segundo lo marc\u00f3<strong> Jes\u00fas Arrieta<\/strong> en el 39. <strong>Cali<\/strong> pudo marcar el tercero en el minuto 72, pero el remate se estrell\u00f3 en el palo.\u00a0<\/span><\/p>\n<p style=\"text-align: justify;\"><span style=\"font-family: helvetica, arial, sans-serif;\">El \u00fanico gol del visitante se dio en el minuto 77 tras un remate de <strong>Dionisio P\u00e9rez.<\/strong>\u00a0<\/span><\/p>\n<p style=\"text-align: justify;\"><span style=\"font-family: helvetica, arial, sans-serif;\"><strong>Jhon V\u00e1squez<\/strong> fue expulsado en el minuto 90 tras una patada y se perder\u00e1 el partido de vuelta que se jugar\u00e1 en el <strong>Estadio Luis Alfonso Giagni<\/strong> el pr\u00f3ximo 25 de febrero a partir de las 7:30 pm.\u00a0<\/span><\/p>\n<p style=\"text-align: justify;\"><strong><span style=\"font-family: helvetica, arial, sans-serif;\">Formaciones<\/span><\/strong><\/p>\n<p style=\"text-align: justify;\"><span style=\"font-family: helvetica, arial, sans-serif;\"><strong>Cali<\/strong>: David Gonz\u00e1lez; Juan Angulo, Eduard Caicedo, Hern\u00e1n Menosse, Darwin Andrade; Andr\u00e9s Colorado, Juan Daniel Roa (Deiber Caicedo 46'), Carlos Lizarazo (Andr\u00e9s Arroyo 73'), Agust\u00edn Palavecino; John V\u00e1squez y Jes\u00fas Arrieta (Richard Renter\u00eda 65').<\/span><\/p>\n<p style=\"text-align: justify;\"><span style=\"font-family: helvetica, arial, sans-serif;\"><strong>River Plate<\/strong>: Pablo Gavil\u00e1n; Mario Saldivar, Gustavo Gim\u00e9nez, Alvaro Pereira, Rodrigo Alborno (Barreto 84'); Ram\u00f3n Sosa, Emiliano Ag\u00fcero, Armando Vera (Dionisio P\u00e9rez 60'), Alberto Contrera; Jonathan Requena, Marco Prieto (Juan Gauto 55').<\/span><\/p>\n","protected":false},"excerpt":{"rendered":"<p>Deportivo Cali venci\u00f3 2-1 a River Plate de Paraguay en el partido de ida de la primera fase de la Copa Sudamericana disputado en el Estadio Palmaseca.\u00a0 El primer gol del cuadro azucarero fue de Jhon V\u00e1squez\u00a0 de cabeza en el minuto 5 asistido por Darwin Andrade, mientras que el segundo lo marc\u00f3 Jes\u00fas Arrieta [&hellip;]<\/p>\n","protected":false},"author":5,"featured_media":47534,"comment_status":"open","ping_status":"open","sticky":false,"template":"","format":"standard","meta":{"_acf_changed":false,"footnotes":""},"categories":[152],"tags":[91],"class_list":{"0":"post-47529","1":"post","2":"type-post","3":"status-publish","4":"format-standard","5":"has-post-thumbnail","7":"category-mundo-futbol","8":"tag-copa-sudamericana"},"acf":[],"yoast_head":"<!-- This site is optimized with the Yoast SEO plugin v26.8 - https:\/\/yoast.com\/product\/yoast-seo-wordpress\/ -->\n<title>Cali debut\u00f3 con victoria en la Sudamericana -<\/title>\n<meta name=\"robots\" content=\"index, follow, max-snippet:-1, max-image-preview:large, max-video-preview:-1\" \/>\n<link rel=\"canonical\" href=\"https:\/\/futbolhoy.co\/index.php\/2020\/02\/11\/cali-debuto-con-victoria-en-la-sudamericana-2\/\" \/>\n<meta property=\"og:locale\" content=\"es_ES\" \/>\n<meta property=\"og:type\" content=\"article\" \/>\n<meta property=\"og:title\" content=\"Cali debut\u00f3 con victoria en la Sudamericana -\" \/>\n<meta property=\"og:description\" content=\"Deportivo Cali venci\u00f3 2-1 a River Plate de Paraguay en el partido de ida de la primera fase de la Copa Sudamericana disputado en el Estadio Palmaseca.\u00a0 El primer gol del cuadro azucarero fue de Jhon V\u00e1squez\u00a0 de cabeza en el minuto 5 asistido por Darwin Andrade, mientras que el segundo lo marc\u00f3 Jes\u00fas Arrieta [&hellip;]\" \/>\n<meta property=\"og:url\" content=\"https:\/\/futbolhoy.co\/index.php\/2020\/02\/11\/cali-debuto-con-victoria-en-la-sudamericana-2\/\" \/>\n<meta property=\"article:publisher\" content=\"https:\/\/www.facebook.com\/FutbolHoyCol\/\" \/>\n<meta property=\"article:published_time\" content=\"2020-02-12T02:48:45+00:00\" \/>\n<meta property=\"article:modified_time\" content=\"2020-02-13T00:51:33+00:00\" \/>\n<meta property=\"og:image\" content=\"https:\/\/futbolhoy.co\/wp-content\/uploads\/2020\/02\/EQiqVn3X0AA9PWs.jpg\" \/>\n\t<meta property=\"og:image:width\" content=\"1001\" \/>\n\t<meta property=\"og:image:height\" content=\"1280\" \/>\n\t<meta property=\"og:image:type\" content=\"image\/jpeg\" \/>\n<meta name=\"author\" content=\"Laura Hern\u00e1ndez\" \/>\n<meta name=\"twitter:card\" content=\"summary_large_image\" \/>\n<meta name=\"twitter:creator\" content=\"@FutbolHoyCol\" \/>\n<meta name=\"twitter:site\" content=\"@FutbolHoyCol\" \/>\n<meta name=\"twitter:label1\" content=\"Escrito por\" \/>\n\t<meta name=\"twitter:data1\" content=\"Laura Hern\u00e1ndez\" \/>\n\t<meta name=\"twitter:label2\" content=\"Tiempo de lectura\" \/>\n\t<meta name=\"twitter:data2\" content=\"1 minuto\" \/>\n<script type=\"application\/ld+json\" class=\"yoast-schema-graph\">{\"@context\":\"https:\/\/schema.org\",\"@graph\":[{\"@type\":\"Article\",\"@id\":\"https:\/\/futbolhoy.co\/index.php\/2020\/02\/11\/cali-debuto-con-victoria-en-la-sudamericana-2\/#article\",\"isPartOf\":{\"@id\":\"https:\/\/futbolhoy.co\/index.php\/2020\/02\/11\/cali-debuto-con-victoria-en-la-sudamericana-2\/\"},\"author\":{\"name\":\"Laura Hern\u00e1ndez\",\"@id\":\"https:\/\/futbolhoy.co\/#\/schema\/person\/c4a353a512b127643723a34bb1812f7d\"},\"headline\":\"Cali debut\u00f3 con victoria en la Sudamericana\",\"datePublished\":\"2020-02-12T02:48:45+00:00\",\"dateModified\":\"2020-02-13T00:51:33+00:00\",\"mainEntityOfPage\":{\"@id\":\"https:\/\/futbolhoy.co\/index.php\/2020\/02\/11\/cali-debuto-con-victoria-en-la-sudamericana-2\/\"},\"wordCount\":215,\"commentCount\":0,\"publisher\":{\"@id\":\"https:\/\/futbolhoy.co\/#organization\"},\"image\":{\"@id\":\"https:\/\/futbolhoy.co\/index.php\/2020\/02\/11\/cali-debuto-con-victoria-en-la-sudamericana-2\/#primaryimage\"},\"thumbnailUrl\":\"https:\/\/futbolhoy.co\/wp-content\/uploads\/2020\/02\/EQiqVn3X0AA9PWs.jpg\",\"keywords\":[\"Copa Sudam\u00e9ricana\"],\"articleSection\":[\"Mundo Futbol\"],\"inLanguage\":\"es\",\"potentialAction\":[{\"@type\":\"CommentAction\",\"name\":\"Comment\",\"target\":[\"https:\/\/futbolhoy.co\/index.php\/2020\/02\/11\/cali-debuto-con-victoria-en-la-sudamericana-2\/#respond\"]}]},{\"@type\":\"WebPage\",\"@id\":\"https:\/\/futbolhoy.co\/index.php\/2020\/02\/11\/cali-debuto-con-victoria-en-la-sudamericana-2\/\",\"url\":\"https:\/\/futbolhoy.co\/index.php\/2020\/02\/11\/cali-debuto-con-victoria-en-la-sudamericana-2\/\",\"name\":\"Cali debut\u00f3 con victoria en la Sudamericana -\",\"isPartOf\":{\"@id\":\"https:\/\/futbolhoy.co\/#website\"},\"primaryImageOfPage\":{\"@id\":\"https:\/\/futbolhoy.co\/index.php\/2020\/02\/11\/cali-debuto-con-victoria-en-la-sudamericana-2\/#primaryimage\"},\"image\":{\"@id\":\"https:\/\/futbolhoy.co\/index.php\/2020\/02\/11\/cali-debuto-con-victoria-en-la-sudamericana-2\/#primaryimage\"},\"thumbnailUrl\":\"https:\/\/futbolhoy.co\/wp-content\/uploads\/2020\/02\/EQiqVn3X0AA9PWs.jpg\",\"datePublished\":\"2020-02-12T02:48:45+00:00\",\"dateModified\":\"2020-02-13T00:51:33+00:00\",\"breadcrumb\":{\"@id\":\"https:\/\/futbolhoy.co\/index.php\/2020\/02\/11\/cali-debuto-con-victoria-en-la-sudamericana-2\/#breadcrumb\"},\"inLanguage\":\"es\",\"potentialAction\":[{\"@type\":\"ReadAction\",\"target\":[\"https:\/\/futbolhoy.co\/index.php\/2020\/02\/11\/cali-debuto-con-victoria-en-la-sudamericana-2\/\"]}]},{\"@type\":\"ImageObject\",\"inLanguage\":\"es\",\"@id\":\"https:\/\/futbolhoy.co\/index.php\/2020\/02\/11\/cali-debuto-con-victoria-en-la-sudamericana-2\/#primaryimage\",\"url\":\"https:\/\/futbolhoy.co\/wp-content\/uploads\/2020\/02\/EQiqVn3X0AA9PWs.jpg\",\"contentUrl\":\"https:\/\/futbolhoy.co\/wp-content\/uploads\/2020\/02\/EQiqVn3X0AA9PWs.jpg\",\"width\":1001,\"height\":1280},{\"@type\":\"BreadcrumbList\",\"@id\":\"https:\/\/futbolhoy.co\/index.php\/2020\/02\/11\/cali-debuto-con-victoria-en-la-sudamericana-2\/#breadcrumb\",\"itemListElement\":[{\"@type\":\"ListItem\",\"position\":1,\"name\":\"Portada\",\"item\":\"https:\/\/futbolhoy.co\/\"},{\"@type\":\"ListItem\",\"position\":2,\"name\":\"Cali debut\u00f3 con victoria en la Sudamericana\"}]},{\"@type\":\"WebSite\",\"@id\":\"https:\/\/futbolhoy.co\/#website\",\"url\":\"https:\/\/futbolhoy.co\/\",\"name\":\"FutbolHoy\",\"description\":\"\",\"publisher\":{\"@id\":\"https:\/\/futbolhoy.co\/#organization\"},\"potentialAction\":[{\"@type\":\"SearchAction\",\"target\":{\"@type\":\"EntryPoint\",\"urlTemplate\":\"https:\/\/futbolhoy.co\/?s={search_term_string}\"},\"query-input\":{\"@type\":\"PropertyValueSpecification\",\"valueRequired\":true,\"valueName\":\"search_term_string\"}}],\"inLanguage\":\"es\"},{\"@type\":\"Organization\",\"@id\":\"https:\/\/futbolhoy.co\/#organization\",\"name\":\"Futbolhoy.co\",\"url\":\"https:\/\/futbolhoy.co\/\",\"logo\":{\"@type\":\"ImageObject\",\"inLanguage\":\"es\",\"@id\":\"https:\/\/futbolhoy.co\/#\/schema\/logo\/image\/\",\"url\":\"https:\/\/futbolhoy.co\/wp-content\/uploads\/2018\/08\/17426380_1906371736249227_6326180412931521141_n.jpg\",\"contentUrl\":\"https:\/\/futbolhoy.co\/wp-content\/uploads\/2018\/08\/17426380_1906371736249227_6326180412931521141_n.jpg\",\"width\":960,\"height\":960,\"caption\":\"Futbolhoy.co\"},\"image\":{\"@id\":\"https:\/\/futbolhoy.co\/#\/schema\/logo\/image\/\"},\"sameAs\":[\"https:\/\/www.facebook.com\/FutbolHoyCol\/\",\"https:\/\/x.com\/FutbolHoyCol\",\"https:\/\/www.instagram.com\/futbolhoycol\/\"]},{\"@type\":\"Person\",\"@id\":\"https:\/\/futbolhoy.co\/#\/schema\/person\/c4a353a512b127643723a34bb1812f7d\",\"name\":\"Laura Hern\u00e1ndez\",\"image\":{\"@type\":\"ImageObject\",\"inLanguage\":\"es\",\"@id\":\"https:\/\/futbolhoy.co\/#\/schema\/person\/image\/\",\"url\":\"https:\/\/secure.gravatar.com\/avatar\/d25959a15b9b293a743f99181c7cfd01?s=96&d=mm&r=g\",\"contentUrl\":\"https:\/\/secure.gravatar.com\/avatar\/d25959a15b9b293a743f99181c7cfd01?s=96&d=mm&r=g\",\"caption\":\"Laura Hern\u00e1ndez\"}}]}<\/script>\n<!-- \/ Yoast SEO plugin. -->","yoast_head_json":{"title":"Cali debut\u00f3 con victoria en la Sudamericana -","robots":{"index":"index","follow":"follow","max-snippet":"max-snippet:-1","max-image-preview":"max-image-preview:large","max-video-preview":"max-video-preview:-1"},"canonical":"https:\/\/futbolhoy.co\/index.php\/2020\/02\/11\/cali-debuto-con-victoria-en-la-sudamericana-2\/","og_locale":"es_ES","og_type":"article","og_title":"Cali debut\u00f3 con victoria en la Sudamericana -","og_description":"Deportivo Cali venci\u00f3 2-1 a River Plate de Paraguay en el partido de ida de la primera fase de la Copa Sudamericana disputado en el Estadio Palmaseca.\u00a0 El primer gol del cuadro azucarero fue de Jhon V\u00e1squez\u00a0 de cabeza en el minuto 5 asistido por Darwin Andrade, mientras que el segundo lo marc\u00f3 Jes\u00fas Arrieta [&hellip;]","og_url":"https:\/\/futbolhoy.co\/index.php\/2020\/02\/11\/cali-debuto-con-victoria-en-la-sudamericana-2\/","article_publisher":"https:\/\/www.facebook.com\/FutbolHoyCol\/","article_published_time":"2020-02-12T02:48:45+00:00","article_modified_time":"2020-02-13T00:51:33+00:00","og_image":[{"width":1001,"height":1280,"url":"https:\/\/futbolhoy.co\/wp-content\/uploads\/2020\/02\/EQiqVn3X0AA9PWs.jpg","type":"image\/jpeg"}],"author":"Laura Hern\u00e1ndez","twitter_card":"summary_large_image","twitter_creator":"@FutbolHoyCol","twitter_site":"@FutbolHoyCol","twitter_misc":{"Escrito por":"Laura Hern\u00e1ndez","Tiempo de lectura":"1 minuto"},"schema":{"@context":"https:\/\/schema.org","@graph":[{"@type":"Article","@id":"https:\/\/futbolhoy.co\/index.php\/2020\/02\/11\/cali-debuto-con-victoria-en-la-sudamericana-2\/#article","isPartOf":{"@id":"https:\/\/futbolhoy.co\/index.php\/2020\/02\/11\/cali-debuto-con-victoria-en-la-sudamericana-2\/"},"author":{"name":"Laura Hern\u00e1ndez","@id":"https:\/\/futbolhoy.co\/#\/schema\/person\/c4a353a512b127643723a34bb1812f7d"},"headline":"Cali debut\u00f3 con victoria en la Sudamericana","datePublished":"2020-02-12T02:48:45+00:00","dateModified":"2020-02-13T00:51:33+00:00","mainEntityOfPage":{"@id":"https:\/\/futbolhoy.co\/index.php\/2020\/02\/11\/cali-debuto-con-victoria-en-la-sudamericana-2\/"},"wordCount":215,"commentCount":0,"publisher":{"@id":"https:\/\/futbolhoy.co\/#organization"},"image":{"@id":"https:\/\/futbolhoy.co\/index.php\/2020\/02\/11\/cali-debuto-con-victoria-en-la-sudamericana-2\/#primaryimage"},"thumbnailUrl":"https:\/\/futbolhoy.co\/wp-content\/uploads\/2020\/02\/EQiqVn3X0AA9PWs.jpg","keywords":["Copa Sudam\u00e9ricana"],"articleSection":["Mundo Futbol"],"inLanguage":"es","potentialAction":[{"@type":"CommentAction","name":"Comment","target":["https:\/\/futbolhoy.co\/index.php\/2020\/02\/11\/cali-debuto-con-victoria-en-la-sudamericana-2\/#respond"]}]},{"@type":"WebPage","@id":"https:\/\/futbolhoy.co\/index.php\/2020\/02\/11\/cali-debuto-con-victoria-en-la-sudamericana-2\/","url":"https:\/\/futbolhoy.co\/index.php\/2020\/02\/11\/cali-debuto-con-victoria-en-la-sudamericana-2\/","name":"Cali debut\u00f3 con victoria en la Sudamericana -","isPartOf":{"@id":"https:\/\/futbolhoy.co\/#website"},"primaryImageOfPage":{"@id":"https:\/\/futbolhoy.co\/index.php\/2020\/02\/11\/cali-debuto-con-victoria-en-la-sudamericana-2\/#primaryimage"},"image":{"@id":"https:\/\/futbolhoy.co\/index.php\/2020\/02\/11\/cali-debuto-con-victoria-en-la-sudamericana-2\/#primaryimage"},"thumbnailUrl":"https:\/\/futbolhoy.co\/wp-content\/uploads\/2020\/02\/EQiqVn3X0AA9PWs.jpg","datePublished":"2020-02-12T02:48:45+00:00","dateModified":"2020-02-13T00:51:33+00:00","breadcrumb":{"@id":"https:\/\/futbolhoy.co\/index.php\/2020\/02\/11\/cali-debuto-con-victoria-en-la-sudamericana-2\/#breadcrumb"},"inLanguage":"es","potentialAction":[{"@type":"ReadAction","target":["https:\/\/futbolhoy.co\/index.php\/2020\/02\/11\/cali-debuto-con-victoria-en-la-sudamericana-2\/"]}]},{"@type":"ImageObject","inLanguage":"es","@id":"https:\/\/futbolhoy.co\/index.php\/2020\/02\/11\/cali-debuto-con-victoria-en-la-sudamericana-2\/#primaryimage","url":"https:\/\/futbolhoy.co\/wp-content\/uploads\/2020\/02\/EQiqVn3X0AA9PWs.jpg","contentUrl":"https:\/\/futbolhoy.co\/wp-content\/uploads\/2020\/02\/EQiqVn3X0AA9PWs.jpg","width":1001,"height":1280},{"@type":"BreadcrumbList","@id":"https:\/\/futbolhoy.co\/index.php\/2020\/02\/11\/cali-debuto-con-victoria-en-la-sudamericana-2\/#breadcrumb","itemListElement":[{"@type":"ListItem","position":1,"name":"Portada","item":"https:\/\/futbolhoy.co\/"},{"@type":"ListItem","position":2,"name":"Cali debut\u00f3 con victoria en la Sudamericana"}]},{"@type":"WebSite","@id":"https:\/\/futbolhoy.co\/#website","url":"https:\/\/futbolhoy.co\/","name":"FutbolHoy","description":"","publisher":{"@id":"https:\/\/futbolhoy.co\/#organization"},"potentialAction":[{"@type":"SearchAction","target":{"@type":"EntryPoint","urlTemplate":"https:\/\/futbolhoy.co\/?s={search_term_string}"},"query-input":{"@type":"PropertyValueSpecification","valueRequired":true,"valueName":"search_term_string"}}],"inLanguage":"es"},{"@type":"Organization","@id":"https:\/\/futbolhoy.co\/#organization","name":"Futbolhoy.co","url":"https:\/\/futbolhoy.co\/","logo":{"@type":"ImageObject","inLanguage":"es","@id":"https:\/\/futbolhoy.co\/#\/schema\/logo\/image\/","url":"https:\/\/futbolhoy.co\/wp-content\/uploads\/2018\/08\/17426380_1906371736249227_6326180412931521141_n.jpg","contentUrl":"https:\/\/futbolhoy.co\/wp-content\/uploads\/2018\/08\/17426380_1906371736249227_6326180412931521141_n.jpg","width":960,"height":960,"caption":"Futbolhoy.co"},"image":{"@id":"https:\/\/futbolhoy.co\/#\/schema\/logo\/image\/"},"sameAs":["https:\/\/www.facebook.com\/FutbolHoyCol\/","https:\/\/x.com\/FutbolHoyCol","https:\/\/www.instagram.com\/futbolhoycol\/"]},{"@type":"Person","@id":"https:\/\/futbolhoy.co\/#\/schema\/person\/c4a353a512b127643723a34bb1812f7d","name":"Laura Hern\u00e1ndez","image":{"@type":"ImageObject","inLanguage":"es","@id":"https:\/\/futbolhoy.co\/#\/schema\/person\/image\/","url":"https:\/\/secure.gravatar.com\/avatar\/d25959a15b9b293a743f99181c7cfd01?s=96&d=mm&r=g","contentUrl":"https:\/\/secure.gravatar.com\/avatar\/d25959a15b9b293a743f99181c7cfd01?s=96&d=mm&r=g","caption":"Laura Hern\u00e1ndez"}}]}},"publishpress_future_action":{"enabled":false,"date":"2026-05-03 02:01:51","action":"change-status","newStatus":"draft","terms":[],"taxonomy":"category","extraData":[]},"publishpress_future_workflow_manual_trigger":{"enabledWorkflows":[]},"_links":{"self":[{"href":"https:\/\/futbolhoy.co\/index.php\/wp-json\/wp\/v2\/posts\/47529","targetHints":{"allow":["GET"]}}],"collection":[{"href":"https:\/\/futbolhoy.co\/index.php\/wp-json\/wp\/v2\/posts"}],"about":[{"href":"https:\/\/futbolhoy.co\/index.php\/wp-json\/wp\/v2\/types\/post"}],"author":[{"embeddable":true,"href":"https:\/\/futbolhoy.co\/index.php\/wp-json\/wp\/v2\/users\/5"}],"replies":[{"embeddable":true,"href":"https:\/\/futbolhoy.co\/index.php\/wp-json\/wp\/v2\/comments?post=47529"}],"version-history":[{"count":1,"href":"https:\/\/futbolhoy.co\/index.php\/wp-json\/wp\/v2\/posts\/47529\/revisions"}],"predecessor-version":[{"id":47536,"href":"https:\/\/futbolhoy.co\/index.php\/wp-json\/wp\/v2\/posts\/47529\/revisions\/47536"}],"wp:featuredmedia":[{"embeddable":true,"href":"https:\/\/futbolhoy.co\/index.php\/wp-json\/wp\/v2\/media\/47534"}],"wp:attachment":[{"href":"https:\/\/futbolhoy.co\/index.php\/wp-json\/wp\/v2\/media?parent=47529"}],"wp:term":[{"taxonomy":"category","embeddable":true,"href":"https:\/\/futbolhoy.co\/index.php\/wp-json\/wp\/v2\/categories?post=47529"},{"taxonomy":"post_tag","embeddable":true,"href":"https:\/\/futbolhoy.co\/index.php\/wp-json\/wp\/v2\/tags?post=47529"}],"curies":[{"name":"wp","href":"https:\/\/api.w.org\/{rel}","templated":true}]}}