{"id":47587,"date":"2020-02-13T19:06:47","date_gmt":"2020-02-14T00:06:47","guid":{"rendered":"https:\/\/futbolhoy.co\/?p=47587"},"modified":"2020-02-14T15:52:23","modified_gmt":"2020-02-14T20:52:23","slug":"la-juve-salvo-un-empate-en-semis-de-copa-italia","status":"publish","type":"post","link":"https:\/\/futbolhoy.co\/index.php\/2020\/02\/13\/la-juve-salvo-un-empate-en-semis-de-copa-italia\/","title":{"rendered":"La \u2018Juve\u2019 salv\u00f3 un empate en semis de Copa Italia"},"content":{"rendered":"<p style=\"text-align: justify;\"><span style=\"font-family: helvetica, arial, sans-serif;\"><strong>Juventus,<\/strong> con el antioque\u00f1o <strong>Juan Guillermo Cuadrado<\/strong>, logr\u00f3 un valioso empate 1-1 ante <strong>Mil\u00e1n<\/strong> en el juego de ida por una de las semifinales de la Copa de Italia.<\/span><\/p>\n<p style=\"text-align: justify;\"><span style=\"font-family: helvetica, arial, sans-serif;\">La \u2018Juve\u2019 salv\u00f3 el punto con un penal convertido por <strong>Cristiano Ronaldo<\/strong> en el 90+1, gracias al cual el equipo de Tur\u00edn evit\u00f3 la derrota en San Siro y mantuvo la opci\u00f3n de seguir luchando por el t\u00edtulo del torneo.<\/span><\/p>\n<p style=\"text-align: justify;\"><span style=\"font-family: helvetica, arial, sans-serif;\">El croata <strong>Ante Rebic<\/strong>, a los 61 minutos, fue el encargado de abrir el marcador.<\/span><\/p>\n<p style=\"text-align: justify;\"><span style=\"font-family: helvetica, arial, sans-serif;\"><strong>Cuadrado<\/strong>, quien ven\u00eda actuando como lateral derecho y en este juego lo hizo como extremo, y el portero <strong>Gianluigi Buffon<\/strong> fueron los m\u00e1s destacados del equipo que dirige<strong> Maurizio Sarri<\/strong>.<\/span><\/p>\n<p style=\"text-align: justify;\"><span style=\"font-family: helvetica, arial, sans-serif;\">El <strong>N\u00e1poles<\/strong>, con <strong>David Ospina<\/strong>, se adelant\u00f3 el mi\u00e9rcoles en la otra semifinal, al vencer 0-1 en la ida al <strong>Inter de Mil\u00e1n<\/strong>.<\/span><\/p>\n<p style=\"text-align: justify;\"><span style=\"font-family: helvetica, arial, sans-serif;\">Los partidos de vuelta de estas semifinales se jugar\u00e1n los d\u00edas 4 y 5 de marzo.<\/span><\/p>\n","protected":false},"excerpt":{"rendered":"<p>Juventus, con el antioque\u00f1o Juan Guillermo Cuadrado, logr\u00f3 un valioso empate 1-1 ante Mil\u00e1n en el juego de ida por una de las semifinales de la Copa de Italia. La \u2018Juve\u2019 salv\u00f3 el punto con un penal convertido por Cristiano Ronaldo en el 90+1, gracias al cual el equipo de Tur\u00edn evit\u00f3 la derrota en [&hellip;]<\/p>\n","protected":false},"author":5,"featured_media":47593,"comment_status":"open","ping_status":"open","sticky":false,"template":"","format":"standard","meta":{"_acf_changed":false,"footnotes":""},"categories":[152],"tags":[],"class_list":{"0":"post-47587","1":"post","2":"type-post","3":"status-publish","4":"format-standard","5":"has-post-thumbnail","7":"category-mundo-futbol"},"acf":[],"yoast_head":"<!-- This site is optimized with the Yoast SEO plugin v26.8 - https:\/\/yoast.com\/product\/yoast-seo-wordpress\/ -->\n<title>La \u2018Juve\u2019 salv\u00f3 un empate en semis de Copa Italia -<\/title>\n<meta name=\"robots\" content=\"index, follow, max-snippet:-1, max-image-preview:large, max-video-preview:-1\" \/>\n<link rel=\"canonical\" href=\"https:\/\/futbolhoy.co\/index.php\/2020\/02\/13\/la-juve-salvo-un-empate-en-semis-de-copa-italia\/\" \/>\n<meta property=\"og:locale\" content=\"es_ES\" \/>\n<meta property=\"og:type\" content=\"article\" \/>\n<meta property=\"og:title\" content=\"La \u2018Juve\u2019 salv\u00f3 un empate en semis de Copa Italia -\" \/>\n<meta property=\"og:description\" content=\"Juventus, con el antioque\u00f1o Juan Guillermo Cuadrado, logr\u00f3 un valioso empate 1-1 ante Mil\u00e1n en el juego de ida por una de las semifinales de la Copa de Italia. La \u2018Juve\u2019 salv\u00f3 el punto con un penal convertido por Cristiano Ronaldo en el 90+1, gracias al cual el equipo de Tur\u00edn evit\u00f3 la derrota en [&hellip;]\" \/>\n<meta property=\"og:url\" content=\"https:\/\/futbolhoy.co\/index.php\/2020\/02\/13\/la-juve-salvo-un-empate-en-semis-de-copa-italia\/\" \/>\n<meta property=\"article:publisher\" content=\"https:\/\/www.facebook.com\/FutbolHoyCol\/\" \/>\n<meta property=\"article:published_time\" content=\"2020-02-14T00:06:47+00:00\" \/>\n<meta property=\"article:modified_time\" content=\"2020-02-14T20:52:23+00:00\" \/>\n<meta property=\"og:image\" content=\"https:\/\/futbolhoy.co\/wp-content\/uploads\/2020\/02\/EQsNzSmWsAA_CLO.jpg\" \/>\n\t<meta property=\"og:image:width\" content=\"2048\" \/>\n\t<meta property=\"og:image:height\" content=\"1366\" \/>\n\t<meta property=\"og:image:type\" content=\"image\/jpeg\" \/>\n<meta name=\"author\" content=\"Laura Hern\u00e1ndez\" \/>\n<meta name=\"twitter:card\" content=\"summary_large_image\" \/>\n<meta name=\"twitter:creator\" content=\"@FutbolHoyCol\" \/>\n<meta name=\"twitter:site\" content=\"@FutbolHoyCol\" \/>\n<meta name=\"twitter:label1\" content=\"Escrito por\" \/>\n\t<meta name=\"twitter:data1\" content=\"Laura Hern\u00e1ndez\" \/>\n\t<meta name=\"twitter:label2\" content=\"Tiempo de lectura\" \/>\n\t<meta name=\"twitter:data2\" content=\"1 minuto\" \/>\n<script type=\"application\/ld+json\" class=\"yoast-schema-graph\">{\"@context\":\"https:\/\/schema.org\",\"@graph\":[{\"@type\":\"Article\",\"@id\":\"https:\/\/futbolhoy.co\/index.php\/2020\/02\/13\/la-juve-salvo-un-empate-en-semis-de-copa-italia\/#article\",\"isPartOf\":{\"@id\":\"https:\/\/futbolhoy.co\/index.php\/2020\/02\/13\/la-juve-salvo-un-empate-en-semis-de-copa-italia\/\"},\"author\":{\"name\":\"Laura Hern\u00e1ndez\",\"@id\":\"https:\/\/futbolhoy.co\/#\/schema\/person\/c4a353a512b127643723a34bb1812f7d\"},\"headline\":\"La \u2018Juve\u2019 salv\u00f3 un empate en semis de Copa Italia\",\"datePublished\":\"2020-02-14T00:06:47+00:00\",\"dateModified\":\"2020-02-14T20:52:23+00:00\",\"mainEntityOfPage\":{\"@id\":\"https:\/\/futbolhoy.co\/index.php\/2020\/02\/13\/la-juve-salvo-un-empate-en-semis-de-copa-italia\/\"},\"wordCount\":171,\"commentCount\":0,\"publisher\":{\"@id\":\"https:\/\/futbolhoy.co\/#organization\"},\"image\":{\"@id\":\"https:\/\/futbolhoy.co\/index.php\/2020\/02\/13\/la-juve-salvo-un-empate-en-semis-de-copa-italia\/#primaryimage\"},\"thumbnailUrl\":\"https:\/\/futbolhoy.co\/wp-content\/uploads\/2020\/02\/EQsNzSmWsAA_CLO.jpg\",\"articleSection\":[\"Mundo Futbol\"],\"inLanguage\":\"es\",\"potentialAction\":[{\"@type\":\"CommentAction\",\"name\":\"Comment\",\"target\":[\"https:\/\/futbolhoy.co\/index.php\/2020\/02\/13\/la-juve-salvo-un-empate-en-semis-de-copa-italia\/#respond\"]}]},{\"@type\":\"WebPage\",\"@id\":\"https:\/\/futbolhoy.co\/index.php\/2020\/02\/13\/la-juve-salvo-un-empate-en-semis-de-copa-italia\/\",\"url\":\"https:\/\/futbolhoy.co\/index.php\/2020\/02\/13\/la-juve-salvo-un-empate-en-semis-de-copa-italia\/\",\"name\":\"La \u2018Juve\u2019 salv\u00f3 un empate en semis de Copa Italia -\",\"isPartOf\":{\"@id\":\"https:\/\/futbolhoy.co\/#website\"},\"primaryImageOfPage\":{\"@id\":\"https:\/\/futbolhoy.co\/index.php\/2020\/02\/13\/la-juve-salvo-un-empate-en-semis-de-copa-italia\/#primaryimage\"},\"image\":{\"@id\":\"https:\/\/futbolhoy.co\/index.php\/2020\/02\/13\/la-juve-salvo-un-empate-en-semis-de-copa-italia\/#primaryimage\"},\"thumbnailUrl\":\"https:\/\/futbolhoy.co\/wp-content\/uploads\/2020\/02\/EQsNzSmWsAA_CLO.jpg\",\"datePublished\":\"2020-02-14T00:06:47+00:00\",\"dateModified\":\"2020-02-14T20:52:23+00:00\",\"breadcrumb\":{\"@id\":\"https:\/\/futbolhoy.co\/index.php\/2020\/02\/13\/la-juve-salvo-un-empate-en-semis-de-copa-italia\/#breadcrumb\"},\"inLanguage\":\"es\",\"potentialAction\":[{\"@type\":\"ReadAction\",\"target\":[\"https:\/\/futbolhoy.co\/index.php\/2020\/02\/13\/la-juve-salvo-un-empate-en-semis-de-copa-italia\/\"]}]},{\"@type\":\"ImageObject\",\"inLanguage\":\"es\",\"@id\":\"https:\/\/futbolhoy.co\/index.php\/2020\/02\/13\/la-juve-salvo-un-empate-en-semis-de-copa-italia\/#primaryimage\",\"url\":\"https:\/\/futbolhoy.co\/wp-content\/uploads\/2020\/02\/EQsNzSmWsAA_CLO.jpg\",\"contentUrl\":\"https:\/\/futbolhoy.co\/wp-content\/uploads\/2020\/02\/EQsNzSmWsAA_CLO.jpg\",\"width\":2048,\"height\":1366},{\"@type\":\"BreadcrumbList\",\"@id\":\"https:\/\/futbolhoy.co\/index.php\/2020\/02\/13\/la-juve-salvo-un-empate-en-semis-de-copa-italia\/#breadcrumb\",\"itemListElement\":[{\"@type\":\"ListItem\",\"position\":1,\"name\":\"Portada\",\"item\":\"https:\/\/futbolhoy.co\/\"},{\"@type\":\"ListItem\",\"position\":2,\"name\":\"La \u2018Juve\u2019 salv\u00f3 un empate en semis de Copa Italia\"}]},{\"@type\":\"WebSite\",\"@id\":\"https:\/\/futbolhoy.co\/#website\",\"url\":\"https:\/\/futbolhoy.co\/\",\"name\":\"FutbolHoy\",\"description\":\"\",\"publisher\":{\"@id\":\"https:\/\/futbolhoy.co\/#organization\"},\"potentialAction\":[{\"@type\":\"SearchAction\",\"target\":{\"@type\":\"EntryPoint\",\"urlTemplate\":\"https:\/\/futbolhoy.co\/?s={search_term_string}\"},\"query-input\":{\"@type\":\"PropertyValueSpecification\",\"valueRequired\":true,\"valueName\":\"search_term_string\"}}],\"inLanguage\":\"es\"},{\"@type\":\"Organization\",\"@id\":\"https:\/\/futbolhoy.co\/#organization\",\"name\":\"Futbolhoy.co\",\"url\":\"https:\/\/futbolhoy.co\/\",\"logo\":{\"@type\":\"ImageObject\",\"inLanguage\":\"es\",\"@id\":\"https:\/\/futbolhoy.co\/#\/schema\/logo\/image\/\",\"url\":\"https:\/\/futbolhoy.co\/wp-content\/uploads\/2018\/08\/17426380_1906371736249227_6326180412931521141_n.jpg\",\"contentUrl\":\"https:\/\/futbolhoy.co\/wp-content\/uploads\/2018\/08\/17426380_1906371736249227_6326180412931521141_n.jpg\",\"width\":960,\"height\":960,\"caption\":\"Futbolhoy.co\"},\"image\":{\"@id\":\"https:\/\/futbolhoy.co\/#\/schema\/logo\/image\/\"},\"sameAs\":[\"https:\/\/www.facebook.com\/FutbolHoyCol\/\",\"https:\/\/x.com\/FutbolHoyCol\",\"https:\/\/www.instagram.com\/futbolhoycol\/\"]},{\"@type\":\"Person\",\"@id\":\"https:\/\/futbolhoy.co\/#\/schema\/person\/c4a353a512b127643723a34bb1812f7d\",\"name\":\"Laura Hern\u00e1ndez\",\"image\":{\"@type\":\"ImageObject\",\"inLanguage\":\"es\",\"@id\":\"https:\/\/futbolhoy.co\/#\/schema\/person\/image\/\",\"url\":\"https:\/\/secure.gravatar.com\/avatar\/d25959a15b9b293a743f99181c7cfd01?s=96&d=mm&r=g\",\"contentUrl\":\"https:\/\/secure.gravatar.com\/avatar\/d25959a15b9b293a743f99181c7cfd01?s=96&d=mm&r=g\",\"caption\":\"Laura Hern\u00e1ndez\"}}]}<\/script>\n<!-- \/ Yoast SEO plugin. -->","yoast_head_json":{"title":"La \u2018Juve\u2019 salv\u00f3 un empate en semis de Copa Italia -","robots":{"index":"index","follow":"follow","max-snippet":"max-snippet:-1","max-image-preview":"max-image-preview:large","max-video-preview":"max-video-preview:-1"},"canonical":"https:\/\/futbolhoy.co\/index.php\/2020\/02\/13\/la-juve-salvo-un-empate-en-semis-de-copa-italia\/","og_locale":"es_ES","og_type":"article","og_title":"La \u2018Juve\u2019 salv\u00f3 un empate en semis de Copa Italia -","og_description":"Juventus, con el antioque\u00f1o Juan Guillermo Cuadrado, logr\u00f3 un valioso empate 1-1 ante Mil\u00e1n en el juego de ida por una de las semifinales de la Copa de Italia. La \u2018Juve\u2019 salv\u00f3 el punto con un penal convertido por Cristiano Ronaldo en el 90+1, gracias al cual el equipo de Tur\u00edn evit\u00f3 la derrota en [&hellip;]","og_url":"https:\/\/futbolhoy.co\/index.php\/2020\/02\/13\/la-juve-salvo-un-empate-en-semis-de-copa-italia\/","article_publisher":"https:\/\/www.facebook.com\/FutbolHoyCol\/","article_published_time":"2020-02-14T00:06:47+00:00","article_modified_time":"2020-02-14T20:52:23+00:00","og_image":[{"width":2048,"height":1366,"url":"https:\/\/futbolhoy.co\/wp-content\/uploads\/2020\/02\/EQsNzSmWsAA_CLO.jpg","type":"image\/jpeg"}],"author":"Laura Hern\u00e1ndez","twitter_card":"summary_large_image","twitter_creator":"@FutbolHoyCol","twitter_site":"@FutbolHoyCol","twitter_misc":{"Escrito por":"Laura Hern\u00e1ndez","Tiempo de lectura":"1 minuto"},"schema":{"@context":"https:\/\/schema.org","@graph":[{"@type":"Article","@id":"https:\/\/futbolhoy.co\/index.php\/2020\/02\/13\/la-juve-salvo-un-empate-en-semis-de-copa-italia\/#article","isPartOf":{"@id":"https:\/\/futbolhoy.co\/index.php\/2020\/02\/13\/la-juve-salvo-un-empate-en-semis-de-copa-italia\/"},"author":{"name":"Laura Hern\u00e1ndez","@id":"https:\/\/futbolhoy.co\/#\/schema\/person\/c4a353a512b127643723a34bb1812f7d"},"headline":"La \u2018Juve\u2019 salv\u00f3 un empate en semis de Copa Italia","datePublished":"2020-02-14T00:06:47+00:00","dateModified":"2020-02-14T20:52:23+00:00","mainEntityOfPage":{"@id":"https:\/\/futbolhoy.co\/index.php\/2020\/02\/13\/la-juve-salvo-un-empate-en-semis-de-copa-italia\/"},"wordCount":171,"commentCount":0,"publisher":{"@id":"https:\/\/futbolhoy.co\/#organization"},"image":{"@id":"https:\/\/futbolhoy.co\/index.php\/2020\/02\/13\/la-juve-salvo-un-empate-en-semis-de-copa-italia\/#primaryimage"},"thumbnailUrl":"https:\/\/futbolhoy.co\/wp-content\/uploads\/2020\/02\/EQsNzSmWsAA_CLO.jpg","articleSection":["Mundo Futbol"],"inLanguage":"es","potentialAction":[{"@type":"CommentAction","name":"Comment","target":["https:\/\/futbolhoy.co\/index.php\/2020\/02\/13\/la-juve-salvo-un-empate-en-semis-de-copa-italia\/#respond"]}]},{"@type":"WebPage","@id":"https:\/\/futbolhoy.co\/index.php\/2020\/02\/13\/la-juve-salvo-un-empate-en-semis-de-copa-italia\/","url":"https:\/\/futbolhoy.co\/index.php\/2020\/02\/13\/la-juve-salvo-un-empate-en-semis-de-copa-italia\/","name":"La \u2018Juve\u2019 salv\u00f3 un empate en semis de Copa Italia -","isPartOf":{"@id":"https:\/\/futbolhoy.co\/#website"},"primaryImageOfPage":{"@id":"https:\/\/futbolhoy.co\/index.php\/2020\/02\/13\/la-juve-salvo-un-empate-en-semis-de-copa-italia\/#primaryimage"},"image":{"@id":"https:\/\/futbolhoy.co\/index.php\/2020\/02\/13\/la-juve-salvo-un-empate-en-semis-de-copa-italia\/#primaryimage"},"thumbnailUrl":"https:\/\/futbolhoy.co\/wp-content\/uploads\/2020\/02\/EQsNzSmWsAA_CLO.jpg","datePublished":"2020-02-14T00:06:47+00:00","dateModified":"2020-02-14T20:52:23+00:00","breadcrumb":{"@id":"https:\/\/futbolhoy.co\/index.php\/2020\/02\/13\/la-juve-salvo-un-empate-en-semis-de-copa-italia\/#breadcrumb"},"inLanguage":"es","potentialAction":[{"@type":"ReadAction","target":["https:\/\/futbolhoy.co\/index.php\/2020\/02\/13\/la-juve-salvo-un-empate-en-semis-de-copa-italia\/"]}]},{"@type":"ImageObject","inLanguage":"es","@id":"https:\/\/futbolhoy.co\/index.php\/2020\/02\/13\/la-juve-salvo-un-empate-en-semis-de-copa-italia\/#primaryimage","url":"https:\/\/futbolhoy.co\/wp-content\/uploads\/2020\/02\/EQsNzSmWsAA_CLO.jpg","contentUrl":"https:\/\/futbolhoy.co\/wp-content\/uploads\/2020\/02\/EQsNzSmWsAA_CLO.jpg","width":2048,"height":1366},{"@type":"BreadcrumbList","@id":"https:\/\/futbolhoy.co\/index.php\/2020\/02\/13\/la-juve-salvo-un-empate-en-semis-de-copa-italia\/#breadcrumb","itemListElement":[{"@type":"ListItem","position":1,"name":"Portada","item":"https:\/\/futbolhoy.co\/"},{"@type":"ListItem","position":2,"name":"La \u2018Juve\u2019 salv\u00f3 un empate en semis de Copa Italia"}]},{"@type":"WebSite","@id":"https:\/\/futbolhoy.co\/#website","url":"https:\/\/futbolhoy.co\/","name":"FutbolHoy","description":"","publisher":{"@id":"https:\/\/futbolhoy.co\/#organization"},"potentialAction":[{"@type":"SearchAction","target":{"@type":"EntryPoint","urlTemplate":"https:\/\/futbolhoy.co\/?s={search_term_string}"},"query-input":{"@type":"PropertyValueSpecification","valueRequired":true,"valueName":"search_term_string"}}],"inLanguage":"es"},{"@type":"Organization","@id":"https:\/\/futbolhoy.co\/#organization","name":"Futbolhoy.co","url":"https:\/\/futbolhoy.co\/","logo":{"@type":"ImageObject","inLanguage":"es","@id":"https:\/\/futbolhoy.co\/#\/schema\/logo\/image\/","url":"https:\/\/futbolhoy.co\/wp-content\/uploads\/2018\/08\/17426380_1906371736249227_6326180412931521141_n.jpg","contentUrl":"https:\/\/futbolhoy.co\/wp-content\/uploads\/2018\/08\/17426380_1906371736249227_6326180412931521141_n.jpg","width":960,"height":960,"caption":"Futbolhoy.co"},"image":{"@id":"https:\/\/futbolhoy.co\/#\/schema\/logo\/image\/"},"sameAs":["https:\/\/www.facebook.com\/FutbolHoyCol\/","https:\/\/x.com\/FutbolHoyCol","https:\/\/www.instagram.com\/futbolhoycol\/"]},{"@type":"Person","@id":"https:\/\/futbolhoy.co\/#\/schema\/person\/c4a353a512b127643723a34bb1812f7d","name":"Laura Hern\u00e1ndez","image":{"@type":"ImageObject","inLanguage":"es","@id":"https:\/\/futbolhoy.co\/#\/schema\/person\/image\/","url":"https:\/\/secure.gravatar.com\/avatar\/d25959a15b9b293a743f99181c7cfd01?s=96&d=mm&r=g","contentUrl":"https:\/\/secure.gravatar.com\/avatar\/d25959a15b9b293a743f99181c7cfd01?s=96&d=mm&r=g","caption":"Laura Hern\u00e1ndez"}}]}},"publishpress_future_action":{"enabled":false,"date":"2026-05-03 04:24:09","action":"change-status","newStatus":"draft","terms":[],"taxonomy":"category","extraData":[]},"publishpress_future_workflow_manual_trigger":{"enabledWorkflows":[]},"_links":{"self":[{"href":"https:\/\/futbolhoy.co\/index.php\/wp-json\/wp\/v2\/posts\/47587","targetHints":{"allow":["GET"]}}],"collection":[{"href":"https:\/\/futbolhoy.co\/index.php\/wp-json\/wp\/v2\/posts"}],"about":[{"href":"https:\/\/futbolhoy.co\/index.php\/wp-json\/wp\/v2\/types\/post"}],"author":[{"embeddable":true,"href":"https:\/\/futbolhoy.co\/index.php\/wp-json\/wp\/v2\/users\/5"}],"replies":[{"embeddable":true,"href":"https:\/\/futbolhoy.co\/index.php\/wp-json\/wp\/v2\/comments?post=47587"}],"version-history":[{"count":1,"href":"https:\/\/futbolhoy.co\/index.php\/wp-json\/wp\/v2\/posts\/47587\/revisions"}],"predecessor-version":[{"id":47596,"href":"https:\/\/futbolhoy.co\/index.php\/wp-json\/wp\/v2\/posts\/47587\/revisions\/47596"}],"wp:featuredmedia":[{"embeddable":true,"href":"https:\/\/futbolhoy.co\/index.php\/wp-json\/wp\/v2\/media\/47593"}],"wp:attachment":[{"href":"https:\/\/futbolhoy.co\/index.php\/wp-json\/wp\/v2\/media?parent=47587"}],"wp:term":[{"taxonomy":"category","embeddable":true,"href":"https:\/\/futbolhoy.co\/index.php\/wp-json\/wp\/v2\/categories?post=47587"},{"taxonomy":"post_tag","embeddable":true,"href":"https:\/\/futbolhoy.co\/index.php\/wp-json\/wp\/v2\/tags?post=47587"}],"curies":[{"name":"wp","href":"https:\/\/api.w.org\/{rel}","templated":true}]}}