{"id":47801,"date":"2020-02-18T08:09:35","date_gmt":"2020-02-18T13:09:35","guid":{"rendered":"https:\/\/futbolhoy.co\/?p=47801"},"modified":"2020-02-18T21:43:59","modified_gmt":"2020-02-19T02:43:59","slug":"guarin-listo-para-reaparecer-con-vasco","status":"publish","type":"post","link":"https:\/\/futbolhoy.co\/index.php\/2020\/02\/18\/guarin-listo-para-reaparecer-con-vasco\/","title":{"rendered":"Guar\u00edn, listo para reaparecer con Vasco"},"content":{"rendered":"<p style=\"text-align: justify;\"><span style=\"font-family: helvetica, arial, sans-serif;\">El volante boyacense <strong>Fredy Guar\u00edn<\/strong>, que no alcanz\u00f3 a ser inscrito por<strong> Vasco da Gama<\/strong> para <strong>Copa Sudamericana<\/strong>, qued\u00f3 listo para reaparecer con el equipo brasile\u00f1o.<\/span><\/p>\n<p style=\"text-align: justify;\"><span style=\"font-family: helvetica, arial, sans-serif;\">Guar\u00edn, quien cerr\u00f3 la semana anterior el acuerdo por un a\u00f1o m\u00e1s, termin\u00f3 su adaptaci\u00f3n f\u00edsica y ya entrena a la par con sus compa\u00f1eros.<\/span><\/p>\n<p style=\"text-align: justify;\"><span style=\"font-family: helvetica, arial, sans-serif;\">El colombiano, que no juega con el club desde el 8 de diciembre, volver\u00eda a la formaci\u00f3n el pr\u00f3ximo 1 de marzo cuando enfrente a <strong>Resende<\/strong> por la <strong>Copa de Rio.<\/strong><\/span><\/p>\n","protected":false},"excerpt":{"rendered":"<p>El volante boyacense Fredy Guar\u00edn, que no alcanz\u00f3 a ser inscrito por Vasco da Gama para Copa Sudamericana, qued\u00f3 listo para reaparecer con el equipo brasile\u00f1o. Guar\u00edn, quien cerr\u00f3 la semana anterior el acuerdo por un a\u00f1o m\u00e1s, termin\u00f3 su adaptaci\u00f3n f\u00edsica y ya entrena a la par con sus compa\u00f1eros. El colombiano, que no [&hellip;]<\/p>\n","protected":false},"author":5,"featured_media":44526,"comment_status":"open","ping_status":"open","sticky":false,"template":"","format":"standard","meta":{"_acf_changed":false,"footnotes":""},"categories":[152],"tags":[1650,1649],"class_list":{"0":"post-47801","1":"post","2":"type-post","3":"status-publish","4":"format-standard","5":"has-post-thumbnail","7":"category-mundo-futbol","8":"tag-fredy-guarin","9":"tag-vasco-da-gama"},"acf":[],"yoast_head":"<!-- This site is optimized with the Yoast SEO plugin v26.8 - https:\/\/yoast.com\/product\/yoast-seo-wordpress\/ -->\n<title>Guar\u00edn, listo para reaparecer con Vasco -<\/title>\n<meta name=\"robots\" content=\"index, follow, max-snippet:-1, max-image-preview:large, max-video-preview:-1\" \/>\n<link rel=\"canonical\" href=\"https:\/\/futbolhoy.co\/index.php\/2020\/02\/18\/guarin-listo-para-reaparecer-con-vasco\/\" \/>\n<meta property=\"og:locale\" content=\"es_ES\" \/>\n<meta property=\"og:type\" content=\"article\" \/>\n<meta property=\"og:title\" content=\"Guar\u00edn, listo para reaparecer con Vasco -\" \/>\n<meta property=\"og:description\" content=\"El volante boyacense Fredy Guar\u00edn, que no alcanz\u00f3 a ser inscrito por Vasco da Gama para Copa Sudamericana, qued\u00f3 listo para reaparecer con el equipo brasile\u00f1o. Guar\u00edn, quien cerr\u00f3 la semana anterior el acuerdo por un a\u00f1o m\u00e1s, termin\u00f3 su adaptaci\u00f3n f\u00edsica y ya entrena a la par con sus compa\u00f1eros. El colombiano, que no [&hellip;]\" \/>\n<meta property=\"og:url\" content=\"https:\/\/futbolhoy.co\/index.php\/2020\/02\/18\/guarin-listo-para-reaparecer-con-vasco\/\" \/>\n<meta property=\"article:publisher\" content=\"https:\/\/www.facebook.com\/FutbolHoyCol\/\" \/>\n<meta property=\"article:published_time\" content=\"2020-02-18T13:09:35+00:00\" \/>\n<meta property=\"article:modified_time\" content=\"2020-02-19T02:43:59+00:00\" \/>\n<meta property=\"og:image\" content=\"https:\/\/futbolhoy.co\/wp-content\/uploads\/2019\/12\/Captura.jpg\" \/>\n\t<meta property=\"og:image:width\" content=\"595\" \/>\n\t<meta property=\"og:image:height\" content=\"567\" \/>\n\t<meta property=\"og:image:type\" content=\"image\/jpeg\" \/>\n<meta name=\"author\" content=\"Laura Hern\u00e1ndez\" \/>\n<meta name=\"twitter:card\" content=\"summary_large_image\" \/>\n<meta name=\"twitter:creator\" content=\"@FutbolHoyCol\" \/>\n<meta name=\"twitter:site\" content=\"@FutbolHoyCol\" \/>\n<meta name=\"twitter:label1\" content=\"Escrito por\" \/>\n\t<meta name=\"twitter:data1\" content=\"Laura Hern\u00e1ndez\" \/>\n<script type=\"application\/ld+json\" class=\"yoast-schema-graph\">{\"@context\":\"https:\/\/schema.org\",\"@graph\":[{\"@type\":\"Article\",\"@id\":\"https:\/\/futbolhoy.co\/index.php\/2020\/02\/18\/guarin-listo-para-reaparecer-con-vasco\/#article\",\"isPartOf\":{\"@id\":\"https:\/\/futbolhoy.co\/index.php\/2020\/02\/18\/guarin-listo-para-reaparecer-con-vasco\/\"},\"author\":{\"name\":\"Laura Hern\u00e1ndez\",\"@id\":\"https:\/\/futbolhoy.co\/#\/schema\/person\/c4a353a512b127643723a34bb1812f7d\"},\"headline\":\"Guar\u00edn, listo para reaparecer con Vasco\",\"datePublished\":\"2020-02-18T13:09:35+00:00\",\"dateModified\":\"2020-02-19T02:43:59+00:00\",\"mainEntityOfPage\":{\"@id\":\"https:\/\/futbolhoy.co\/index.php\/2020\/02\/18\/guarin-listo-para-reaparecer-con-vasco\/\"},\"wordCount\":98,\"commentCount\":0,\"publisher\":{\"@id\":\"https:\/\/futbolhoy.co\/#organization\"},\"image\":{\"@id\":\"https:\/\/futbolhoy.co\/index.php\/2020\/02\/18\/guarin-listo-para-reaparecer-con-vasco\/#primaryimage\"},\"thumbnailUrl\":\"https:\/\/futbolhoy.co\/wp-content\/uploads\/2019\/12\/Captura.jpg\",\"keywords\":[\"Fredy Guar\u00edn\",\"Vasco Da Gama\"],\"articleSection\":[\"Mundo Futbol\"],\"inLanguage\":\"es\",\"potentialAction\":[{\"@type\":\"CommentAction\",\"name\":\"Comment\",\"target\":[\"https:\/\/futbolhoy.co\/index.php\/2020\/02\/18\/guarin-listo-para-reaparecer-con-vasco\/#respond\"]}]},{\"@type\":\"WebPage\",\"@id\":\"https:\/\/futbolhoy.co\/index.php\/2020\/02\/18\/guarin-listo-para-reaparecer-con-vasco\/\",\"url\":\"https:\/\/futbolhoy.co\/index.php\/2020\/02\/18\/guarin-listo-para-reaparecer-con-vasco\/\",\"name\":\"Guar\u00edn, listo para reaparecer con Vasco -\",\"isPartOf\":{\"@id\":\"https:\/\/futbolhoy.co\/#website\"},\"primaryImageOfPage\":{\"@id\":\"https:\/\/futbolhoy.co\/index.php\/2020\/02\/18\/guarin-listo-para-reaparecer-con-vasco\/#primaryimage\"},\"image\":{\"@id\":\"https:\/\/futbolhoy.co\/index.php\/2020\/02\/18\/guarin-listo-para-reaparecer-con-vasco\/#primaryimage\"},\"thumbnailUrl\":\"https:\/\/futbolhoy.co\/wp-content\/uploads\/2019\/12\/Captura.jpg\",\"datePublished\":\"2020-02-18T13:09:35+00:00\",\"dateModified\":\"2020-02-19T02:43:59+00:00\",\"breadcrumb\":{\"@id\":\"https:\/\/futbolhoy.co\/index.php\/2020\/02\/18\/guarin-listo-para-reaparecer-con-vasco\/#breadcrumb\"},\"inLanguage\":\"es\",\"potentialAction\":[{\"@type\":\"ReadAction\",\"target\":[\"https:\/\/futbolhoy.co\/index.php\/2020\/02\/18\/guarin-listo-para-reaparecer-con-vasco\/\"]}]},{\"@type\":\"ImageObject\",\"inLanguage\":\"es\",\"@id\":\"https:\/\/futbolhoy.co\/index.php\/2020\/02\/18\/guarin-listo-para-reaparecer-con-vasco\/#primaryimage\",\"url\":\"https:\/\/futbolhoy.co\/wp-content\/uploads\/2019\/12\/Captura.jpg\",\"contentUrl\":\"https:\/\/futbolhoy.co\/wp-content\/uploads\/2019\/12\/Captura.jpg\",\"width\":595,\"height\":567,\"caption\":\"@fguarin13\"},{\"@type\":\"BreadcrumbList\",\"@id\":\"https:\/\/futbolhoy.co\/index.php\/2020\/02\/18\/guarin-listo-para-reaparecer-con-vasco\/#breadcrumb\",\"itemListElement\":[{\"@type\":\"ListItem\",\"position\":1,\"name\":\"Portada\",\"item\":\"https:\/\/futbolhoy.co\/\"},{\"@type\":\"ListItem\",\"position\":2,\"name\":\"Guar\u00edn, listo para reaparecer con Vasco\"}]},{\"@type\":\"WebSite\",\"@id\":\"https:\/\/futbolhoy.co\/#website\",\"url\":\"https:\/\/futbolhoy.co\/\",\"name\":\"FutbolHoy\",\"description\":\"\",\"publisher\":{\"@id\":\"https:\/\/futbolhoy.co\/#organization\"},\"potentialAction\":[{\"@type\":\"SearchAction\",\"target\":{\"@type\":\"EntryPoint\",\"urlTemplate\":\"https:\/\/futbolhoy.co\/?s={search_term_string}\"},\"query-input\":{\"@type\":\"PropertyValueSpecification\",\"valueRequired\":true,\"valueName\":\"search_term_string\"}}],\"inLanguage\":\"es\"},{\"@type\":\"Organization\",\"@id\":\"https:\/\/futbolhoy.co\/#organization\",\"name\":\"Futbolhoy.co\",\"url\":\"https:\/\/futbolhoy.co\/\",\"logo\":{\"@type\":\"ImageObject\",\"inLanguage\":\"es\",\"@id\":\"https:\/\/futbolhoy.co\/#\/schema\/logo\/image\/\",\"url\":\"https:\/\/futbolhoy.co\/wp-content\/uploads\/2018\/08\/17426380_1906371736249227_6326180412931521141_n.jpg\",\"contentUrl\":\"https:\/\/futbolhoy.co\/wp-content\/uploads\/2018\/08\/17426380_1906371736249227_6326180412931521141_n.jpg\",\"width\":960,\"height\":960,\"caption\":\"Futbolhoy.co\"},\"image\":{\"@id\":\"https:\/\/futbolhoy.co\/#\/schema\/logo\/image\/\"},\"sameAs\":[\"https:\/\/www.facebook.com\/FutbolHoyCol\/\",\"https:\/\/x.com\/FutbolHoyCol\",\"https:\/\/www.instagram.com\/futbolhoycol\/\"]},{\"@type\":\"Person\",\"@id\":\"https:\/\/futbolhoy.co\/#\/schema\/person\/c4a353a512b127643723a34bb1812f7d\",\"name\":\"Laura Hern\u00e1ndez\",\"image\":{\"@type\":\"ImageObject\",\"inLanguage\":\"es\",\"@id\":\"https:\/\/futbolhoy.co\/#\/schema\/person\/image\/\",\"url\":\"https:\/\/secure.gravatar.com\/avatar\/d25959a15b9b293a743f99181c7cfd01?s=96&d=mm&r=g\",\"contentUrl\":\"https:\/\/secure.gravatar.com\/avatar\/d25959a15b9b293a743f99181c7cfd01?s=96&d=mm&r=g\",\"caption\":\"Laura Hern\u00e1ndez\"}}]}<\/script>\n<!-- \/ Yoast SEO plugin. -->","yoast_head_json":{"title":"Guar\u00edn, listo para reaparecer con Vasco -","robots":{"index":"index","follow":"follow","max-snippet":"max-snippet:-1","max-image-preview":"max-image-preview:large","max-video-preview":"max-video-preview:-1"},"canonical":"https:\/\/futbolhoy.co\/index.php\/2020\/02\/18\/guarin-listo-para-reaparecer-con-vasco\/","og_locale":"es_ES","og_type":"article","og_title":"Guar\u00edn, listo para reaparecer con Vasco -","og_description":"El volante boyacense Fredy Guar\u00edn, que no alcanz\u00f3 a ser inscrito por Vasco da Gama para Copa Sudamericana, qued\u00f3 listo para reaparecer con el equipo brasile\u00f1o. Guar\u00edn, quien cerr\u00f3 la semana anterior el acuerdo por un a\u00f1o m\u00e1s, termin\u00f3 su adaptaci\u00f3n f\u00edsica y ya entrena a la par con sus compa\u00f1eros. El colombiano, que no [&hellip;]","og_url":"https:\/\/futbolhoy.co\/index.php\/2020\/02\/18\/guarin-listo-para-reaparecer-con-vasco\/","article_publisher":"https:\/\/www.facebook.com\/FutbolHoyCol\/","article_published_time":"2020-02-18T13:09:35+00:00","article_modified_time":"2020-02-19T02:43:59+00:00","og_image":[{"width":595,"height":567,"url":"https:\/\/futbolhoy.co\/wp-content\/uploads\/2019\/12\/Captura.jpg","type":"image\/jpeg"}],"author":"Laura Hern\u00e1ndez","twitter_card":"summary_large_image","twitter_creator":"@FutbolHoyCol","twitter_site":"@FutbolHoyCol","twitter_misc":{"Escrito por":"Laura Hern\u00e1ndez"},"schema":{"@context":"https:\/\/schema.org","@graph":[{"@type":"Article","@id":"https:\/\/futbolhoy.co\/index.php\/2020\/02\/18\/guarin-listo-para-reaparecer-con-vasco\/#article","isPartOf":{"@id":"https:\/\/futbolhoy.co\/index.php\/2020\/02\/18\/guarin-listo-para-reaparecer-con-vasco\/"},"author":{"name":"Laura Hern\u00e1ndez","@id":"https:\/\/futbolhoy.co\/#\/schema\/person\/c4a353a512b127643723a34bb1812f7d"},"headline":"Guar\u00edn, listo para reaparecer con Vasco","datePublished":"2020-02-18T13:09:35+00:00","dateModified":"2020-02-19T02:43:59+00:00","mainEntityOfPage":{"@id":"https:\/\/futbolhoy.co\/index.php\/2020\/02\/18\/guarin-listo-para-reaparecer-con-vasco\/"},"wordCount":98,"commentCount":0,"publisher":{"@id":"https:\/\/futbolhoy.co\/#organization"},"image":{"@id":"https:\/\/futbolhoy.co\/index.php\/2020\/02\/18\/guarin-listo-para-reaparecer-con-vasco\/#primaryimage"},"thumbnailUrl":"https:\/\/futbolhoy.co\/wp-content\/uploads\/2019\/12\/Captura.jpg","keywords":["Fredy Guar\u00edn","Vasco Da Gama"],"articleSection":["Mundo Futbol"],"inLanguage":"es","potentialAction":[{"@type":"CommentAction","name":"Comment","target":["https:\/\/futbolhoy.co\/index.php\/2020\/02\/18\/guarin-listo-para-reaparecer-con-vasco\/#respond"]}]},{"@type":"WebPage","@id":"https:\/\/futbolhoy.co\/index.php\/2020\/02\/18\/guarin-listo-para-reaparecer-con-vasco\/","url":"https:\/\/futbolhoy.co\/index.php\/2020\/02\/18\/guarin-listo-para-reaparecer-con-vasco\/","name":"Guar\u00edn, listo para reaparecer con Vasco -","isPartOf":{"@id":"https:\/\/futbolhoy.co\/#website"},"primaryImageOfPage":{"@id":"https:\/\/futbolhoy.co\/index.php\/2020\/02\/18\/guarin-listo-para-reaparecer-con-vasco\/#primaryimage"},"image":{"@id":"https:\/\/futbolhoy.co\/index.php\/2020\/02\/18\/guarin-listo-para-reaparecer-con-vasco\/#primaryimage"},"thumbnailUrl":"https:\/\/futbolhoy.co\/wp-content\/uploads\/2019\/12\/Captura.jpg","datePublished":"2020-02-18T13:09:35+00:00","dateModified":"2020-02-19T02:43:59+00:00","breadcrumb":{"@id":"https:\/\/futbolhoy.co\/index.php\/2020\/02\/18\/guarin-listo-para-reaparecer-con-vasco\/#breadcrumb"},"inLanguage":"es","potentialAction":[{"@type":"ReadAction","target":["https:\/\/futbolhoy.co\/index.php\/2020\/02\/18\/guarin-listo-para-reaparecer-con-vasco\/"]}]},{"@type":"ImageObject","inLanguage":"es","@id":"https:\/\/futbolhoy.co\/index.php\/2020\/02\/18\/guarin-listo-para-reaparecer-con-vasco\/#primaryimage","url":"https:\/\/futbolhoy.co\/wp-content\/uploads\/2019\/12\/Captura.jpg","contentUrl":"https:\/\/futbolhoy.co\/wp-content\/uploads\/2019\/12\/Captura.jpg","width":595,"height":567,"caption":"@fguarin13"},{"@type":"BreadcrumbList","@id":"https:\/\/futbolhoy.co\/index.php\/2020\/02\/18\/guarin-listo-para-reaparecer-con-vasco\/#breadcrumb","itemListElement":[{"@type":"ListItem","position":1,"name":"Portada","item":"https:\/\/futbolhoy.co\/"},{"@type":"ListItem","position":2,"name":"Guar\u00edn, listo para reaparecer con Vasco"}]},{"@type":"WebSite","@id":"https:\/\/futbolhoy.co\/#website","url":"https:\/\/futbolhoy.co\/","name":"FutbolHoy","description":"","publisher":{"@id":"https:\/\/futbolhoy.co\/#organization"},"potentialAction":[{"@type":"SearchAction","target":{"@type":"EntryPoint","urlTemplate":"https:\/\/futbolhoy.co\/?s={search_term_string}"},"query-input":{"@type":"PropertyValueSpecification","valueRequired":true,"valueName":"search_term_string"}}],"inLanguage":"es"},{"@type":"Organization","@id":"https:\/\/futbolhoy.co\/#organization","name":"Futbolhoy.co","url":"https:\/\/futbolhoy.co\/","logo":{"@type":"ImageObject","inLanguage":"es","@id":"https:\/\/futbolhoy.co\/#\/schema\/logo\/image\/","url":"https:\/\/futbolhoy.co\/wp-content\/uploads\/2018\/08\/17426380_1906371736249227_6326180412931521141_n.jpg","contentUrl":"https:\/\/futbolhoy.co\/wp-content\/uploads\/2018\/08\/17426380_1906371736249227_6326180412931521141_n.jpg","width":960,"height":960,"caption":"Futbolhoy.co"},"image":{"@id":"https:\/\/futbolhoy.co\/#\/schema\/logo\/image\/"},"sameAs":["https:\/\/www.facebook.com\/FutbolHoyCol\/","https:\/\/x.com\/FutbolHoyCol","https:\/\/www.instagram.com\/futbolhoycol\/"]},{"@type":"Person","@id":"https:\/\/futbolhoy.co\/#\/schema\/person\/c4a353a512b127643723a34bb1812f7d","name":"Laura Hern\u00e1ndez","image":{"@type":"ImageObject","inLanguage":"es","@id":"https:\/\/futbolhoy.co\/#\/schema\/person\/image\/","url":"https:\/\/secure.gravatar.com\/avatar\/d25959a15b9b293a743f99181c7cfd01?s=96&d=mm&r=g","contentUrl":"https:\/\/secure.gravatar.com\/avatar\/d25959a15b9b293a743f99181c7cfd01?s=96&d=mm&r=g","caption":"Laura Hern\u00e1ndez"}}]}},"publishpress_future_action":{"enabled":false,"date":"2026-05-03 06:34:46","action":"change-status","newStatus":"draft","terms":[],"taxonomy":"category","extraData":[]},"publishpress_future_workflow_manual_trigger":{"enabledWorkflows":[]},"_links":{"self":[{"href":"https:\/\/futbolhoy.co\/index.php\/wp-json\/wp\/v2\/posts\/47801","targetHints":{"allow":["GET"]}}],"collection":[{"href":"https:\/\/futbolhoy.co\/index.php\/wp-json\/wp\/v2\/posts"}],"about":[{"href":"https:\/\/futbolhoy.co\/index.php\/wp-json\/wp\/v2\/types\/post"}],"author":[{"embeddable":true,"href":"https:\/\/futbolhoy.co\/index.php\/wp-json\/wp\/v2\/users\/5"}],"replies":[{"embeddable":true,"href":"https:\/\/futbolhoy.co\/index.php\/wp-json\/wp\/v2\/comments?post=47801"}],"version-history":[{"count":2,"href":"https:\/\/futbolhoy.co\/index.php\/wp-json\/wp\/v2\/posts\/47801\/revisions"}],"predecessor-version":[{"id":47803,"href":"https:\/\/futbolhoy.co\/index.php\/wp-json\/wp\/v2\/posts\/47801\/revisions\/47803"}],"wp:featuredmedia":[{"embeddable":true,"href":"https:\/\/futbolhoy.co\/index.php\/wp-json\/wp\/v2\/media\/44526"}],"wp:attachment":[{"href":"https:\/\/futbolhoy.co\/index.php\/wp-json\/wp\/v2\/media?parent=47801"}],"wp:term":[{"taxonomy":"category","embeddable":true,"href":"https:\/\/futbolhoy.co\/index.php\/wp-json\/wp\/v2\/categories?post=47801"},{"taxonomy":"post_tag","embeddable":true,"href":"https:\/\/futbolhoy.co\/index.php\/wp-json\/wp\/v2\/tags?post=47801"}],"curies":[{"name":"wp","href":"https:\/\/api.w.org\/{rel}","templated":true}]}}