{"id":47804,"date":"2020-02-18T06:53:53","date_gmt":"2020-02-18T11:53:53","guid":{"rendered":"https:\/\/futbolhoy.co\/?p=47804"},"modified":"2020-02-18T10:02:48","modified_gmt":"2020-02-18T15:02:48","slug":"colombia-definio-equipo-para-sudamericano-sub-20-femenino","status":"publish","type":"post","link":"https:\/\/futbolhoy.co\/index.php\/2020\/02\/18\/colombia-definio-equipo-para-sudamericano-sub-20-femenino\/","title":{"rendered":"Colombia defini\u00f3 equipo para Sudamericano sub-20 femenino"},"content":{"rendered":"<p style=\"text-align: justify;\"><span style=\"font-family: helvetica, arial, sans-serif;\"><strong>Manuela Villegas<\/strong>, quien juega en el <strong>Espanyol<\/strong> de <strong>Barcelona<\/strong>, y<strong> Laura Daniela Orozco<\/strong>, del C<strong>\u00e1diz<\/strong> de<strong> Espa\u00f1a<\/strong>, encabezan la n\u00f3mina de 22 jugadoras citadas a la s<strong>elecci\u00f3n Colombia sub-20<\/strong> que participar\u00e1 en el <strong>Sudamericano femenino de la categor\u00eda<\/strong> que se jugar\u00e1 en <strong>Argentina<\/strong> entre el 4 y 22 de marzo.<\/span><\/p>\n<p style=\"text-align: justify;\"><span style=\"font-family: helvetica, arial, sans-serif;\">El plantel se concentrar\u00e1 desde el mi\u00e9rcoles en <strong>Bogot\u00e1<\/strong>, donde permanecer\u00e1 hasta el 1 de marzo, cuando viajar\u00e1 a<strong> Buenos Aires.<\/strong><\/span><\/p>\n<p style=\"text-align: justify;\"><span style=\"font-family: helvetica, arial, sans-serif;\">Colombia integra el <strong>Grupo A<\/strong> del campeonato, que, adem\u00e1s, conforman <strong>Argentina, Bolivia, Venezuela y Ecuador.<\/strong><\/span><\/p>\n<p style=\"text-align: justify;\"><span style=\"font-family: helvetica, arial, sans-serif;\">El<strong> Grupo B<\/strong> lo integran <strong>Paraguay, Brasil,<\/strong> <strong>Uruguay<\/strong>, <strong>Per\u00fa<\/strong> y <strong>Chile<\/strong>.<\/span><\/p>\n<p style=\"text-align: justify;\"><span style=\"font-family: helvetica, arial, sans-serif;\">El plantel que dirige <strong>Nelson<\/strong> <strong>Abad\u00eda<\/strong> est\u00e1 conformado por:<\/span><\/p>\n<p style=\"text-align: justify;\"><span style=\"font-family: helvetica, arial, sans-serif;\">Michell Valentina Lugo (Gol Star, Liga Bogot\u00e1)<\/span><\/p>\n<p style=\"text-align: justify;\"><span style=\"font-family: helvetica, arial, sans-serif;\">Natalia Giraldo (Am\u00e9rica S.A.)<\/span><\/p>\n<p style=\"text-align: justify;\"><span style=\"font-family: helvetica, arial, sans-serif;\">Gisela Robledo (Am\u00e9rica S.A)<\/span><\/p>\n<p style=\"text-align: justify;\"><span style=\"font-family: helvetica, arial, sans-serif;\">Sof\u00eda Garc\u00eda (Formas \u00cdntimas, Liga Antioquia)<\/span><\/p>\n<p style=\"text-align: justify;\"><span style=\"font-family: helvetica, arial, sans-serif;\">Manuela Vanegas (RDC Espanyol, Espa\u00f1a)<\/span><\/p>\n<p style=\"text-align: justify;\"><span style=\"font-family: helvetica, arial, sans-serif;\">Kelly Johanna Caicedo (Am\u00e9rica S.A.)<\/span><\/p>\n<p style=\"text-align: justify;\"><span style=\"font-family: helvetica, arial, sans-serif;\">Ilana Izquierdo (Atlas, Liga Valle)<\/span><\/p>\n<p style=\"text-align: justify;\"><span style=\"font-family: helvetica, arial, sans-serif;\">Manuela Pavi (Femenino Palmira, Liga Valle)<\/span><\/p>\n<p style=\"text-align: justify;\"><span style=\"font-family: helvetica, arial, sans-serif;\">Elizabeth Carabal\u00ed (Atlas, Liga Valle)<\/span><\/p>\n<p style=\"text-align: justify;\"><span style=\"font-family: helvetica, arial, sans-serif;\">Mar\u00eda Camila Reyes (Sport Colombia, Liga Bogot\u00e1)<\/span><\/p>\n<p style=\"text-align: justify;\"><span style=\"font-family: helvetica, arial, sans-serif;\">Mar\u00eda Nela Carvajal (Am\u00e9rica S.A.)<\/span><\/p>\n<p style=\"text-align: justify;\"><span style=\"font-family: helvetica, arial, sans-serif;\">Sara Sof\u00eda Mart\u00ednez (Independiente Medell\u00edn)<\/span><\/p>\n<p style=\"text-align: justify;\"><span style=\"font-family: helvetica, arial, sans-serif;\">Ana Mar\u00eda Boh\u00f3rquez (Soccer Future, Liga Bogot\u00e1)<\/span><\/p>\n<p style=\"text-align: justify;\"><span style=\"font-family: helvetica, arial, sans-serif;\">Ingrid Yobana Guerra (Deportivo Cali)<\/span><\/p>\n<p style=\"text-align: justify;\"><span style=\"font-family: helvetica, arial, sans-serif;\">Valentina Oviedo (Palmira, Liga Valle)<\/span><\/p>\n<p style=\"text-align: justify;\"><span style=\"font-family: helvetica, arial, sans-serif;\">Irianis Esther Centeno (Tiburones Blancos, Liga Atl\u00e1ntico)<\/span><\/p>\n<p style=\"text-align: justify;\"><span style=\"font-family: helvetica, arial, sans-serif;\">Laura Daniela Orozco (C\u00e1diz club femenino, Espa\u00f1a)<\/span><\/p>\n<p style=\"text-align: justify;\"><span style=\"font-family: helvetica, arial, sans-serif;\">Valentina Gonz\u00e1lez (Sport Colombia, Liga Bogot\u00e1)<\/span><\/p>\n<p style=\"text-align: justify;\"><span style=\"font-family: helvetica, arial, sans-serif;\">Estefan\u00eda Gonz\u00e1lez (Atl\u00e9tico Nacional)<\/span><\/p>\n<p style=\"text-align: justify;\"><span style=\"font-family: helvetica, arial, sans-serif;\">Belkis Johana Ni\u00f1o (Real Santander, Liga Santander)<\/span><\/p>\n<p style=\"text-align: justify;\"><span style=\"font-family: helvetica, arial, sans-serif;\">Manuela Restrepo (Atl\u00e9tico Nacional)<\/span><\/p>\n<p style=\"text-align: justify;\"><span style=\"font-family: helvetica, arial, sans-serif;\">Maireth Alejandra P\u00e9rez (Independiente Medell\u00edn)<\/span><\/p>\n","protected":false},"excerpt":{"rendered":"<p>Manuela Villegas, quien juega en el Espanyol de Barcelona, y Laura Daniela Orozco, del C\u00e1diz de Espa\u00f1a, encabezan la n\u00f3mina de 22 jugadoras citadas a la selecci\u00f3n Colombia sub-20 que participar\u00e1 en el Sudamericano femenino de la categor\u00eda que se jugar\u00e1 en Argentina entre el 4 y 22 de marzo. El plantel se concentrar\u00e1 desde [&hellip;]<\/p>\n","protected":false},"author":5,"featured_media":47805,"comment_status":"open","ping_status":"open","sticky":false,"template":"","format":"standard","meta":{"_acf_changed":false,"footnotes":""},"categories":[5],"tags":[1771],"class_list":{"0":"post-47804","1":"post","2":"type-post","3":"status-publish","4":"format-standard","5":"has-post-thumbnail","7":"category-destacados","8":"tag-suramericano-sub-20-femenino"},"acf":[],"yoast_head":"<!-- This site is optimized with the Yoast SEO plugin v26.8 - https:\/\/yoast.com\/product\/yoast-seo-wordpress\/ -->\n<title>Colombia defini\u00f3 equipo para Sudamericano sub-20 femenino -<\/title>\n<meta name=\"robots\" content=\"index, follow, max-snippet:-1, max-image-preview:large, max-video-preview:-1\" \/>\n<link rel=\"canonical\" href=\"https:\/\/futbolhoy.co\/index.php\/2020\/02\/18\/colombia-definio-equipo-para-sudamericano-sub-20-femenino\/\" \/>\n<meta property=\"og:locale\" content=\"es_ES\" \/>\n<meta property=\"og:type\" content=\"article\" \/>\n<meta property=\"og:title\" content=\"Colombia defini\u00f3 equipo para Sudamericano sub-20 femenino -\" \/>\n<meta property=\"og:description\" content=\"Manuela Villegas, quien juega en el Espanyol de Barcelona, y Laura Daniela Orozco, del C\u00e1diz de Espa\u00f1a, encabezan la n\u00f3mina de 22 jugadoras citadas a la selecci\u00f3n Colombia sub-20 que participar\u00e1 en el Sudamericano femenino de la categor\u00eda que se jugar\u00e1 en Argentina entre el 4 y 22 de marzo. El plantel se concentrar\u00e1 desde [&hellip;]\" \/>\n<meta property=\"og:url\" content=\"https:\/\/futbolhoy.co\/index.php\/2020\/02\/18\/colombia-definio-equipo-para-sudamericano-sub-20-femenino\/\" \/>\n<meta property=\"article:publisher\" content=\"https:\/\/www.facebook.com\/FutbolHoyCol\/\" \/>\n<meta property=\"article:published_time\" content=\"2020-02-18T11:53:53+00:00\" \/>\n<meta property=\"article:modified_time\" content=\"2020-02-18T15:02:48+00:00\" \/>\n<meta property=\"og:image\" content=\"https:\/\/futbolhoy.co\/wp-content\/uploads\/2020\/02\/Logo.jpg\" \/>\n\t<meta property=\"og:image:width\" content=\"862\" \/>\n\t<meta property=\"og:image:height\" content=\"558\" \/>\n\t<meta property=\"og:image:type\" content=\"image\/jpeg\" \/>\n<meta name=\"author\" content=\"Laura Hern\u00e1ndez\" \/>\n<meta name=\"twitter:card\" content=\"summary_large_image\" \/>\n<meta name=\"twitter:creator\" content=\"@FutbolHoyCol\" \/>\n<meta name=\"twitter:site\" content=\"@FutbolHoyCol\" \/>\n<meta name=\"twitter:label1\" content=\"Escrito por\" \/>\n\t<meta name=\"twitter:data1\" content=\"Laura Hern\u00e1ndez\" \/>\n\t<meta name=\"twitter:label2\" content=\"Tiempo de lectura\" \/>\n\t<meta name=\"twitter:data2\" content=\"1 minuto\" \/>\n<script type=\"application\/ld+json\" class=\"yoast-schema-graph\">{\"@context\":\"https:\/\/schema.org\",\"@graph\":[{\"@type\":\"Article\",\"@id\":\"https:\/\/futbolhoy.co\/index.php\/2020\/02\/18\/colombia-definio-equipo-para-sudamericano-sub-20-femenino\/#article\",\"isPartOf\":{\"@id\":\"https:\/\/futbolhoy.co\/index.php\/2020\/02\/18\/colombia-definio-equipo-para-sudamericano-sub-20-femenino\/\"},\"author\":{\"name\":\"Laura Hern\u00e1ndez\",\"@id\":\"https:\/\/futbolhoy.co\/#\/schema\/person\/c4a353a512b127643723a34bb1812f7d\"},\"headline\":\"Colombia defini\u00f3 equipo para Sudamericano sub-20 femenino\",\"datePublished\":\"2020-02-18T11:53:53+00:00\",\"dateModified\":\"2020-02-18T15:02:48+00:00\",\"mainEntityOfPage\":{\"@id\":\"https:\/\/futbolhoy.co\/index.php\/2020\/02\/18\/colombia-definio-equipo-para-sudamericano-sub-20-femenino\/\"},\"wordCount\":267,\"commentCount\":0,\"publisher\":{\"@id\":\"https:\/\/futbolhoy.co\/#organization\"},\"image\":{\"@id\":\"https:\/\/futbolhoy.co\/index.php\/2020\/02\/18\/colombia-definio-equipo-para-sudamericano-sub-20-femenino\/#primaryimage\"},\"thumbnailUrl\":\"https:\/\/futbolhoy.co\/wp-content\/uploads\/2020\/02\/Logo.jpg\",\"keywords\":[\"Suramericano Sub-20 femenino\"],\"articleSection\":[\"Destacados\"],\"inLanguage\":\"es\",\"potentialAction\":[{\"@type\":\"CommentAction\",\"name\":\"Comment\",\"target\":[\"https:\/\/futbolhoy.co\/index.php\/2020\/02\/18\/colombia-definio-equipo-para-sudamericano-sub-20-femenino\/#respond\"]}]},{\"@type\":\"WebPage\",\"@id\":\"https:\/\/futbolhoy.co\/index.php\/2020\/02\/18\/colombia-definio-equipo-para-sudamericano-sub-20-femenino\/\",\"url\":\"https:\/\/futbolhoy.co\/index.php\/2020\/02\/18\/colombia-definio-equipo-para-sudamericano-sub-20-femenino\/\",\"name\":\"Colombia defini\u00f3 equipo para Sudamericano sub-20 femenino -\",\"isPartOf\":{\"@id\":\"https:\/\/futbolhoy.co\/#website\"},\"primaryImageOfPage\":{\"@id\":\"https:\/\/futbolhoy.co\/index.php\/2020\/02\/18\/colombia-definio-equipo-para-sudamericano-sub-20-femenino\/#primaryimage\"},\"image\":{\"@id\":\"https:\/\/futbolhoy.co\/index.php\/2020\/02\/18\/colombia-definio-equipo-para-sudamericano-sub-20-femenino\/#primaryimage\"},\"thumbnailUrl\":\"https:\/\/futbolhoy.co\/wp-content\/uploads\/2020\/02\/Logo.jpg\",\"datePublished\":\"2020-02-18T11:53:53+00:00\",\"dateModified\":\"2020-02-18T15:02:48+00:00\",\"breadcrumb\":{\"@id\":\"https:\/\/futbolhoy.co\/index.php\/2020\/02\/18\/colombia-definio-equipo-para-sudamericano-sub-20-femenino\/#breadcrumb\"},\"inLanguage\":\"es\",\"potentialAction\":[{\"@type\":\"ReadAction\",\"target\":[\"https:\/\/futbolhoy.co\/index.php\/2020\/02\/18\/colombia-definio-equipo-para-sudamericano-sub-20-femenino\/\"]}]},{\"@type\":\"ImageObject\",\"inLanguage\":\"es\",\"@id\":\"https:\/\/futbolhoy.co\/index.php\/2020\/02\/18\/colombia-definio-equipo-para-sudamericano-sub-20-femenino\/#primaryimage\",\"url\":\"https:\/\/futbolhoy.co\/wp-content\/uploads\/2020\/02\/Logo.jpg\",\"contentUrl\":\"https:\/\/futbolhoy.co\/wp-content\/uploads\/2020\/02\/Logo.jpg\",\"width\":862,\"height\":558,\"caption\":\"@FCFSeleccionCol\"},{\"@type\":\"BreadcrumbList\",\"@id\":\"https:\/\/futbolhoy.co\/index.php\/2020\/02\/18\/colombia-definio-equipo-para-sudamericano-sub-20-femenino\/#breadcrumb\",\"itemListElement\":[{\"@type\":\"ListItem\",\"position\":1,\"name\":\"Portada\",\"item\":\"https:\/\/futbolhoy.co\/\"},{\"@type\":\"ListItem\",\"position\":2,\"name\":\"Colombia defini\u00f3 equipo para Sudamericano sub-20 femenino\"}]},{\"@type\":\"WebSite\",\"@id\":\"https:\/\/futbolhoy.co\/#website\",\"url\":\"https:\/\/futbolhoy.co\/\",\"name\":\"FutbolHoy\",\"description\":\"\",\"publisher\":{\"@id\":\"https:\/\/futbolhoy.co\/#organization\"},\"potentialAction\":[{\"@type\":\"SearchAction\",\"target\":{\"@type\":\"EntryPoint\",\"urlTemplate\":\"https:\/\/futbolhoy.co\/?s={search_term_string}\"},\"query-input\":{\"@type\":\"PropertyValueSpecification\",\"valueRequired\":true,\"valueName\":\"search_term_string\"}}],\"inLanguage\":\"es\"},{\"@type\":\"Organization\",\"@id\":\"https:\/\/futbolhoy.co\/#organization\",\"name\":\"Futbolhoy.co\",\"url\":\"https:\/\/futbolhoy.co\/\",\"logo\":{\"@type\":\"ImageObject\",\"inLanguage\":\"es\",\"@id\":\"https:\/\/futbolhoy.co\/#\/schema\/logo\/image\/\",\"url\":\"https:\/\/futbolhoy.co\/wp-content\/uploads\/2018\/08\/17426380_1906371736249227_6326180412931521141_n.jpg\",\"contentUrl\":\"https:\/\/futbolhoy.co\/wp-content\/uploads\/2018\/08\/17426380_1906371736249227_6326180412931521141_n.jpg\",\"width\":960,\"height\":960,\"caption\":\"Futbolhoy.co\"},\"image\":{\"@id\":\"https:\/\/futbolhoy.co\/#\/schema\/logo\/image\/\"},\"sameAs\":[\"https:\/\/www.facebook.com\/FutbolHoyCol\/\",\"https:\/\/x.com\/FutbolHoyCol\",\"https:\/\/www.instagram.com\/futbolhoycol\/\"]},{\"@type\":\"Person\",\"@id\":\"https:\/\/futbolhoy.co\/#\/schema\/person\/c4a353a512b127643723a34bb1812f7d\",\"name\":\"Laura Hern\u00e1ndez\",\"image\":{\"@type\":\"ImageObject\",\"inLanguage\":\"es\",\"@id\":\"https:\/\/futbolhoy.co\/#\/schema\/person\/image\/\",\"url\":\"https:\/\/secure.gravatar.com\/avatar\/d25959a15b9b293a743f99181c7cfd01?s=96&d=mm&r=g\",\"contentUrl\":\"https:\/\/secure.gravatar.com\/avatar\/d25959a15b9b293a743f99181c7cfd01?s=96&d=mm&r=g\",\"caption\":\"Laura Hern\u00e1ndez\"}}]}<\/script>\n<!-- \/ Yoast SEO plugin. -->","yoast_head_json":{"title":"Colombia defini\u00f3 equipo para Sudamericano sub-20 femenino -","robots":{"index":"index","follow":"follow","max-snippet":"max-snippet:-1","max-image-preview":"max-image-preview:large","max-video-preview":"max-video-preview:-1"},"canonical":"https:\/\/futbolhoy.co\/index.php\/2020\/02\/18\/colombia-definio-equipo-para-sudamericano-sub-20-femenino\/","og_locale":"es_ES","og_type":"article","og_title":"Colombia defini\u00f3 equipo para Sudamericano sub-20 femenino -","og_description":"Manuela Villegas, quien juega en el Espanyol de Barcelona, y Laura Daniela Orozco, del C\u00e1diz de Espa\u00f1a, encabezan la n\u00f3mina de 22 jugadoras citadas a la selecci\u00f3n Colombia sub-20 que participar\u00e1 en el Sudamericano femenino de la categor\u00eda que se jugar\u00e1 en Argentina entre el 4 y 22 de marzo. El plantel se concentrar\u00e1 desde [&hellip;]","og_url":"https:\/\/futbolhoy.co\/index.php\/2020\/02\/18\/colombia-definio-equipo-para-sudamericano-sub-20-femenino\/","article_publisher":"https:\/\/www.facebook.com\/FutbolHoyCol\/","article_published_time":"2020-02-18T11:53:53+00:00","article_modified_time":"2020-02-18T15:02:48+00:00","og_image":[{"width":862,"height":558,"url":"https:\/\/futbolhoy.co\/wp-content\/uploads\/2020\/02\/Logo.jpg","type":"image\/jpeg"}],"author":"Laura Hern\u00e1ndez","twitter_card":"summary_large_image","twitter_creator":"@FutbolHoyCol","twitter_site":"@FutbolHoyCol","twitter_misc":{"Escrito por":"Laura Hern\u00e1ndez","Tiempo de lectura":"1 minuto"},"schema":{"@context":"https:\/\/schema.org","@graph":[{"@type":"Article","@id":"https:\/\/futbolhoy.co\/index.php\/2020\/02\/18\/colombia-definio-equipo-para-sudamericano-sub-20-femenino\/#article","isPartOf":{"@id":"https:\/\/futbolhoy.co\/index.php\/2020\/02\/18\/colombia-definio-equipo-para-sudamericano-sub-20-femenino\/"},"author":{"name":"Laura Hern\u00e1ndez","@id":"https:\/\/futbolhoy.co\/#\/schema\/person\/c4a353a512b127643723a34bb1812f7d"},"headline":"Colombia defini\u00f3 equipo para Sudamericano sub-20 femenino","datePublished":"2020-02-18T11:53:53+00:00","dateModified":"2020-02-18T15:02:48+00:00","mainEntityOfPage":{"@id":"https:\/\/futbolhoy.co\/index.php\/2020\/02\/18\/colombia-definio-equipo-para-sudamericano-sub-20-femenino\/"},"wordCount":267,"commentCount":0,"publisher":{"@id":"https:\/\/futbolhoy.co\/#organization"},"image":{"@id":"https:\/\/futbolhoy.co\/index.php\/2020\/02\/18\/colombia-definio-equipo-para-sudamericano-sub-20-femenino\/#primaryimage"},"thumbnailUrl":"https:\/\/futbolhoy.co\/wp-content\/uploads\/2020\/02\/Logo.jpg","keywords":["Suramericano Sub-20 femenino"],"articleSection":["Destacados"],"inLanguage":"es","potentialAction":[{"@type":"CommentAction","name":"Comment","target":["https:\/\/futbolhoy.co\/index.php\/2020\/02\/18\/colombia-definio-equipo-para-sudamericano-sub-20-femenino\/#respond"]}]},{"@type":"WebPage","@id":"https:\/\/futbolhoy.co\/index.php\/2020\/02\/18\/colombia-definio-equipo-para-sudamericano-sub-20-femenino\/","url":"https:\/\/futbolhoy.co\/index.php\/2020\/02\/18\/colombia-definio-equipo-para-sudamericano-sub-20-femenino\/","name":"Colombia defini\u00f3 equipo para Sudamericano sub-20 femenino -","isPartOf":{"@id":"https:\/\/futbolhoy.co\/#website"},"primaryImageOfPage":{"@id":"https:\/\/futbolhoy.co\/index.php\/2020\/02\/18\/colombia-definio-equipo-para-sudamericano-sub-20-femenino\/#primaryimage"},"image":{"@id":"https:\/\/futbolhoy.co\/index.php\/2020\/02\/18\/colombia-definio-equipo-para-sudamericano-sub-20-femenino\/#primaryimage"},"thumbnailUrl":"https:\/\/futbolhoy.co\/wp-content\/uploads\/2020\/02\/Logo.jpg","datePublished":"2020-02-18T11:53:53+00:00","dateModified":"2020-02-18T15:02:48+00:00","breadcrumb":{"@id":"https:\/\/futbolhoy.co\/index.php\/2020\/02\/18\/colombia-definio-equipo-para-sudamericano-sub-20-femenino\/#breadcrumb"},"inLanguage":"es","potentialAction":[{"@type":"ReadAction","target":["https:\/\/futbolhoy.co\/index.php\/2020\/02\/18\/colombia-definio-equipo-para-sudamericano-sub-20-femenino\/"]}]},{"@type":"ImageObject","inLanguage":"es","@id":"https:\/\/futbolhoy.co\/index.php\/2020\/02\/18\/colombia-definio-equipo-para-sudamericano-sub-20-femenino\/#primaryimage","url":"https:\/\/futbolhoy.co\/wp-content\/uploads\/2020\/02\/Logo.jpg","contentUrl":"https:\/\/futbolhoy.co\/wp-content\/uploads\/2020\/02\/Logo.jpg","width":862,"height":558,"caption":"@FCFSeleccionCol"},{"@type":"BreadcrumbList","@id":"https:\/\/futbolhoy.co\/index.php\/2020\/02\/18\/colombia-definio-equipo-para-sudamericano-sub-20-femenino\/#breadcrumb","itemListElement":[{"@type":"ListItem","position":1,"name":"Portada","item":"https:\/\/futbolhoy.co\/"},{"@type":"ListItem","position":2,"name":"Colombia defini\u00f3 equipo para Sudamericano sub-20 femenino"}]},{"@type":"WebSite","@id":"https:\/\/futbolhoy.co\/#website","url":"https:\/\/futbolhoy.co\/","name":"FutbolHoy","description":"","publisher":{"@id":"https:\/\/futbolhoy.co\/#organization"},"potentialAction":[{"@type":"SearchAction","target":{"@type":"EntryPoint","urlTemplate":"https:\/\/futbolhoy.co\/?s={search_term_string}"},"query-input":{"@type":"PropertyValueSpecification","valueRequired":true,"valueName":"search_term_string"}}],"inLanguage":"es"},{"@type":"Organization","@id":"https:\/\/futbolhoy.co\/#organization","name":"Futbolhoy.co","url":"https:\/\/futbolhoy.co\/","logo":{"@type":"ImageObject","inLanguage":"es","@id":"https:\/\/futbolhoy.co\/#\/schema\/logo\/image\/","url":"https:\/\/futbolhoy.co\/wp-content\/uploads\/2018\/08\/17426380_1906371736249227_6326180412931521141_n.jpg","contentUrl":"https:\/\/futbolhoy.co\/wp-content\/uploads\/2018\/08\/17426380_1906371736249227_6326180412931521141_n.jpg","width":960,"height":960,"caption":"Futbolhoy.co"},"image":{"@id":"https:\/\/futbolhoy.co\/#\/schema\/logo\/image\/"},"sameAs":["https:\/\/www.facebook.com\/FutbolHoyCol\/","https:\/\/x.com\/FutbolHoyCol","https:\/\/www.instagram.com\/futbolhoycol\/"]},{"@type":"Person","@id":"https:\/\/futbolhoy.co\/#\/schema\/person\/c4a353a512b127643723a34bb1812f7d","name":"Laura Hern\u00e1ndez","image":{"@type":"ImageObject","inLanguage":"es","@id":"https:\/\/futbolhoy.co\/#\/schema\/person\/image\/","url":"https:\/\/secure.gravatar.com\/avatar\/d25959a15b9b293a743f99181c7cfd01?s=96&d=mm&r=g","contentUrl":"https:\/\/secure.gravatar.com\/avatar\/d25959a15b9b293a743f99181c7cfd01?s=96&d=mm&r=g","caption":"Laura Hern\u00e1ndez"}}]}},"publishpress_future_action":{"enabled":false,"date":"2026-05-03 05:32:22","action":"change-status","newStatus":"draft","terms":[],"taxonomy":"category","extraData":[]},"publishpress_future_workflow_manual_trigger":{"enabledWorkflows":[]},"_links":{"self":[{"href":"https:\/\/futbolhoy.co\/index.php\/wp-json\/wp\/v2\/posts\/47804","targetHints":{"allow":["GET"]}}],"collection":[{"href":"https:\/\/futbolhoy.co\/index.php\/wp-json\/wp\/v2\/posts"}],"about":[{"href":"https:\/\/futbolhoy.co\/index.php\/wp-json\/wp\/v2\/types\/post"}],"author":[{"embeddable":true,"href":"https:\/\/futbolhoy.co\/index.php\/wp-json\/wp\/v2\/users\/5"}],"replies":[{"embeddable":true,"href":"https:\/\/futbolhoy.co\/index.php\/wp-json\/wp\/v2\/comments?post=47804"}],"version-history":[{"count":1,"href":"https:\/\/futbolhoy.co\/index.php\/wp-json\/wp\/v2\/posts\/47804\/revisions"}],"predecessor-version":[{"id":47806,"href":"https:\/\/futbolhoy.co\/index.php\/wp-json\/wp\/v2\/posts\/47804\/revisions\/47806"}],"wp:featuredmedia":[{"embeddable":true,"href":"https:\/\/futbolhoy.co\/index.php\/wp-json\/wp\/v2\/media\/47805"}],"wp:attachment":[{"href":"https:\/\/futbolhoy.co\/index.php\/wp-json\/wp\/v2\/media?parent=47804"}],"wp:term":[{"taxonomy":"category","embeddable":true,"href":"https:\/\/futbolhoy.co\/index.php\/wp-json\/wp\/v2\/categories?post=47804"},{"taxonomy":"post_tag","embeddable":true,"href":"https:\/\/futbolhoy.co\/index.php\/wp-json\/wp\/v2\/tags?post=47804"}],"curies":[{"name":"wp","href":"https:\/\/api.w.org\/{rel}","templated":true}]}}