{"id":47807,"date":"2020-02-18T13:15:50","date_gmt":"2020-02-18T18:15:50","guid":{"rendered":"https:\/\/futbolhoy.co\/?p=47807"},"modified":"2020-02-19T08:50:01","modified_gmt":"2020-02-19T13:50:01","slug":"fabra-en-su-salsa-con-boca-juniors","status":"publish","type":"post","link":"https:\/\/futbolhoy.co\/index.php\/2020\/02\/18\/fabra-en-su-salsa-con-boca-juniors\/","title":{"rendered":"Fabra \u2018en su salsa\u2019 con Boca Juniors"},"content":{"rendered":"<!--[if lt IE 9]><script>document.createElement('audio');<\/script><![endif]-->\n<audio class=\"wp-audio-shortcode\" id=\"audio-47807-1\" preload=\"none\" style=\"width: 100%;\" controls=\"controls\"><source type=\"audio\/mpeg\" src=\"https:\/\/futbolhoy.co\/wp-content\/uploads\/2020\/02\/FRANK-FABRA.mp3?_=1\" \/><a href=\"https:\/\/futbolhoy.co\/wp-content\/uploads\/2020\/02\/FRANK-FABRA.mp3\">https:\/\/futbolhoy.co\/wp-content\/uploads\/2020\/02\/FRANK-FABRA.mp3<\/a><\/audio>\n<p style=\"text-align: justify;\"><span style=\"font-family: helvetica, arial, sans-serif;\"><strong>Frank Fabra<\/strong>, lateral izquierdo colombiano de <strong>Boca<\/strong> <strong>Juniors<\/strong>, se mostr\u00f3 muy satisfecho con su desempe\u00f1o esta temporada con el club argentino, bajo las \u00f3rdenes del t\u00e9cnico<strong> Miguel \u00c1ngel Russo.<\/strong><\/span><\/p>\n<p style=\"text-align: justify;\"><span style=\"font-family: helvetica, arial, sans-serif;\">Fabra, de 28 a\u00f1os, ha disputado 4 partidos este a\u00f1o en la <strong>Superliga<\/strong> <strong>Argentina<\/strong> y se ha consolidado en la formaci\u00f3n titular del equipo \u2018xeneize\u2019 junto a los tambi\u00e9n colombianos <strong>Jorman Campuzano<\/strong> y <strong>Sebasti\u00e1n Villa.<\/strong><\/span><\/p>\n<p style=\"text-align: justify;\"><span style=\"font-family: helvetica, arial, sans-serif;\">\u201cTengo libertad de salir, atacar, pasar, de sumarme al ataque, como dicen en <strong>Colombia,<\/strong> \u2018estoy en mi salsa\u2019. Contento de jugar, de sumar minutos, partidos consecutivos; porque el a\u00f1o pasado en 11 meses tuve 12 partidos, era muy dif\u00edcil ganar confianza y recuperar el nivel. Ahora con la cantidad de partidos que estoy teniendo, cada vez me siento mejor\u201d, manifest\u00f3 Fabra en entrevista con FOX Sports.<\/span><\/p>\n","protected":false},"excerpt":{"rendered":"<p>Frank Fabra, lateral izquierdo colombiano de Boca Juniors, se mostr\u00f3 muy satisfecho con su desempe\u00f1o esta temporada con el club argentino, bajo las \u00f3rdenes del t\u00e9cnico Miguel \u00c1ngel Russo. Fabra, de 28 a\u00f1os, ha disputado 4 partidos este a\u00f1o en la Superliga Argentina y se ha consolidado en la formaci\u00f3n titular del equipo \u2018xeneize\u2019 junto [&hellip;]<\/p>\n","protected":false},"author":5,"featured_media":47808,"comment_status":"open","ping_status":"open","sticky":false,"template":"","format":"video","meta":{"_acf_changed":false,"footnotes":""},"categories":[418],"tags":[260,350],"class_list":{"0":"post-47807","1":"post","2":"type-post","3":"status-publish","4":"format-video","5":"has-post-thumbnail","7":"category-colombia","8":"tag-boca-juniors","9":"tag-frank-fabra","10":"post_format-post-format-video"},"acf":[],"yoast_head":"<!-- This site is optimized with the Yoast SEO plugin v26.8 - https:\/\/yoast.com\/product\/yoast-seo-wordpress\/ -->\n<title>Fabra \u2018en su salsa\u2019 con Boca Juniors -<\/title>\n<meta name=\"robots\" content=\"index, follow, max-snippet:-1, max-image-preview:large, max-video-preview:-1\" \/>\n<link rel=\"canonical\" href=\"https:\/\/futbolhoy.co\/index.php\/2020\/02\/18\/fabra-en-su-salsa-con-boca-juniors\/\" \/>\n<meta property=\"og:locale\" content=\"es_ES\" \/>\n<meta property=\"og:type\" content=\"article\" \/>\n<meta property=\"og:title\" content=\"Fabra \u2018en su salsa\u2019 con Boca Juniors -\" \/>\n<meta property=\"og:description\" content=\"Frank Fabra, lateral izquierdo colombiano de Boca Juniors, se mostr\u00f3 muy satisfecho con su desempe\u00f1o esta temporada con el club argentino, bajo las \u00f3rdenes del t\u00e9cnico Miguel \u00c1ngel Russo. Fabra, de 28 a\u00f1os, ha disputado 4 partidos este a\u00f1o en la Superliga Argentina y se ha consolidado en la formaci\u00f3n titular del equipo \u2018xeneize\u2019 junto [&hellip;]\" \/>\n<meta property=\"og:url\" content=\"https:\/\/futbolhoy.co\/index.php\/2020\/02\/18\/fabra-en-su-salsa-con-boca-juniors\/\" \/>\n<meta property=\"article:publisher\" content=\"https:\/\/www.facebook.com\/FutbolHoyCol\/\" \/>\n<meta property=\"article:published_time\" content=\"2020-02-18T18:15:50+00:00\" \/>\n<meta property=\"article:modified_time\" content=\"2020-02-19T13:50:01+00:00\" \/>\n<meta property=\"og:image\" content=\"https:\/\/futbolhoy.co\/wp-content\/uploads\/2020\/02\/Fabra.jpg\" \/>\n\t<meta property=\"og:image:width\" content=\"825\" \/>\n\t<meta property=\"og:image:height\" content=\"554\" \/>\n\t<meta property=\"og:image:type\" content=\"image\/jpeg\" \/>\n<meta name=\"author\" content=\"Laura Hern\u00e1ndez\" \/>\n<meta name=\"twitter:card\" content=\"summary_large_image\" \/>\n<meta name=\"twitter:creator\" content=\"@FutbolHoyCol\" \/>\n<meta name=\"twitter:site\" content=\"@FutbolHoyCol\" \/>\n<meta name=\"twitter:label1\" content=\"Escrito por\" \/>\n\t<meta name=\"twitter:data1\" content=\"Laura Hern\u00e1ndez\" \/>\n\t<meta name=\"twitter:label2\" content=\"Tiempo de lectura\" \/>\n\t<meta name=\"twitter:data2\" content=\"1 minuto\" \/>\n<script type=\"application\/ld+json\" class=\"yoast-schema-graph\">{\"@context\":\"https:\/\/schema.org\",\"@graph\":[{\"@type\":\"Article\",\"@id\":\"https:\/\/futbolhoy.co\/index.php\/2020\/02\/18\/fabra-en-su-salsa-con-boca-juniors\/#article\",\"isPartOf\":{\"@id\":\"https:\/\/futbolhoy.co\/index.php\/2020\/02\/18\/fabra-en-su-salsa-con-boca-juniors\/\"},\"author\":{\"name\":\"Laura Hern\u00e1ndez\",\"@id\":\"https:\/\/futbolhoy.co\/#\/schema\/person\/c4a353a512b127643723a34bb1812f7d\"},\"headline\":\"Fabra \u2018en su salsa\u2019 con Boca Juniors\",\"datePublished\":\"2020-02-18T18:15:50+00:00\",\"dateModified\":\"2020-02-19T13:50:01+00:00\",\"mainEntityOfPage\":{\"@id\":\"https:\/\/futbolhoy.co\/index.php\/2020\/02\/18\/fabra-en-su-salsa-con-boca-juniors\/\"},\"wordCount\":152,\"commentCount\":0,\"publisher\":{\"@id\":\"https:\/\/futbolhoy.co\/#organization\"},\"image\":{\"@id\":\"https:\/\/futbolhoy.co\/index.php\/2020\/02\/18\/fabra-en-su-salsa-con-boca-juniors\/#primaryimage\"},\"thumbnailUrl\":\"https:\/\/futbolhoy.co\/wp-content\/uploads\/2020\/02\/Fabra.jpg\",\"keywords\":[\"Boca Juniors\",\"Frank fabra\"],\"articleSection\":[\"Colombia\"],\"inLanguage\":\"es\",\"potentialAction\":[{\"@type\":\"CommentAction\",\"name\":\"Comment\",\"target\":[\"https:\/\/futbolhoy.co\/index.php\/2020\/02\/18\/fabra-en-su-salsa-con-boca-juniors\/#respond\"]}]},{\"@type\":\"WebPage\",\"@id\":\"https:\/\/futbolhoy.co\/index.php\/2020\/02\/18\/fabra-en-su-salsa-con-boca-juniors\/\",\"url\":\"https:\/\/futbolhoy.co\/index.php\/2020\/02\/18\/fabra-en-su-salsa-con-boca-juniors\/\",\"name\":\"Fabra \u2018en su salsa\u2019 con Boca Juniors -\",\"isPartOf\":{\"@id\":\"https:\/\/futbolhoy.co\/#website\"},\"primaryImageOfPage\":{\"@id\":\"https:\/\/futbolhoy.co\/index.php\/2020\/02\/18\/fabra-en-su-salsa-con-boca-juniors\/#primaryimage\"},\"image\":{\"@id\":\"https:\/\/futbolhoy.co\/index.php\/2020\/02\/18\/fabra-en-su-salsa-con-boca-juniors\/#primaryimage\"},\"thumbnailUrl\":\"https:\/\/futbolhoy.co\/wp-content\/uploads\/2020\/02\/Fabra.jpg\",\"datePublished\":\"2020-02-18T18:15:50+00:00\",\"dateModified\":\"2020-02-19T13:50:01+00:00\",\"breadcrumb\":{\"@id\":\"https:\/\/futbolhoy.co\/index.php\/2020\/02\/18\/fabra-en-su-salsa-con-boca-juniors\/#breadcrumb\"},\"inLanguage\":\"es\",\"potentialAction\":[{\"@type\":\"ReadAction\",\"target\":[\"https:\/\/futbolhoy.co\/index.php\/2020\/02\/18\/fabra-en-su-salsa-con-boca-juniors\/\"]}]},{\"@type\":\"ImageObject\",\"inLanguage\":\"es\",\"@id\":\"https:\/\/futbolhoy.co\/index.php\/2020\/02\/18\/fabra-en-su-salsa-con-boca-juniors\/#primaryimage\",\"url\":\"https:\/\/futbolhoy.co\/wp-content\/uploads\/2020\/02\/Fabra.jpg\",\"contentUrl\":\"https:\/\/futbolhoy.co\/wp-content\/uploads\/2020\/02\/Fabra.jpg\",\"width\":825,\"height\":554},{\"@type\":\"BreadcrumbList\",\"@id\":\"https:\/\/futbolhoy.co\/index.php\/2020\/02\/18\/fabra-en-su-salsa-con-boca-juniors\/#breadcrumb\",\"itemListElement\":[{\"@type\":\"ListItem\",\"position\":1,\"name\":\"Portada\",\"item\":\"https:\/\/futbolhoy.co\/\"},{\"@type\":\"ListItem\",\"position\":2,\"name\":\"Fabra \u2018en su salsa\u2019 con Boca Juniors\"}]},{\"@type\":\"WebSite\",\"@id\":\"https:\/\/futbolhoy.co\/#website\",\"url\":\"https:\/\/futbolhoy.co\/\",\"name\":\"FutbolHoy\",\"description\":\"\",\"publisher\":{\"@id\":\"https:\/\/futbolhoy.co\/#organization\"},\"potentialAction\":[{\"@type\":\"SearchAction\",\"target\":{\"@type\":\"EntryPoint\",\"urlTemplate\":\"https:\/\/futbolhoy.co\/?s={search_term_string}\"},\"query-input\":{\"@type\":\"PropertyValueSpecification\",\"valueRequired\":true,\"valueName\":\"search_term_string\"}}],\"inLanguage\":\"es\"},{\"@type\":\"Organization\",\"@id\":\"https:\/\/futbolhoy.co\/#organization\",\"name\":\"Futbolhoy.co\",\"url\":\"https:\/\/futbolhoy.co\/\",\"logo\":{\"@type\":\"ImageObject\",\"inLanguage\":\"es\",\"@id\":\"https:\/\/futbolhoy.co\/#\/schema\/logo\/image\/\",\"url\":\"https:\/\/futbolhoy.co\/wp-content\/uploads\/2018\/08\/17426380_1906371736249227_6326180412931521141_n.jpg\",\"contentUrl\":\"https:\/\/futbolhoy.co\/wp-content\/uploads\/2018\/08\/17426380_1906371736249227_6326180412931521141_n.jpg\",\"width\":960,\"height\":960,\"caption\":\"Futbolhoy.co\"},\"image\":{\"@id\":\"https:\/\/futbolhoy.co\/#\/schema\/logo\/image\/\"},\"sameAs\":[\"https:\/\/www.facebook.com\/FutbolHoyCol\/\",\"https:\/\/x.com\/FutbolHoyCol\",\"https:\/\/www.instagram.com\/futbolhoycol\/\"]},{\"@type\":\"Person\",\"@id\":\"https:\/\/futbolhoy.co\/#\/schema\/person\/c4a353a512b127643723a34bb1812f7d\",\"name\":\"Laura Hern\u00e1ndez\",\"image\":{\"@type\":\"ImageObject\",\"inLanguage\":\"es\",\"@id\":\"https:\/\/futbolhoy.co\/#\/schema\/person\/image\/\",\"url\":\"https:\/\/secure.gravatar.com\/avatar\/d25959a15b9b293a743f99181c7cfd01?s=96&d=mm&r=g\",\"contentUrl\":\"https:\/\/secure.gravatar.com\/avatar\/d25959a15b9b293a743f99181c7cfd01?s=96&d=mm&r=g\",\"caption\":\"Laura Hern\u00e1ndez\"}}]}<\/script>\n<!-- \/ Yoast SEO plugin. -->","yoast_head_json":{"title":"Fabra \u2018en su salsa\u2019 con Boca Juniors -","robots":{"index":"index","follow":"follow","max-snippet":"max-snippet:-1","max-image-preview":"max-image-preview:large","max-video-preview":"max-video-preview:-1"},"canonical":"https:\/\/futbolhoy.co\/index.php\/2020\/02\/18\/fabra-en-su-salsa-con-boca-juniors\/","og_locale":"es_ES","og_type":"article","og_title":"Fabra \u2018en su salsa\u2019 con Boca Juniors -","og_description":"Frank Fabra, lateral izquierdo colombiano de Boca Juniors, se mostr\u00f3 muy satisfecho con su desempe\u00f1o esta temporada con el club argentino, bajo las \u00f3rdenes del t\u00e9cnico Miguel \u00c1ngel Russo. Fabra, de 28 a\u00f1os, ha disputado 4 partidos este a\u00f1o en la Superliga Argentina y se ha consolidado en la formaci\u00f3n titular del equipo \u2018xeneize\u2019 junto [&hellip;]","og_url":"https:\/\/futbolhoy.co\/index.php\/2020\/02\/18\/fabra-en-su-salsa-con-boca-juniors\/","article_publisher":"https:\/\/www.facebook.com\/FutbolHoyCol\/","article_published_time":"2020-02-18T18:15:50+00:00","article_modified_time":"2020-02-19T13:50:01+00:00","og_image":[{"width":825,"height":554,"url":"https:\/\/futbolhoy.co\/wp-content\/uploads\/2020\/02\/Fabra.jpg","type":"image\/jpeg"}],"author":"Laura Hern\u00e1ndez","twitter_card":"summary_large_image","twitter_creator":"@FutbolHoyCol","twitter_site":"@FutbolHoyCol","twitter_misc":{"Escrito por":"Laura Hern\u00e1ndez","Tiempo de lectura":"1 minuto"},"schema":{"@context":"https:\/\/schema.org","@graph":[{"@type":"Article","@id":"https:\/\/futbolhoy.co\/index.php\/2020\/02\/18\/fabra-en-su-salsa-con-boca-juniors\/#article","isPartOf":{"@id":"https:\/\/futbolhoy.co\/index.php\/2020\/02\/18\/fabra-en-su-salsa-con-boca-juniors\/"},"author":{"name":"Laura Hern\u00e1ndez","@id":"https:\/\/futbolhoy.co\/#\/schema\/person\/c4a353a512b127643723a34bb1812f7d"},"headline":"Fabra \u2018en su salsa\u2019 con Boca Juniors","datePublished":"2020-02-18T18:15:50+00:00","dateModified":"2020-02-19T13:50:01+00:00","mainEntityOfPage":{"@id":"https:\/\/futbolhoy.co\/index.php\/2020\/02\/18\/fabra-en-su-salsa-con-boca-juniors\/"},"wordCount":152,"commentCount":0,"publisher":{"@id":"https:\/\/futbolhoy.co\/#organization"},"image":{"@id":"https:\/\/futbolhoy.co\/index.php\/2020\/02\/18\/fabra-en-su-salsa-con-boca-juniors\/#primaryimage"},"thumbnailUrl":"https:\/\/futbolhoy.co\/wp-content\/uploads\/2020\/02\/Fabra.jpg","keywords":["Boca Juniors","Frank fabra"],"articleSection":["Colombia"],"inLanguage":"es","potentialAction":[{"@type":"CommentAction","name":"Comment","target":["https:\/\/futbolhoy.co\/index.php\/2020\/02\/18\/fabra-en-su-salsa-con-boca-juniors\/#respond"]}]},{"@type":"WebPage","@id":"https:\/\/futbolhoy.co\/index.php\/2020\/02\/18\/fabra-en-su-salsa-con-boca-juniors\/","url":"https:\/\/futbolhoy.co\/index.php\/2020\/02\/18\/fabra-en-su-salsa-con-boca-juniors\/","name":"Fabra \u2018en su salsa\u2019 con Boca Juniors -","isPartOf":{"@id":"https:\/\/futbolhoy.co\/#website"},"primaryImageOfPage":{"@id":"https:\/\/futbolhoy.co\/index.php\/2020\/02\/18\/fabra-en-su-salsa-con-boca-juniors\/#primaryimage"},"image":{"@id":"https:\/\/futbolhoy.co\/index.php\/2020\/02\/18\/fabra-en-su-salsa-con-boca-juniors\/#primaryimage"},"thumbnailUrl":"https:\/\/futbolhoy.co\/wp-content\/uploads\/2020\/02\/Fabra.jpg","datePublished":"2020-02-18T18:15:50+00:00","dateModified":"2020-02-19T13:50:01+00:00","breadcrumb":{"@id":"https:\/\/futbolhoy.co\/index.php\/2020\/02\/18\/fabra-en-su-salsa-con-boca-juniors\/#breadcrumb"},"inLanguage":"es","potentialAction":[{"@type":"ReadAction","target":["https:\/\/futbolhoy.co\/index.php\/2020\/02\/18\/fabra-en-su-salsa-con-boca-juniors\/"]}]},{"@type":"ImageObject","inLanguage":"es","@id":"https:\/\/futbolhoy.co\/index.php\/2020\/02\/18\/fabra-en-su-salsa-con-boca-juniors\/#primaryimage","url":"https:\/\/futbolhoy.co\/wp-content\/uploads\/2020\/02\/Fabra.jpg","contentUrl":"https:\/\/futbolhoy.co\/wp-content\/uploads\/2020\/02\/Fabra.jpg","width":825,"height":554},{"@type":"BreadcrumbList","@id":"https:\/\/futbolhoy.co\/index.php\/2020\/02\/18\/fabra-en-su-salsa-con-boca-juniors\/#breadcrumb","itemListElement":[{"@type":"ListItem","position":1,"name":"Portada","item":"https:\/\/futbolhoy.co\/"},{"@type":"ListItem","position":2,"name":"Fabra \u2018en su salsa\u2019 con Boca Juniors"}]},{"@type":"WebSite","@id":"https:\/\/futbolhoy.co\/#website","url":"https:\/\/futbolhoy.co\/","name":"FutbolHoy","description":"","publisher":{"@id":"https:\/\/futbolhoy.co\/#organization"},"potentialAction":[{"@type":"SearchAction","target":{"@type":"EntryPoint","urlTemplate":"https:\/\/futbolhoy.co\/?s={search_term_string}"},"query-input":{"@type":"PropertyValueSpecification","valueRequired":true,"valueName":"search_term_string"}}],"inLanguage":"es"},{"@type":"Organization","@id":"https:\/\/futbolhoy.co\/#organization","name":"Futbolhoy.co","url":"https:\/\/futbolhoy.co\/","logo":{"@type":"ImageObject","inLanguage":"es","@id":"https:\/\/futbolhoy.co\/#\/schema\/logo\/image\/","url":"https:\/\/futbolhoy.co\/wp-content\/uploads\/2018\/08\/17426380_1906371736249227_6326180412931521141_n.jpg","contentUrl":"https:\/\/futbolhoy.co\/wp-content\/uploads\/2018\/08\/17426380_1906371736249227_6326180412931521141_n.jpg","width":960,"height":960,"caption":"Futbolhoy.co"},"image":{"@id":"https:\/\/futbolhoy.co\/#\/schema\/logo\/image\/"},"sameAs":["https:\/\/www.facebook.com\/FutbolHoyCol\/","https:\/\/x.com\/FutbolHoyCol","https:\/\/www.instagram.com\/futbolhoycol\/"]},{"@type":"Person","@id":"https:\/\/futbolhoy.co\/#\/schema\/person\/c4a353a512b127643723a34bb1812f7d","name":"Laura Hern\u00e1ndez","image":{"@type":"ImageObject","inLanguage":"es","@id":"https:\/\/futbolhoy.co\/#\/schema\/person\/image\/","url":"https:\/\/secure.gravatar.com\/avatar\/d25959a15b9b293a743f99181c7cfd01?s=96&d=mm&r=g","contentUrl":"https:\/\/secure.gravatar.com\/avatar\/d25959a15b9b293a743f99181c7cfd01?s=96&d=mm&r=g","caption":"Laura Hern\u00e1ndez"}}]}},"publishpress_future_action":{"enabled":false,"date":"2026-05-03 08:29:00","action":"change-status","newStatus":"draft","terms":[],"taxonomy":"category","extraData":[]},"publishpress_future_workflow_manual_trigger":{"enabledWorkflows":[]},"_links":{"self":[{"href":"https:\/\/futbolhoy.co\/index.php\/wp-json\/wp\/v2\/posts\/47807","targetHints":{"allow":["GET"]}}],"collection":[{"href":"https:\/\/futbolhoy.co\/index.php\/wp-json\/wp\/v2\/posts"}],"about":[{"href":"https:\/\/futbolhoy.co\/index.php\/wp-json\/wp\/v2\/types\/post"}],"author":[{"embeddable":true,"href":"https:\/\/futbolhoy.co\/index.php\/wp-json\/wp\/v2\/users\/5"}],"replies":[{"embeddable":true,"href":"https:\/\/futbolhoy.co\/index.php\/wp-json\/wp\/v2\/comments?post=47807"}],"version-history":[{"count":1,"href":"https:\/\/futbolhoy.co\/index.php\/wp-json\/wp\/v2\/posts\/47807\/revisions"}],"predecessor-version":[{"id":47810,"href":"https:\/\/futbolhoy.co\/index.php\/wp-json\/wp\/v2\/posts\/47807\/revisions\/47810"}],"wp:featuredmedia":[{"embeddable":true,"href":"https:\/\/futbolhoy.co\/index.php\/wp-json\/wp\/v2\/media\/47808"}],"wp:attachment":[{"href":"https:\/\/futbolhoy.co\/index.php\/wp-json\/wp\/v2\/media?parent=47807"}],"wp:term":[{"taxonomy":"category","embeddable":true,"href":"https:\/\/futbolhoy.co\/index.php\/wp-json\/wp\/v2\/categories?post=47807"},{"taxonomy":"post_tag","embeddable":true,"href":"https:\/\/futbolhoy.co\/index.php\/wp-json\/wp\/v2\/tags?post=47807"}],"curies":[{"name":"wp","href":"https:\/\/api.w.org\/{rel}","templated":true}]}}