{"id":47816,"date":"2020-02-18T18:41:18","date_gmt":"2020-02-18T23:41:18","guid":{"rendered":"https:\/\/futbolhoy.co\/?p=47816"},"modified":"2020-02-19T10:43:31","modified_gmt":"2020-02-19T15:43:31","slug":"atletico-y-dortmund-pegaron-primero","status":"publish","type":"post","link":"https:\/\/futbolhoy.co\/index.php\/2020\/02\/18\/atletico-y-dortmund-pegaron-primero\/","title":{"rendered":"Atletico y Dortmund pegaron primero"},"content":{"rendered":"<p style=\"text-align: justify;\"><span style=\"font-family: helvetica, arial, sans-serif;\"><b>Atl\u00e9tico de Madrid\u00a0<\/b>venci\u00f3 1-0 al defensor del t\u00edtulo\u00a0<b>Liverpool<\/b>\u00a0y\u00a0<b>Borussia Dortmund<\/b>\u00a0super\u00f3 2-1 al\u00a0<b>Paris Saint Germain<\/b>\u00a0en el inicio de la fase de octavos de final de la\u00a0<b>Champions<\/b>.<\/span><\/p>\n<p style=\"text-align: justify;\"><span style=\"font-family: helvetica, arial, sans-serif;\">El gol del conjunto dirigido por el argentino\u00a0<b>Diego Pablo Simeone<\/b>\u00a0fue marcado por\u00a0<b>Sa\u00fal \u00d1\u00edguez<\/b>\u00a0a los 4 minutos, tras pescar en el \u00e1rea chica un bal\u00f3n a la salida de un tiro de esquina.<\/span><\/p>\n<p style=\"text-align: justify;\"><span style=\"font-family: helvetica, arial, sans-serif;\">Espa\u00f1oles y brit\u00e1nicos disputaron un agradable partido de dos \u00e1reas con opciones claras para ambos equipos, donde no estuvo presente, ni siquiera en el banco de suplentes del \u2018colchonero\u2019 el lateral derecho colombiano\u00a0<b>Santiago Arias<\/b>.<\/span><\/p>\n<p style=\"text-align: justify;\"><span style=\"font-family: helvetica, arial, sans-serif;\">Por su parte, en\u00a0<b>Alemania<\/b>\u00a0el\u00a0<b>Dortmund<\/b>\u00a0derrot\u00f3 al PSG con goles del precoz delantero noruego\u00a0<b>Erling Haland<\/b>, de 19 a\u00f1os de edad, a los 69 y 77 minutos; mientras que el descuento franc\u00e9s fue obra de\u00a0<b>Neymar Jr.<\/b>, tras una excelente jugada individual de\u00a0<b>Kylian Mbapp\u00e9<\/b>\u00a0a los 75.<\/span><\/p>\n<p style=\"text-align: justify;\"><span style=\"font-family: helvetica, arial, sans-serif;\">Haland complet\u00f3 10 goles en la\u00a0<b>Liga de Campeones<\/b>\u00a0y comparte la punta de la tabla de artilleros con el polaco\u00a0<b>Robert Lewandowski<\/b>\u00a0del\u00a0<b>Bayern M\u00fanich<\/b>, aunque 8 de los tantos del noruego los consigui\u00f3 con el\u00a0<b>Salzburgo<\/b>.<\/span><\/p>\n<p style=\"text-align: justify;\"><span style=\"font-family: helvetica, arial, sans-serif;\">El atacante noruego adem\u00e1s registra 7 goles en 10 partidos con el\u00a0<b>Dortmund<\/b>.<\/span><\/p>\n<p style=\"text-align: justify;\"><span style=\"font-family: helvetica, arial, sans-serif;\">Este mi\u00e9rcoles a las 3PM continuar\u00e1n los octavos de final con los partidos entre\u00a0<b>Atalanta<\/b>, de los delanteros colombianos\u00a0<b>Duv\u00e1n Zapata<\/b>\u00a0y\u00a0<b>Luis Fernando Muriel<\/b>, recibiendo en\u00a0<b>B\u00e9rgamo<\/b>\u00a0al\u00a0<b>Valencia<\/b>; mientras que simult\u00e1neamente\u00a0<b>Tottenham Hotspur<\/b>, de\u00a0<b>D\u00e1vinson S\u00e1nchez<\/b>, ser\u00e1 anfitri\u00f3n del\u00a0<b>Lepizig<\/b>\u00a0germano.<\/span><\/p>\n","protected":false},"excerpt":{"rendered":"<p>Atl\u00e9tico de Madrid\u00a0venci\u00f3 1-0 al defensor del t\u00edtulo\u00a0Liverpool\u00a0y\u00a0Borussia Dortmund\u00a0super\u00f3 2-1 al\u00a0Paris Saint Germain\u00a0en el inicio de la fase de octavos de final de la\u00a0Champions. El gol del conjunto dirigido por el argentino\u00a0Diego Pablo Simeone\u00a0fue marcado por\u00a0Sa\u00fal \u00d1\u00edguez\u00a0a los 4 minutos, tras pescar en el \u00e1rea chica un bal\u00f3n a la salida de un tiro de [&hellip;]<\/p>\n","protected":false},"author":5,"featured_media":47818,"comment_status":"open","ping_status":"open","sticky":false,"template":"","format":"standard","meta":{"_acf_changed":false,"footnotes":""},"categories":[152],"tags":[],"class_list":{"0":"post-47816","1":"post","2":"type-post","3":"status-publish","4":"format-standard","5":"has-post-thumbnail","7":"category-mundo-futbol"},"acf":[],"yoast_head":"<!-- This site is optimized with the Yoast SEO plugin v26.8 - https:\/\/yoast.com\/product\/yoast-seo-wordpress\/ -->\n<title>Atletico y Dortmund pegaron primero -<\/title>\n<meta name=\"robots\" content=\"index, follow, max-snippet:-1, max-image-preview:large, max-video-preview:-1\" \/>\n<link rel=\"canonical\" href=\"https:\/\/futbolhoy.co\/index.php\/2020\/02\/18\/atletico-y-dortmund-pegaron-primero\/\" \/>\n<meta property=\"og:locale\" content=\"es_ES\" \/>\n<meta property=\"og:type\" content=\"article\" \/>\n<meta property=\"og:title\" content=\"Atletico y Dortmund pegaron primero -\" \/>\n<meta property=\"og:description\" content=\"Atl\u00e9tico de Madrid\u00a0venci\u00f3 1-0 al defensor del t\u00edtulo\u00a0Liverpool\u00a0y\u00a0Borussia Dortmund\u00a0super\u00f3 2-1 al\u00a0Paris Saint Germain\u00a0en el inicio de la fase de octavos de final de la\u00a0Champions. El gol del conjunto dirigido por el argentino\u00a0Diego Pablo Simeone\u00a0fue marcado por\u00a0Sa\u00fal \u00d1\u00edguez\u00a0a los 4 minutos, tras pescar en el \u00e1rea chica un bal\u00f3n a la salida de un tiro de [&hellip;]\" \/>\n<meta property=\"og:url\" content=\"https:\/\/futbolhoy.co\/index.php\/2020\/02\/18\/atletico-y-dortmund-pegaron-primero\/\" \/>\n<meta property=\"article:publisher\" content=\"https:\/\/www.facebook.com\/FutbolHoyCol\/\" \/>\n<meta property=\"article:published_time\" content=\"2020-02-18T23:41:18+00:00\" \/>\n<meta property=\"article:modified_time\" content=\"2020-02-19T15:43:31+00:00\" \/>\n<meta property=\"og:image\" content=\"https:\/\/futbolhoy.co\/wp-content\/uploads\/2020\/02\/IMG_20200218_184002.jpg\" \/>\n\t<meta property=\"og:image:width\" content=\"1417\" \/>\n\t<meta property=\"og:image:height\" content=\"870\" \/>\n\t<meta property=\"og:image:type\" content=\"image\/jpeg\" \/>\n<meta name=\"author\" content=\"Laura Hern\u00e1ndez\" \/>\n<meta name=\"twitter:card\" content=\"summary_large_image\" \/>\n<meta name=\"twitter:creator\" content=\"@FutbolHoyCol\" \/>\n<meta name=\"twitter:site\" content=\"@FutbolHoyCol\" \/>\n<meta name=\"twitter:label1\" content=\"Escrito por\" \/>\n\t<meta name=\"twitter:data1\" content=\"Laura Hern\u00e1ndez\" \/>\n\t<meta name=\"twitter:label2\" content=\"Tiempo de lectura\" \/>\n\t<meta name=\"twitter:data2\" content=\"1 minuto\" \/>\n<script type=\"application\/ld+json\" class=\"yoast-schema-graph\">{\"@context\":\"https:\/\/schema.org\",\"@graph\":[{\"@type\":\"Article\",\"@id\":\"https:\/\/futbolhoy.co\/index.php\/2020\/02\/18\/atletico-y-dortmund-pegaron-primero\/#article\",\"isPartOf\":{\"@id\":\"https:\/\/futbolhoy.co\/index.php\/2020\/02\/18\/atletico-y-dortmund-pegaron-primero\/\"},\"author\":{\"name\":\"Laura Hern\u00e1ndez\",\"@id\":\"https:\/\/futbolhoy.co\/#\/schema\/person\/c4a353a512b127643723a34bb1812f7d\"},\"headline\":\"Atletico y Dortmund pegaron primero\",\"datePublished\":\"2020-02-18T23:41:18+00:00\",\"dateModified\":\"2020-02-19T15:43:31+00:00\",\"mainEntityOfPage\":{\"@id\":\"https:\/\/futbolhoy.co\/index.php\/2020\/02\/18\/atletico-y-dortmund-pegaron-primero\/\"},\"wordCount\":261,\"commentCount\":0,\"publisher\":{\"@id\":\"https:\/\/futbolhoy.co\/#organization\"},\"image\":{\"@id\":\"https:\/\/futbolhoy.co\/index.php\/2020\/02\/18\/atletico-y-dortmund-pegaron-primero\/#primaryimage\"},\"thumbnailUrl\":\"https:\/\/futbolhoy.co\/wp-content\/uploads\/2020\/02\/IMG_20200218_184002.jpg\",\"articleSection\":[\"Mundo Futbol\"],\"inLanguage\":\"es\",\"potentialAction\":[{\"@type\":\"CommentAction\",\"name\":\"Comment\",\"target\":[\"https:\/\/futbolhoy.co\/index.php\/2020\/02\/18\/atletico-y-dortmund-pegaron-primero\/#respond\"]}]},{\"@type\":\"WebPage\",\"@id\":\"https:\/\/futbolhoy.co\/index.php\/2020\/02\/18\/atletico-y-dortmund-pegaron-primero\/\",\"url\":\"https:\/\/futbolhoy.co\/index.php\/2020\/02\/18\/atletico-y-dortmund-pegaron-primero\/\",\"name\":\"Atletico y Dortmund pegaron primero -\",\"isPartOf\":{\"@id\":\"https:\/\/futbolhoy.co\/#website\"},\"primaryImageOfPage\":{\"@id\":\"https:\/\/futbolhoy.co\/index.php\/2020\/02\/18\/atletico-y-dortmund-pegaron-primero\/#primaryimage\"},\"image\":{\"@id\":\"https:\/\/futbolhoy.co\/index.php\/2020\/02\/18\/atletico-y-dortmund-pegaron-primero\/#primaryimage\"},\"thumbnailUrl\":\"https:\/\/futbolhoy.co\/wp-content\/uploads\/2020\/02\/IMG_20200218_184002.jpg\",\"datePublished\":\"2020-02-18T23:41:18+00:00\",\"dateModified\":\"2020-02-19T15:43:31+00:00\",\"breadcrumb\":{\"@id\":\"https:\/\/futbolhoy.co\/index.php\/2020\/02\/18\/atletico-y-dortmund-pegaron-primero\/#breadcrumb\"},\"inLanguage\":\"es\",\"potentialAction\":[{\"@type\":\"ReadAction\",\"target\":[\"https:\/\/futbolhoy.co\/index.php\/2020\/02\/18\/atletico-y-dortmund-pegaron-primero\/\"]}]},{\"@type\":\"ImageObject\",\"inLanguage\":\"es\",\"@id\":\"https:\/\/futbolhoy.co\/index.php\/2020\/02\/18\/atletico-y-dortmund-pegaron-primero\/#primaryimage\",\"url\":\"https:\/\/futbolhoy.co\/wp-content\/uploads\/2020\/02\/IMG_20200218_184002.jpg\",\"contentUrl\":\"https:\/\/futbolhoy.co\/wp-content\/uploads\/2020\/02\/IMG_20200218_184002.jpg\",\"width\":1417,\"height\":870},{\"@type\":\"BreadcrumbList\",\"@id\":\"https:\/\/futbolhoy.co\/index.php\/2020\/02\/18\/atletico-y-dortmund-pegaron-primero\/#breadcrumb\",\"itemListElement\":[{\"@type\":\"ListItem\",\"position\":1,\"name\":\"Portada\",\"item\":\"https:\/\/futbolhoy.co\/\"},{\"@type\":\"ListItem\",\"position\":2,\"name\":\"Atletico y Dortmund pegaron primero\"}]},{\"@type\":\"WebSite\",\"@id\":\"https:\/\/futbolhoy.co\/#website\",\"url\":\"https:\/\/futbolhoy.co\/\",\"name\":\"FutbolHoy\",\"description\":\"\",\"publisher\":{\"@id\":\"https:\/\/futbolhoy.co\/#organization\"},\"potentialAction\":[{\"@type\":\"SearchAction\",\"target\":{\"@type\":\"EntryPoint\",\"urlTemplate\":\"https:\/\/futbolhoy.co\/?s={search_term_string}\"},\"query-input\":{\"@type\":\"PropertyValueSpecification\",\"valueRequired\":true,\"valueName\":\"search_term_string\"}}],\"inLanguage\":\"es\"},{\"@type\":\"Organization\",\"@id\":\"https:\/\/futbolhoy.co\/#organization\",\"name\":\"Futbolhoy.co\",\"url\":\"https:\/\/futbolhoy.co\/\",\"logo\":{\"@type\":\"ImageObject\",\"inLanguage\":\"es\",\"@id\":\"https:\/\/futbolhoy.co\/#\/schema\/logo\/image\/\",\"url\":\"https:\/\/futbolhoy.co\/wp-content\/uploads\/2018\/08\/17426380_1906371736249227_6326180412931521141_n.jpg\",\"contentUrl\":\"https:\/\/futbolhoy.co\/wp-content\/uploads\/2018\/08\/17426380_1906371736249227_6326180412931521141_n.jpg\",\"width\":960,\"height\":960,\"caption\":\"Futbolhoy.co\"},\"image\":{\"@id\":\"https:\/\/futbolhoy.co\/#\/schema\/logo\/image\/\"},\"sameAs\":[\"https:\/\/www.facebook.com\/FutbolHoyCol\/\",\"https:\/\/x.com\/FutbolHoyCol\",\"https:\/\/www.instagram.com\/futbolhoycol\/\"]},{\"@type\":\"Person\",\"@id\":\"https:\/\/futbolhoy.co\/#\/schema\/person\/c4a353a512b127643723a34bb1812f7d\",\"name\":\"Laura Hern\u00e1ndez\",\"image\":{\"@type\":\"ImageObject\",\"inLanguage\":\"es\",\"@id\":\"https:\/\/futbolhoy.co\/#\/schema\/person\/image\/\",\"url\":\"https:\/\/secure.gravatar.com\/avatar\/d25959a15b9b293a743f99181c7cfd01?s=96&d=mm&r=g\",\"contentUrl\":\"https:\/\/secure.gravatar.com\/avatar\/d25959a15b9b293a743f99181c7cfd01?s=96&d=mm&r=g\",\"caption\":\"Laura Hern\u00e1ndez\"}}]}<\/script>\n<!-- \/ Yoast SEO plugin. -->","yoast_head_json":{"title":"Atletico y Dortmund pegaron primero -","robots":{"index":"index","follow":"follow","max-snippet":"max-snippet:-1","max-image-preview":"max-image-preview:large","max-video-preview":"max-video-preview:-1"},"canonical":"https:\/\/futbolhoy.co\/index.php\/2020\/02\/18\/atletico-y-dortmund-pegaron-primero\/","og_locale":"es_ES","og_type":"article","og_title":"Atletico y Dortmund pegaron primero -","og_description":"Atl\u00e9tico de Madrid\u00a0venci\u00f3 1-0 al defensor del t\u00edtulo\u00a0Liverpool\u00a0y\u00a0Borussia Dortmund\u00a0super\u00f3 2-1 al\u00a0Paris Saint Germain\u00a0en el inicio de la fase de octavos de final de la\u00a0Champions. El gol del conjunto dirigido por el argentino\u00a0Diego Pablo Simeone\u00a0fue marcado por\u00a0Sa\u00fal \u00d1\u00edguez\u00a0a los 4 minutos, tras pescar en el \u00e1rea chica un bal\u00f3n a la salida de un tiro de [&hellip;]","og_url":"https:\/\/futbolhoy.co\/index.php\/2020\/02\/18\/atletico-y-dortmund-pegaron-primero\/","article_publisher":"https:\/\/www.facebook.com\/FutbolHoyCol\/","article_published_time":"2020-02-18T23:41:18+00:00","article_modified_time":"2020-02-19T15:43:31+00:00","og_image":[{"width":1417,"height":870,"url":"https:\/\/futbolhoy.co\/wp-content\/uploads\/2020\/02\/IMG_20200218_184002.jpg","type":"image\/jpeg"}],"author":"Laura Hern\u00e1ndez","twitter_card":"summary_large_image","twitter_creator":"@FutbolHoyCol","twitter_site":"@FutbolHoyCol","twitter_misc":{"Escrito por":"Laura Hern\u00e1ndez","Tiempo de lectura":"1 minuto"},"schema":{"@context":"https:\/\/schema.org","@graph":[{"@type":"Article","@id":"https:\/\/futbolhoy.co\/index.php\/2020\/02\/18\/atletico-y-dortmund-pegaron-primero\/#article","isPartOf":{"@id":"https:\/\/futbolhoy.co\/index.php\/2020\/02\/18\/atletico-y-dortmund-pegaron-primero\/"},"author":{"name":"Laura Hern\u00e1ndez","@id":"https:\/\/futbolhoy.co\/#\/schema\/person\/c4a353a512b127643723a34bb1812f7d"},"headline":"Atletico y Dortmund pegaron primero","datePublished":"2020-02-18T23:41:18+00:00","dateModified":"2020-02-19T15:43:31+00:00","mainEntityOfPage":{"@id":"https:\/\/futbolhoy.co\/index.php\/2020\/02\/18\/atletico-y-dortmund-pegaron-primero\/"},"wordCount":261,"commentCount":0,"publisher":{"@id":"https:\/\/futbolhoy.co\/#organization"},"image":{"@id":"https:\/\/futbolhoy.co\/index.php\/2020\/02\/18\/atletico-y-dortmund-pegaron-primero\/#primaryimage"},"thumbnailUrl":"https:\/\/futbolhoy.co\/wp-content\/uploads\/2020\/02\/IMG_20200218_184002.jpg","articleSection":["Mundo Futbol"],"inLanguage":"es","potentialAction":[{"@type":"CommentAction","name":"Comment","target":["https:\/\/futbolhoy.co\/index.php\/2020\/02\/18\/atletico-y-dortmund-pegaron-primero\/#respond"]}]},{"@type":"WebPage","@id":"https:\/\/futbolhoy.co\/index.php\/2020\/02\/18\/atletico-y-dortmund-pegaron-primero\/","url":"https:\/\/futbolhoy.co\/index.php\/2020\/02\/18\/atletico-y-dortmund-pegaron-primero\/","name":"Atletico y Dortmund pegaron primero -","isPartOf":{"@id":"https:\/\/futbolhoy.co\/#website"},"primaryImageOfPage":{"@id":"https:\/\/futbolhoy.co\/index.php\/2020\/02\/18\/atletico-y-dortmund-pegaron-primero\/#primaryimage"},"image":{"@id":"https:\/\/futbolhoy.co\/index.php\/2020\/02\/18\/atletico-y-dortmund-pegaron-primero\/#primaryimage"},"thumbnailUrl":"https:\/\/futbolhoy.co\/wp-content\/uploads\/2020\/02\/IMG_20200218_184002.jpg","datePublished":"2020-02-18T23:41:18+00:00","dateModified":"2020-02-19T15:43:31+00:00","breadcrumb":{"@id":"https:\/\/futbolhoy.co\/index.php\/2020\/02\/18\/atletico-y-dortmund-pegaron-primero\/#breadcrumb"},"inLanguage":"es","potentialAction":[{"@type":"ReadAction","target":["https:\/\/futbolhoy.co\/index.php\/2020\/02\/18\/atletico-y-dortmund-pegaron-primero\/"]}]},{"@type":"ImageObject","inLanguage":"es","@id":"https:\/\/futbolhoy.co\/index.php\/2020\/02\/18\/atletico-y-dortmund-pegaron-primero\/#primaryimage","url":"https:\/\/futbolhoy.co\/wp-content\/uploads\/2020\/02\/IMG_20200218_184002.jpg","contentUrl":"https:\/\/futbolhoy.co\/wp-content\/uploads\/2020\/02\/IMG_20200218_184002.jpg","width":1417,"height":870},{"@type":"BreadcrumbList","@id":"https:\/\/futbolhoy.co\/index.php\/2020\/02\/18\/atletico-y-dortmund-pegaron-primero\/#breadcrumb","itemListElement":[{"@type":"ListItem","position":1,"name":"Portada","item":"https:\/\/futbolhoy.co\/"},{"@type":"ListItem","position":2,"name":"Atletico y Dortmund pegaron primero"}]},{"@type":"WebSite","@id":"https:\/\/futbolhoy.co\/#website","url":"https:\/\/futbolhoy.co\/","name":"FutbolHoy","description":"","publisher":{"@id":"https:\/\/futbolhoy.co\/#organization"},"potentialAction":[{"@type":"SearchAction","target":{"@type":"EntryPoint","urlTemplate":"https:\/\/futbolhoy.co\/?s={search_term_string}"},"query-input":{"@type":"PropertyValueSpecification","valueRequired":true,"valueName":"search_term_string"}}],"inLanguage":"es"},{"@type":"Organization","@id":"https:\/\/futbolhoy.co\/#organization","name":"Futbolhoy.co","url":"https:\/\/futbolhoy.co\/","logo":{"@type":"ImageObject","inLanguage":"es","@id":"https:\/\/futbolhoy.co\/#\/schema\/logo\/image\/","url":"https:\/\/futbolhoy.co\/wp-content\/uploads\/2018\/08\/17426380_1906371736249227_6326180412931521141_n.jpg","contentUrl":"https:\/\/futbolhoy.co\/wp-content\/uploads\/2018\/08\/17426380_1906371736249227_6326180412931521141_n.jpg","width":960,"height":960,"caption":"Futbolhoy.co"},"image":{"@id":"https:\/\/futbolhoy.co\/#\/schema\/logo\/image\/"},"sameAs":["https:\/\/www.facebook.com\/FutbolHoyCol\/","https:\/\/x.com\/FutbolHoyCol","https:\/\/www.instagram.com\/futbolhoycol\/"]},{"@type":"Person","@id":"https:\/\/futbolhoy.co\/#\/schema\/person\/c4a353a512b127643723a34bb1812f7d","name":"Laura Hern\u00e1ndez","image":{"@type":"ImageObject","inLanguage":"es","@id":"https:\/\/futbolhoy.co\/#\/schema\/person\/image\/","url":"https:\/\/secure.gravatar.com\/avatar\/d25959a15b9b293a743f99181c7cfd01?s=96&d=mm&r=g","contentUrl":"https:\/\/secure.gravatar.com\/avatar\/d25959a15b9b293a743f99181c7cfd01?s=96&d=mm&r=g","caption":"Laura Hern\u00e1ndez"}}]}},"publishpress_future_action":{"enabled":false,"date":"2026-05-03 05:20:10","action":"change-status","newStatus":"draft","terms":[],"taxonomy":"category","extraData":[]},"publishpress_future_workflow_manual_trigger":{"enabledWorkflows":[]},"_links":{"self":[{"href":"https:\/\/futbolhoy.co\/index.php\/wp-json\/wp\/v2\/posts\/47816","targetHints":{"allow":["GET"]}}],"collection":[{"href":"https:\/\/futbolhoy.co\/index.php\/wp-json\/wp\/v2\/posts"}],"about":[{"href":"https:\/\/futbolhoy.co\/index.php\/wp-json\/wp\/v2\/types\/post"}],"author":[{"embeddable":true,"href":"https:\/\/futbolhoy.co\/index.php\/wp-json\/wp\/v2\/users\/5"}],"replies":[{"embeddable":true,"href":"https:\/\/futbolhoy.co\/index.php\/wp-json\/wp\/v2\/comments?post=47816"}],"version-history":[{"count":1,"href":"https:\/\/futbolhoy.co\/index.php\/wp-json\/wp\/v2\/posts\/47816\/revisions"}],"predecessor-version":[{"id":47819,"href":"https:\/\/futbolhoy.co\/index.php\/wp-json\/wp\/v2\/posts\/47816\/revisions\/47819"}],"wp:featuredmedia":[{"embeddable":true,"href":"https:\/\/futbolhoy.co\/index.php\/wp-json\/wp\/v2\/media\/47818"}],"wp:attachment":[{"href":"https:\/\/futbolhoy.co\/index.php\/wp-json\/wp\/v2\/media?parent=47816"}],"wp:term":[{"taxonomy":"category","embeddable":true,"href":"https:\/\/futbolhoy.co\/index.php\/wp-json\/wp\/v2\/categories?post=47816"},{"taxonomy":"post_tag","embeddable":true,"href":"https:\/\/futbolhoy.co\/index.php\/wp-json\/wp\/v2\/tags?post=47816"}],"curies":[{"name":"wp","href":"https:\/\/api.w.org\/{rel}","templated":true}]}}