{"id":47829,"date":"2020-02-19T08:50:34","date_gmt":"2020-02-19T13:50:34","guid":{"rendered":"https:\/\/futbolhoy.co\/?p=47829"},"modified":"2020-02-19T19:32:44","modified_gmt":"2020-02-20T00:32:44","slug":"inter-de-miami-no-ha-descartado-a-roger-martinez","status":"publish","type":"post","link":"https:\/\/futbolhoy.co\/index.php\/2020\/02\/19\/inter-de-miami-no-ha-descartado-a-roger-martinez\/","title":{"rendered":"Inter de Miami no ha descartado a Roger Mart\u00ednez"},"content":{"rendered":"<p style=\"text-align: justify;\"><span style=\"font-family: helvetica, arial, sans-serif;\">El delantero cartagenero <strong>Roger<\/strong> <strong>Mart\u00ednez<\/strong>, quien entrena con <strong>Am\u00e9rica<\/strong> <strong>de M\u00e9xico<\/strong>, a\u00fan sigue en los planes del <strong>Inter Miami<\/strong>, asegur\u00f3 <strong>Paul McDonough<\/strong>, director deportivo del nuevo club de la <strong>MLS<\/strong>.<\/span><\/p>\n<p style=\"text-align: justify;\"><span style=\"font-family: helvetica, arial, sans-serif;\">\u201cCon Roger Mart\u00ednez tambi\u00e9n hablamos, pero no nos pusimos de acuerdo con \u00e9l. Todav\u00eda tenemos conversaciones, pero es complicado\u201d, asegur\u00f3 el directivo a <em>ESPN.<\/em><\/span><\/p>\n<p style=\"text-align: justify;\"><span style=\"font-family: helvetica, arial, sans-serif;\">Las \u2018\u00c1guilas\u2019 siguen a la expectativa sobre el futuro del colombiano, que al final de 2019 dijo que buscaba su salida del club.<\/span><\/p>\n<p style=\"text-align: justify;\"><span style=\"font-family: helvetica, arial, sans-serif;\">El club mexicano no tiene planeado utilizar al colombiano en ninguna competencia.<\/span><\/p>\n","protected":false},"excerpt":{"rendered":"<p>El delantero cartagenero Roger Mart\u00ednez, quien entrena con Am\u00e9rica de M\u00e9xico, a\u00fan sigue en los planes del Inter Miami, asegur\u00f3 Paul McDonough, director deportivo del nuevo club de la MLS. \u201cCon Roger Mart\u00ednez tambi\u00e9n hablamos, pero no nos pusimos de acuerdo con \u00e9l. Todav\u00eda tenemos conversaciones, pero es complicado\u201d, asegur\u00f3 el directivo a ESPN. Las [&hellip;]<\/p>\n","protected":false},"author":5,"featured_media":21751,"comment_status":"open","ping_status":"open","sticky":false,"template":"","format":"standard","meta":{"_acf_changed":false,"footnotes":""},"categories":[418],"tags":[86,554],"class_list":{"0":"post-47829","1":"post","2":"type-post","3":"status-publish","4":"format-standard","5":"has-post-thumbnail","7":"category-colombia","8":"tag-america-de-mexico","9":"tag-roger-martinez"},"acf":[],"yoast_head":"<!-- This site is optimized with the Yoast SEO plugin v26.8 - https:\/\/yoast.com\/product\/yoast-seo-wordpress\/ -->\n<title>Inter de Miami no ha descartado a Roger Mart\u00ednez -<\/title>\n<meta name=\"robots\" content=\"index, follow, max-snippet:-1, max-image-preview:large, max-video-preview:-1\" \/>\n<link rel=\"canonical\" href=\"https:\/\/futbolhoy.co\/index.php\/2020\/02\/19\/inter-de-miami-no-ha-descartado-a-roger-martinez\/\" \/>\n<meta property=\"og:locale\" content=\"es_ES\" \/>\n<meta property=\"og:type\" content=\"article\" \/>\n<meta property=\"og:title\" content=\"Inter de Miami no ha descartado a Roger Mart\u00ednez -\" \/>\n<meta property=\"og:description\" content=\"El delantero cartagenero Roger Mart\u00ednez, quien entrena con Am\u00e9rica de M\u00e9xico, a\u00fan sigue en los planes del Inter Miami, asegur\u00f3 Paul McDonough, director deportivo del nuevo club de la MLS. \u201cCon Roger Mart\u00ednez tambi\u00e9n hablamos, pero no nos pusimos de acuerdo con \u00e9l. Todav\u00eda tenemos conversaciones, pero es complicado\u201d, asegur\u00f3 el directivo a ESPN. Las [&hellip;]\" \/>\n<meta property=\"og:url\" content=\"https:\/\/futbolhoy.co\/index.php\/2020\/02\/19\/inter-de-miami-no-ha-descartado-a-roger-martinez\/\" \/>\n<meta property=\"article:publisher\" content=\"https:\/\/www.facebook.com\/FutbolHoyCol\/\" \/>\n<meta property=\"article:published_time\" content=\"2020-02-19T13:50:34+00:00\" \/>\n<meta property=\"article:modified_time\" content=\"2020-02-20T00:32:44+00:00\" \/>\n<meta property=\"og:image\" content=\"https:\/\/futbolhoy.co\/wp-content\/uploads\/2018\/07\/roger.jpg\" \/>\n\t<meta property=\"og:image:width\" content=\"603\" \/>\n\t<meta property=\"og:image:height\" content=\"450\" \/>\n\t<meta property=\"og:image:type\" content=\"image\/jpeg\" \/>\n<meta name=\"author\" content=\"Laura Hern\u00e1ndez\" \/>\n<meta name=\"twitter:card\" content=\"summary_large_image\" \/>\n<meta name=\"twitter:creator\" content=\"@FutbolHoyCol\" \/>\n<meta name=\"twitter:site\" content=\"@FutbolHoyCol\" \/>\n<meta name=\"twitter:label1\" content=\"Escrito por\" \/>\n\t<meta name=\"twitter:data1\" content=\"Laura Hern\u00e1ndez\" \/>\n<script type=\"application\/ld+json\" class=\"yoast-schema-graph\">{\"@context\":\"https:\/\/schema.org\",\"@graph\":[{\"@type\":\"Article\",\"@id\":\"https:\/\/futbolhoy.co\/index.php\/2020\/02\/19\/inter-de-miami-no-ha-descartado-a-roger-martinez\/#article\",\"isPartOf\":{\"@id\":\"https:\/\/futbolhoy.co\/index.php\/2020\/02\/19\/inter-de-miami-no-ha-descartado-a-roger-martinez\/\"},\"author\":{\"name\":\"Laura Hern\u00e1ndez\",\"@id\":\"https:\/\/futbolhoy.co\/#\/schema\/person\/c4a353a512b127643723a34bb1812f7d\"},\"headline\":\"Inter de Miami no ha descartado a Roger Mart\u00ednez\",\"datePublished\":\"2020-02-19T13:50:34+00:00\",\"dateModified\":\"2020-02-20T00:32:44+00:00\",\"mainEntityOfPage\":{\"@id\":\"https:\/\/futbolhoy.co\/index.php\/2020\/02\/19\/inter-de-miami-no-ha-descartado-a-roger-martinez\/\"},\"wordCount\":105,\"commentCount\":0,\"publisher\":{\"@id\":\"https:\/\/futbolhoy.co\/#organization\"},\"image\":{\"@id\":\"https:\/\/futbolhoy.co\/index.php\/2020\/02\/19\/inter-de-miami-no-ha-descartado-a-roger-martinez\/#primaryimage\"},\"thumbnailUrl\":\"https:\/\/futbolhoy.co\/wp-content\/uploads\/2018\/07\/roger.jpg\",\"keywords\":[\"Am\u00e9rica de M\u00e9xico\",\"Roger Martinez\"],\"articleSection\":[\"Colombia\"],\"inLanguage\":\"es\",\"potentialAction\":[{\"@type\":\"CommentAction\",\"name\":\"Comment\",\"target\":[\"https:\/\/futbolhoy.co\/index.php\/2020\/02\/19\/inter-de-miami-no-ha-descartado-a-roger-martinez\/#respond\"]}]},{\"@type\":\"WebPage\",\"@id\":\"https:\/\/futbolhoy.co\/index.php\/2020\/02\/19\/inter-de-miami-no-ha-descartado-a-roger-martinez\/\",\"url\":\"https:\/\/futbolhoy.co\/index.php\/2020\/02\/19\/inter-de-miami-no-ha-descartado-a-roger-martinez\/\",\"name\":\"Inter de Miami no ha descartado a Roger Mart\u00ednez -\",\"isPartOf\":{\"@id\":\"https:\/\/futbolhoy.co\/#website\"},\"primaryImageOfPage\":{\"@id\":\"https:\/\/futbolhoy.co\/index.php\/2020\/02\/19\/inter-de-miami-no-ha-descartado-a-roger-martinez\/#primaryimage\"},\"image\":{\"@id\":\"https:\/\/futbolhoy.co\/index.php\/2020\/02\/19\/inter-de-miami-no-ha-descartado-a-roger-martinez\/#primaryimage\"},\"thumbnailUrl\":\"https:\/\/futbolhoy.co\/wp-content\/uploads\/2018\/07\/roger.jpg\",\"datePublished\":\"2020-02-19T13:50:34+00:00\",\"dateModified\":\"2020-02-20T00:32:44+00:00\",\"breadcrumb\":{\"@id\":\"https:\/\/futbolhoy.co\/index.php\/2020\/02\/19\/inter-de-miami-no-ha-descartado-a-roger-martinez\/#breadcrumb\"},\"inLanguage\":\"es\",\"potentialAction\":[{\"@type\":\"ReadAction\",\"target\":[\"https:\/\/futbolhoy.co\/index.php\/2020\/02\/19\/inter-de-miami-no-ha-descartado-a-roger-martinez\/\"]}]},{\"@type\":\"ImageObject\",\"inLanguage\":\"es\",\"@id\":\"https:\/\/futbolhoy.co\/index.php\/2020\/02\/19\/inter-de-miami-no-ha-descartado-a-roger-martinez\/#primaryimage\",\"url\":\"https:\/\/futbolhoy.co\/wp-content\/uploads\/2018\/07\/roger.jpg\",\"contentUrl\":\"https:\/\/futbolhoy.co\/wp-content\/uploads\/2018\/07\/roger.jpg\",\"width\":603,\"height\":450,\"caption\":\"Twitter @rogermartinezt9\"},{\"@type\":\"BreadcrumbList\",\"@id\":\"https:\/\/futbolhoy.co\/index.php\/2020\/02\/19\/inter-de-miami-no-ha-descartado-a-roger-martinez\/#breadcrumb\",\"itemListElement\":[{\"@type\":\"ListItem\",\"position\":1,\"name\":\"Portada\",\"item\":\"https:\/\/futbolhoy.co\/\"},{\"@type\":\"ListItem\",\"position\":2,\"name\":\"Inter de Miami no ha descartado a Roger Mart\u00ednez\"}]},{\"@type\":\"WebSite\",\"@id\":\"https:\/\/futbolhoy.co\/#website\",\"url\":\"https:\/\/futbolhoy.co\/\",\"name\":\"FutbolHoy\",\"description\":\"\",\"publisher\":{\"@id\":\"https:\/\/futbolhoy.co\/#organization\"},\"potentialAction\":[{\"@type\":\"SearchAction\",\"target\":{\"@type\":\"EntryPoint\",\"urlTemplate\":\"https:\/\/futbolhoy.co\/?s={search_term_string}\"},\"query-input\":{\"@type\":\"PropertyValueSpecification\",\"valueRequired\":true,\"valueName\":\"search_term_string\"}}],\"inLanguage\":\"es\"},{\"@type\":\"Organization\",\"@id\":\"https:\/\/futbolhoy.co\/#organization\",\"name\":\"Futbolhoy.co\",\"url\":\"https:\/\/futbolhoy.co\/\",\"logo\":{\"@type\":\"ImageObject\",\"inLanguage\":\"es\",\"@id\":\"https:\/\/futbolhoy.co\/#\/schema\/logo\/image\/\",\"url\":\"https:\/\/futbolhoy.co\/wp-content\/uploads\/2018\/08\/17426380_1906371736249227_6326180412931521141_n.jpg\",\"contentUrl\":\"https:\/\/futbolhoy.co\/wp-content\/uploads\/2018\/08\/17426380_1906371736249227_6326180412931521141_n.jpg\",\"width\":960,\"height\":960,\"caption\":\"Futbolhoy.co\"},\"image\":{\"@id\":\"https:\/\/futbolhoy.co\/#\/schema\/logo\/image\/\"},\"sameAs\":[\"https:\/\/www.facebook.com\/FutbolHoyCol\/\",\"https:\/\/x.com\/FutbolHoyCol\",\"https:\/\/www.instagram.com\/futbolhoycol\/\"]},{\"@type\":\"Person\",\"@id\":\"https:\/\/futbolhoy.co\/#\/schema\/person\/c4a353a512b127643723a34bb1812f7d\",\"name\":\"Laura Hern\u00e1ndez\",\"image\":{\"@type\":\"ImageObject\",\"inLanguage\":\"es\",\"@id\":\"https:\/\/futbolhoy.co\/#\/schema\/person\/image\/\",\"url\":\"https:\/\/secure.gravatar.com\/avatar\/d25959a15b9b293a743f99181c7cfd01?s=96&d=mm&r=g\",\"contentUrl\":\"https:\/\/secure.gravatar.com\/avatar\/d25959a15b9b293a743f99181c7cfd01?s=96&d=mm&r=g\",\"caption\":\"Laura Hern\u00e1ndez\"}}]}<\/script>\n<!-- \/ Yoast SEO plugin. -->","yoast_head_json":{"title":"Inter de Miami no ha descartado a Roger Mart\u00ednez -","robots":{"index":"index","follow":"follow","max-snippet":"max-snippet:-1","max-image-preview":"max-image-preview:large","max-video-preview":"max-video-preview:-1"},"canonical":"https:\/\/futbolhoy.co\/index.php\/2020\/02\/19\/inter-de-miami-no-ha-descartado-a-roger-martinez\/","og_locale":"es_ES","og_type":"article","og_title":"Inter de Miami no ha descartado a Roger Mart\u00ednez -","og_description":"El delantero cartagenero Roger Mart\u00ednez, quien entrena con Am\u00e9rica de M\u00e9xico, a\u00fan sigue en los planes del Inter Miami, asegur\u00f3 Paul McDonough, director deportivo del nuevo club de la MLS. \u201cCon Roger Mart\u00ednez tambi\u00e9n hablamos, pero no nos pusimos de acuerdo con \u00e9l. Todav\u00eda tenemos conversaciones, pero es complicado\u201d, asegur\u00f3 el directivo a ESPN. Las [&hellip;]","og_url":"https:\/\/futbolhoy.co\/index.php\/2020\/02\/19\/inter-de-miami-no-ha-descartado-a-roger-martinez\/","article_publisher":"https:\/\/www.facebook.com\/FutbolHoyCol\/","article_published_time":"2020-02-19T13:50:34+00:00","article_modified_time":"2020-02-20T00:32:44+00:00","og_image":[{"width":603,"height":450,"url":"https:\/\/futbolhoy.co\/wp-content\/uploads\/2018\/07\/roger.jpg","type":"image\/jpeg"}],"author":"Laura Hern\u00e1ndez","twitter_card":"summary_large_image","twitter_creator":"@FutbolHoyCol","twitter_site":"@FutbolHoyCol","twitter_misc":{"Escrito por":"Laura Hern\u00e1ndez"},"schema":{"@context":"https:\/\/schema.org","@graph":[{"@type":"Article","@id":"https:\/\/futbolhoy.co\/index.php\/2020\/02\/19\/inter-de-miami-no-ha-descartado-a-roger-martinez\/#article","isPartOf":{"@id":"https:\/\/futbolhoy.co\/index.php\/2020\/02\/19\/inter-de-miami-no-ha-descartado-a-roger-martinez\/"},"author":{"name":"Laura Hern\u00e1ndez","@id":"https:\/\/futbolhoy.co\/#\/schema\/person\/c4a353a512b127643723a34bb1812f7d"},"headline":"Inter de Miami no ha descartado a Roger Mart\u00ednez","datePublished":"2020-02-19T13:50:34+00:00","dateModified":"2020-02-20T00:32:44+00:00","mainEntityOfPage":{"@id":"https:\/\/futbolhoy.co\/index.php\/2020\/02\/19\/inter-de-miami-no-ha-descartado-a-roger-martinez\/"},"wordCount":105,"commentCount":0,"publisher":{"@id":"https:\/\/futbolhoy.co\/#organization"},"image":{"@id":"https:\/\/futbolhoy.co\/index.php\/2020\/02\/19\/inter-de-miami-no-ha-descartado-a-roger-martinez\/#primaryimage"},"thumbnailUrl":"https:\/\/futbolhoy.co\/wp-content\/uploads\/2018\/07\/roger.jpg","keywords":["Am\u00e9rica de M\u00e9xico","Roger Martinez"],"articleSection":["Colombia"],"inLanguage":"es","potentialAction":[{"@type":"CommentAction","name":"Comment","target":["https:\/\/futbolhoy.co\/index.php\/2020\/02\/19\/inter-de-miami-no-ha-descartado-a-roger-martinez\/#respond"]}]},{"@type":"WebPage","@id":"https:\/\/futbolhoy.co\/index.php\/2020\/02\/19\/inter-de-miami-no-ha-descartado-a-roger-martinez\/","url":"https:\/\/futbolhoy.co\/index.php\/2020\/02\/19\/inter-de-miami-no-ha-descartado-a-roger-martinez\/","name":"Inter de Miami no ha descartado a Roger Mart\u00ednez -","isPartOf":{"@id":"https:\/\/futbolhoy.co\/#website"},"primaryImageOfPage":{"@id":"https:\/\/futbolhoy.co\/index.php\/2020\/02\/19\/inter-de-miami-no-ha-descartado-a-roger-martinez\/#primaryimage"},"image":{"@id":"https:\/\/futbolhoy.co\/index.php\/2020\/02\/19\/inter-de-miami-no-ha-descartado-a-roger-martinez\/#primaryimage"},"thumbnailUrl":"https:\/\/futbolhoy.co\/wp-content\/uploads\/2018\/07\/roger.jpg","datePublished":"2020-02-19T13:50:34+00:00","dateModified":"2020-02-20T00:32:44+00:00","breadcrumb":{"@id":"https:\/\/futbolhoy.co\/index.php\/2020\/02\/19\/inter-de-miami-no-ha-descartado-a-roger-martinez\/#breadcrumb"},"inLanguage":"es","potentialAction":[{"@type":"ReadAction","target":["https:\/\/futbolhoy.co\/index.php\/2020\/02\/19\/inter-de-miami-no-ha-descartado-a-roger-martinez\/"]}]},{"@type":"ImageObject","inLanguage":"es","@id":"https:\/\/futbolhoy.co\/index.php\/2020\/02\/19\/inter-de-miami-no-ha-descartado-a-roger-martinez\/#primaryimage","url":"https:\/\/futbolhoy.co\/wp-content\/uploads\/2018\/07\/roger.jpg","contentUrl":"https:\/\/futbolhoy.co\/wp-content\/uploads\/2018\/07\/roger.jpg","width":603,"height":450,"caption":"Twitter @rogermartinezt9"},{"@type":"BreadcrumbList","@id":"https:\/\/futbolhoy.co\/index.php\/2020\/02\/19\/inter-de-miami-no-ha-descartado-a-roger-martinez\/#breadcrumb","itemListElement":[{"@type":"ListItem","position":1,"name":"Portada","item":"https:\/\/futbolhoy.co\/"},{"@type":"ListItem","position":2,"name":"Inter de Miami no ha descartado a Roger Mart\u00ednez"}]},{"@type":"WebSite","@id":"https:\/\/futbolhoy.co\/#website","url":"https:\/\/futbolhoy.co\/","name":"FutbolHoy","description":"","publisher":{"@id":"https:\/\/futbolhoy.co\/#organization"},"potentialAction":[{"@type":"SearchAction","target":{"@type":"EntryPoint","urlTemplate":"https:\/\/futbolhoy.co\/?s={search_term_string}"},"query-input":{"@type":"PropertyValueSpecification","valueRequired":true,"valueName":"search_term_string"}}],"inLanguage":"es"},{"@type":"Organization","@id":"https:\/\/futbolhoy.co\/#organization","name":"Futbolhoy.co","url":"https:\/\/futbolhoy.co\/","logo":{"@type":"ImageObject","inLanguage":"es","@id":"https:\/\/futbolhoy.co\/#\/schema\/logo\/image\/","url":"https:\/\/futbolhoy.co\/wp-content\/uploads\/2018\/08\/17426380_1906371736249227_6326180412931521141_n.jpg","contentUrl":"https:\/\/futbolhoy.co\/wp-content\/uploads\/2018\/08\/17426380_1906371736249227_6326180412931521141_n.jpg","width":960,"height":960,"caption":"Futbolhoy.co"},"image":{"@id":"https:\/\/futbolhoy.co\/#\/schema\/logo\/image\/"},"sameAs":["https:\/\/www.facebook.com\/FutbolHoyCol\/","https:\/\/x.com\/FutbolHoyCol","https:\/\/www.instagram.com\/futbolhoycol\/"]},{"@type":"Person","@id":"https:\/\/futbolhoy.co\/#\/schema\/person\/c4a353a512b127643723a34bb1812f7d","name":"Laura Hern\u00e1ndez","image":{"@type":"ImageObject","inLanguage":"es","@id":"https:\/\/futbolhoy.co\/#\/schema\/person\/image\/","url":"https:\/\/secure.gravatar.com\/avatar\/d25959a15b9b293a743f99181c7cfd01?s=96&d=mm&r=g","contentUrl":"https:\/\/secure.gravatar.com\/avatar\/d25959a15b9b293a743f99181c7cfd01?s=96&d=mm&r=g","caption":"Laura Hern\u00e1ndez"}}]}},"publishpress_future_action":{"enabled":false,"date":"2026-05-03 12:08:42","action":"change-status","newStatus":"draft","terms":[],"taxonomy":"category","extraData":[]},"publishpress_future_workflow_manual_trigger":{"enabledWorkflows":[]},"_links":{"self":[{"href":"https:\/\/futbolhoy.co\/index.php\/wp-json\/wp\/v2\/posts\/47829","targetHints":{"allow":["GET"]}}],"collection":[{"href":"https:\/\/futbolhoy.co\/index.php\/wp-json\/wp\/v2\/posts"}],"about":[{"href":"https:\/\/futbolhoy.co\/index.php\/wp-json\/wp\/v2\/types\/post"}],"author":[{"embeddable":true,"href":"https:\/\/futbolhoy.co\/index.php\/wp-json\/wp\/v2\/users\/5"}],"replies":[{"embeddable":true,"href":"https:\/\/futbolhoy.co\/index.php\/wp-json\/wp\/v2\/comments?post=47829"}],"version-history":[{"count":3,"href":"https:\/\/futbolhoy.co\/index.php\/wp-json\/wp\/v2\/posts\/47829\/revisions"}],"predecessor-version":[{"id":47835,"href":"https:\/\/futbolhoy.co\/index.php\/wp-json\/wp\/v2\/posts\/47829\/revisions\/47835"}],"wp:featuredmedia":[{"embeddable":true,"href":"https:\/\/futbolhoy.co\/index.php\/wp-json\/wp\/v2\/media\/21751"}],"wp:attachment":[{"href":"https:\/\/futbolhoy.co\/index.php\/wp-json\/wp\/v2\/media?parent=47829"}],"wp:term":[{"taxonomy":"category","embeddable":true,"href":"https:\/\/futbolhoy.co\/index.php\/wp-json\/wp\/v2\/categories?post=47829"},{"taxonomy":"post_tag","embeddable":true,"href":"https:\/\/futbolhoy.co\/index.php\/wp-json\/wp\/v2\/tags?post=47829"}],"curies":[{"name":"wp","href":"https:\/\/api.w.org\/{rel}","templated":true}]}}