{"id":47837,"date":"2020-02-19T10:43:08","date_gmt":"2020-02-19T15:43:08","guid":{"rendered":"https:\/\/futbolhoy.co\/?p=47837"},"modified":"2020-02-20T11:13:06","modified_gmt":"2020-02-20T16:13:06","slug":"sebastian-perez-regresa-a-boca-juniors","status":"publish","type":"post","link":"https:\/\/futbolhoy.co\/index.php\/2020\/02\/19\/sebastian-perez-regresa-a-boca-juniors\/","title":{"rendered":"Sebasti\u00e1n P\u00e9rez regresa a Boca Juniors"},"content":{"rendered":"<p style=\"text-align: justify;\"><span style=\"font-family: helvetica, arial, sans-serif;\"><strong>Boca Juniors<\/strong> confirm\u00f3 el regreso del volante antioque\u00f1o <strong>Sebasti\u00e1n P\u00e9rez, <\/strong>quien entrenar\u00e1 durante 4 meses con el plantel profesional antes de definir su futuro.<\/span><\/p>\n<p style=\"text-align: justify;\"><span style=\"font-family: helvetica, arial, sans-serif;\">P\u00e9rez vuelve al club tras rescindir el contrato, que venc\u00eda en junio, con <strong>Barcelona<\/strong> de <strong>Ecuador<\/strong> por incumplimiento salarial. El jugador, cuyos derechos pertenecen al club argentino, estaba a pr\u00e9stamo en <strong>Guayaquil<\/strong>.<\/span><\/p>\n<p style=\"text-align: justify;\"><span style=\"font-family: helvetica, arial, sans-serif;\">\"De esta manera el jugador podr\u00e1 mantenerse en \u00f3ptimas condiciones f\u00edsicas y futbol\u00edsticas para pelear por su mejor futuro deportivo a partir de junio y, tambi\u00e9n, Boca salvaguarda sus intereses con un jugador propio y que tiene contrato con el club hasta 2021\", inform\u00f3 el equipo 'Xeneize'.<\/span><\/p>\n<p style=\"text-align: justify;\"><span style=\"font-family: helvetica, arial, sans-serif;\">P\u00e9rez, que se reunir\u00e1 en las pr\u00f3ximas horas con el consejo de f\u00fatbol que integran J<strong>uan Rom\u00e1n Riquelme, Jorge Berm\u00fadez, Ra\u00fal Cascini<\/strong> y<strong> Marcelo Delgado<\/strong>, se unir\u00e1 a m\u00e1s tardar el viernes a los entrenamientos.<\/span><\/p>\n","protected":false},"excerpt":{"rendered":"<p>Boca Juniors confirm\u00f3 el regreso del volante antioque\u00f1o Sebasti\u00e1n P\u00e9rez, quien entrenar\u00e1 durante 4 meses con el plantel profesional antes de definir su futuro. P\u00e9rez vuelve al club tras rescindir el contrato, que venc\u00eda en junio, con Barcelona de Ecuador por incumplimiento salarial. El jugador, cuyos derechos pertenecen al club argentino, estaba a pr\u00e9stamo en [&hellip;]<\/p>\n","protected":false},"author":5,"featured_media":23103,"comment_status":"open","ping_status":"open","sticky":false,"template":"","format":"standard","meta":{"_acf_changed":false,"footnotes":""},"categories":[152],"tags":[260,686],"class_list":{"0":"post-47837","1":"post","2":"type-post","3":"status-publish","4":"format-standard","5":"has-post-thumbnail","7":"category-mundo-futbol","8":"tag-boca-juniors","9":"tag-sebastian-perez"},"acf":[],"yoast_head":"<!-- This site is optimized with the Yoast SEO plugin v26.8 - https:\/\/yoast.com\/product\/yoast-seo-wordpress\/ -->\n<title>Sebasti\u00e1n P\u00e9rez regresa a Boca Juniors -<\/title>\n<meta name=\"robots\" content=\"index, follow, max-snippet:-1, max-image-preview:large, max-video-preview:-1\" \/>\n<link rel=\"canonical\" href=\"https:\/\/futbolhoy.co\/index.php\/2020\/02\/19\/sebastian-perez-regresa-a-boca-juniors\/\" \/>\n<meta property=\"og:locale\" content=\"es_ES\" \/>\n<meta property=\"og:type\" content=\"article\" \/>\n<meta property=\"og:title\" content=\"Sebasti\u00e1n P\u00e9rez regresa a Boca Juniors -\" \/>\n<meta property=\"og:description\" content=\"Boca Juniors confirm\u00f3 el regreso del volante antioque\u00f1o Sebasti\u00e1n P\u00e9rez, quien entrenar\u00e1 durante 4 meses con el plantel profesional antes de definir su futuro. P\u00e9rez vuelve al club tras rescindir el contrato, que venc\u00eda en junio, con Barcelona de Ecuador por incumplimiento salarial. El jugador, cuyos derechos pertenecen al club argentino, estaba a pr\u00e9stamo en [&hellip;]\" \/>\n<meta property=\"og:url\" content=\"https:\/\/futbolhoy.co\/index.php\/2020\/02\/19\/sebastian-perez-regresa-a-boca-juniors\/\" \/>\n<meta property=\"article:publisher\" content=\"https:\/\/www.facebook.com\/FutbolHoyCol\/\" \/>\n<meta property=\"article:published_time\" content=\"2020-02-19T15:43:08+00:00\" \/>\n<meta property=\"article:modified_time\" content=\"2020-02-20T16:13:06+00:00\" \/>\n<meta property=\"og:image\" content=\"https:\/\/futbolhoy.co\/wp-content\/uploads\/2018\/08\/perez.png\" \/>\n\t<meta property=\"og:image:width\" content=\"906\" \/>\n\t<meta property=\"og:image:height\" content=\"520\" \/>\n\t<meta property=\"og:image:type\" content=\"image\/png\" \/>\n<meta name=\"author\" content=\"Laura Hern\u00e1ndez\" \/>\n<meta name=\"twitter:card\" content=\"summary_large_image\" \/>\n<meta name=\"twitter:creator\" content=\"@FutbolHoyCol\" \/>\n<meta name=\"twitter:site\" content=\"@FutbolHoyCol\" \/>\n<meta name=\"twitter:label1\" content=\"Escrito por\" \/>\n\t<meta name=\"twitter:data1\" content=\"Laura Hern\u00e1ndez\" \/>\n\t<meta name=\"twitter:label2\" content=\"Tiempo de lectura\" \/>\n\t<meta name=\"twitter:data2\" content=\"1 minuto\" \/>\n<script type=\"application\/ld+json\" class=\"yoast-schema-graph\">{\"@context\":\"https:\/\/schema.org\",\"@graph\":[{\"@type\":\"Article\",\"@id\":\"https:\/\/futbolhoy.co\/index.php\/2020\/02\/19\/sebastian-perez-regresa-a-boca-juniors\/#article\",\"isPartOf\":{\"@id\":\"https:\/\/futbolhoy.co\/index.php\/2020\/02\/19\/sebastian-perez-regresa-a-boca-juniors\/\"},\"author\":{\"name\":\"Laura Hern\u00e1ndez\",\"@id\":\"https:\/\/futbolhoy.co\/#\/schema\/person\/c4a353a512b127643723a34bb1812f7d\"},\"headline\":\"Sebasti\u00e1n P\u00e9rez regresa a Boca Juniors\",\"datePublished\":\"2020-02-19T15:43:08+00:00\",\"dateModified\":\"2020-02-20T16:13:06+00:00\",\"mainEntityOfPage\":{\"@id\":\"https:\/\/futbolhoy.co\/index.php\/2020\/02\/19\/sebastian-perez-regresa-a-boca-juniors\/\"},\"wordCount\":160,\"commentCount\":0,\"publisher\":{\"@id\":\"https:\/\/futbolhoy.co\/#organization\"},\"image\":{\"@id\":\"https:\/\/futbolhoy.co\/index.php\/2020\/02\/19\/sebastian-perez-regresa-a-boca-juniors\/#primaryimage\"},\"thumbnailUrl\":\"https:\/\/futbolhoy.co\/wp-content\/uploads\/2018\/08\/perez.png\",\"keywords\":[\"Boca Juniors\",\"Sebastian Perez\"],\"articleSection\":[\"Mundo Futbol\"],\"inLanguage\":\"es\",\"potentialAction\":[{\"@type\":\"CommentAction\",\"name\":\"Comment\",\"target\":[\"https:\/\/futbolhoy.co\/index.php\/2020\/02\/19\/sebastian-perez-regresa-a-boca-juniors\/#respond\"]}]},{\"@type\":\"WebPage\",\"@id\":\"https:\/\/futbolhoy.co\/index.php\/2020\/02\/19\/sebastian-perez-regresa-a-boca-juniors\/\",\"url\":\"https:\/\/futbolhoy.co\/index.php\/2020\/02\/19\/sebastian-perez-regresa-a-boca-juniors\/\",\"name\":\"Sebasti\u00e1n P\u00e9rez regresa a Boca Juniors -\",\"isPartOf\":{\"@id\":\"https:\/\/futbolhoy.co\/#website\"},\"primaryImageOfPage\":{\"@id\":\"https:\/\/futbolhoy.co\/index.php\/2020\/02\/19\/sebastian-perez-regresa-a-boca-juniors\/#primaryimage\"},\"image\":{\"@id\":\"https:\/\/futbolhoy.co\/index.php\/2020\/02\/19\/sebastian-perez-regresa-a-boca-juniors\/#primaryimage\"},\"thumbnailUrl\":\"https:\/\/futbolhoy.co\/wp-content\/uploads\/2018\/08\/perez.png\",\"datePublished\":\"2020-02-19T15:43:08+00:00\",\"dateModified\":\"2020-02-20T16:13:06+00:00\",\"breadcrumb\":{\"@id\":\"https:\/\/futbolhoy.co\/index.php\/2020\/02\/19\/sebastian-perez-regresa-a-boca-juniors\/#breadcrumb\"},\"inLanguage\":\"es\",\"potentialAction\":[{\"@type\":\"ReadAction\",\"target\":[\"https:\/\/futbolhoy.co\/index.php\/2020\/02\/19\/sebastian-perez-regresa-a-boca-juniors\/\"]}]},{\"@type\":\"ImageObject\",\"inLanguage\":\"es\",\"@id\":\"https:\/\/futbolhoy.co\/index.php\/2020\/02\/19\/sebastian-perez-regresa-a-boca-juniors\/#primaryimage\",\"url\":\"https:\/\/futbolhoy.co\/wp-content\/uploads\/2018\/08\/perez.png\",\"contentUrl\":\"https:\/\/futbolhoy.co\/wp-content\/uploads\/2018\/08\/perez.png\",\"width\":906,\"height\":520},{\"@type\":\"BreadcrumbList\",\"@id\":\"https:\/\/futbolhoy.co\/index.php\/2020\/02\/19\/sebastian-perez-regresa-a-boca-juniors\/#breadcrumb\",\"itemListElement\":[{\"@type\":\"ListItem\",\"position\":1,\"name\":\"Portada\",\"item\":\"https:\/\/futbolhoy.co\/\"},{\"@type\":\"ListItem\",\"position\":2,\"name\":\"Sebasti\u00e1n P\u00e9rez regresa a Boca Juniors\"}]},{\"@type\":\"WebSite\",\"@id\":\"https:\/\/futbolhoy.co\/#website\",\"url\":\"https:\/\/futbolhoy.co\/\",\"name\":\"FutbolHoy\",\"description\":\"\",\"publisher\":{\"@id\":\"https:\/\/futbolhoy.co\/#organization\"},\"potentialAction\":[{\"@type\":\"SearchAction\",\"target\":{\"@type\":\"EntryPoint\",\"urlTemplate\":\"https:\/\/futbolhoy.co\/?s={search_term_string}\"},\"query-input\":{\"@type\":\"PropertyValueSpecification\",\"valueRequired\":true,\"valueName\":\"search_term_string\"}}],\"inLanguage\":\"es\"},{\"@type\":\"Organization\",\"@id\":\"https:\/\/futbolhoy.co\/#organization\",\"name\":\"Futbolhoy.co\",\"url\":\"https:\/\/futbolhoy.co\/\",\"logo\":{\"@type\":\"ImageObject\",\"inLanguage\":\"es\",\"@id\":\"https:\/\/futbolhoy.co\/#\/schema\/logo\/image\/\",\"url\":\"https:\/\/futbolhoy.co\/wp-content\/uploads\/2018\/08\/17426380_1906371736249227_6326180412931521141_n.jpg\",\"contentUrl\":\"https:\/\/futbolhoy.co\/wp-content\/uploads\/2018\/08\/17426380_1906371736249227_6326180412931521141_n.jpg\",\"width\":960,\"height\":960,\"caption\":\"Futbolhoy.co\"},\"image\":{\"@id\":\"https:\/\/futbolhoy.co\/#\/schema\/logo\/image\/\"},\"sameAs\":[\"https:\/\/www.facebook.com\/FutbolHoyCol\/\",\"https:\/\/x.com\/FutbolHoyCol\",\"https:\/\/www.instagram.com\/futbolhoycol\/\"]},{\"@type\":\"Person\",\"@id\":\"https:\/\/futbolhoy.co\/#\/schema\/person\/c4a353a512b127643723a34bb1812f7d\",\"name\":\"Laura Hern\u00e1ndez\",\"image\":{\"@type\":\"ImageObject\",\"inLanguage\":\"es\",\"@id\":\"https:\/\/futbolhoy.co\/#\/schema\/person\/image\/\",\"url\":\"https:\/\/secure.gravatar.com\/avatar\/d25959a15b9b293a743f99181c7cfd01?s=96&d=mm&r=g\",\"contentUrl\":\"https:\/\/secure.gravatar.com\/avatar\/d25959a15b9b293a743f99181c7cfd01?s=96&d=mm&r=g\",\"caption\":\"Laura Hern\u00e1ndez\"}}]}<\/script>\n<!-- \/ Yoast SEO plugin. -->","yoast_head_json":{"title":"Sebasti\u00e1n P\u00e9rez regresa a Boca Juniors -","robots":{"index":"index","follow":"follow","max-snippet":"max-snippet:-1","max-image-preview":"max-image-preview:large","max-video-preview":"max-video-preview:-1"},"canonical":"https:\/\/futbolhoy.co\/index.php\/2020\/02\/19\/sebastian-perez-regresa-a-boca-juniors\/","og_locale":"es_ES","og_type":"article","og_title":"Sebasti\u00e1n P\u00e9rez regresa a Boca Juniors -","og_description":"Boca Juniors confirm\u00f3 el regreso del volante antioque\u00f1o Sebasti\u00e1n P\u00e9rez, quien entrenar\u00e1 durante 4 meses con el plantel profesional antes de definir su futuro. P\u00e9rez vuelve al club tras rescindir el contrato, que venc\u00eda en junio, con Barcelona de Ecuador por incumplimiento salarial. El jugador, cuyos derechos pertenecen al club argentino, estaba a pr\u00e9stamo en [&hellip;]","og_url":"https:\/\/futbolhoy.co\/index.php\/2020\/02\/19\/sebastian-perez-regresa-a-boca-juniors\/","article_publisher":"https:\/\/www.facebook.com\/FutbolHoyCol\/","article_published_time":"2020-02-19T15:43:08+00:00","article_modified_time":"2020-02-20T16:13:06+00:00","og_image":[{"width":906,"height":520,"url":"https:\/\/futbolhoy.co\/wp-content\/uploads\/2018\/08\/perez.png","type":"image\/png"}],"author":"Laura Hern\u00e1ndez","twitter_card":"summary_large_image","twitter_creator":"@FutbolHoyCol","twitter_site":"@FutbolHoyCol","twitter_misc":{"Escrito por":"Laura Hern\u00e1ndez","Tiempo de lectura":"1 minuto"},"schema":{"@context":"https:\/\/schema.org","@graph":[{"@type":"Article","@id":"https:\/\/futbolhoy.co\/index.php\/2020\/02\/19\/sebastian-perez-regresa-a-boca-juniors\/#article","isPartOf":{"@id":"https:\/\/futbolhoy.co\/index.php\/2020\/02\/19\/sebastian-perez-regresa-a-boca-juniors\/"},"author":{"name":"Laura Hern\u00e1ndez","@id":"https:\/\/futbolhoy.co\/#\/schema\/person\/c4a353a512b127643723a34bb1812f7d"},"headline":"Sebasti\u00e1n P\u00e9rez regresa a Boca Juniors","datePublished":"2020-02-19T15:43:08+00:00","dateModified":"2020-02-20T16:13:06+00:00","mainEntityOfPage":{"@id":"https:\/\/futbolhoy.co\/index.php\/2020\/02\/19\/sebastian-perez-regresa-a-boca-juniors\/"},"wordCount":160,"commentCount":0,"publisher":{"@id":"https:\/\/futbolhoy.co\/#organization"},"image":{"@id":"https:\/\/futbolhoy.co\/index.php\/2020\/02\/19\/sebastian-perez-regresa-a-boca-juniors\/#primaryimage"},"thumbnailUrl":"https:\/\/futbolhoy.co\/wp-content\/uploads\/2018\/08\/perez.png","keywords":["Boca Juniors","Sebastian Perez"],"articleSection":["Mundo Futbol"],"inLanguage":"es","potentialAction":[{"@type":"CommentAction","name":"Comment","target":["https:\/\/futbolhoy.co\/index.php\/2020\/02\/19\/sebastian-perez-regresa-a-boca-juniors\/#respond"]}]},{"@type":"WebPage","@id":"https:\/\/futbolhoy.co\/index.php\/2020\/02\/19\/sebastian-perez-regresa-a-boca-juniors\/","url":"https:\/\/futbolhoy.co\/index.php\/2020\/02\/19\/sebastian-perez-regresa-a-boca-juniors\/","name":"Sebasti\u00e1n P\u00e9rez regresa a Boca Juniors -","isPartOf":{"@id":"https:\/\/futbolhoy.co\/#website"},"primaryImageOfPage":{"@id":"https:\/\/futbolhoy.co\/index.php\/2020\/02\/19\/sebastian-perez-regresa-a-boca-juniors\/#primaryimage"},"image":{"@id":"https:\/\/futbolhoy.co\/index.php\/2020\/02\/19\/sebastian-perez-regresa-a-boca-juniors\/#primaryimage"},"thumbnailUrl":"https:\/\/futbolhoy.co\/wp-content\/uploads\/2018\/08\/perez.png","datePublished":"2020-02-19T15:43:08+00:00","dateModified":"2020-02-20T16:13:06+00:00","breadcrumb":{"@id":"https:\/\/futbolhoy.co\/index.php\/2020\/02\/19\/sebastian-perez-regresa-a-boca-juniors\/#breadcrumb"},"inLanguage":"es","potentialAction":[{"@type":"ReadAction","target":["https:\/\/futbolhoy.co\/index.php\/2020\/02\/19\/sebastian-perez-regresa-a-boca-juniors\/"]}]},{"@type":"ImageObject","inLanguage":"es","@id":"https:\/\/futbolhoy.co\/index.php\/2020\/02\/19\/sebastian-perez-regresa-a-boca-juniors\/#primaryimage","url":"https:\/\/futbolhoy.co\/wp-content\/uploads\/2018\/08\/perez.png","contentUrl":"https:\/\/futbolhoy.co\/wp-content\/uploads\/2018\/08\/perez.png","width":906,"height":520},{"@type":"BreadcrumbList","@id":"https:\/\/futbolhoy.co\/index.php\/2020\/02\/19\/sebastian-perez-regresa-a-boca-juniors\/#breadcrumb","itemListElement":[{"@type":"ListItem","position":1,"name":"Portada","item":"https:\/\/futbolhoy.co\/"},{"@type":"ListItem","position":2,"name":"Sebasti\u00e1n P\u00e9rez regresa a Boca Juniors"}]},{"@type":"WebSite","@id":"https:\/\/futbolhoy.co\/#website","url":"https:\/\/futbolhoy.co\/","name":"FutbolHoy","description":"","publisher":{"@id":"https:\/\/futbolhoy.co\/#organization"},"potentialAction":[{"@type":"SearchAction","target":{"@type":"EntryPoint","urlTemplate":"https:\/\/futbolhoy.co\/?s={search_term_string}"},"query-input":{"@type":"PropertyValueSpecification","valueRequired":true,"valueName":"search_term_string"}}],"inLanguage":"es"},{"@type":"Organization","@id":"https:\/\/futbolhoy.co\/#organization","name":"Futbolhoy.co","url":"https:\/\/futbolhoy.co\/","logo":{"@type":"ImageObject","inLanguage":"es","@id":"https:\/\/futbolhoy.co\/#\/schema\/logo\/image\/","url":"https:\/\/futbolhoy.co\/wp-content\/uploads\/2018\/08\/17426380_1906371736249227_6326180412931521141_n.jpg","contentUrl":"https:\/\/futbolhoy.co\/wp-content\/uploads\/2018\/08\/17426380_1906371736249227_6326180412931521141_n.jpg","width":960,"height":960,"caption":"Futbolhoy.co"},"image":{"@id":"https:\/\/futbolhoy.co\/#\/schema\/logo\/image\/"},"sameAs":["https:\/\/www.facebook.com\/FutbolHoyCol\/","https:\/\/x.com\/FutbolHoyCol","https:\/\/www.instagram.com\/futbolhoycol\/"]},{"@type":"Person","@id":"https:\/\/futbolhoy.co\/#\/schema\/person\/c4a353a512b127643723a34bb1812f7d","name":"Laura Hern\u00e1ndez","image":{"@type":"ImageObject","inLanguage":"es","@id":"https:\/\/futbolhoy.co\/#\/schema\/person\/image\/","url":"https:\/\/secure.gravatar.com\/avatar\/d25959a15b9b293a743f99181c7cfd01?s=96&d=mm&r=g","contentUrl":"https:\/\/secure.gravatar.com\/avatar\/d25959a15b9b293a743f99181c7cfd01?s=96&d=mm&r=g","caption":"Laura Hern\u00e1ndez"}}]}},"publishpress_future_action":{"enabled":false,"date":"2026-05-03 05:26:28","action":"change-status","newStatus":"draft","terms":[],"taxonomy":"category","extraData":[]},"publishpress_future_workflow_manual_trigger":{"enabledWorkflows":[]},"_links":{"self":[{"href":"https:\/\/futbolhoy.co\/index.php\/wp-json\/wp\/v2\/posts\/47837","targetHints":{"allow":["GET"]}}],"collection":[{"href":"https:\/\/futbolhoy.co\/index.php\/wp-json\/wp\/v2\/posts"}],"about":[{"href":"https:\/\/futbolhoy.co\/index.php\/wp-json\/wp\/v2\/types\/post"}],"author":[{"embeddable":true,"href":"https:\/\/futbolhoy.co\/index.php\/wp-json\/wp\/v2\/users\/5"}],"replies":[{"embeddable":true,"href":"https:\/\/futbolhoy.co\/index.php\/wp-json\/wp\/v2\/comments?post=47837"}],"version-history":[{"count":1,"href":"https:\/\/futbolhoy.co\/index.php\/wp-json\/wp\/v2\/posts\/47837\/revisions"}],"predecessor-version":[{"id":47838,"href":"https:\/\/futbolhoy.co\/index.php\/wp-json\/wp\/v2\/posts\/47837\/revisions\/47838"}],"wp:featuredmedia":[{"embeddable":true,"href":"https:\/\/futbolhoy.co\/index.php\/wp-json\/wp\/v2\/media\/23103"}],"wp:attachment":[{"href":"https:\/\/futbolhoy.co\/index.php\/wp-json\/wp\/v2\/media?parent=47837"}],"wp:term":[{"taxonomy":"category","embeddable":true,"href":"https:\/\/futbolhoy.co\/index.php\/wp-json\/wp\/v2\/categories?post=47837"},{"taxonomy":"post_tag","embeddable":true,"href":"https:\/\/futbolhoy.co\/index.php\/wp-json\/wp\/v2\/tags?post=47837"}],"curies":[{"name":"wp","href":"https:\/\/api.w.org\/{rel}","templated":true}]}}